{"id":116991,"date":"2022-10-17T05:54:43","date_gmt":"2022-10-17T09:54:43","guid":{"rendered":"https:\/\/www.eldiario.net\/portal\/?p=116991"},"modified":"2022-10-17T05:54:43","modified_gmt":"2022-10-17T09:54:43","slug":"cuatro-decadas-de-vivir-en-continua-democracia","status":"publish","type":"post","link":"https:\/\/www.eldiario.net\/portal\/2022\/10\/17\/cuatro-decadas-de-vivir-en-continua-democracia\/","title":{"rendered":"Cuatro d\u00e9cadas de vivir en continua democracia"},"content":{"rendered":"<p><em><span class=\"dropcap \" style=\"background-color: #ffffff; color: #000000; border-color: #ffffff;\">P<\/span>arecer\u00eda borrada del calendario una fecha de gran importancia para nosotros los bolivianos; pero ello no ocurre con el l0 de octubre de 1982, que marca 40 a\u00f1os de vida continua en Democracia. Cuarenta a\u00f1os que deber\u00edan determinar la vigencia de libertades y goce de derechos, alejados de posibles conductas dictatoriales y ausentes de temores que inspiran los gobiernos que se hacen del poder aduciendo que lo hacen \u201cpara salvar a la naci\u00f3n\u201d, cuando la realidad es que \u201cse hacen del pa\u00eds para aprovecharlo en beneficio personal o de partido\u201d.<\/em><br \/>\n<em>Cuarenta a\u00f1os de vivir en democracia, pero sin que pol\u00edticos e instituciones, que hablan mucho de democracia y libertades, dejen de esperar momentos propicios para hacer lo mismo que antes se cuestionaba, si las ocasiones lo permiten, con permisividad de alg\u00fan grupo partidista siempre dispuesto a aprovechar momentos de \u201curgencias nacionales\u201d, de las que no siempre tienen conciencia los que viven para hacer realidad sus ambiciones. <\/em><br \/>\n<em>Fueron cuarenta a\u00f1os en que una minor\u00eda se sirvi\u00f3 del pa\u00eds y olvid\u00f3 que deb\u00eda servirlo. Cuatro d\u00e9cadas en que se deber\u00eda consolidar la seguridad de que todos amamos a la Patria y deseamos lo mejor para ella. Cuarenta a\u00f1os en que se reitera la vocaci\u00f3n de vivir en democracia y goce de libertades, exigiendo a la vez que gobierno, partidos pol\u00edticos e instituciones de la naci\u00f3n entiendan que deben amar y servir, respetar su institucionalidad y actuar de acuerdo con las necesidades nacionales para contar, en el menor tiempo, con la Patria que siempre queremos.<\/em><br \/>\n<em>Cuatro d\u00e9cadas que, en lo \u00edntimo de cada boliviano, deber\u00edan servir para ser mejores estudiando, capacit\u00e1ndonos y formando voluntades de pa\u00eds en los ni\u00f1os y j\u00f3venes. Un tiempo que debe ser constructivo para conformar el pa\u00eds anhelado, despejando ambiciones y formalizando sentimientos de unidad y fraternidad entre todos. Un tiempo que deber\u00eda servir para mejorar en todo sentido, desde la escuela hasta la conclusi\u00f3n de estudios y lograr una profesi\u00f3n para servir m\u00e1s y mejor a las causas que abriguemos a favor de la naci\u00f3n. <\/em><br \/>\n<em>Cuarenta a\u00f1os de vida en democracia en Bolivia para que se haga m\u00e1s digna, grande y generosa en beneficio de sus hijos que la amamos y esperamos servirla por siempre.<\/em><\/p>\n","protected":false},"excerpt":{"rendered":"<p>Parecer\u00eda borrada del calendario una fecha de gran importancia para nosotros los bolivianos; pero ello no ocurre con el l0 de octubre de 1982, que marca 40 a\u00f1os de vida continua en Democracia. Cuarenta a\u00f1os que deber\u00edan determinar la vigencia de libertades y goce de derechos, alejados de posibles conductas dictatoriales y ausentes de temores [&hellip;]<\/p>\n","protected":false},"author":1,"featured_media":0,"comment_status":"closed","ping_status":"closed","sticky":false,"template":"","format":"standard","meta":{"_acf_changed":false,"footnotes":""},"categories":[4],"tags":[],"class_list":["post-116991","post","type-post","status-publish","format-standard","category-editorial"],"acf":{"antetitulo":""},"yoast_head":"<!-- This site is optimized with the Yoast SEO plugin v28.4 - https:\/\/yoast.com\/product\/yoast-seo-wordpress\/ -->\n<title>Cuatro d\u00e9cadas de vivir en continua democracia - El Diario - Bolivia<\/title>\n<meta name=\"robots\" content=\"index, follow, max-snippet:-1, max-image-preview:large, max-video-preview:-1\" \/>\n<link rel=\"canonical\" href=\"https:\/\/www.eldiario.net\/portal\/2022\/10\/17\/cuatro-decadas-de-vivir-en-continua-democracia\/\" \/>\n<meta property=\"og:locale\" content=\"es_ES\" \/>\n<meta property=\"og:type\" content=\"article\" \/>\n<meta property=\"og:title\" content=\"Cuatro d\u00e9cadas de vivir en continua democracia - El Diario - Bolivia\" \/>\n<meta property=\"og:description\" content=\"Parecer\u00eda borrada del calendario una fecha de gran importancia para nosotros los bolivianos; pero ello no ocurre con el l0 de octubre de 1982, que marca 40 a\u00f1os de vida continua en Democracia. Cuarenta a\u00f1os que deber\u00edan determinar la vigencia de libertades y goce de derechos, alejados de posibles conductas dictatoriales y ausentes de temores [&hellip;]\" \/>\n<meta property=\"og:url\" content=\"https:\/\/www.eldiario.net\/portal\/2022\/10\/17\/cuatro-decadas-de-vivir-en-continua-democracia\/\" \/>\n<meta property=\"og:site_name\" content=\"El Diario - Bolivia\" \/>\n<meta property=\"article:publisher\" content=\"https:\/\/www.facebook.com\/eldiario.bolivia\/\" \/>\n<meta property=\"article:published_time\" content=\"2022-10-17T09:54:43+00:00\" \/>\n<meta name=\"author\" content=\"Jeanette\" \/>\n<meta name=\"twitter:card\" content=\"summary_large_image\" \/>\n<meta name=\"twitter:creator\" content=\"@eldiario_net\" \/>\n<meta name=\"twitter:site\" content=\"@eldiario_net\" \/>\n<meta name=\"twitter:label1\" content=\"Escrito por\" \/>\n\t<meta name=\"twitter:data1\" content=\"Jeanette\" \/>\n\t<meta name=\"twitter:label2\" content=\"Tiempo de lectura\" \/>\n\t<meta name=\"twitter:data2\" content=\"2 minutos\" \/>\n<script type=\"application\/ld+json\" class=\"yoast-schema-graph\">{\"@context\":\"https:\\\/\\\/schema.org\",\"@graph\":[{\"@type\":\"Article\",\"@id\":\"https:\\\/\\\/www.eldiario.net\\\/portal\\\/2022\\\/10\\\/17\\\/cuatro-decadas-de-vivir-en-continua-democracia\\\/#article\",\"isPartOf\":{\"@id\":\"https:\\\/\\\/www.eldiario.net\\\/portal\\\/2022\\\/10\\\/17\\\/cuatro-decadas-de-vivir-en-continua-democracia\\\/\"},\"author\":{\"name\":\"Jeanette\",\"@id\":\"https:\\\/\\\/www.eldiario.net\\\/portal\\\/#\\\/schema\\\/person\\\/f46445640444750d7d753ccd04ae01b7\"},\"headline\":\"Cuatro d\u00e9cadas de vivir en continua democracia\",\"datePublished\":\"2022-10-17T09:54:43+00:00\",\"mainEntityOfPage\":{\"@id\":\"https:\\\/\\\/www.eldiario.net\\\/portal\\\/2022\\\/10\\\/17\\\/cuatro-decadas-de-vivir-en-continua-democracia\\\/\"},\"wordCount\":406,\"publisher\":{\"@id\":\"https:\\\/\\\/www.eldiario.net\\\/portal\\\/#organization\"},\"articleSection\":[\"Editorial\"],\"inLanguage\":\"es\"},{\"@type\":\"WebPage\",\"@id\":\"https:\\\/\\\/www.eldiario.net\\\/portal\\\/2022\\\/10\\\/17\\\/cuatro-decadas-de-vivir-en-continua-democracia\\\/\",\"url\":\"https:\\\/\\\/www.eldiario.net\\\/portal\\\/2022\\\/10\\\/17\\\/cuatro-decadas-de-vivir-en-continua-democracia\\\/\",\"name\":\"Cuatro d\u00e9cadas de vivir en continua democracia - El Diario - Bolivia\",\"isPartOf\":{\"@id\":\"https:\\\/\\\/www.eldiario.net\\\/portal\\\/#website\"},\"datePublished\":\"2022-10-17T09:54:43+00:00\",\"breadcrumb\":{\"@id\":\"https:\\\/\\\/www.eldiario.net\\\/portal\\\/2022\\\/10\\\/17\\\/cuatro-decadas-de-vivir-en-continua-democracia\\\/#breadcrumb\"},\"inLanguage\":\"es\",\"potentialAction\":[{\"@type\":\"ReadAction\",\"target\":[\"https:\\\/\\\/www.eldiario.net\\\/portal\\\/2022\\\/10\\\/17\\\/cuatro-decadas-de-vivir-en-continua-democracia\\\/\"]}]},{\"@type\":\"BreadcrumbList\",\"@id\":\"https:\\\/\\\/www.eldiario.net\\\/portal\\\/2022\\\/10\\\/17\\\/cuatro-decadas-de-vivir-en-continua-democracia\\\/#breadcrumb\",\"itemListElement\":[{\"@type\":\"ListItem\",\"position\":1,\"name\":\"Portada\",\"item\":\"https:\\\/\\\/www.eldiario.net\\\/portal\\\/\"},{\"@type\":\"ListItem\",\"position\":2,\"name\":\"Cuatro d\u00e9cadas de vivir en continua democracia\"}]},{\"@type\":\"WebSite\",\"@id\":\"https:\\\/\\\/www.eldiario.net\\\/portal\\\/#website\",\"url\":\"https:\\\/\\\/www.eldiario.net\\\/portal\\\/\",\"name\":\"El Diario - Decano de la prensa nacional\",\"description\":\"El Diario - Decano de la prensa nacional\",\"publisher\":{\"@id\":\"https:\\\/\\\/www.eldiario.net\\\/portal\\\/#organization\"},\"potentialAction\":[{\"@type\":\"SearchAction\",\"target\":{\"@type\":\"EntryPoint\",\"urlTemplate\":\"https:\\\/\\\/www.eldiario.net\\\/portal\\\/?s={search_term_string}\"},\"query-input\":{\"@type\":\"PropertyValueSpecification\",\"valueRequired\":true,\"valueName\":\"search_term_string\"}}],\"inLanguage\":\"es\"},{\"@type\":\"Organization\",\"@id\":\"https:\\\/\\\/www.eldiario.net\\\/portal\\\/#organization\",\"name\":\"El Diario - Decano de la prensa nacional\",\"url\":\"https:\\\/\\\/www.eldiario.net\\\/portal\\\/\",\"logo\":{\"@type\":\"ImageObject\",\"inLanguage\":\"es\",\"@id\":\"https:\\\/\\\/www.eldiario.net\\\/portal\\\/#\\\/schema\\\/logo\\\/image\\\/\",\"url\":\"https:\\\/\\\/www.eldiario.net\\\/portal\\\/wp-content\\\/uploads\\\/2023\\\/07\\\/logo_ED.jpg\",\"contentUrl\":\"https:\\\/\\\/www.eldiario.net\\\/portal\\\/wp-content\\\/uploads\\\/2023\\\/07\\\/logo_ED.jpg\",\"width\":272,\"height\":52,\"caption\":\"El Diario - Decano de la prensa nacional\"},\"image\":{\"@id\":\"https:\\\/\\\/www.eldiario.net\\\/portal\\\/#\\\/schema\\\/logo\\\/image\\\/\"},\"sameAs\":[\"https:\\\/\\\/www.facebook.com\\\/eldiario.bolivia\\\/\",\"https:\\\/\\\/x.com\\\/eldiario_net\"]},{\"@type\":\"Person\",\"@id\":\"https:\\\/\\\/www.eldiario.net\\\/portal\\\/#\\\/schema\\\/person\\\/f46445640444750d7d753ccd04ae01b7\",\"name\":\"Jeanette\",\"image\":{\"@type\":\"ImageObject\",\"inLanguage\":\"es\",\"@id\":\"https:\\\/\\\/secure.gravatar.com\\\/avatar\\\/3ea2118a5f7dad2b7138b1187a6b7ee55f160b9968b66013c3a3ef39dd7e5798?s=96&d=mm&r=g\",\"url\":\"https:\\\/\\\/secure.gravatar.com\\\/avatar\\\/3ea2118a5f7dad2b7138b1187a6b7ee55f160b9968b66013c3a3ef39dd7e5798?s=96&d=mm&r=g\",\"contentUrl\":\"https:\\\/\\\/secure.gravatar.com\\\/avatar\\\/3ea2118a5f7dad2b7138b1187a6b7ee55f160b9968b66013c3a3ef39dd7e5798?s=96&d=mm&r=g\",\"caption\":\"Jeanette\"},\"sameAs\":[\"https:\\\/\\\/www.eldiario.net\\\/portal\"],\"url\":\"https:\\\/\\\/www.eldiario.net\\\/portal\\\/author\\\/jeanette\\\/\"}]}<\/script>\n<!-- \/ Yoast SEO plugin. -->","yoast_head_json":{"title":"Cuatro d\u00e9cadas de vivir en continua democracia - El Diario - Bolivia","robots":{"index":"index","follow":"follow","max-snippet":"max-snippet:-1","max-image-preview":"max-image-preview:large","max-video-preview":"max-video-preview:-1"},"canonical":"https:\/\/www.eldiario.net\/portal\/2022\/10\/17\/cuatro-decadas-de-vivir-en-continua-democracia\/","og_locale":"es_ES","og_type":"article","og_title":"Cuatro d\u00e9cadas de vivir en continua democracia - El Diario - Bolivia","og_description":"Parecer\u00eda borrada del calendario una fecha de gran importancia para nosotros los bolivianos; pero ello no ocurre con el l0 de octubre de 1982, que marca 40 a\u00f1os de vida continua en Democracia. Cuarenta a\u00f1os que deber\u00edan determinar la vigencia de libertades y goce de derechos, alejados de posibles conductas dictatoriales y ausentes de temores [&hellip;]","og_url":"https:\/\/www.eldiario.net\/portal\/2022\/10\/17\/cuatro-decadas-de-vivir-en-continua-democracia\/","og_site_name":"El Diario - Bolivia","article_publisher":"https:\/\/www.facebook.com\/eldiario.bolivia\/","article_published_time":"2022-10-17T09:54:43+00:00","author":"Jeanette","twitter_card":"summary_large_image","twitter_creator":"@eldiario_net","twitter_site":"@eldiario_net","twitter_misc":{"Escrito por":"Jeanette","Tiempo de lectura":"2 minutos"},"schema":{"@context":"https:\/\/schema.org","@graph":[{"@type":"Article","@id":"https:\/\/www.eldiario.net\/portal\/2022\/10\/17\/cuatro-decadas-de-vivir-en-continua-democracia\/#article","isPartOf":{"@id":"https:\/\/www.eldiario.net\/portal\/2022\/10\/17\/cuatro-decadas-de-vivir-en-continua-democracia\/"},"author":{"name":"Jeanette","@id":"https:\/\/www.eldiario.net\/portal\/#\/schema\/person\/f46445640444750d7d753ccd04ae01b7"},"headline":"Cuatro d\u00e9cadas de vivir en continua democracia","datePublished":"2022-10-17T09:54:43+00:00","mainEntityOfPage":{"@id":"https:\/\/www.eldiario.net\/portal\/2022\/10\/17\/cuatro-decadas-de-vivir-en-continua-democracia\/"},"wordCount":406,"publisher":{"@id":"https:\/\/www.eldiario.net\/portal\/#organization"},"articleSection":["Editorial"],"inLanguage":"es"},{"@type":"WebPage","@id":"https:\/\/www.eldiario.net\/portal\/2022\/10\/17\/cuatro-decadas-de-vivir-en-continua-democracia\/","url":"https:\/\/www.eldiario.net\/portal\/2022\/10\/17\/cuatro-decadas-de-vivir-en-continua-democracia\/","name":"Cuatro d\u00e9cadas de vivir en continua democracia - El Diario - Bolivia","isPartOf":{"@id":"https:\/\/www.eldiario.net\/portal\/#website"},"datePublished":"2022-10-17T09:54:43+00:00","breadcrumb":{"@id":"https:\/\/www.eldiario.net\/portal\/2022\/10\/17\/cuatro-decadas-de-vivir-en-continua-democracia\/#breadcrumb"},"inLanguage":"es","potentialAction":[{"@type":"ReadAction","target":["https:\/\/www.eldiario.net\/portal\/2022\/10\/17\/cuatro-decadas-de-vivir-en-continua-democracia\/"]}]},{"@type":"BreadcrumbList","@id":"https:\/\/www.eldiario.net\/portal\/2022\/10\/17\/cuatro-decadas-de-vivir-en-continua-democracia\/#breadcrumb","itemListElement":[{"@type":"ListItem","position":1,"name":"Portada","item":"https:\/\/www.eldiario.net\/portal\/"},{"@type":"ListItem","position":2,"name":"Cuatro d\u00e9cadas de vivir en continua democracia"}]},{"@type":"WebSite","@id":"https:\/\/www.eldiario.net\/portal\/#website","url":"https:\/\/www.eldiario.net\/portal\/","name":"El Diario - Decano de la prensa nacional","description":"El Diario - Decano de la prensa nacional","publisher":{"@id":"https:\/\/www.eldiario.net\/portal\/#organization"},"potentialAction":[{"@type":"SearchAction","target":{"@type":"EntryPoint","urlTemplate":"https:\/\/www.eldiario.net\/portal\/?s={search_term_string}"},"query-input":{"@type":"PropertyValueSpecification","valueRequired":true,"valueName":"search_term_string"}}],"inLanguage":"es"},{"@type":"Organization","@id":"https:\/\/www.eldiario.net\/portal\/#organization","name":"El Diario - Decano de la prensa nacional","url":"https:\/\/www.eldiario.net\/portal\/","logo":{"@type":"ImageObject","inLanguage":"es","@id":"https:\/\/www.eldiario.net\/portal\/#\/schema\/logo\/image\/","url":"https:\/\/www.eldiario.net\/portal\/wp-content\/uploads\/2023\/07\/logo_ED.jpg","contentUrl":"https:\/\/www.eldiario.net\/portal\/wp-content\/uploads\/2023\/07\/logo_ED.jpg","width":272,"height":52,"caption":"El Diario - Decano de la prensa nacional"},"image":{"@id":"https:\/\/www.eldiario.net\/portal\/#\/schema\/logo\/image\/"},"sameAs":["https:\/\/www.facebook.com\/eldiario.bolivia\/","https:\/\/x.com\/eldiario_net"]},{"@type":"Person","@id":"https:\/\/www.eldiario.net\/portal\/#\/schema\/person\/f46445640444750d7d753ccd04ae01b7","name":"Jeanette","image":{"@type":"ImageObject","inLanguage":"es","@id":"https:\/\/secure.gravatar.com\/avatar\/3ea2118a5f7dad2b7138b1187a6b7ee55f160b9968b66013c3a3ef39dd7e5798?s=96&d=mm&r=g","url":"https:\/\/secure.gravatar.com\/avatar\/3ea2118a5f7dad2b7138b1187a6b7ee55f160b9968b66013c3a3ef39dd7e5798?s=96&d=mm&r=g","contentUrl":"https:\/\/secure.gravatar.com\/avatar\/3ea2118a5f7dad2b7138b1187a6b7ee55f160b9968b66013c3a3ef39dd7e5798?s=96&d=mm&r=g","caption":"Jeanette"},"sameAs":["https:\/\/www.eldiario.net\/portal"],"url":"https:\/\/www.eldiario.net\/portal\/author\/jeanette\/"}]}},"_links":{"self":[{"href":"https:\/\/www.eldiario.net\/portal\/wp-json\/wp\/v2\/posts\/116991","targetHints":{"allow":["GET"]}}],"collection":[{"href":"https:\/\/www.eldiario.net\/portal\/wp-json\/wp\/v2\/posts"}],"about":[{"href":"https:\/\/www.eldiario.net\/portal\/wp-json\/wp\/v2\/types\/post"}],"author":[{"embeddable":true,"href":"https:\/\/www.eldiario.net\/portal\/wp-json\/wp\/v2\/users\/1"}],"replies":[{"embeddable":true,"href":"https:\/\/www.eldiario.net\/portal\/wp-json\/wp\/v2\/comments?post=116991"}],"version-history":[{"count":0,"href":"https:\/\/www.eldiario.net\/portal\/wp-json\/wp\/v2\/posts\/116991\/revisions"}],"wp:attachment":[{"href":"https:\/\/www.eldiario.net\/portal\/wp-json\/wp\/v2\/media?parent=116991"}],"wp:term":[{"taxonomy":"category","embeddable":true,"href":"https:\/\/www.eldiario.net\/portal\/wp-json\/wp\/v2\/categories?post=116991"},{"taxonomy":"post_tag","embeddable":true,"href":"https:\/\/www.eldiario.net\/portal\/wp-json\/wp\/v2\/tags?post=116991"}],"curies":[{"name":"wp","href":"https:\/\/api.w.org\/{rel}","templated":true}]}}