{"id":116989,"date":"2022-10-17T05:54:14","date_gmt":"2022-10-17T09:54:14","guid":{"rendered":"https:\/\/www.eldiario.net\/portal\/?p=116989"},"modified":"2022-10-17T05:54:14","modified_gmt":"2022-10-17T09:54:14","slug":"construir-sin-limites","status":"publish","type":"post","link":"https:\/\/www.eldiario.net\/portal\/2022\/10\/17\/construir-sin-limites\/","title":{"rendered":"Construir sin l\u00edmites"},"content":{"rendered":"<p>Resulta que un grupo de concejales municipales presenta, un proyecto de \u201cnorma para construir\u201d y rellenar la cuenca hidrogr\u00e1fica del valle de La Paz, hasta el colmo mismo; pues las urbanizaciones ya han trepado las laderas y alcanzan la cima misma de las serran\u00edas. Las otras construcciones son alzadas hasta la \u201cEstrat\u00f3sfera\u201d, como pretendiendo superar a la torre de Babel, sin l\u00edmites ni restricciones; es decir, donde les venga en gana y sin cumplir ley municipal alguna, all\u00ed donde puedan lucrar mejor. Y es que esta propuesta que hacen los concejales, deja entrever intereses econ\u00f3micos, y lo hacen sin conocimiento alguno de las rocas y suelos, de la caprichosa e intrincada geolog\u00eda del valle de La Paz, como lo demostr\u00f3 Ernest Dobrobolny (1962).<br \/>\nSin el debido conocimiento de las propiedades geot\u00e9cnicas, vale decir de la \u201ccapacidad portante\u201d del suelo; y aunque dediquen unos cuantos pesos a estudios sutiles, est\u00e1n contribuyendo a un desarrollo urbano sin planificaci\u00f3n y en forma desordenada y expuesta a provocar grandes desastres ecol\u00f3gicos.<br \/>\nEl Doctor L. S. B., docente de la Universidad de Colombia, Regional Medell\u00edn, doctor en ingenieria civil e ingenier\u00eda de rocas y suelos, se\u00f1ala que las areniscas arcillo-limosas de coloraci\u00f3n gris blanquecinas de la formaci\u00f3n La Paz, que ocupan toda la cuenca del r\u00edo Choqueyapu, son rocas metaestables, es decir, friables, poco endurecidas que se deshacen al tacto. Y afirma que estabilizar esos suelos\/rocas es un proyecto costoso y que mejor es no tocarlos. M\u00e1s claro que eso no hay.<br \/>\nEn 1976 la Honorable Alcald\u00eda Municipal, hoy Gobierno Aut\u00f3nomo Municipal de La Paz, con gran visi\u00f3n de planificaci\u00f3n moderna del desarrollo urbano, encarga a la empresa BRGM (Bureau for Geological and Minig Research) en forma conjunta con BCEOM (Central Bureau for Overseas Research), autoridades y t\u00e9cnicos municipales ejecutar la \u201czonificaci\u00f3n del riesgo geol\u00f3gico\u201d en toda la cuenca del valle de La Paz, para dirigir el desarrollo urbano de la ciudad de La Paz en forma ordenada y libre de riesgo.<br \/>\nDe ello se desprende que existen muy pocas \u00e1reas que re\u00fanan las condiciones geot\u00e9nicas para la construcci\u00f3n y asentamientos humanos, donde apenas el 19% del total de la superficie de la cuenca pace\u00f1a re\u00fane las condiciones t\u00e9cnicas para ser urbanizadas; mientras que el 35% necesita rehabilitaci\u00f3n de suelos; un estudio muy complicado y caro. Por otro lado, el 46% no deber\u00eda urbanizarse (BRGM, citado por EL DIARIO, abril, 1996).<br \/>\nA prop\u00f3sito, Ernest Dobrovolni (1962), en \u201cGeolog\u00eda del valle de La Paz\u201d, se\u00f1ala que la \u201cGrava Miraflores\u201d es de dep\u00f3sitos no estratificados ni bien clasificados de origen fluvioglacial, constituidos mayoritariamente por bloques de granito blanco y gravas de menor tama\u00f1o y como m\u00e1trix de \u00e9stos se tiene arena, arcillas limosas como resultado de la fricci\u00f3n del empuje y arrastre del glaciar pedemontano proveniente de la Cordillera Real. Precisamente gran parte de la ciudad de La Paz se halla construida sobre la terraza que forman las \u00abGravas Miraflores\u201d a lo largo de las m\u00e1rgenes del r\u00edo La Paz.<br \/>\nAhora bien, el terreno, conforme se va alejando de dichas m\u00e1rgenes hacia las laderas va perdiendo las propiedades antes dichas, y, ser\u00e1n altamente susceptibles a un mayor riesgo ecol\u00f3gico.<br \/>\nUna prueba de STP (standard test penetretion), \u201cprueba est\u00e1ndar de penetraci\u00f3n\u201d, realizada por Gonzalo Olivera, de las areniscas gris blanquecinas de la formaci\u00f3n La Paz, dice lo siguiente: \u201cesa ladera que est\u00e1 frente a Los Pinos presenta c\u00e1rcavas, es decir grandes aperturas en las rocas\/suelos debido al escurrimiento vertical de las aguas de precipitaci\u00f3n pluvial; los mismos que revelan un bajo STP que se cortan como un pastel; y sobre este tipo de rocas existen numerosas construcciones, tanto modernas como otras precarias\u201d.<br \/>\nNuestros honorables concejales, parece que no recuerdan muchos hechos luctuosos, como el de Cotahuma en mayo de 1996, donde pr\u00e1cticamente qued\u00f3 enterrada toda una urbanizaci\u00f3n, en la que la mayor\u00eda quedaron sepultados; posteriormente convertido en un cementerio. Otro, recientemente ocurrido en la ladera de la avenida Costanera, donde tres obreros de una construcci\u00f3n fueron soterrados por una ca\u00edda de rocas y suelo; el 15 de mayo de 2022.<br \/>\nSe puede citar muchos otros desastres, por inundaciones, por desborde de r\u00edos que comprometen a casas construidas en la orilla misma, sin respetar la distancia correspondiente de 50 m. En la \u00e9poca de lluvia se tendr\u00e1 muchos problemas de crisis ecol\u00f3gica que tendr\u00e1 que resolver la Alcald\u00eda; con costos muy elevados.<\/p>\n","protected":false},"excerpt":{"rendered":"<p>Resulta que un grupo de concejales municipales presenta, un proyecto de \u201cnorma para construir\u201d y rellenar la cuenca hidrogr\u00e1fica del valle de La Paz, hasta el colmo mismo; pues las urbanizaciones ya han trepado las laderas y alcanzan la cima misma de las serran\u00edas. Las otras construcciones son alzadas hasta la \u201cEstrat\u00f3sfera\u201d, como pretendiendo superar [&hellip;]<\/p>\n","protected":false},"author":1,"featured_media":0,"comment_status":"closed","ping_status":"closed","sticky":false,"template":"","format":"standard","meta":{"_acf_changed":false,"footnotes":""},"categories":[9],"tags":[],"class_list":["post-116989","post","type-post","status-publish","format-standard","category-opinion"],"acf":{"antetitulo":""},"yoast_head":"<!-- This site is optimized with the Yoast SEO plugin v28.4 - https:\/\/yoast.com\/product\/yoast-seo-wordpress\/ -->\n<title>Construir sin l\u00edmites - El Diario - Bolivia<\/title>\n<meta name=\"robots\" content=\"index, follow, max-snippet:-1, max-image-preview:large, max-video-preview:-1\" \/>\n<link rel=\"canonical\" href=\"https:\/\/www.eldiario.net\/portal\/2022\/10\/17\/construir-sin-limites\/\" \/>\n<meta property=\"og:locale\" content=\"es_ES\" \/>\n<meta property=\"og:type\" content=\"article\" \/>\n<meta property=\"og:title\" content=\"Construir sin l\u00edmites - El Diario - Bolivia\" \/>\n<meta property=\"og:description\" content=\"Resulta que un grupo de concejales municipales presenta, un proyecto de \u201cnorma para construir\u201d y rellenar la cuenca hidrogr\u00e1fica del valle de La Paz, hasta el colmo mismo; pues las urbanizaciones ya han trepado las laderas y alcanzan la cima misma de las serran\u00edas. Las otras construcciones son alzadas hasta la \u201cEstrat\u00f3sfera\u201d, como pretendiendo superar [&hellip;]\" \/>\n<meta property=\"og:url\" content=\"https:\/\/www.eldiario.net\/portal\/2022\/10\/17\/construir-sin-limites\/\" \/>\n<meta property=\"og:site_name\" content=\"El Diario - Bolivia\" \/>\n<meta property=\"article:publisher\" content=\"https:\/\/www.facebook.com\/eldiario.bolivia\/\" \/>\n<meta property=\"article:published_time\" content=\"2022-10-17T09:54:14+00:00\" \/>\n<meta name=\"author\" content=\"Jeanette\" \/>\n<meta name=\"twitter:card\" content=\"summary_large_image\" \/>\n<meta name=\"twitter:creator\" content=\"@eldiario_net\" \/>\n<meta name=\"twitter:site\" content=\"@eldiario_net\" \/>\n<meta name=\"twitter:label1\" content=\"Escrito por\" \/>\n\t<meta name=\"twitter:data1\" content=\"Jeanette\" \/>\n<script type=\"application\/ld+json\" class=\"yoast-schema-graph\">{\"@context\":\"https:\\\/\\\/schema.org\",\"@graph\":[{\"@type\":\"Article\",\"@id\":\"https:\\\/\\\/www.eldiario.net\\\/portal\\\/2022\\\/10\\\/17\\\/construir-sin-limites\\\/#article\",\"isPartOf\":{\"@id\":\"https:\\\/\\\/www.eldiario.net\\\/portal\\\/2022\\\/10\\\/17\\\/construir-sin-limites\\\/\"},\"author\":{\"name\":\"Jeanette\",\"@id\":\"https:\\\/\\\/www.eldiario.net\\\/portal\\\/#\\\/schema\\\/person\\\/f46445640444750d7d753ccd04ae01b7\"},\"headline\":\"Construir sin l\u00edmites\",\"datePublished\":\"2022-10-17T09:54:14+00:00\",\"mainEntityOfPage\":{\"@id\":\"https:\\\/\\\/www.eldiario.net\\\/portal\\\/2022\\\/10\\\/17\\\/construir-sin-limites\\\/\"},\"wordCount\":775,\"publisher\":{\"@id\":\"https:\\\/\\\/www.eldiario.net\\\/portal\\\/#organization\"},\"articleSection\":[\"Opini\u00f3n\"],\"inLanguage\":\"es\"},{\"@type\":\"WebPage\",\"@id\":\"https:\\\/\\\/www.eldiario.net\\\/portal\\\/2022\\\/10\\\/17\\\/construir-sin-limites\\\/\",\"url\":\"https:\\\/\\\/www.eldiario.net\\\/portal\\\/2022\\\/10\\\/17\\\/construir-sin-limites\\\/\",\"name\":\"Construir sin l\u00edmites - El Diario - Bolivia\",\"isPartOf\":{\"@id\":\"https:\\\/\\\/www.eldiario.net\\\/portal\\\/#website\"},\"datePublished\":\"2022-10-17T09:54:14+00:00\",\"breadcrumb\":{\"@id\":\"https:\\\/\\\/www.eldiario.net\\\/portal\\\/2022\\\/10\\\/17\\\/construir-sin-limites\\\/#breadcrumb\"},\"inLanguage\":\"es\",\"potentialAction\":[{\"@type\":\"ReadAction\",\"target\":[\"https:\\\/\\\/www.eldiario.net\\\/portal\\\/2022\\\/10\\\/17\\\/construir-sin-limites\\\/\"]}]},{\"@type\":\"BreadcrumbList\",\"@id\":\"https:\\\/\\\/www.eldiario.net\\\/portal\\\/2022\\\/10\\\/17\\\/construir-sin-limites\\\/#breadcrumb\",\"itemListElement\":[{\"@type\":\"ListItem\",\"position\":1,\"name\":\"Portada\",\"item\":\"https:\\\/\\\/www.eldiario.net\\\/portal\\\/\"},{\"@type\":\"ListItem\",\"position\":2,\"name\":\"Construir sin l\u00edmites\"}]},{\"@type\":\"WebSite\",\"@id\":\"https:\\\/\\\/www.eldiario.net\\\/portal\\\/#website\",\"url\":\"https:\\\/\\\/www.eldiario.net\\\/portal\\\/\",\"name\":\"El Diario - Decano de la prensa nacional\",\"description\":\"El Diario - Decano de la prensa nacional\",\"publisher\":{\"@id\":\"https:\\\/\\\/www.eldiario.net\\\/portal\\\/#organization\"},\"potentialAction\":[{\"@type\":\"SearchAction\",\"target\":{\"@type\":\"EntryPoint\",\"urlTemplate\":\"https:\\\/\\\/www.eldiario.net\\\/portal\\\/?s={search_term_string}\"},\"query-input\":{\"@type\":\"PropertyValueSpecification\",\"valueRequired\":true,\"valueName\":\"search_term_string\"}}],\"inLanguage\":\"es\"},{\"@type\":\"Organization\",\"@id\":\"https:\\\/\\\/www.eldiario.net\\\/portal\\\/#organization\",\"name\":\"El Diario - Decano de la prensa nacional\",\"url\":\"https:\\\/\\\/www.eldiario.net\\\/portal\\\/\",\"logo\":{\"@type\":\"ImageObject\",\"inLanguage\":\"es\",\"@id\":\"https:\\\/\\\/www.eldiario.net\\\/portal\\\/#\\\/schema\\\/logo\\\/image\\\/\",\"url\":\"https:\\\/\\\/www.eldiario.net\\\/portal\\\/wp-content\\\/uploads\\\/2023\\\/07\\\/logo_ED.jpg\",\"contentUrl\":\"https:\\\/\\\/www.eldiario.net\\\/portal\\\/wp-content\\\/uploads\\\/2023\\\/07\\\/logo_ED.jpg\",\"width\":272,\"height\":52,\"caption\":\"El Diario - Decano de la prensa nacional\"},\"image\":{\"@id\":\"https:\\\/\\\/www.eldiario.net\\\/portal\\\/#\\\/schema\\\/logo\\\/image\\\/\"},\"sameAs\":[\"https:\\\/\\\/www.facebook.com\\\/eldiario.bolivia\\\/\",\"https:\\\/\\\/x.com\\\/eldiario_net\"]},{\"@type\":\"Person\",\"@id\":\"https:\\\/\\\/www.eldiario.net\\\/portal\\\/#\\\/schema\\\/person\\\/f46445640444750d7d753ccd04ae01b7\",\"name\":\"Jeanette\",\"image\":{\"@type\":\"ImageObject\",\"inLanguage\":\"es\",\"@id\":\"https:\\\/\\\/secure.gravatar.com\\\/avatar\\\/3ea2118a5f7dad2b7138b1187a6b7ee55f160b9968b66013c3a3ef39dd7e5798?s=96&d=mm&r=g\",\"url\":\"https:\\\/\\\/secure.gravatar.com\\\/avatar\\\/3ea2118a5f7dad2b7138b1187a6b7ee55f160b9968b66013c3a3ef39dd7e5798?s=96&d=mm&r=g\",\"contentUrl\":\"https:\\\/\\\/secure.gravatar.com\\\/avatar\\\/3ea2118a5f7dad2b7138b1187a6b7ee55f160b9968b66013c3a3ef39dd7e5798?s=96&d=mm&r=g\",\"caption\":\"Jeanette\"},\"sameAs\":[\"https:\\\/\\\/www.eldiario.net\\\/portal\"],\"url\":\"https:\\\/\\\/www.eldiario.net\\\/portal\\\/author\\\/jeanette\\\/\"}]}<\/script>\n<!-- \/ Yoast SEO plugin. -->","yoast_head_json":{"title":"Construir sin l\u00edmites - El Diario - Bolivia","robots":{"index":"index","follow":"follow","max-snippet":"max-snippet:-1","max-image-preview":"max-image-preview:large","max-video-preview":"max-video-preview:-1"},"canonical":"https:\/\/www.eldiario.net\/portal\/2022\/10\/17\/construir-sin-limites\/","og_locale":"es_ES","og_type":"article","og_title":"Construir sin l\u00edmites - El Diario - Bolivia","og_description":"Resulta que un grupo de concejales municipales presenta, un proyecto de \u201cnorma para construir\u201d y rellenar la cuenca hidrogr\u00e1fica del valle de La Paz, hasta el colmo mismo; pues las urbanizaciones ya han trepado las laderas y alcanzan la cima misma de las serran\u00edas. Las otras construcciones son alzadas hasta la \u201cEstrat\u00f3sfera\u201d, como pretendiendo superar [&hellip;]","og_url":"https:\/\/www.eldiario.net\/portal\/2022\/10\/17\/construir-sin-limites\/","og_site_name":"El Diario - Bolivia","article_publisher":"https:\/\/www.facebook.com\/eldiario.bolivia\/","article_published_time":"2022-10-17T09:54:14+00:00","author":"Jeanette","twitter_card":"summary_large_image","twitter_creator":"@eldiario_net","twitter_site":"@eldiario_net","twitter_misc":{"Escrito por":"Jeanette"},"schema":{"@context":"https:\/\/schema.org","@graph":[{"@type":"Article","@id":"https:\/\/www.eldiario.net\/portal\/2022\/10\/17\/construir-sin-limites\/#article","isPartOf":{"@id":"https:\/\/www.eldiario.net\/portal\/2022\/10\/17\/construir-sin-limites\/"},"author":{"name":"Jeanette","@id":"https:\/\/www.eldiario.net\/portal\/#\/schema\/person\/f46445640444750d7d753ccd04ae01b7"},"headline":"Construir sin l\u00edmites","datePublished":"2022-10-17T09:54:14+00:00","mainEntityOfPage":{"@id":"https:\/\/www.eldiario.net\/portal\/2022\/10\/17\/construir-sin-limites\/"},"wordCount":775,"publisher":{"@id":"https:\/\/www.eldiario.net\/portal\/#organization"},"articleSection":["Opini\u00f3n"],"inLanguage":"es"},{"@type":"WebPage","@id":"https:\/\/www.eldiario.net\/portal\/2022\/10\/17\/construir-sin-limites\/","url":"https:\/\/www.eldiario.net\/portal\/2022\/10\/17\/construir-sin-limites\/","name":"Construir sin l\u00edmites - El Diario - Bolivia","isPartOf":{"@id":"https:\/\/www.eldiario.net\/portal\/#website"},"datePublished":"2022-10-17T09:54:14+00:00","breadcrumb":{"@id":"https:\/\/www.eldiario.net\/portal\/2022\/10\/17\/construir-sin-limites\/#breadcrumb"},"inLanguage":"es","potentialAction":[{"@type":"ReadAction","target":["https:\/\/www.eldiario.net\/portal\/2022\/10\/17\/construir-sin-limites\/"]}]},{"@type":"BreadcrumbList","@id":"https:\/\/www.eldiario.net\/portal\/2022\/10\/17\/construir-sin-limites\/#breadcrumb","itemListElement":[{"@type":"ListItem","position":1,"name":"Portada","item":"https:\/\/www.eldiario.net\/portal\/"},{"@type":"ListItem","position":2,"name":"Construir sin l\u00edmites"}]},{"@type":"WebSite","@id":"https:\/\/www.eldiario.net\/portal\/#website","url":"https:\/\/www.eldiario.net\/portal\/","name":"El Diario - Decano de la prensa nacional","description":"El Diario - Decano de la prensa nacional","publisher":{"@id":"https:\/\/www.eldiario.net\/portal\/#organization"},"potentialAction":[{"@type":"SearchAction","target":{"@type":"EntryPoint","urlTemplate":"https:\/\/www.eldiario.net\/portal\/?s={search_term_string}"},"query-input":{"@type":"PropertyValueSpecification","valueRequired":true,"valueName":"search_term_string"}}],"inLanguage":"es"},{"@type":"Organization","@id":"https:\/\/www.eldiario.net\/portal\/#organization","name":"El Diario - Decano de la prensa nacional","url":"https:\/\/www.eldiario.net\/portal\/","logo":{"@type":"ImageObject","inLanguage":"es","@id":"https:\/\/www.eldiario.net\/portal\/#\/schema\/logo\/image\/","url":"https:\/\/www.eldiario.net\/portal\/wp-content\/uploads\/2023\/07\/logo_ED.jpg","contentUrl":"https:\/\/www.eldiario.net\/portal\/wp-content\/uploads\/2023\/07\/logo_ED.jpg","width":272,"height":52,"caption":"El Diario - Decano de la prensa nacional"},"image":{"@id":"https:\/\/www.eldiario.net\/portal\/#\/schema\/logo\/image\/"},"sameAs":["https:\/\/www.facebook.com\/eldiario.bolivia\/","https:\/\/x.com\/eldiario_net"]},{"@type":"Person","@id":"https:\/\/www.eldiario.net\/portal\/#\/schema\/person\/f46445640444750d7d753ccd04ae01b7","name":"Jeanette","image":{"@type":"ImageObject","inLanguage":"es","@id":"https:\/\/secure.gravatar.com\/avatar\/3ea2118a5f7dad2b7138b1187a6b7ee55f160b9968b66013c3a3ef39dd7e5798?s=96&d=mm&r=g","url":"https:\/\/secure.gravatar.com\/avatar\/3ea2118a5f7dad2b7138b1187a6b7ee55f160b9968b66013c3a3ef39dd7e5798?s=96&d=mm&r=g","contentUrl":"https:\/\/secure.gravatar.com\/avatar\/3ea2118a5f7dad2b7138b1187a6b7ee55f160b9968b66013c3a3ef39dd7e5798?s=96&d=mm&r=g","caption":"Jeanette"},"sameAs":["https:\/\/www.eldiario.net\/portal"],"url":"https:\/\/www.eldiario.net\/portal\/author\/jeanette\/"}]}},"_links":{"self":[{"href":"https:\/\/www.eldiario.net\/portal\/wp-json\/wp\/v2\/posts\/116989","targetHints":{"allow":["GET"]}}],"collection":[{"href":"https:\/\/www.eldiario.net\/portal\/wp-json\/wp\/v2\/posts"}],"about":[{"href":"https:\/\/www.eldiario.net\/portal\/wp-json\/wp\/v2\/types\/post"}],"author":[{"embeddable":true,"href":"https:\/\/www.eldiario.net\/portal\/wp-json\/wp\/v2\/users\/1"}],"replies":[{"embeddable":true,"href":"https:\/\/www.eldiario.net\/portal\/wp-json\/wp\/v2\/comments?post=116989"}],"version-history":[{"count":0,"href":"https:\/\/www.eldiario.net\/portal\/wp-json\/wp\/v2\/posts\/116989\/revisions"}],"wp:attachment":[{"href":"https:\/\/www.eldiario.net\/portal\/wp-json\/wp\/v2\/media?parent=116989"}],"wp:term":[{"taxonomy":"category","embeddable":true,"href":"https:\/\/www.eldiario.net\/portal\/wp-json\/wp\/v2\/categories?post=116989"},{"taxonomy":"post_tag","embeddable":true,"href":"https:\/\/www.eldiario.net\/portal\/wp-json\/wp\/v2\/tags?post=116989"}],"curies":[{"name":"wp","href":"https:\/\/api.w.org\/{rel}","templated":true}]}}