{"id":116987,"date":"2022-10-17T05:53:49","date_gmt":"2022-10-17T09:53:49","guid":{"rendered":"https:\/\/www.eldiario.net\/portal\/?p=116987"},"modified":"2022-10-17T05:53:49","modified_gmt":"2022-10-17T09:53:49","slug":"percepciones-del-turismo-en-la-cultura","status":"publish","type":"post","link":"https:\/\/www.eldiario.net\/portal\/2022\/10\/17\/percepciones-del-turismo-en-la-cultura\/","title":{"rendered":"Percepciones del turismo en la cultura"},"content":{"rendered":"<p>En un art\u00edculo anterior publicado por este medio de comunicaci\u00f3n se afirmaba lo siguiente: \u201caunque la econom\u00eda sea la m\u00e1s beneficiada, un turismo mal planificado puede hacer sentir sus efectos negativos en el medio ambiente y la cultura receptora\u201d. A continuaci\u00f3n, se exponen las siguientes consideraciones sobre dicha afirmaci\u00f3n.<br \/>\nNo se puede afirmar hoy, como se hac\u00eda hace 20 a\u00f1os, que cultura y turismo sean conceptos antag\u00f3nicos, ambos manifiestan una complementariedad muy grande. Incluso en las universidades que ense\u00f1an turismo, se se\u00f1ala la importancia que tiene el patrimonio cultural, para el desarrollo de la actividad tur\u00edstica.<br \/>\nEn d\u00e9cadas anteriores, se pensaba que la actividad tur\u00edstica era destructiva, y es que cuando se hablaba de turismo se pensaba en un detrimento contra la cultura receptora. Esta afirmaci\u00f3n no deja de tener bases, si es que se considera a quienes manejaban aquel turismo. Sin embargo es necesario establecer que no son los turistas los responsables \u00fanicos o directos del deterioro en las costumbres de un pa\u00eds, sino que hay que retroceder en la cadena que ha conducido al turista a su destino, y al principio de \u00e9sta, nos encontramos con promotores, empresas y con determinadas agencias de viajes, entre otros, que desde un principio no dan opci\u00f3n al turista a integrarse en la vida propia de la comunidad que visita, sino m\u00e1s bien a influir en \u00e9sta, con paquetes tur\u00edsticos que da\u00f1an la cultura de un pueblo \u2013por ejemplo, en el Lago Titicaca, algunas agencias pagaban a personas para que realicen ceremonias andinas o vistan de determinada forma.<br \/>\nEl Turismo de Masas o \u2018Moderno\u2019, como se denomina a la llegada de grandes cantidades de turistas a un destino, acarrea consecuencias culturales negativas, sobre todo en lugares donde la identidad de la comunidad local es d\u00e9bil, donde su cultura se va perdiendo para dar paso a la asimilaci\u00f3n de formas de actuar y pensar for\u00e1neas en busca de una seudo-identidad. La otra cara de esa misma moneda es la fragmentaci\u00f3n de comunidades, o al menos el fortalecimiento de identidades locales, las que cada vez se a\u00edslan m\u00e1s. Por otro lado, el medio ambiente tambi\u00e9n sufre la consecuencia de la llegada de grandes cantidades de visitantes, por enormes cantidades de basura, deterioro medio ambiental, destrozo de los lugares naturales, que son algunos de sus efectos.<br \/>\nEl turismo puede traer consigo un conjunto de fuerzas de desintegraci\u00f3n que, de manera muy discreta, pueden socavar las ra\u00edces m\u00e1s profundas de la cultura receptora. Adem\u00e1s, algunos de los beneficios del turismo producen efectos que amenazan su propia existencia, por ello, se escucha con m\u00e1s frecuencia la expresi\u00f3n \u201cturismo sustentable\u201d. Su concepto se relaciona con el de \u201ccapacidad de carga\u201d. \u00c9ste se define como el m\u00e1ximo aprovechamiento que se puede realizar de los recursos econ\u00f3micos, sociales, culturales y naturales de la zona de destino, sin reducir la satisfacci\u00f3n de los visitantes y sin generar impactos negativos en la sociedad anfitriona o en el medio ambiente.<br \/>\nEn todo caso, y siguiendo su definici\u00f3n, el Turismo Sustentable lo ha de ser en las tres categor\u00edas en que se clasifican los impactos del turismo: debe ser sustentable econ\u00f3mica, medioambiental, y socialmente. Este tipo de turismo propone una forma de integraci\u00f3n cultural que se realiza m\u00e1s all\u00e1 de las fronteras de una naci\u00f3n, la misma estimula a los visitantes a pensar como locales y a la comunidad local estimula para valorar su identidad, compartiendo y recibiendo aportes culturales.<\/p>\n<p>Email: rolando.rrq29@gmail.com<\/p>\n","protected":false},"excerpt":{"rendered":"<p>En un art\u00edculo anterior publicado por este medio de comunicaci\u00f3n se afirmaba lo siguiente: \u201caunque la econom\u00eda sea la m\u00e1s beneficiada, un turismo mal planificado puede hacer sentir sus efectos negativos en el medio ambiente y la cultura receptora\u201d. A continuaci\u00f3n, se exponen las siguientes consideraciones sobre dicha afirmaci\u00f3n. No se puede afirmar hoy, como [&hellip;]<\/p>\n","protected":false},"author":1,"featured_media":0,"comment_status":"closed","ping_status":"closed","sticky":false,"template":"","format":"standard","meta":{"_acf_changed":false,"footnotes":""},"categories":[9],"tags":[],"class_list":["post-116987","post","type-post","status-publish","format-standard","category-opinion"],"acf":{"antetitulo":""},"yoast_head":"<!-- This site is optimized with the Yoast SEO plugin v28.4 - https:\/\/yoast.com\/product\/yoast-seo-wordpress\/ -->\n<title>Percepciones del turismo en la cultura - El Diario - Bolivia<\/title>\n<meta name=\"robots\" content=\"index, follow, max-snippet:-1, max-image-preview:large, max-video-preview:-1\" \/>\n<link rel=\"canonical\" href=\"https:\/\/www.eldiario.net\/portal\/2022\/10\/17\/percepciones-del-turismo-en-la-cultura\/\" \/>\n<meta property=\"og:locale\" content=\"es_ES\" \/>\n<meta property=\"og:type\" content=\"article\" \/>\n<meta property=\"og:title\" content=\"Percepciones del turismo en la cultura - El Diario - Bolivia\" \/>\n<meta property=\"og:description\" content=\"En un art\u00edculo anterior publicado por este medio de comunicaci\u00f3n se afirmaba lo siguiente: \u201caunque la econom\u00eda sea la m\u00e1s beneficiada, un turismo mal planificado puede hacer sentir sus efectos negativos en el medio ambiente y la cultura receptora\u201d. A continuaci\u00f3n, se exponen las siguientes consideraciones sobre dicha afirmaci\u00f3n. No se puede afirmar hoy, como [&hellip;]\" \/>\n<meta property=\"og:url\" content=\"https:\/\/www.eldiario.net\/portal\/2022\/10\/17\/percepciones-del-turismo-en-la-cultura\/\" \/>\n<meta property=\"og:site_name\" content=\"El Diario - Bolivia\" \/>\n<meta property=\"article:publisher\" content=\"https:\/\/www.facebook.com\/eldiario.bolivia\/\" \/>\n<meta property=\"article:published_time\" content=\"2022-10-17T09:53:49+00:00\" \/>\n<meta name=\"author\" content=\"Jeanette\" \/>\n<meta name=\"twitter:card\" content=\"summary_large_image\" \/>\n<meta name=\"twitter:creator\" content=\"@eldiario_net\" \/>\n<meta name=\"twitter:site\" content=\"@eldiario_net\" \/>\n<meta name=\"twitter:label1\" content=\"Escrito por\" \/>\n\t<meta name=\"twitter:data1\" content=\"Jeanette\" \/>\n\t<meta name=\"twitter:label2\" content=\"Tiempo de lectura\" \/>\n\t<meta name=\"twitter:data2\" content=\"3 minutos\" \/>\n<script type=\"application\/ld+json\" class=\"yoast-schema-graph\">{\"@context\":\"https:\\\/\\\/schema.org\",\"@graph\":[{\"@type\":\"Article\",\"@id\":\"https:\\\/\\\/www.eldiario.net\\\/portal\\\/2022\\\/10\\\/17\\\/percepciones-del-turismo-en-la-cultura\\\/#article\",\"isPartOf\":{\"@id\":\"https:\\\/\\\/www.eldiario.net\\\/portal\\\/2022\\\/10\\\/17\\\/percepciones-del-turismo-en-la-cultura\\\/\"},\"author\":{\"name\":\"Jeanette\",\"@id\":\"https:\\\/\\\/www.eldiario.net\\\/portal\\\/#\\\/schema\\\/person\\\/f46445640444750d7d753ccd04ae01b7\"},\"headline\":\"Percepciones del turismo en la cultura\",\"datePublished\":\"2022-10-17T09:53:49+00:00\",\"mainEntityOfPage\":{\"@id\":\"https:\\\/\\\/www.eldiario.net\\\/portal\\\/2022\\\/10\\\/17\\\/percepciones-del-turismo-en-la-cultura\\\/\"},\"wordCount\":618,\"publisher\":{\"@id\":\"https:\\\/\\\/www.eldiario.net\\\/portal\\\/#organization\"},\"articleSection\":[\"Opini\u00f3n\"],\"inLanguage\":\"es\"},{\"@type\":\"WebPage\",\"@id\":\"https:\\\/\\\/www.eldiario.net\\\/portal\\\/2022\\\/10\\\/17\\\/percepciones-del-turismo-en-la-cultura\\\/\",\"url\":\"https:\\\/\\\/www.eldiario.net\\\/portal\\\/2022\\\/10\\\/17\\\/percepciones-del-turismo-en-la-cultura\\\/\",\"name\":\"Percepciones del turismo en la cultura - El Diario - Bolivia\",\"isPartOf\":{\"@id\":\"https:\\\/\\\/www.eldiario.net\\\/portal\\\/#website\"},\"datePublished\":\"2022-10-17T09:53:49+00:00\",\"breadcrumb\":{\"@id\":\"https:\\\/\\\/www.eldiario.net\\\/portal\\\/2022\\\/10\\\/17\\\/percepciones-del-turismo-en-la-cultura\\\/#breadcrumb\"},\"inLanguage\":\"es\",\"potentialAction\":[{\"@type\":\"ReadAction\",\"target\":[\"https:\\\/\\\/www.eldiario.net\\\/portal\\\/2022\\\/10\\\/17\\\/percepciones-del-turismo-en-la-cultura\\\/\"]}]},{\"@type\":\"BreadcrumbList\",\"@id\":\"https:\\\/\\\/www.eldiario.net\\\/portal\\\/2022\\\/10\\\/17\\\/percepciones-del-turismo-en-la-cultura\\\/#breadcrumb\",\"itemListElement\":[{\"@type\":\"ListItem\",\"position\":1,\"name\":\"Portada\",\"item\":\"https:\\\/\\\/www.eldiario.net\\\/portal\\\/\"},{\"@type\":\"ListItem\",\"position\":2,\"name\":\"Percepciones del turismo en la cultura\"}]},{\"@type\":\"WebSite\",\"@id\":\"https:\\\/\\\/www.eldiario.net\\\/portal\\\/#website\",\"url\":\"https:\\\/\\\/www.eldiario.net\\\/portal\\\/\",\"name\":\"El Diario - Decano de la prensa nacional\",\"description\":\"El Diario - Decano de la prensa nacional\",\"publisher\":{\"@id\":\"https:\\\/\\\/www.eldiario.net\\\/portal\\\/#organization\"},\"potentialAction\":[{\"@type\":\"SearchAction\",\"target\":{\"@type\":\"EntryPoint\",\"urlTemplate\":\"https:\\\/\\\/www.eldiario.net\\\/portal\\\/?s={search_term_string}\"},\"query-input\":{\"@type\":\"PropertyValueSpecification\",\"valueRequired\":true,\"valueName\":\"search_term_string\"}}],\"inLanguage\":\"es\"},{\"@type\":\"Organization\",\"@id\":\"https:\\\/\\\/www.eldiario.net\\\/portal\\\/#organization\",\"name\":\"El Diario - Decano de la prensa nacional\",\"url\":\"https:\\\/\\\/www.eldiario.net\\\/portal\\\/\",\"logo\":{\"@type\":\"ImageObject\",\"inLanguage\":\"es\",\"@id\":\"https:\\\/\\\/www.eldiario.net\\\/portal\\\/#\\\/schema\\\/logo\\\/image\\\/\",\"url\":\"https:\\\/\\\/www.eldiario.net\\\/portal\\\/wp-content\\\/uploads\\\/2023\\\/07\\\/logo_ED.jpg\",\"contentUrl\":\"https:\\\/\\\/www.eldiario.net\\\/portal\\\/wp-content\\\/uploads\\\/2023\\\/07\\\/logo_ED.jpg\",\"width\":272,\"height\":52,\"caption\":\"El Diario - Decano de la prensa nacional\"},\"image\":{\"@id\":\"https:\\\/\\\/www.eldiario.net\\\/portal\\\/#\\\/schema\\\/logo\\\/image\\\/\"},\"sameAs\":[\"https:\\\/\\\/www.facebook.com\\\/eldiario.bolivia\\\/\",\"https:\\\/\\\/x.com\\\/eldiario_net\"]},{\"@type\":\"Person\",\"@id\":\"https:\\\/\\\/www.eldiario.net\\\/portal\\\/#\\\/schema\\\/person\\\/f46445640444750d7d753ccd04ae01b7\",\"name\":\"Jeanette\",\"image\":{\"@type\":\"ImageObject\",\"inLanguage\":\"es\",\"@id\":\"https:\\\/\\\/secure.gravatar.com\\\/avatar\\\/3ea2118a5f7dad2b7138b1187a6b7ee55f160b9968b66013c3a3ef39dd7e5798?s=96&d=mm&r=g\",\"url\":\"https:\\\/\\\/secure.gravatar.com\\\/avatar\\\/3ea2118a5f7dad2b7138b1187a6b7ee55f160b9968b66013c3a3ef39dd7e5798?s=96&d=mm&r=g\",\"contentUrl\":\"https:\\\/\\\/secure.gravatar.com\\\/avatar\\\/3ea2118a5f7dad2b7138b1187a6b7ee55f160b9968b66013c3a3ef39dd7e5798?s=96&d=mm&r=g\",\"caption\":\"Jeanette\"},\"sameAs\":[\"https:\\\/\\\/www.eldiario.net\\\/portal\"],\"url\":\"https:\\\/\\\/www.eldiario.net\\\/portal\\\/author\\\/jeanette\\\/\"}]}<\/script>\n<!-- \/ Yoast SEO plugin. -->","yoast_head_json":{"title":"Percepciones del turismo en la cultura - El Diario - Bolivia","robots":{"index":"index","follow":"follow","max-snippet":"max-snippet:-1","max-image-preview":"max-image-preview:large","max-video-preview":"max-video-preview:-1"},"canonical":"https:\/\/www.eldiario.net\/portal\/2022\/10\/17\/percepciones-del-turismo-en-la-cultura\/","og_locale":"es_ES","og_type":"article","og_title":"Percepciones del turismo en la cultura - El Diario - Bolivia","og_description":"En un art\u00edculo anterior publicado por este medio de comunicaci\u00f3n se afirmaba lo siguiente: \u201caunque la econom\u00eda sea la m\u00e1s beneficiada, un turismo mal planificado puede hacer sentir sus efectos negativos en el medio ambiente y la cultura receptora\u201d. A continuaci\u00f3n, se exponen las siguientes consideraciones sobre dicha afirmaci\u00f3n. No se puede afirmar hoy, como [&hellip;]","og_url":"https:\/\/www.eldiario.net\/portal\/2022\/10\/17\/percepciones-del-turismo-en-la-cultura\/","og_site_name":"El Diario - Bolivia","article_publisher":"https:\/\/www.facebook.com\/eldiario.bolivia\/","article_published_time":"2022-10-17T09:53:49+00:00","author":"Jeanette","twitter_card":"summary_large_image","twitter_creator":"@eldiario_net","twitter_site":"@eldiario_net","twitter_misc":{"Escrito por":"Jeanette","Tiempo de lectura":"3 minutos"},"schema":{"@context":"https:\/\/schema.org","@graph":[{"@type":"Article","@id":"https:\/\/www.eldiario.net\/portal\/2022\/10\/17\/percepciones-del-turismo-en-la-cultura\/#article","isPartOf":{"@id":"https:\/\/www.eldiario.net\/portal\/2022\/10\/17\/percepciones-del-turismo-en-la-cultura\/"},"author":{"name":"Jeanette","@id":"https:\/\/www.eldiario.net\/portal\/#\/schema\/person\/f46445640444750d7d753ccd04ae01b7"},"headline":"Percepciones del turismo en la cultura","datePublished":"2022-10-17T09:53:49+00:00","mainEntityOfPage":{"@id":"https:\/\/www.eldiario.net\/portal\/2022\/10\/17\/percepciones-del-turismo-en-la-cultura\/"},"wordCount":618,"publisher":{"@id":"https:\/\/www.eldiario.net\/portal\/#organization"},"articleSection":["Opini\u00f3n"],"inLanguage":"es"},{"@type":"WebPage","@id":"https:\/\/www.eldiario.net\/portal\/2022\/10\/17\/percepciones-del-turismo-en-la-cultura\/","url":"https:\/\/www.eldiario.net\/portal\/2022\/10\/17\/percepciones-del-turismo-en-la-cultura\/","name":"Percepciones del turismo en la cultura - El Diario - Bolivia","isPartOf":{"@id":"https:\/\/www.eldiario.net\/portal\/#website"},"datePublished":"2022-10-17T09:53:49+00:00","breadcrumb":{"@id":"https:\/\/www.eldiario.net\/portal\/2022\/10\/17\/percepciones-del-turismo-en-la-cultura\/#breadcrumb"},"inLanguage":"es","potentialAction":[{"@type":"ReadAction","target":["https:\/\/www.eldiario.net\/portal\/2022\/10\/17\/percepciones-del-turismo-en-la-cultura\/"]}]},{"@type":"BreadcrumbList","@id":"https:\/\/www.eldiario.net\/portal\/2022\/10\/17\/percepciones-del-turismo-en-la-cultura\/#breadcrumb","itemListElement":[{"@type":"ListItem","position":1,"name":"Portada","item":"https:\/\/www.eldiario.net\/portal\/"},{"@type":"ListItem","position":2,"name":"Percepciones del turismo en la cultura"}]},{"@type":"WebSite","@id":"https:\/\/www.eldiario.net\/portal\/#website","url":"https:\/\/www.eldiario.net\/portal\/","name":"El Diario - Decano de la prensa nacional","description":"El Diario - Decano de la prensa nacional","publisher":{"@id":"https:\/\/www.eldiario.net\/portal\/#organization"},"potentialAction":[{"@type":"SearchAction","target":{"@type":"EntryPoint","urlTemplate":"https:\/\/www.eldiario.net\/portal\/?s={search_term_string}"},"query-input":{"@type":"PropertyValueSpecification","valueRequired":true,"valueName":"search_term_string"}}],"inLanguage":"es"},{"@type":"Organization","@id":"https:\/\/www.eldiario.net\/portal\/#organization","name":"El Diario - Decano de la prensa nacional","url":"https:\/\/www.eldiario.net\/portal\/","logo":{"@type":"ImageObject","inLanguage":"es","@id":"https:\/\/www.eldiario.net\/portal\/#\/schema\/logo\/image\/","url":"https:\/\/www.eldiario.net\/portal\/wp-content\/uploads\/2023\/07\/logo_ED.jpg","contentUrl":"https:\/\/www.eldiario.net\/portal\/wp-content\/uploads\/2023\/07\/logo_ED.jpg","width":272,"height":52,"caption":"El Diario - Decano de la prensa nacional"},"image":{"@id":"https:\/\/www.eldiario.net\/portal\/#\/schema\/logo\/image\/"},"sameAs":["https:\/\/www.facebook.com\/eldiario.bolivia\/","https:\/\/x.com\/eldiario_net"]},{"@type":"Person","@id":"https:\/\/www.eldiario.net\/portal\/#\/schema\/person\/f46445640444750d7d753ccd04ae01b7","name":"Jeanette","image":{"@type":"ImageObject","inLanguage":"es","@id":"https:\/\/secure.gravatar.com\/avatar\/3ea2118a5f7dad2b7138b1187a6b7ee55f160b9968b66013c3a3ef39dd7e5798?s=96&d=mm&r=g","url":"https:\/\/secure.gravatar.com\/avatar\/3ea2118a5f7dad2b7138b1187a6b7ee55f160b9968b66013c3a3ef39dd7e5798?s=96&d=mm&r=g","contentUrl":"https:\/\/secure.gravatar.com\/avatar\/3ea2118a5f7dad2b7138b1187a6b7ee55f160b9968b66013c3a3ef39dd7e5798?s=96&d=mm&r=g","caption":"Jeanette"},"sameAs":["https:\/\/www.eldiario.net\/portal"],"url":"https:\/\/www.eldiario.net\/portal\/author\/jeanette\/"}]}},"_links":{"self":[{"href":"https:\/\/www.eldiario.net\/portal\/wp-json\/wp\/v2\/posts\/116987","targetHints":{"allow":["GET"]}}],"collection":[{"href":"https:\/\/www.eldiario.net\/portal\/wp-json\/wp\/v2\/posts"}],"about":[{"href":"https:\/\/www.eldiario.net\/portal\/wp-json\/wp\/v2\/types\/post"}],"author":[{"embeddable":true,"href":"https:\/\/www.eldiario.net\/portal\/wp-json\/wp\/v2\/users\/1"}],"replies":[{"embeddable":true,"href":"https:\/\/www.eldiario.net\/portal\/wp-json\/wp\/v2\/comments?post=116987"}],"version-history":[{"count":0,"href":"https:\/\/www.eldiario.net\/portal\/wp-json\/wp\/v2\/posts\/116987\/revisions"}],"wp:attachment":[{"href":"https:\/\/www.eldiario.net\/portal\/wp-json\/wp\/v2\/media?parent=116987"}],"wp:term":[{"taxonomy":"category","embeddable":true,"href":"https:\/\/www.eldiario.net\/portal\/wp-json\/wp\/v2\/categories?post=116987"},{"taxonomy":"post_tag","embeddable":true,"href":"https:\/\/www.eldiario.net\/portal\/wp-json\/wp\/v2\/tags?post=116987"}],"curies":[{"name":"wp","href":"https:\/\/api.w.org\/{rel}","templated":true}]}}