{"id":116982,"date":"2022-10-17T05:52:24","date_gmt":"2022-10-17T09:52:24","guid":{"rendered":"https:\/\/www.eldiario.net\/portal\/?p=116982"},"modified":"2022-10-17T05:52:24","modified_gmt":"2022-10-17T09:52:24","slug":"philippe-bizot","status":"publish","type":"post","link":"https:\/\/www.eldiario.net\/portal\/2022\/10\/17\/philippe-bizot\/","title":{"rendered":"Philippe Bizot"},"content":{"rendered":"<p>El invitado de lujo hoy en Cultvral es un maestro pantomima, actor, escritor, pintor y pedagogo que, sin lugar a duda, no necesita mayor presentaci\u00f3n. Su arte de silencio este a\u00f1o celebra los 50 a\u00f1os con una gran gira mundial que inicia por Bolivia gracias al cari\u00f1o especial que tiene el artista franc\u00e9s por nuestro pa\u00eds y su gente. Hace m\u00e1s de 10 a\u00f1os radica en China, actuando y formando a los futuros grandes actores en este arte y no pod\u00edamos desaprovechar la oportunidad de tener unas silentes palabras con este genio artista\u2026 sean todos bienvenidos al show.<\/p>\n<p><strong>\u00bfQui\u00e9n es Philippe Bizot?<\/strong><br \/>\nUn actor autodidacta cuya carrera inici\u00f3 con la b\u00fasqueda del maestro Jean Louis Barrault, actor muy famoso que act\u00faa el papel principal de \u00abLos Ni\u00f1os del Paradiso\u00bb, yo admiraba su trabajo y deseaba mucho conocerlo. Le encant\u00f3 mi trabajo y me dijo \u00absi quieres ser un gran maestro, tienes que leer un libro por d\u00eda\u00bb. He le\u00eddo un libro por d\u00eda desde ese encuentro inolvidable. El gran actor debe tener mucha cultura, vocabulario. La pantomima es una escritura, muy fina.<br \/>\nEncontr\u00e9 tambi\u00e9n a Marguerite Duras, que me ha confirmado la importancia de los silencios en el silencio. Con esos maestros ten\u00eda grandes progresos y gan\u00e9 un premio internacional de pantomima. El premio consist\u00eda en una gira por Canad\u00e1. Ese fue mi primer vuelo y no he parado despu\u00e9s.<\/p>\n<p><strong>\u00bfQu\u00e9 otro momento fu determinante para tu carrera?<\/strong><br \/>\nCuando he visto para la primera vez a Marcel Marceau (otro gran maestro de la pantomima) yo era joven, no entend\u00ed todo pero qued\u00e9 fascinado. Me parec\u00eda genial actuar en silencio total. Con el tiempo, pienso que la pantomima me ha elegido. Este arte es tan rico que la b\u00fasqueda no termina\u2026 lecturas, viajes, pinturas, observaciones, es un trabajo cotidiano.<\/p>\n<p><strong>\u00bfEl arte lleg\u00f3 a tu vida o fue un camino de b\u00fasqueda?<\/strong><br \/>\nEste arte es fabuloso, el silencio es universal, he hablado solo en silencio cada noche delante de p\u00fablicos de culturas diferentes pero la emoci\u00f3n siempre es la misma; igualitaria y sincera. Compartimos las mismas alegr\u00edas, las mismas angustias, mismas risas, mismas l\u00e1grimas. Durante 50 a\u00f1os he tenido cita con la audiencia, si bien no he tenido un profesor como tal, el p\u00fablico es mi profesor constante \u00bfSi el arte ha llegado a m\u00ed? Dir\u00e9 que la gente ha llegado a m\u00ed.<br \/>\nNo pensaba dar cursos en un comienzo pero aprend\u00ed que el arte debe ser trasmitido a quien lo quiera recibir. He tenido miles y miles de estudiantes. He ense\u00f1ado a gente con diferentes capacidades y condiciones; no videntes, f\u00edsicamente discapacitados, con s\u00edndrome de down, chicos de la calle, chicos en c\u00e1rceles, en los hospitales, me fue por todas partes. He desarrollado mi propia pedagog\u00eda ya que cada alumno es \u00fanico \u00bfSi el arte ha llegado a mi vida? Pienso que cada momento es \u00fanico.<br \/>\n<strong>\u00bfQu\u00e9 ser\u00eda de la vida del ser humano sin arte?<\/strong><br \/>\nLa vida del ser humano sin arte ser\u00eda brutal. El arte nos limpia los ojos, limpia nuestro coraz\u00f3n, cambia nuestra manera de ver el mundo, el arte re\u00fane a los hombres, toca nuestras sensibilidades. El arte nos pregunta, nos educa. La cultura no es un lujo, es un derecho. El arte permite al hombre de firmar su presencia. Vivir es ya un arte&#8230; la vida es una perfecta coreograf\u00eda y por ende la gente tiene talento. Cada uno es el h\u00e9roe de su propia historia.<\/p>\n<p><strong>\u00bfCu\u00e1l es la mayor ense\u00f1anza que te ha dejado la pantomima?<\/strong><br \/>\nLa pantomima ha educado mis ojos, me ense\u00f1o a ver. Cada persona entrando en mi campo visual es ya un personaje. Lo imagino 10 minutos antes y diez minutos despu\u00e9s. Imagino, veo a la gente con amor, con respeto. El arte es un regalo, un acto de amor siempre para aprender. El arte est\u00e1 al servicio de la memoria colectiva. La gente viene a mi espect\u00e1culo para sentarse delante un espejo, creo yo.<\/p>\n<p><strong>\u00bfSiempre tuviste empat\u00eda con las artes de mimo?<\/strong><br \/>\nLos artes de mimo son la pasi\u00f3n de mi vida. Todos los artes visuales me fascinan. El cine mudo de Chaplin, el baile, la \u00f3pera china, el kabuki japon\u00e9s\u2026 todos los movimientos me atraen. Me quedo horas sentado sobre una silla para observar una calle, el cotidiano es tambi\u00e9n una obra fascinante.<\/p>\n<p><strong>Obviamente tu exitosa carrera te ha llevado a conocer el mundo entero \u00bfQu\u00e9 es lo que m\u00e1s te llam\u00f3 la atenci\u00f3n de Bolivia?<\/strong><br \/>\nVisito Bolivia desde m\u00e1s de 30 a\u00f1os. Es una larga historia de amor con este pa\u00eds. Su belleza, sus culturas y, sobre todo, el cari\u00f1o de su gente. El pueblo boliviano es uno de los m\u00e1s sensibles pueblos del mundo. Curioso, educado, amable, talentoso. Desde hace a\u00f1os tengo reales, bellas y sinceras amistades y por eso he querido empezar la gira por Bolivia. Dar\u00e9 talleres, y presentar\u00e9 el trabajo de mis alumnos. Me encanta presentar a mis alumnos en su primer escenario.<br \/>\n<strong>\u00bfC\u00f3mo se denomina esta gira por tus 50 a\u00f1os de silencio?<\/strong><br \/>\nEs mucho tiempo realmente el que llevo en silencia y al mismo tiempo expres\u00e1ndolo todo. La Gira se llama \u00abEl silencio, lenguaje universal de las emociones\u00bb. Actuar\u00e9 en Cochabamba, Santa Cruz, Sucre, Potos\u00ed y La Paz. Me quedo hasta el diez diciembre&#8230;<br \/>\nToda la informaci\u00f3n sobre talleres y actuaciones estar\u00e1 disponible en mi Facebook. Ser\u00e1 un gusto reencontrarme con ustedes<\/p>\n","protected":false},"excerpt":{"rendered":"<p>El invitado de lujo hoy en Cultvral es un maestro pantomima, actor, escritor, pintor y pedagogo que, sin lugar a duda, no necesita mayor presentaci\u00f3n. Su arte de silencio este a\u00f1o celebra los 50 a\u00f1os con una gran gira mundial que inicia por Bolivia gracias al cari\u00f1o especial que tiene el artista franc\u00e9s por nuestro [&hellip;]<\/p>\n","protected":false},"author":1,"featured_media":116983,"comment_status":"closed","ping_status":"closed","sticky":false,"template":"","format":"standard","meta":{"_acf_changed":false,"footnotes":""},"categories":[8],"tags":[],"class_list":["post-116982","post","type-post","status-publish","format-standard","has-post-thumbnail","category-cultural"],"acf":{"antetitulo":""},"yoast_head":"<!-- This site is optimized with the Yoast SEO plugin v28.4 - https:\/\/yoast.com\/product\/yoast-seo-wordpress\/ -->\n<title>Philippe Bizot - El Diario - Bolivia<\/title>\n<meta name=\"robots\" content=\"index, follow, max-snippet:-1, max-image-preview:large, max-video-preview:-1\" \/>\n<link rel=\"canonical\" href=\"https:\/\/www.eldiario.net\/portal\/2022\/10\/17\/philippe-bizot\/\" \/>\n<meta property=\"og:locale\" content=\"es_ES\" \/>\n<meta property=\"og:type\" content=\"article\" \/>\n<meta property=\"og:title\" content=\"Philippe Bizot - El Diario - Bolivia\" \/>\n<meta property=\"og:description\" content=\"El invitado de lujo hoy en Cultvral es un maestro pantomima, actor, escritor, pintor y pedagogo que, sin lugar a duda, no necesita mayor presentaci\u00f3n. Su arte de silencio este a\u00f1o celebra los 50 a\u00f1os con una gran gira mundial que inicia por Bolivia gracias al cari\u00f1o especial que tiene el artista franc\u00e9s por nuestro [&hellip;]\" \/>\n<meta property=\"og:url\" content=\"https:\/\/www.eldiario.net\/portal\/2022\/10\/17\/philippe-bizot\/\" \/>\n<meta property=\"og:site_name\" content=\"El Diario - Bolivia\" \/>\n<meta property=\"article:publisher\" content=\"https:\/\/www.facebook.com\/eldiario.bolivia\/\" \/>\n<meta property=\"article:published_time\" content=\"2022-10-17T09:52:24+00:00\" \/>\n<meta property=\"og:image\" content=\"https:\/\/www.eldiario.net\/portal\/wp-content\/uploads\/2022\/10\/f_2015-08-04_20.jpg\" \/>\n\t<meta property=\"og:image:width\" content=\"600\" \/>\n\t<meta property=\"og:image:height\" content=\"451\" \/>\n\t<meta property=\"og:image:type\" content=\"image\/jpeg\" \/>\n<meta name=\"author\" content=\"Jeanette\" \/>\n<meta name=\"twitter:card\" content=\"summary_large_image\" \/>\n<meta name=\"twitter:creator\" content=\"@eldiario_net\" \/>\n<meta name=\"twitter:site\" content=\"@eldiario_net\" \/>\n<meta name=\"twitter:label1\" content=\"Escrito por\" \/>\n\t<meta name=\"twitter:data1\" content=\"Jeanette\" \/>\n\t<meta name=\"twitter:label2\" content=\"Tiempo de lectura\" \/>\n\t<meta name=\"twitter:data2\" content=\"5 minutos\" \/>\n<script type=\"application\/ld+json\" class=\"yoast-schema-graph\">{\"@context\":\"https:\\\/\\\/schema.org\",\"@graph\":[{\"@type\":\"Article\",\"@id\":\"https:\\\/\\\/www.eldiario.net\\\/portal\\\/2022\\\/10\\\/17\\\/philippe-bizot\\\/#article\",\"isPartOf\":{\"@id\":\"https:\\\/\\\/www.eldiario.net\\\/portal\\\/2022\\\/10\\\/17\\\/philippe-bizot\\\/\"},\"author\":{\"name\":\"Jeanette\",\"@id\":\"https:\\\/\\\/www.eldiario.net\\\/portal\\\/#\\\/schema\\\/person\\\/f46445640444750d7d753ccd04ae01b7\"},\"headline\":\"Philippe Bizot\",\"datePublished\":\"2022-10-17T09:52:24+00:00\",\"mainEntityOfPage\":{\"@id\":\"https:\\\/\\\/www.eldiario.net\\\/portal\\\/2022\\\/10\\\/17\\\/philippe-bizot\\\/\"},\"wordCount\":947,\"publisher\":{\"@id\":\"https:\\\/\\\/www.eldiario.net\\\/portal\\\/#organization\"},\"image\":{\"@id\":\"https:\\\/\\\/www.eldiario.net\\\/portal\\\/2022\\\/10\\\/17\\\/philippe-bizot\\\/#primaryimage\"},\"thumbnailUrl\":\"https:\\\/\\\/www.eldiario.net\\\/portal\\\/wp-content\\\/uploads\\\/2022\\\/10\\\/f_2015-08-04_20.jpg\",\"articleSection\":[\"Cultural\"],\"inLanguage\":\"es\"},{\"@type\":\"WebPage\",\"@id\":\"https:\\\/\\\/www.eldiario.net\\\/portal\\\/2022\\\/10\\\/17\\\/philippe-bizot\\\/\",\"url\":\"https:\\\/\\\/www.eldiario.net\\\/portal\\\/2022\\\/10\\\/17\\\/philippe-bizot\\\/\",\"name\":\"Philippe Bizot - El Diario - Bolivia\",\"isPartOf\":{\"@id\":\"https:\\\/\\\/www.eldiario.net\\\/portal\\\/#website\"},\"primaryImageOfPage\":{\"@id\":\"https:\\\/\\\/www.eldiario.net\\\/portal\\\/2022\\\/10\\\/17\\\/philippe-bizot\\\/#primaryimage\"},\"image\":{\"@id\":\"https:\\\/\\\/www.eldiario.net\\\/portal\\\/2022\\\/10\\\/17\\\/philippe-bizot\\\/#primaryimage\"},\"thumbnailUrl\":\"https:\\\/\\\/www.eldiario.net\\\/portal\\\/wp-content\\\/uploads\\\/2022\\\/10\\\/f_2015-08-04_20.jpg\",\"datePublished\":\"2022-10-17T09:52:24+00:00\",\"breadcrumb\":{\"@id\":\"https:\\\/\\\/www.eldiario.net\\\/portal\\\/2022\\\/10\\\/17\\\/philippe-bizot\\\/#breadcrumb\"},\"inLanguage\":\"es\",\"potentialAction\":[{\"@type\":\"ReadAction\",\"target\":[\"https:\\\/\\\/www.eldiario.net\\\/portal\\\/2022\\\/10\\\/17\\\/philippe-bizot\\\/\"]}]},{\"@type\":\"ImageObject\",\"inLanguage\":\"es\",\"@id\":\"https:\\\/\\\/www.eldiario.net\\\/portal\\\/2022\\\/10\\\/17\\\/philippe-bizot\\\/#primaryimage\",\"url\":\"https:\\\/\\\/www.eldiario.net\\\/portal\\\/wp-content\\\/uploads\\\/2022\\\/10\\\/f_2015-08-04_20.jpg\",\"contentUrl\":\"https:\\\/\\\/www.eldiario.net\\\/portal\\\/wp-content\\\/uploads\\\/2022\\\/10\\\/f_2015-08-04_20.jpg\",\"width\":600,\"height\":451},{\"@type\":\"BreadcrumbList\",\"@id\":\"https:\\\/\\\/www.eldiario.net\\\/portal\\\/2022\\\/10\\\/17\\\/philippe-bizot\\\/#breadcrumb\",\"itemListElement\":[{\"@type\":\"ListItem\",\"position\":1,\"name\":\"Portada\",\"item\":\"https:\\\/\\\/www.eldiario.net\\\/portal\\\/\"},{\"@type\":\"ListItem\",\"position\":2,\"name\":\"Philippe Bizot\"}]},{\"@type\":\"WebSite\",\"@id\":\"https:\\\/\\\/www.eldiario.net\\\/portal\\\/#website\",\"url\":\"https:\\\/\\\/www.eldiario.net\\\/portal\\\/\",\"name\":\"El Diario - Decano de la prensa nacional\",\"description\":\"El Diario - Decano de la prensa nacional\",\"publisher\":{\"@id\":\"https:\\\/\\\/www.eldiario.net\\\/portal\\\/#organization\"},\"potentialAction\":[{\"@type\":\"SearchAction\",\"target\":{\"@type\":\"EntryPoint\",\"urlTemplate\":\"https:\\\/\\\/www.eldiario.net\\\/portal\\\/?s={search_term_string}\"},\"query-input\":{\"@type\":\"PropertyValueSpecification\",\"valueRequired\":true,\"valueName\":\"search_term_string\"}}],\"inLanguage\":\"es\"},{\"@type\":\"Organization\",\"@id\":\"https:\\\/\\\/www.eldiario.net\\\/portal\\\/#organization\",\"name\":\"El Diario - Decano de la prensa nacional\",\"url\":\"https:\\\/\\\/www.eldiario.net\\\/portal\\\/\",\"logo\":{\"@type\":\"ImageObject\",\"inLanguage\":\"es\",\"@id\":\"https:\\\/\\\/www.eldiario.net\\\/portal\\\/#\\\/schema\\\/logo\\\/image\\\/\",\"url\":\"https:\\\/\\\/www.eldiario.net\\\/portal\\\/wp-content\\\/uploads\\\/2023\\\/07\\\/logo_ED.jpg\",\"contentUrl\":\"https:\\\/\\\/www.eldiario.net\\\/portal\\\/wp-content\\\/uploads\\\/2023\\\/07\\\/logo_ED.jpg\",\"width\":272,\"height\":52,\"caption\":\"El Diario - Decano de la prensa nacional\"},\"image\":{\"@id\":\"https:\\\/\\\/www.eldiario.net\\\/portal\\\/#\\\/schema\\\/logo\\\/image\\\/\"},\"sameAs\":[\"https:\\\/\\\/www.facebook.com\\\/eldiario.bolivia\\\/\",\"https:\\\/\\\/x.com\\\/eldiario_net\"]},{\"@type\":\"Person\",\"@id\":\"https:\\\/\\\/www.eldiario.net\\\/portal\\\/#\\\/schema\\\/person\\\/f46445640444750d7d753ccd04ae01b7\",\"name\":\"Jeanette\",\"image\":{\"@type\":\"ImageObject\",\"inLanguage\":\"es\",\"@id\":\"https:\\\/\\\/secure.gravatar.com\\\/avatar\\\/3ea2118a5f7dad2b7138b1187a6b7ee55f160b9968b66013c3a3ef39dd7e5798?s=96&d=mm&r=g\",\"url\":\"https:\\\/\\\/secure.gravatar.com\\\/avatar\\\/3ea2118a5f7dad2b7138b1187a6b7ee55f160b9968b66013c3a3ef39dd7e5798?s=96&d=mm&r=g\",\"contentUrl\":\"https:\\\/\\\/secure.gravatar.com\\\/avatar\\\/3ea2118a5f7dad2b7138b1187a6b7ee55f160b9968b66013c3a3ef39dd7e5798?s=96&d=mm&r=g\",\"caption\":\"Jeanette\"},\"sameAs\":[\"https:\\\/\\\/www.eldiario.net\\\/portal\"],\"url\":\"https:\\\/\\\/www.eldiario.net\\\/portal\\\/author\\\/jeanette\\\/\"}]}<\/script>\n<!-- \/ Yoast SEO plugin. -->","yoast_head_json":{"title":"Philippe Bizot - El Diario - Bolivia","robots":{"index":"index","follow":"follow","max-snippet":"max-snippet:-1","max-image-preview":"max-image-preview:large","max-video-preview":"max-video-preview:-1"},"canonical":"https:\/\/www.eldiario.net\/portal\/2022\/10\/17\/philippe-bizot\/","og_locale":"es_ES","og_type":"article","og_title":"Philippe Bizot - El Diario - Bolivia","og_description":"El invitado de lujo hoy en Cultvral es un maestro pantomima, actor, escritor, pintor y pedagogo que, sin lugar a duda, no necesita mayor presentaci\u00f3n. Su arte de silencio este a\u00f1o celebra los 50 a\u00f1os con una gran gira mundial que inicia por Bolivia gracias al cari\u00f1o especial que tiene el artista franc\u00e9s por nuestro [&hellip;]","og_url":"https:\/\/www.eldiario.net\/portal\/2022\/10\/17\/philippe-bizot\/","og_site_name":"El Diario - Bolivia","article_publisher":"https:\/\/www.facebook.com\/eldiario.bolivia\/","article_published_time":"2022-10-17T09:52:24+00:00","og_image":[{"width":600,"height":451,"url":"https:\/\/www.eldiario.net\/portal\/wp-content\/uploads\/2022\/10\/f_2015-08-04_20.jpg","type":"image\/jpeg"}],"author":"Jeanette","twitter_card":"summary_large_image","twitter_creator":"@eldiario_net","twitter_site":"@eldiario_net","twitter_misc":{"Escrito por":"Jeanette","Tiempo de lectura":"5 minutos"},"schema":{"@context":"https:\/\/schema.org","@graph":[{"@type":"Article","@id":"https:\/\/www.eldiario.net\/portal\/2022\/10\/17\/philippe-bizot\/#article","isPartOf":{"@id":"https:\/\/www.eldiario.net\/portal\/2022\/10\/17\/philippe-bizot\/"},"author":{"name":"Jeanette","@id":"https:\/\/www.eldiario.net\/portal\/#\/schema\/person\/f46445640444750d7d753ccd04ae01b7"},"headline":"Philippe Bizot","datePublished":"2022-10-17T09:52:24+00:00","mainEntityOfPage":{"@id":"https:\/\/www.eldiario.net\/portal\/2022\/10\/17\/philippe-bizot\/"},"wordCount":947,"publisher":{"@id":"https:\/\/www.eldiario.net\/portal\/#organization"},"image":{"@id":"https:\/\/www.eldiario.net\/portal\/2022\/10\/17\/philippe-bizot\/#primaryimage"},"thumbnailUrl":"https:\/\/www.eldiario.net\/portal\/wp-content\/uploads\/2022\/10\/f_2015-08-04_20.jpg","articleSection":["Cultural"],"inLanguage":"es"},{"@type":"WebPage","@id":"https:\/\/www.eldiario.net\/portal\/2022\/10\/17\/philippe-bizot\/","url":"https:\/\/www.eldiario.net\/portal\/2022\/10\/17\/philippe-bizot\/","name":"Philippe Bizot - El Diario - Bolivia","isPartOf":{"@id":"https:\/\/www.eldiario.net\/portal\/#website"},"primaryImageOfPage":{"@id":"https:\/\/www.eldiario.net\/portal\/2022\/10\/17\/philippe-bizot\/#primaryimage"},"image":{"@id":"https:\/\/www.eldiario.net\/portal\/2022\/10\/17\/philippe-bizot\/#primaryimage"},"thumbnailUrl":"https:\/\/www.eldiario.net\/portal\/wp-content\/uploads\/2022\/10\/f_2015-08-04_20.jpg","datePublished":"2022-10-17T09:52:24+00:00","breadcrumb":{"@id":"https:\/\/www.eldiario.net\/portal\/2022\/10\/17\/philippe-bizot\/#breadcrumb"},"inLanguage":"es","potentialAction":[{"@type":"ReadAction","target":["https:\/\/www.eldiario.net\/portal\/2022\/10\/17\/philippe-bizot\/"]}]},{"@type":"ImageObject","inLanguage":"es","@id":"https:\/\/www.eldiario.net\/portal\/2022\/10\/17\/philippe-bizot\/#primaryimage","url":"https:\/\/www.eldiario.net\/portal\/wp-content\/uploads\/2022\/10\/f_2015-08-04_20.jpg","contentUrl":"https:\/\/www.eldiario.net\/portal\/wp-content\/uploads\/2022\/10\/f_2015-08-04_20.jpg","width":600,"height":451},{"@type":"BreadcrumbList","@id":"https:\/\/www.eldiario.net\/portal\/2022\/10\/17\/philippe-bizot\/#breadcrumb","itemListElement":[{"@type":"ListItem","position":1,"name":"Portada","item":"https:\/\/www.eldiario.net\/portal\/"},{"@type":"ListItem","position":2,"name":"Philippe Bizot"}]},{"@type":"WebSite","@id":"https:\/\/www.eldiario.net\/portal\/#website","url":"https:\/\/www.eldiario.net\/portal\/","name":"El Diario - Decano de la prensa nacional","description":"El Diario - Decano de la prensa nacional","publisher":{"@id":"https:\/\/www.eldiario.net\/portal\/#organization"},"potentialAction":[{"@type":"SearchAction","target":{"@type":"EntryPoint","urlTemplate":"https:\/\/www.eldiario.net\/portal\/?s={search_term_string}"},"query-input":{"@type":"PropertyValueSpecification","valueRequired":true,"valueName":"search_term_string"}}],"inLanguage":"es"},{"@type":"Organization","@id":"https:\/\/www.eldiario.net\/portal\/#organization","name":"El Diario - Decano de la prensa nacional","url":"https:\/\/www.eldiario.net\/portal\/","logo":{"@type":"ImageObject","inLanguage":"es","@id":"https:\/\/www.eldiario.net\/portal\/#\/schema\/logo\/image\/","url":"https:\/\/www.eldiario.net\/portal\/wp-content\/uploads\/2023\/07\/logo_ED.jpg","contentUrl":"https:\/\/www.eldiario.net\/portal\/wp-content\/uploads\/2023\/07\/logo_ED.jpg","width":272,"height":52,"caption":"El Diario - Decano de la prensa nacional"},"image":{"@id":"https:\/\/www.eldiario.net\/portal\/#\/schema\/logo\/image\/"},"sameAs":["https:\/\/www.facebook.com\/eldiario.bolivia\/","https:\/\/x.com\/eldiario_net"]},{"@type":"Person","@id":"https:\/\/www.eldiario.net\/portal\/#\/schema\/person\/f46445640444750d7d753ccd04ae01b7","name":"Jeanette","image":{"@type":"ImageObject","inLanguage":"es","@id":"https:\/\/secure.gravatar.com\/avatar\/3ea2118a5f7dad2b7138b1187a6b7ee55f160b9968b66013c3a3ef39dd7e5798?s=96&d=mm&r=g","url":"https:\/\/secure.gravatar.com\/avatar\/3ea2118a5f7dad2b7138b1187a6b7ee55f160b9968b66013c3a3ef39dd7e5798?s=96&d=mm&r=g","contentUrl":"https:\/\/secure.gravatar.com\/avatar\/3ea2118a5f7dad2b7138b1187a6b7ee55f160b9968b66013c3a3ef39dd7e5798?s=96&d=mm&r=g","caption":"Jeanette"},"sameAs":["https:\/\/www.eldiario.net\/portal"],"url":"https:\/\/www.eldiario.net\/portal\/author\/jeanette\/"}]}},"_links":{"self":[{"href":"https:\/\/www.eldiario.net\/portal\/wp-json\/wp\/v2\/posts\/116982","targetHints":{"allow":["GET"]}}],"collection":[{"href":"https:\/\/www.eldiario.net\/portal\/wp-json\/wp\/v2\/posts"}],"about":[{"href":"https:\/\/www.eldiario.net\/portal\/wp-json\/wp\/v2\/types\/post"}],"author":[{"embeddable":true,"href":"https:\/\/www.eldiario.net\/portal\/wp-json\/wp\/v2\/users\/1"}],"replies":[{"embeddable":true,"href":"https:\/\/www.eldiario.net\/portal\/wp-json\/wp\/v2\/comments?post=116982"}],"version-history":[{"count":0,"href":"https:\/\/www.eldiario.net\/portal\/wp-json\/wp\/v2\/posts\/116982\/revisions"}],"wp:featuredmedia":[{"embeddable":true,"href":"https:\/\/www.eldiario.net\/portal\/wp-json\/wp\/v2\/media\/116983"}],"wp:attachment":[{"href":"https:\/\/www.eldiario.net\/portal\/wp-json\/wp\/v2\/media?parent=116982"}],"wp:term":[{"taxonomy":"category","embeddable":true,"href":"https:\/\/www.eldiario.net\/portal\/wp-json\/wp\/v2\/categories?post=116982"},{"taxonomy":"post_tag","embeddable":true,"href":"https:\/\/www.eldiario.net\/portal\/wp-json\/wp\/v2\/tags?post=116982"}],"curies":[{"name":"wp","href":"https:\/\/api.w.org\/{rel}","templated":true}]}}