{"id":116978,"date":"2022-10-17T05:50:28","date_gmt":"2022-10-17T09:50:28","guid":{"rendered":"https:\/\/www.eldiario.net\/portal\/?p=116978"},"modified":"2022-10-17T05:50:28","modified_gmt":"2022-10-17T09:50:28","slug":"artistas-del-tatuaje-llegan-a-la-paz","status":"publish","type":"post","link":"https:\/\/www.eldiario.net\/portal\/2022\/10\/17\/artistas-del-tatuaje-llegan-a-la-paz\/","title":{"rendered":"Artistas del tatuaje llegan a La Paz"},"content":{"rendered":"<p>Este 2022, regresa Art Tattoo Bolivia Convention, la convenci\u00f3n internacional de tatuaje y modificaci\u00f3n corporal, considerada la m\u00e1s alta del mundo que se realiza en Bolivia.<br \/>\nLa cita es el 11, 12 y 13 de noviembre en el Campo Ferial Chuquiago Marka de la ciudad, en Seg\u00fcencoma, donde alrededor de 280 artistas se reunir\u00e1n para mostrar su talento.<br \/>\nArt Tattoo Bolivia Convention es dirigida por el artista boliviano Gunnar Quispe, quien obtuvo este a\u00f1o el reconocimiento de premios Maya como el Mejor Artista Urbano de Bolivia, Gunnar viaja por todo el mundo, representando a Bolivia en las convenciones m\u00e1s importantes.<br \/>\nSeg\u00fan los organizadores, el evento internacional es considerado como el m\u00e1s grande y profesional que se realiza en el pa\u00eds, ya que trae a los mejores artistas del medio a nivel mundial y genera talleres con los mismos, para que sus pares nacionales tengan la oportunidad de aprender y profesionalizarse. Adem\u00e1s, muchos artistas y fan\u00e1ticos de pa\u00edses vecinos aprovechan para participar de esta convenci\u00f3n ya que es considerada como una de m\u00e1s importantes de Sudam\u00e9rica y genera gran expectativa en el medio del tatuaje.<br \/>\nEn esta oportunidad Art Tattoo Bolivia Convention trae a 150 artistas internacionales que intercambiar\u00e1n experiencias con m\u00e1s de 120 artistas nacionales, entre los invitados m\u00e1s destacados se puede mencionar a Fred Thomas (Espa\u00f1a), V\u00edctor Chil (Espa\u00f1a), Eduard Poch (USA), Federico Ruiz (M\u00e9xico), Luis Bonilla (Costa Rica), Maxi Rodr\u00edguez, del programa Miami Ink (Costa Rica); Tito Zambrano, del programa Master Ink (Panam\u00e1); Yeyo Molina (Argentina), adem\u00e1s se contar\u00e1 con la participaci\u00f3n de la mexicana Mar\u00eda Jos\u00e9 Cristerna (La Mujer Vampiro), que retorna nuevamente a nuestro pa\u00eds y a la s\u00faper modelo alternativa Fernanda Mercury, de la agencia Suicide Girl. Tambi\u00e9n, por primera vez se contar\u00e1 con la participaci\u00f3n del famoso Black Alien (Francia), quien pisar\u00e1 suelo boliviano junto a su modificador corporal Gato Moreno (M\u00e9xico), para dar un taller y explicar que la modificaci\u00f3n corporal no puede ser realizada a la ligera ni por gente sin formaci\u00f3n adecuada.<br \/>\nSer\u00e1n 3 d\u00edas de mucho arte y color, donde familias enteras participan y se integran aprovechando la oportunidad de obtener tatuajes incre\u00edbles realizados por los mejores tatuadores del mundo y de nuestro pa\u00eds.<br \/>\nLuego de terminar la Convenci\u00f3n, la organizaci\u00f3n auspicia un viaje tur\u00edstico a los artistas invitados para que conozcan las maravillas de nuestro pa\u00eds, se lleven el mejor recuerdo y lo compartan con el mundo entero.<\/p>\n<figure id=\"attachment_116980\" aria-describedby=\"caption-attachment-116980\" style=\"width: 295px\" class=\"wp-caption aligncenter\"><a href=\"https:\/\/www.eldiario.net\/portal\/wp-content\/uploads\/2022\/10\/Black-Alien.jpg\"><img loading=\"lazy\" decoding=\"async\" class=\"size-medium wp-image-116980\" src=\"https:\/\/www.eldiario.net\/portal\/wp-content\/uploads\/2022\/10\/Black-Alien-295x300.jpg\" alt=\"\" width=\"295\" height=\"300\" \/><\/a><figcaption id=\"caption-attachment-116980\" class=\"wp-caption-text\">EL FRANC\u00c9S BLACK ALIEN.<\/figcaption><\/figure>\n","protected":false},"excerpt":{"rendered":"<p>Este 2022, regresa Art Tattoo Bolivia Convention, la convenci\u00f3n internacional de tatuaje y modificaci\u00f3n corporal, considerada la m\u00e1s alta del mundo que se realiza en Bolivia. La cita es el 11, 12 y 13 de noviembre en el Campo Ferial Chuquiago Marka de la ciudad, en Seg\u00fcencoma, donde alrededor de 280 artistas se reunir\u00e1n para [&hellip;]<\/p>\n","protected":false},"author":1,"featured_media":116979,"comment_status":"closed","ping_status":"closed","sticky":false,"template":"","format":"standard","meta":{"_acf_changed":false,"footnotes":""},"categories":[8],"tags":[],"class_list":["post-116978","post","type-post","status-publish","format-standard","has-post-thumbnail","category-cultural"],"acf":{"antetitulo":""},"yoast_head":"<!-- This site is optimized with the Yoast SEO plugin v28.4 - https:\/\/yoast.com\/product\/yoast-seo-wordpress\/ -->\n<title>Artistas del tatuaje llegan a La Paz - El Diario - Bolivia<\/title>\n<meta name=\"robots\" content=\"index, follow, max-snippet:-1, max-image-preview:large, max-video-preview:-1\" \/>\n<link rel=\"canonical\" href=\"https:\/\/www.eldiario.net\/portal\/2022\/10\/17\/artistas-del-tatuaje-llegan-a-la-paz\/\" \/>\n<meta property=\"og:locale\" content=\"es_ES\" \/>\n<meta property=\"og:type\" content=\"article\" \/>\n<meta property=\"og:title\" content=\"Artistas del tatuaje llegan a La Paz - El Diario - Bolivia\" \/>\n<meta property=\"og:description\" content=\"Este 2022, regresa Art Tattoo Bolivia Convention, la convenci\u00f3n internacional de tatuaje y modificaci\u00f3n corporal, considerada la m\u00e1s alta del mundo que se realiza en Bolivia. La cita es el 11, 12 y 13 de noviembre en el Campo Ferial Chuquiago Marka de la ciudad, en Seg\u00fcencoma, donde alrededor de 280 artistas se reunir\u00e1n para [&hellip;]\" \/>\n<meta property=\"og:url\" content=\"https:\/\/www.eldiario.net\/portal\/2022\/10\/17\/artistas-del-tatuaje-llegan-a-la-paz\/\" \/>\n<meta property=\"og:site_name\" content=\"El Diario - Bolivia\" \/>\n<meta property=\"article:publisher\" content=\"https:\/\/www.facebook.com\/eldiario.bolivia\/\" \/>\n<meta property=\"article:published_time\" content=\"2022-10-17T09:50:28+00:00\" \/>\n<meta name=\"author\" content=\"Jeanette\" \/>\n<meta name=\"twitter:card\" content=\"summary_large_image\" \/>\n<meta name=\"twitter:creator\" content=\"@eldiario_net\" \/>\n<meta name=\"twitter:site\" content=\"@eldiario_net\" \/>\n<meta name=\"twitter:label1\" content=\"Escrito por\" \/>\n\t<meta name=\"twitter:data1\" content=\"Jeanette\" \/>\n\t<meta name=\"twitter:label2\" content=\"Tiempo de lectura\" \/>\n\t<meta name=\"twitter:data2\" content=\"3 minutos\" \/>\n<script type=\"application\/ld+json\" class=\"yoast-schema-graph\">{\"@context\":\"https:\\\/\\\/schema.org\",\"@graph\":[{\"@type\":\"Article\",\"@id\":\"https:\\\/\\\/www.eldiario.net\\\/portal\\\/2022\\\/10\\\/17\\\/artistas-del-tatuaje-llegan-a-la-paz\\\/#article\",\"isPartOf\":{\"@id\":\"https:\\\/\\\/www.eldiario.net\\\/portal\\\/2022\\\/10\\\/17\\\/artistas-del-tatuaje-llegan-a-la-paz\\\/\"},\"author\":{\"name\":\"Jeanette\",\"@id\":\"https:\\\/\\\/www.eldiario.net\\\/portal\\\/#\\\/schema\\\/person\\\/f46445640444750d7d753ccd04ae01b7\"},\"headline\":\"Artistas del tatuaje llegan a La Paz\",\"datePublished\":\"2022-10-17T09:50:28+00:00\",\"mainEntityOfPage\":{\"@id\":\"https:\\\/\\\/www.eldiario.net\\\/portal\\\/2022\\\/10\\\/17\\\/artistas-del-tatuaje-llegan-a-la-paz\\\/\"},\"wordCount\":452,\"publisher\":{\"@id\":\"https:\\\/\\\/www.eldiario.net\\\/portal\\\/#organization\"},\"image\":{\"@id\":\"https:\\\/\\\/www.eldiario.net\\\/portal\\\/2022\\\/10\\\/17\\\/artistas-del-tatuaje-llegan-a-la-paz\\\/#primaryimage\"},\"thumbnailUrl\":\"\",\"articleSection\":[\"Cultural\"],\"inLanguage\":\"es\"},{\"@type\":\"WebPage\",\"@id\":\"https:\\\/\\\/www.eldiario.net\\\/portal\\\/2022\\\/10\\\/17\\\/artistas-del-tatuaje-llegan-a-la-paz\\\/\",\"url\":\"https:\\\/\\\/www.eldiario.net\\\/portal\\\/2022\\\/10\\\/17\\\/artistas-del-tatuaje-llegan-a-la-paz\\\/\",\"name\":\"Artistas del tatuaje llegan a La Paz - El Diario - Bolivia\",\"isPartOf\":{\"@id\":\"https:\\\/\\\/www.eldiario.net\\\/portal\\\/#website\"},\"primaryImageOfPage\":{\"@id\":\"https:\\\/\\\/www.eldiario.net\\\/portal\\\/2022\\\/10\\\/17\\\/artistas-del-tatuaje-llegan-a-la-paz\\\/#primaryimage\"},\"image\":{\"@id\":\"https:\\\/\\\/www.eldiario.net\\\/portal\\\/2022\\\/10\\\/17\\\/artistas-del-tatuaje-llegan-a-la-paz\\\/#primaryimage\"},\"thumbnailUrl\":\"\",\"datePublished\":\"2022-10-17T09:50:28+00:00\",\"breadcrumb\":{\"@id\":\"https:\\\/\\\/www.eldiario.net\\\/portal\\\/2022\\\/10\\\/17\\\/artistas-del-tatuaje-llegan-a-la-paz\\\/#breadcrumb\"},\"inLanguage\":\"es\",\"potentialAction\":[{\"@type\":\"ReadAction\",\"target\":[\"https:\\\/\\\/www.eldiario.net\\\/portal\\\/2022\\\/10\\\/17\\\/artistas-del-tatuaje-llegan-a-la-paz\\\/\"]}]},{\"@type\":\"ImageObject\",\"inLanguage\":\"es\",\"@id\":\"https:\\\/\\\/www.eldiario.net\\\/portal\\\/2022\\\/10\\\/17\\\/artistas-del-tatuaje-llegan-a-la-paz\\\/#primaryimage\",\"url\":\"\",\"contentUrl\":\"\"},{\"@type\":\"BreadcrumbList\",\"@id\":\"https:\\\/\\\/www.eldiario.net\\\/portal\\\/2022\\\/10\\\/17\\\/artistas-del-tatuaje-llegan-a-la-paz\\\/#breadcrumb\",\"itemListElement\":[{\"@type\":\"ListItem\",\"position\":1,\"name\":\"Portada\",\"item\":\"https:\\\/\\\/www.eldiario.net\\\/portal\\\/\"},{\"@type\":\"ListItem\",\"position\":2,\"name\":\"Artistas del tatuaje llegan a La Paz\"}]},{\"@type\":\"WebSite\",\"@id\":\"https:\\\/\\\/www.eldiario.net\\\/portal\\\/#website\",\"url\":\"https:\\\/\\\/www.eldiario.net\\\/portal\\\/\",\"name\":\"El Diario - Decano de la prensa nacional\",\"description\":\"El Diario - Decano de la prensa nacional\",\"publisher\":{\"@id\":\"https:\\\/\\\/www.eldiario.net\\\/portal\\\/#organization\"},\"potentialAction\":[{\"@type\":\"SearchAction\",\"target\":{\"@type\":\"EntryPoint\",\"urlTemplate\":\"https:\\\/\\\/www.eldiario.net\\\/portal\\\/?s={search_term_string}\"},\"query-input\":{\"@type\":\"PropertyValueSpecification\",\"valueRequired\":true,\"valueName\":\"search_term_string\"}}],\"inLanguage\":\"es\"},{\"@type\":\"Organization\",\"@id\":\"https:\\\/\\\/www.eldiario.net\\\/portal\\\/#organization\",\"name\":\"El Diario - Decano de la prensa nacional\",\"url\":\"https:\\\/\\\/www.eldiario.net\\\/portal\\\/\",\"logo\":{\"@type\":\"ImageObject\",\"inLanguage\":\"es\",\"@id\":\"https:\\\/\\\/www.eldiario.net\\\/portal\\\/#\\\/schema\\\/logo\\\/image\\\/\",\"url\":\"https:\\\/\\\/www.eldiario.net\\\/portal\\\/wp-content\\\/uploads\\\/2023\\\/07\\\/logo_ED.jpg\",\"contentUrl\":\"https:\\\/\\\/www.eldiario.net\\\/portal\\\/wp-content\\\/uploads\\\/2023\\\/07\\\/logo_ED.jpg\",\"width\":272,\"height\":52,\"caption\":\"El Diario - Decano de la prensa nacional\"},\"image\":{\"@id\":\"https:\\\/\\\/www.eldiario.net\\\/portal\\\/#\\\/schema\\\/logo\\\/image\\\/\"},\"sameAs\":[\"https:\\\/\\\/www.facebook.com\\\/eldiario.bolivia\\\/\",\"https:\\\/\\\/x.com\\\/eldiario_net\"]},{\"@type\":\"Person\",\"@id\":\"https:\\\/\\\/www.eldiario.net\\\/portal\\\/#\\\/schema\\\/person\\\/f46445640444750d7d753ccd04ae01b7\",\"name\":\"Jeanette\",\"image\":{\"@type\":\"ImageObject\",\"inLanguage\":\"es\",\"@id\":\"https:\\\/\\\/secure.gravatar.com\\\/avatar\\\/3ea2118a5f7dad2b7138b1187a6b7ee55f160b9968b66013c3a3ef39dd7e5798?s=96&d=mm&r=g\",\"url\":\"https:\\\/\\\/secure.gravatar.com\\\/avatar\\\/3ea2118a5f7dad2b7138b1187a6b7ee55f160b9968b66013c3a3ef39dd7e5798?s=96&d=mm&r=g\",\"contentUrl\":\"https:\\\/\\\/secure.gravatar.com\\\/avatar\\\/3ea2118a5f7dad2b7138b1187a6b7ee55f160b9968b66013c3a3ef39dd7e5798?s=96&d=mm&r=g\",\"caption\":\"Jeanette\"},\"sameAs\":[\"https:\\\/\\\/www.eldiario.net\\\/portal\"],\"url\":\"https:\\\/\\\/www.eldiario.net\\\/portal\\\/author\\\/jeanette\\\/\"}]}<\/script>\n<!-- \/ Yoast SEO plugin. -->","yoast_head_json":{"title":"Artistas del tatuaje llegan a La Paz - El Diario - Bolivia","robots":{"index":"index","follow":"follow","max-snippet":"max-snippet:-1","max-image-preview":"max-image-preview:large","max-video-preview":"max-video-preview:-1"},"canonical":"https:\/\/www.eldiario.net\/portal\/2022\/10\/17\/artistas-del-tatuaje-llegan-a-la-paz\/","og_locale":"es_ES","og_type":"article","og_title":"Artistas del tatuaje llegan a La Paz - El Diario - Bolivia","og_description":"Este 2022, regresa Art Tattoo Bolivia Convention, la convenci\u00f3n internacional de tatuaje y modificaci\u00f3n corporal, considerada la m\u00e1s alta del mundo que se realiza en Bolivia. La cita es el 11, 12 y 13 de noviembre en el Campo Ferial Chuquiago Marka de la ciudad, en Seg\u00fcencoma, donde alrededor de 280 artistas se reunir\u00e1n para [&hellip;]","og_url":"https:\/\/www.eldiario.net\/portal\/2022\/10\/17\/artistas-del-tatuaje-llegan-a-la-paz\/","og_site_name":"El Diario - Bolivia","article_publisher":"https:\/\/www.facebook.com\/eldiario.bolivia\/","article_published_time":"2022-10-17T09:50:28+00:00","author":"Jeanette","twitter_card":"summary_large_image","twitter_creator":"@eldiario_net","twitter_site":"@eldiario_net","twitter_misc":{"Escrito por":"Jeanette","Tiempo de lectura":"3 minutos"},"schema":{"@context":"https:\/\/schema.org","@graph":[{"@type":"Article","@id":"https:\/\/www.eldiario.net\/portal\/2022\/10\/17\/artistas-del-tatuaje-llegan-a-la-paz\/#article","isPartOf":{"@id":"https:\/\/www.eldiario.net\/portal\/2022\/10\/17\/artistas-del-tatuaje-llegan-a-la-paz\/"},"author":{"name":"Jeanette","@id":"https:\/\/www.eldiario.net\/portal\/#\/schema\/person\/f46445640444750d7d753ccd04ae01b7"},"headline":"Artistas del tatuaje llegan a La Paz","datePublished":"2022-10-17T09:50:28+00:00","mainEntityOfPage":{"@id":"https:\/\/www.eldiario.net\/portal\/2022\/10\/17\/artistas-del-tatuaje-llegan-a-la-paz\/"},"wordCount":452,"publisher":{"@id":"https:\/\/www.eldiario.net\/portal\/#organization"},"image":{"@id":"https:\/\/www.eldiario.net\/portal\/2022\/10\/17\/artistas-del-tatuaje-llegan-a-la-paz\/#primaryimage"},"thumbnailUrl":"","articleSection":["Cultural"],"inLanguage":"es"},{"@type":"WebPage","@id":"https:\/\/www.eldiario.net\/portal\/2022\/10\/17\/artistas-del-tatuaje-llegan-a-la-paz\/","url":"https:\/\/www.eldiario.net\/portal\/2022\/10\/17\/artistas-del-tatuaje-llegan-a-la-paz\/","name":"Artistas del tatuaje llegan a La Paz - El Diario - Bolivia","isPartOf":{"@id":"https:\/\/www.eldiario.net\/portal\/#website"},"primaryImageOfPage":{"@id":"https:\/\/www.eldiario.net\/portal\/2022\/10\/17\/artistas-del-tatuaje-llegan-a-la-paz\/#primaryimage"},"image":{"@id":"https:\/\/www.eldiario.net\/portal\/2022\/10\/17\/artistas-del-tatuaje-llegan-a-la-paz\/#primaryimage"},"thumbnailUrl":"","datePublished":"2022-10-17T09:50:28+00:00","breadcrumb":{"@id":"https:\/\/www.eldiario.net\/portal\/2022\/10\/17\/artistas-del-tatuaje-llegan-a-la-paz\/#breadcrumb"},"inLanguage":"es","potentialAction":[{"@type":"ReadAction","target":["https:\/\/www.eldiario.net\/portal\/2022\/10\/17\/artistas-del-tatuaje-llegan-a-la-paz\/"]}]},{"@type":"ImageObject","inLanguage":"es","@id":"https:\/\/www.eldiario.net\/portal\/2022\/10\/17\/artistas-del-tatuaje-llegan-a-la-paz\/#primaryimage","url":"","contentUrl":""},{"@type":"BreadcrumbList","@id":"https:\/\/www.eldiario.net\/portal\/2022\/10\/17\/artistas-del-tatuaje-llegan-a-la-paz\/#breadcrumb","itemListElement":[{"@type":"ListItem","position":1,"name":"Portada","item":"https:\/\/www.eldiario.net\/portal\/"},{"@type":"ListItem","position":2,"name":"Artistas del tatuaje llegan a La Paz"}]},{"@type":"WebSite","@id":"https:\/\/www.eldiario.net\/portal\/#website","url":"https:\/\/www.eldiario.net\/portal\/","name":"El Diario - Decano de la prensa nacional","description":"El Diario - Decano de la prensa nacional","publisher":{"@id":"https:\/\/www.eldiario.net\/portal\/#organization"},"potentialAction":[{"@type":"SearchAction","target":{"@type":"EntryPoint","urlTemplate":"https:\/\/www.eldiario.net\/portal\/?s={search_term_string}"},"query-input":{"@type":"PropertyValueSpecification","valueRequired":true,"valueName":"search_term_string"}}],"inLanguage":"es"},{"@type":"Organization","@id":"https:\/\/www.eldiario.net\/portal\/#organization","name":"El Diario - Decano de la prensa nacional","url":"https:\/\/www.eldiario.net\/portal\/","logo":{"@type":"ImageObject","inLanguage":"es","@id":"https:\/\/www.eldiario.net\/portal\/#\/schema\/logo\/image\/","url":"https:\/\/www.eldiario.net\/portal\/wp-content\/uploads\/2023\/07\/logo_ED.jpg","contentUrl":"https:\/\/www.eldiario.net\/portal\/wp-content\/uploads\/2023\/07\/logo_ED.jpg","width":272,"height":52,"caption":"El Diario - Decano de la prensa nacional"},"image":{"@id":"https:\/\/www.eldiario.net\/portal\/#\/schema\/logo\/image\/"},"sameAs":["https:\/\/www.facebook.com\/eldiario.bolivia\/","https:\/\/x.com\/eldiario_net"]},{"@type":"Person","@id":"https:\/\/www.eldiario.net\/portal\/#\/schema\/person\/f46445640444750d7d753ccd04ae01b7","name":"Jeanette","image":{"@type":"ImageObject","inLanguage":"es","@id":"https:\/\/secure.gravatar.com\/avatar\/3ea2118a5f7dad2b7138b1187a6b7ee55f160b9968b66013c3a3ef39dd7e5798?s=96&d=mm&r=g","url":"https:\/\/secure.gravatar.com\/avatar\/3ea2118a5f7dad2b7138b1187a6b7ee55f160b9968b66013c3a3ef39dd7e5798?s=96&d=mm&r=g","contentUrl":"https:\/\/secure.gravatar.com\/avatar\/3ea2118a5f7dad2b7138b1187a6b7ee55f160b9968b66013c3a3ef39dd7e5798?s=96&d=mm&r=g","caption":"Jeanette"},"sameAs":["https:\/\/www.eldiario.net\/portal"],"url":"https:\/\/www.eldiario.net\/portal\/author\/jeanette\/"}]}},"_links":{"self":[{"href":"https:\/\/www.eldiario.net\/portal\/wp-json\/wp\/v2\/posts\/116978","targetHints":{"allow":["GET"]}}],"collection":[{"href":"https:\/\/www.eldiario.net\/portal\/wp-json\/wp\/v2\/posts"}],"about":[{"href":"https:\/\/www.eldiario.net\/portal\/wp-json\/wp\/v2\/types\/post"}],"author":[{"embeddable":true,"href":"https:\/\/www.eldiario.net\/portal\/wp-json\/wp\/v2\/users\/1"}],"replies":[{"embeddable":true,"href":"https:\/\/www.eldiario.net\/portal\/wp-json\/wp\/v2\/comments?post=116978"}],"version-history":[{"count":0,"href":"https:\/\/www.eldiario.net\/portal\/wp-json\/wp\/v2\/posts\/116978\/revisions"}],"wp:attachment":[{"href":"https:\/\/www.eldiario.net\/portal\/wp-json\/wp\/v2\/media?parent=116978"}],"wp:term":[{"taxonomy":"category","embeddable":true,"href":"https:\/\/www.eldiario.net\/portal\/wp-json\/wp\/v2\/categories?post=116978"},{"taxonomy":"post_tag","embeddable":true,"href":"https:\/\/www.eldiario.net\/portal\/wp-json\/wp\/v2\/tags?post=116978"}],"curies":[{"name":"wp","href":"https:\/\/api.w.org\/{rel}","templated":true}]}}