{"id":116975,"date":"2022-10-17T05:48:54","date_gmt":"2022-10-17T09:48:54","guid":{"rendered":"https:\/\/www.eldiario.net\/portal\/?p=116975"},"modified":"2022-10-17T05:48:54","modified_gmt":"2022-10-17T09:48:54","slug":"exposicion-sobre-patrimonio-industrial-minero","status":"publish","type":"post","link":"https:\/\/www.eldiario.net\/portal\/2022\/10\/17\/exposicion-sobre-patrimonio-industrial-minero\/","title":{"rendered":"Exposici\u00f3n sobre patrimonio industrial minero"},"content":{"rendered":"<p>El Centro de la Revoluci\u00f3n Cultural (CRC) y la Gobernaci\u00f3n de Cochabamba inauguraron la exposici\u00f3n \ud835\udc08\ud835\udc2d\ud835\udc22\ud835\udc27\ud835\udc1e\ud835\udc2b\ud835\udc1a\ud835\udc2b\ud835\udc22\ud835\udc28 \ud835\udc02\ud835\udc2e\ud835\udc25\ud835\udc2d\ud835\udc2e\ud835\udc2b\ud835\udc1a\ud835\udc25 \ud835\udc1d\ud835\udc1e\ud835\udc25 \ud835\udc0f\ud835\udc1a\ud835\udc2d\ud835\udc2b\ud835\udc22\ud835\udc26\ud835\udc28\ud835\udc27\ud835\udc22\ud835\udc28 \ud835\udc08\ud835\udc27\ud835\udc1d\ud835\udc2e\ud835\udc2c\ud835\udc2d\ud835\udc2b\ud835\udc22\ud835\udc1a\ud835\udc25 \ud835\udc0c\ud835\udc22\ud835\udc27\ud835\udc1e\ud835\udc2b\ud835\udc28 \ud835\udc1d\ud835\udc1e \ud835\udc01\ud835\udc28\ud835\udc25\ud835\udc22\ud835\udc2f\ud835\udc22\ud835\udc1a, el pasado viernes, en la Casa Departamental de las Culturas.<br \/>\nLa muestra es parte de la programaci\u00f3n anual de exposiciones itinerantes del CRC, que permite dialogar sobre las manifestaciones culturales, a trav\u00e9s de la presentaci\u00f3n y circulaci\u00f3n de diferentes expresiones art\u00edsticas a nivel local y nacional.<br \/>\nEn la ceremonia inaugural, el presidente de la Fundaci\u00f3n cultural del Banco Central de Bolivia (FCBCB), Luis Oporto, record\u00f3 que el a\u00f1o 2021, la instituci\u00f3n a su cargo aprob\u00f3 el Proyecto Revalorizaci\u00f3n del Patrimonio Cultural Industrial: Itinerario Cultural del Patrimonio Industrial Minero de Bolivia, con el fin de contar con una museograf\u00eda de los sitios mineros de valor patrimonial para visualizar y revalorizar todo el potencial cultural, social, econ\u00f3mico y pol\u00edtico que ha generado la actividad minera en nuestro pa\u00eds por su trascendencia hist\u00f3rica e impacto econ\u00f3mico en la construcci\u00f3n y desarrollo del Estado boliviano.<br \/>\nPara este cometido se firm\u00f3 un convenio con la Corporaci\u00f3n Minera de Bolivia (COMIBOL) para realizar el registro de 21 sitios de patrimonio industrial en Bolivia, en Potos\u00ed: los Centros mineros de Porco, Aullagas, Pulacayo, Huanchaca, Unc\u00eda, Catavi; Llallagua y Siglo XX, en Oruro: los Centros Mineros de Machacamarca, Paz\u00f1a, Sora Sora, Huanuni, Antequera, Japo, Morococala y Santa Fe y en La Paz: los Centros Mineros de Milluni, Corocoro, Puerto de Guaqui, Matilde y Colquiri.<br \/>\nEs as\u00ed que la exposici\u00f3n llega a Cochabamba, con una propuesta que conecta simb\u00f3licamente el tiempo y el espacio del mundo minero, construyendo una cartograf\u00eda de veinti\u00fan paisajes culturales, una reconstrucci\u00f3n cronol\u00f3gica y gr\u00e1fica del movimiento minero y, en paralelo, presenta una instalaci\u00f3n de arte conceptual acerca del pulm\u00f3n de metal, realizado por el Colectivo de artistas Cementerio de Elefantes, en el marco del proyecto En Clave de Luz y Color Fomento a la producci\u00f3n art\u00edstica visual aprobado por el Consejo de Administraci\u00f3n de la FC-BCB y desarrollado por el CRC.<\/p>\n","protected":false},"excerpt":{"rendered":"<p>El Centro de la Revoluci\u00f3n Cultural (CRC) y la Gobernaci\u00f3n de Cochabamba inauguraron la exposici\u00f3n \ud835\udc08\ud835\udc2d\ud835\udc22\ud835\udc27\ud835\udc1e\ud835\udc2b\ud835\udc1a\ud835\udc2b\ud835\udc22\ud835\udc28 \ud835\udc02\ud835\udc2e\ud835\udc25\ud835\udc2d\ud835\udc2e\ud835\udc2b\ud835\udc1a\ud835\udc25 \ud835\udc1d\ud835\udc1e\ud835\udc25 \ud835\udc0f\ud835\udc1a\ud835\udc2d\ud835\udc2b\ud835\udc22\ud835\udc26\ud835\udc28\ud835\udc27\ud835\udc22\ud835\udc28 \ud835\udc08\ud835\udc27\ud835\udc1d\ud835\udc2e\ud835\udc2c\ud835\udc2d\ud835\udc2b\ud835\udc22\ud835\udc1a\ud835\udc25 \ud835\udc0c\ud835\udc22\ud835\udc27\ud835\udc1e\ud835\udc2b\ud835\udc28 \ud835\udc1d\ud835\udc1e \ud835\udc01\ud835\udc28\ud835\udc25\ud835\udc22\ud835\udc2f\ud835\udc22\ud835\udc1a, el pasado viernes, en la Casa Departamental de las Culturas. La muestra es parte de la programaci\u00f3n anual de exposiciones itinerantes del CRC, que permite dialogar sobre las manifestaciones culturales, a trav\u00e9s [&hellip;]<\/p>\n","protected":false},"author":1,"featured_media":116976,"comment_status":"closed","ping_status":"closed","sticky":false,"template":"","format":"standard","meta":{"_acf_changed":false,"footnotes":""},"categories":[8],"tags":[],"class_list":["post-116975","post","type-post","status-publish","format-standard","has-post-thumbnail","category-cultural"],"acf":{"antetitulo":""},"yoast_head":"<!-- This site is optimized with the Yoast SEO plugin v28.4 - https:\/\/yoast.com\/product\/yoast-seo-wordpress\/ -->\n<title>Exposici\u00f3n sobre patrimonio industrial minero - El Diario - Bolivia<\/title>\n<meta name=\"robots\" content=\"index, follow, max-snippet:-1, max-image-preview:large, max-video-preview:-1\" \/>\n<link rel=\"canonical\" href=\"https:\/\/www.eldiario.net\/portal\/2022\/10\/17\/exposicion-sobre-patrimonio-industrial-minero\/\" \/>\n<meta property=\"og:locale\" content=\"es_ES\" \/>\n<meta property=\"og:type\" content=\"article\" \/>\n<meta property=\"og:title\" content=\"Exposici\u00f3n sobre patrimonio industrial minero - El Diario - Bolivia\" \/>\n<meta property=\"og:description\" content=\"El Centro de la Revoluci\u00f3n Cultural (CRC) y la Gobernaci\u00f3n de Cochabamba inauguraron la exposici\u00f3n \ud835\udc08\ud835\udc2d\ud835\udc22\ud835\udc27\ud835\udc1e\ud835\udc2b\ud835\udc1a\ud835\udc2b\ud835\udc22\ud835\udc28 \ud835\udc02\ud835\udc2e\ud835\udc25\ud835\udc2d\ud835\udc2e\ud835\udc2b\ud835\udc1a\ud835\udc25 \ud835\udc1d\ud835\udc1e\ud835\udc25 \ud835\udc0f\ud835\udc1a\ud835\udc2d\ud835\udc2b\ud835\udc22\ud835\udc26\ud835\udc28\ud835\udc27\ud835\udc22\ud835\udc28 \ud835\udc08\ud835\udc27\ud835\udc1d\ud835\udc2e\ud835\udc2c\ud835\udc2d\ud835\udc2b\ud835\udc22\ud835\udc1a\ud835\udc25 \ud835\udc0c\ud835\udc22\ud835\udc27\ud835\udc1e\ud835\udc2b\ud835\udc28 \ud835\udc1d\ud835\udc1e \ud835\udc01\ud835\udc28\ud835\udc25\ud835\udc22\ud835\udc2f\ud835\udc22\ud835\udc1a, el pasado viernes, en la Casa Departamental de las Culturas. La muestra es parte de la programaci\u00f3n anual de exposiciones itinerantes del CRC, que permite dialogar sobre las manifestaciones culturales, a trav\u00e9s [&hellip;]\" \/>\n<meta property=\"og:url\" content=\"https:\/\/www.eldiario.net\/portal\/2022\/10\/17\/exposicion-sobre-patrimonio-industrial-minero\/\" \/>\n<meta property=\"og:site_name\" content=\"El Diario - Bolivia\" \/>\n<meta property=\"article:publisher\" content=\"https:\/\/www.facebook.com\/eldiario.bolivia\/\" \/>\n<meta property=\"article:published_time\" content=\"2022-10-17T09:48:54+00:00\" \/>\n<meta property=\"og:image\" content=\"https:\/\/www.eldiario.net\/portal\/wp-content\/uploads\/2022\/10\/EXPO-1.jpg\" \/>\n\t<meta property=\"og:image:width\" content=\"900\" \/>\n\t<meta property=\"og:image:height\" content=\"1600\" \/>\n\t<meta property=\"og:image:type\" content=\"image\/jpeg\" \/>\n<meta name=\"author\" content=\"Jeanette\" \/>\n<meta name=\"twitter:card\" content=\"summary_large_image\" \/>\n<meta name=\"twitter:creator\" content=\"@eldiario_net\" \/>\n<meta name=\"twitter:site\" content=\"@eldiario_net\" \/>\n<meta name=\"twitter:label1\" content=\"Escrito por\" \/>\n\t<meta name=\"twitter:data1\" content=\"Jeanette\" \/>\n\t<meta name=\"twitter:label2\" content=\"Tiempo de lectura\" \/>\n\t<meta name=\"twitter:data2\" content=\"2 minutos\" \/>\n<script type=\"application\/ld+json\" class=\"yoast-schema-graph\">{\"@context\":\"https:\\\/\\\/schema.org\",\"@graph\":[{\"@type\":\"Article\",\"@id\":\"https:\\\/\\\/www.eldiario.net\\\/portal\\\/2022\\\/10\\\/17\\\/exposicion-sobre-patrimonio-industrial-minero\\\/#article\",\"isPartOf\":{\"@id\":\"https:\\\/\\\/www.eldiario.net\\\/portal\\\/2022\\\/10\\\/17\\\/exposicion-sobre-patrimonio-industrial-minero\\\/\"},\"author\":{\"name\":\"Jeanette\",\"@id\":\"https:\\\/\\\/www.eldiario.net\\\/portal\\\/#\\\/schema\\\/person\\\/f46445640444750d7d753ccd04ae01b7\"},\"headline\":\"Exposici\u00f3n sobre patrimonio industrial minero\",\"datePublished\":\"2022-10-17T09:48:54+00:00\",\"mainEntityOfPage\":{\"@id\":\"https:\\\/\\\/www.eldiario.net\\\/portal\\\/2022\\\/10\\\/17\\\/exposicion-sobre-patrimonio-industrial-minero\\\/\"},\"wordCount\":360,\"publisher\":{\"@id\":\"https:\\\/\\\/www.eldiario.net\\\/portal\\\/#organization\"},\"image\":{\"@id\":\"https:\\\/\\\/www.eldiario.net\\\/portal\\\/2022\\\/10\\\/17\\\/exposicion-sobre-patrimonio-industrial-minero\\\/#primaryimage\"},\"thumbnailUrl\":\"https:\\\/\\\/www.eldiario.net\\\/portal\\\/wp-content\\\/uploads\\\/2022\\\/10\\\/EXPO-1.jpg\",\"articleSection\":[\"Cultural\"],\"inLanguage\":\"es\"},{\"@type\":\"WebPage\",\"@id\":\"https:\\\/\\\/www.eldiario.net\\\/portal\\\/2022\\\/10\\\/17\\\/exposicion-sobre-patrimonio-industrial-minero\\\/\",\"url\":\"https:\\\/\\\/www.eldiario.net\\\/portal\\\/2022\\\/10\\\/17\\\/exposicion-sobre-patrimonio-industrial-minero\\\/\",\"name\":\"Exposici\u00f3n sobre patrimonio industrial minero - El Diario - Bolivia\",\"isPartOf\":{\"@id\":\"https:\\\/\\\/www.eldiario.net\\\/portal\\\/#website\"},\"primaryImageOfPage\":{\"@id\":\"https:\\\/\\\/www.eldiario.net\\\/portal\\\/2022\\\/10\\\/17\\\/exposicion-sobre-patrimonio-industrial-minero\\\/#primaryimage\"},\"image\":{\"@id\":\"https:\\\/\\\/www.eldiario.net\\\/portal\\\/2022\\\/10\\\/17\\\/exposicion-sobre-patrimonio-industrial-minero\\\/#primaryimage\"},\"thumbnailUrl\":\"https:\\\/\\\/www.eldiario.net\\\/portal\\\/wp-content\\\/uploads\\\/2022\\\/10\\\/EXPO-1.jpg\",\"datePublished\":\"2022-10-17T09:48:54+00:00\",\"breadcrumb\":{\"@id\":\"https:\\\/\\\/www.eldiario.net\\\/portal\\\/2022\\\/10\\\/17\\\/exposicion-sobre-patrimonio-industrial-minero\\\/#breadcrumb\"},\"inLanguage\":\"es\",\"potentialAction\":[{\"@type\":\"ReadAction\",\"target\":[\"https:\\\/\\\/www.eldiario.net\\\/portal\\\/2022\\\/10\\\/17\\\/exposicion-sobre-patrimonio-industrial-minero\\\/\"]}]},{\"@type\":\"ImageObject\",\"inLanguage\":\"es\",\"@id\":\"https:\\\/\\\/www.eldiario.net\\\/portal\\\/2022\\\/10\\\/17\\\/exposicion-sobre-patrimonio-industrial-minero\\\/#primaryimage\",\"url\":\"https:\\\/\\\/www.eldiario.net\\\/portal\\\/wp-content\\\/uploads\\\/2022\\\/10\\\/EXPO-1.jpg\",\"contentUrl\":\"https:\\\/\\\/www.eldiario.net\\\/portal\\\/wp-content\\\/uploads\\\/2022\\\/10\\\/EXPO-1.jpg\",\"width\":900,\"height\":1600,\"caption\":\"INSTALACI\u00d3N DEL PULM\u00d3N DE METAL.\"},{\"@type\":\"BreadcrumbList\",\"@id\":\"https:\\\/\\\/www.eldiario.net\\\/portal\\\/2022\\\/10\\\/17\\\/exposicion-sobre-patrimonio-industrial-minero\\\/#breadcrumb\",\"itemListElement\":[{\"@type\":\"ListItem\",\"position\":1,\"name\":\"Portada\",\"item\":\"https:\\\/\\\/www.eldiario.net\\\/portal\\\/\"},{\"@type\":\"ListItem\",\"position\":2,\"name\":\"Exposici\u00f3n sobre patrimonio industrial minero\"}]},{\"@type\":\"WebSite\",\"@id\":\"https:\\\/\\\/www.eldiario.net\\\/portal\\\/#website\",\"url\":\"https:\\\/\\\/www.eldiario.net\\\/portal\\\/\",\"name\":\"El Diario - Decano de la prensa nacional\",\"description\":\"El Diario - Decano de la prensa nacional\",\"publisher\":{\"@id\":\"https:\\\/\\\/www.eldiario.net\\\/portal\\\/#organization\"},\"potentialAction\":[{\"@type\":\"SearchAction\",\"target\":{\"@type\":\"EntryPoint\",\"urlTemplate\":\"https:\\\/\\\/www.eldiario.net\\\/portal\\\/?s={search_term_string}\"},\"query-input\":{\"@type\":\"PropertyValueSpecification\",\"valueRequired\":true,\"valueName\":\"search_term_string\"}}],\"inLanguage\":\"es\"},{\"@type\":\"Organization\",\"@id\":\"https:\\\/\\\/www.eldiario.net\\\/portal\\\/#organization\",\"name\":\"El Diario - Decano de la prensa nacional\",\"url\":\"https:\\\/\\\/www.eldiario.net\\\/portal\\\/\",\"logo\":{\"@type\":\"ImageObject\",\"inLanguage\":\"es\",\"@id\":\"https:\\\/\\\/www.eldiario.net\\\/portal\\\/#\\\/schema\\\/logo\\\/image\\\/\",\"url\":\"https:\\\/\\\/www.eldiario.net\\\/portal\\\/wp-content\\\/uploads\\\/2023\\\/07\\\/logo_ED.jpg\",\"contentUrl\":\"https:\\\/\\\/www.eldiario.net\\\/portal\\\/wp-content\\\/uploads\\\/2023\\\/07\\\/logo_ED.jpg\",\"width\":272,\"height\":52,\"caption\":\"El Diario - Decano de la prensa nacional\"},\"image\":{\"@id\":\"https:\\\/\\\/www.eldiario.net\\\/portal\\\/#\\\/schema\\\/logo\\\/image\\\/\"},\"sameAs\":[\"https:\\\/\\\/www.facebook.com\\\/eldiario.bolivia\\\/\",\"https:\\\/\\\/x.com\\\/eldiario_net\"]},{\"@type\":\"Person\",\"@id\":\"https:\\\/\\\/www.eldiario.net\\\/portal\\\/#\\\/schema\\\/person\\\/f46445640444750d7d753ccd04ae01b7\",\"name\":\"Jeanette\",\"image\":{\"@type\":\"ImageObject\",\"inLanguage\":\"es\",\"@id\":\"https:\\\/\\\/secure.gravatar.com\\\/avatar\\\/3ea2118a5f7dad2b7138b1187a6b7ee55f160b9968b66013c3a3ef39dd7e5798?s=96&d=mm&r=g\",\"url\":\"https:\\\/\\\/secure.gravatar.com\\\/avatar\\\/3ea2118a5f7dad2b7138b1187a6b7ee55f160b9968b66013c3a3ef39dd7e5798?s=96&d=mm&r=g\",\"contentUrl\":\"https:\\\/\\\/secure.gravatar.com\\\/avatar\\\/3ea2118a5f7dad2b7138b1187a6b7ee55f160b9968b66013c3a3ef39dd7e5798?s=96&d=mm&r=g\",\"caption\":\"Jeanette\"},\"sameAs\":[\"https:\\\/\\\/www.eldiario.net\\\/portal\"],\"url\":\"https:\\\/\\\/www.eldiario.net\\\/portal\\\/author\\\/jeanette\\\/\"}]}<\/script>\n<!-- \/ Yoast SEO plugin. -->","yoast_head_json":{"title":"Exposici\u00f3n sobre patrimonio industrial minero - El Diario - Bolivia","robots":{"index":"index","follow":"follow","max-snippet":"max-snippet:-1","max-image-preview":"max-image-preview:large","max-video-preview":"max-video-preview:-1"},"canonical":"https:\/\/www.eldiario.net\/portal\/2022\/10\/17\/exposicion-sobre-patrimonio-industrial-minero\/","og_locale":"es_ES","og_type":"article","og_title":"Exposici\u00f3n sobre patrimonio industrial minero - El Diario - Bolivia","og_description":"El Centro de la Revoluci\u00f3n Cultural (CRC) y la Gobernaci\u00f3n de Cochabamba inauguraron la exposici\u00f3n \ud835\udc08\ud835\udc2d\ud835\udc22\ud835\udc27\ud835\udc1e\ud835\udc2b\ud835\udc1a\ud835\udc2b\ud835\udc22\ud835\udc28 \ud835\udc02\ud835\udc2e\ud835\udc25\ud835\udc2d\ud835\udc2e\ud835\udc2b\ud835\udc1a\ud835\udc25 \ud835\udc1d\ud835\udc1e\ud835\udc25 \ud835\udc0f\ud835\udc1a\ud835\udc2d\ud835\udc2b\ud835\udc22\ud835\udc26\ud835\udc28\ud835\udc27\ud835\udc22\ud835\udc28 \ud835\udc08\ud835\udc27\ud835\udc1d\ud835\udc2e\ud835\udc2c\ud835\udc2d\ud835\udc2b\ud835\udc22\ud835\udc1a\ud835\udc25 \ud835\udc0c\ud835\udc22\ud835\udc27\ud835\udc1e\ud835\udc2b\ud835\udc28 \ud835\udc1d\ud835\udc1e \ud835\udc01\ud835\udc28\ud835\udc25\ud835\udc22\ud835\udc2f\ud835\udc22\ud835\udc1a, el pasado viernes, en la Casa Departamental de las Culturas. La muestra es parte de la programaci\u00f3n anual de exposiciones itinerantes del CRC, que permite dialogar sobre las manifestaciones culturales, a trav\u00e9s [&hellip;]","og_url":"https:\/\/www.eldiario.net\/portal\/2022\/10\/17\/exposicion-sobre-patrimonio-industrial-minero\/","og_site_name":"El Diario - Bolivia","article_publisher":"https:\/\/www.facebook.com\/eldiario.bolivia\/","article_published_time":"2022-10-17T09:48:54+00:00","og_image":[{"width":900,"height":1600,"url":"https:\/\/www.eldiario.net\/portal\/wp-content\/uploads\/2022\/10\/EXPO-1.jpg","type":"image\/jpeg"}],"author":"Jeanette","twitter_card":"summary_large_image","twitter_creator":"@eldiario_net","twitter_site":"@eldiario_net","twitter_misc":{"Escrito por":"Jeanette","Tiempo de lectura":"2 minutos"},"schema":{"@context":"https:\/\/schema.org","@graph":[{"@type":"Article","@id":"https:\/\/www.eldiario.net\/portal\/2022\/10\/17\/exposicion-sobre-patrimonio-industrial-minero\/#article","isPartOf":{"@id":"https:\/\/www.eldiario.net\/portal\/2022\/10\/17\/exposicion-sobre-patrimonio-industrial-minero\/"},"author":{"name":"Jeanette","@id":"https:\/\/www.eldiario.net\/portal\/#\/schema\/person\/f46445640444750d7d753ccd04ae01b7"},"headline":"Exposici\u00f3n sobre patrimonio industrial minero","datePublished":"2022-10-17T09:48:54+00:00","mainEntityOfPage":{"@id":"https:\/\/www.eldiario.net\/portal\/2022\/10\/17\/exposicion-sobre-patrimonio-industrial-minero\/"},"wordCount":360,"publisher":{"@id":"https:\/\/www.eldiario.net\/portal\/#organization"},"image":{"@id":"https:\/\/www.eldiario.net\/portal\/2022\/10\/17\/exposicion-sobre-patrimonio-industrial-minero\/#primaryimage"},"thumbnailUrl":"https:\/\/www.eldiario.net\/portal\/wp-content\/uploads\/2022\/10\/EXPO-1.jpg","articleSection":["Cultural"],"inLanguage":"es"},{"@type":"WebPage","@id":"https:\/\/www.eldiario.net\/portal\/2022\/10\/17\/exposicion-sobre-patrimonio-industrial-minero\/","url":"https:\/\/www.eldiario.net\/portal\/2022\/10\/17\/exposicion-sobre-patrimonio-industrial-minero\/","name":"Exposici\u00f3n sobre patrimonio industrial minero - El Diario - Bolivia","isPartOf":{"@id":"https:\/\/www.eldiario.net\/portal\/#website"},"primaryImageOfPage":{"@id":"https:\/\/www.eldiario.net\/portal\/2022\/10\/17\/exposicion-sobre-patrimonio-industrial-minero\/#primaryimage"},"image":{"@id":"https:\/\/www.eldiario.net\/portal\/2022\/10\/17\/exposicion-sobre-patrimonio-industrial-minero\/#primaryimage"},"thumbnailUrl":"https:\/\/www.eldiario.net\/portal\/wp-content\/uploads\/2022\/10\/EXPO-1.jpg","datePublished":"2022-10-17T09:48:54+00:00","breadcrumb":{"@id":"https:\/\/www.eldiario.net\/portal\/2022\/10\/17\/exposicion-sobre-patrimonio-industrial-minero\/#breadcrumb"},"inLanguage":"es","potentialAction":[{"@type":"ReadAction","target":["https:\/\/www.eldiario.net\/portal\/2022\/10\/17\/exposicion-sobre-patrimonio-industrial-minero\/"]}]},{"@type":"ImageObject","inLanguage":"es","@id":"https:\/\/www.eldiario.net\/portal\/2022\/10\/17\/exposicion-sobre-patrimonio-industrial-minero\/#primaryimage","url":"https:\/\/www.eldiario.net\/portal\/wp-content\/uploads\/2022\/10\/EXPO-1.jpg","contentUrl":"https:\/\/www.eldiario.net\/portal\/wp-content\/uploads\/2022\/10\/EXPO-1.jpg","width":900,"height":1600,"caption":"INSTALACI\u00d3N DEL PULM\u00d3N DE METAL."},{"@type":"BreadcrumbList","@id":"https:\/\/www.eldiario.net\/portal\/2022\/10\/17\/exposicion-sobre-patrimonio-industrial-minero\/#breadcrumb","itemListElement":[{"@type":"ListItem","position":1,"name":"Portada","item":"https:\/\/www.eldiario.net\/portal\/"},{"@type":"ListItem","position":2,"name":"Exposici\u00f3n sobre patrimonio industrial minero"}]},{"@type":"WebSite","@id":"https:\/\/www.eldiario.net\/portal\/#website","url":"https:\/\/www.eldiario.net\/portal\/","name":"El Diario - Decano de la prensa nacional","description":"El Diario - Decano de la prensa nacional","publisher":{"@id":"https:\/\/www.eldiario.net\/portal\/#organization"},"potentialAction":[{"@type":"SearchAction","target":{"@type":"EntryPoint","urlTemplate":"https:\/\/www.eldiario.net\/portal\/?s={search_term_string}"},"query-input":{"@type":"PropertyValueSpecification","valueRequired":true,"valueName":"search_term_string"}}],"inLanguage":"es"},{"@type":"Organization","@id":"https:\/\/www.eldiario.net\/portal\/#organization","name":"El Diario - Decano de la prensa nacional","url":"https:\/\/www.eldiario.net\/portal\/","logo":{"@type":"ImageObject","inLanguage":"es","@id":"https:\/\/www.eldiario.net\/portal\/#\/schema\/logo\/image\/","url":"https:\/\/www.eldiario.net\/portal\/wp-content\/uploads\/2023\/07\/logo_ED.jpg","contentUrl":"https:\/\/www.eldiario.net\/portal\/wp-content\/uploads\/2023\/07\/logo_ED.jpg","width":272,"height":52,"caption":"El Diario - Decano de la prensa nacional"},"image":{"@id":"https:\/\/www.eldiario.net\/portal\/#\/schema\/logo\/image\/"},"sameAs":["https:\/\/www.facebook.com\/eldiario.bolivia\/","https:\/\/x.com\/eldiario_net"]},{"@type":"Person","@id":"https:\/\/www.eldiario.net\/portal\/#\/schema\/person\/f46445640444750d7d753ccd04ae01b7","name":"Jeanette","image":{"@type":"ImageObject","inLanguage":"es","@id":"https:\/\/secure.gravatar.com\/avatar\/3ea2118a5f7dad2b7138b1187a6b7ee55f160b9968b66013c3a3ef39dd7e5798?s=96&d=mm&r=g","url":"https:\/\/secure.gravatar.com\/avatar\/3ea2118a5f7dad2b7138b1187a6b7ee55f160b9968b66013c3a3ef39dd7e5798?s=96&d=mm&r=g","contentUrl":"https:\/\/secure.gravatar.com\/avatar\/3ea2118a5f7dad2b7138b1187a6b7ee55f160b9968b66013c3a3ef39dd7e5798?s=96&d=mm&r=g","caption":"Jeanette"},"sameAs":["https:\/\/www.eldiario.net\/portal"],"url":"https:\/\/www.eldiario.net\/portal\/author\/jeanette\/"}]}},"_links":{"self":[{"href":"https:\/\/www.eldiario.net\/portal\/wp-json\/wp\/v2\/posts\/116975","targetHints":{"allow":["GET"]}}],"collection":[{"href":"https:\/\/www.eldiario.net\/portal\/wp-json\/wp\/v2\/posts"}],"about":[{"href":"https:\/\/www.eldiario.net\/portal\/wp-json\/wp\/v2\/types\/post"}],"author":[{"embeddable":true,"href":"https:\/\/www.eldiario.net\/portal\/wp-json\/wp\/v2\/users\/1"}],"replies":[{"embeddable":true,"href":"https:\/\/www.eldiario.net\/portal\/wp-json\/wp\/v2\/comments?post=116975"}],"version-history":[{"count":0,"href":"https:\/\/www.eldiario.net\/portal\/wp-json\/wp\/v2\/posts\/116975\/revisions"}],"wp:featuredmedia":[{"embeddable":true,"href":"https:\/\/www.eldiario.net\/portal\/wp-json\/wp\/v2\/media\/116976"}],"wp:attachment":[{"href":"https:\/\/www.eldiario.net\/portal\/wp-json\/wp\/v2\/media?parent=116975"}],"wp:term":[{"taxonomy":"category","embeddable":true,"href":"https:\/\/www.eldiario.net\/portal\/wp-json\/wp\/v2\/categories?post=116975"},{"taxonomy":"post_tag","embeddable":true,"href":"https:\/\/www.eldiario.net\/portal\/wp-json\/wp\/v2\/tags?post=116975"}],"curies":[{"name":"wp","href":"https:\/\/api.w.org\/{rel}","templated":true}]}}