{"id":116969,"date":"2022-10-17T05:45:22","date_gmt":"2022-10-17T09:45:22","guid":{"rendered":"https:\/\/www.eldiario.net\/portal\/?p=116969"},"modified":"2022-10-17T05:45:22","modified_gmt":"2022-10-17T09:45:22","slug":"acusan-a-eeuu-de-fomentar-terrorismo-y-protestas-en-iran","status":"publish","type":"post","link":"https:\/\/www.eldiario.net\/portal\/2022\/10\/17\/acusan-a-eeuu-de-fomentar-terrorismo-y-protestas-en-iran\/","title":{"rendered":"Acusan a EEUU de fomentar  terrorismo y protestas en Ir\u00e1n"},"content":{"rendered":"<p>El presidente iran\u00ed, Ebrahim Raisi, critic\u00f3 ayer a Estados Unidos, el \u201cGran Sat\u00e1n\u201d, y en particular a su presidente Joe Biden, por su apoyo a las recientes protestas desencadenadas en Ir\u00e1n denunciando que el inquilino de la Casa Blanca quiere fomentar el terrorismo y la inseguridad.<br \/>\nRaisi ha reprochado a Biden que su apoyo a los disturbios, su incitaci\u00f3n al caos y a la destrucci\u00f3n de propiedades en otro pa\u00eds demuestran la hipocres\u00eda de su defensa de los Derechos Humanos, informan los medios p\u00fablicos iran\u00edes. As\u00ed, ha recordado al primer l\u00edder de la Rep\u00fablica Isl\u00e1mica, el ayatol\u00e1 Ruhol\u00e1 Jomeini, y c\u00f3mo se refer\u00eda a Estados Unidos, calificado el Gran Sat\u00e1n.<br \/>\nPara Raisi examinando las ra\u00edces de los actos de sabotaje, los asesinatos y los disturbios es posible revelar los efectos y las malvadas pr\u00e1cticas de Estados Unidos.<br \/>\n\u201cEl apoyo de Washington a 70 a\u00f1os de cr\u00edmenes de la entidad sionista dentro de Palestina y su ocupaci\u00f3n de las tierras afganas durante 20 a\u00f1os son ejemplos de las mal\u00e9ficas pr\u00e1cticas del Gran Sat\u00e1n\u201d, destac\u00f3.<br \/>\nEl enemigo busca aprovechar los recientes sucesos para extender el malestar y la frustraci\u00f3n entre la sociedad, ha advertido. Por ello, ha ordenado a las autoridades adoptar medidas concretas y eficaces para responder a los problemas de la poblaci\u00f3n y frustrar as\u00ed cualquier conspiraci\u00f3n.<br \/>\n\u201cLos planes del enemigo est\u00e1n totalmente al descubierto ante el pueblo iran\u00ed consciente, que volver\u00e1 a dar la espalda a su enemigo y seguir\u00e1 avanzando con firmeza y orgullo hacia el progreso y la prosperidad\u201d, ratific\u00f3.<br \/>\nMientras, contin\u00faan las protestas y los disturbios por la muerte de la joven Mahsa Amini tras ser detenida en Teher\u00e1n por la Polic\u00eda de la Moral por no llevar bien puesto el velo. Ayer hubo protestas en Teher\u00e1n, donde la Polic\u00eda emple\u00f3 gas lacrim\u00f3geno, seg\u00fan el Centro para los Derechos Humanos en Ir\u00e1n, que publica un v\u00eddeo de la violencia.<br \/>\nY en la prisi\u00f3n de Evin de Teher\u00e1n, donde hubo un mot\u00edn y un incendio protagonizado por presos comunes, seg\u00fan la versi\u00f3n oficial, ayer han sido evacuados 1.400 internos y podr\u00eda haber cad\u00e1veres entre ellos. Las autoridades informaron de cuatro muertos y 61 heridos. (Europa Press).<\/p>\n","protected":false},"excerpt":{"rendered":"<p>El presidente iran\u00ed, Ebrahim Raisi, critic\u00f3 ayer a Estados Unidos, el \u201cGran Sat\u00e1n\u201d, y en particular a su presidente Joe Biden, por su apoyo a las recientes protestas desencadenadas en Ir\u00e1n denunciando que el inquilino de la Casa Blanca quiere fomentar el terrorismo y la inseguridad. Raisi ha reprochado a Biden que su apoyo a [&hellip;]<\/p>\n","protected":false},"author":1,"featured_media":116970,"comment_status":"closed","ping_status":"closed","sticky":false,"template":"","format":"standard","meta":{"_acf_changed":false,"footnotes":""},"categories":[3],"tags":[],"class_list":["post-116969","post","type-post","status-publish","format-standard","has-post-thumbnail","category-internacional"],"acf":{"antetitulo":""},"yoast_head":"<!-- This site is optimized with the Yoast SEO plugin v28.4 - https:\/\/yoast.com\/product\/yoast-seo-wordpress\/ -->\n<title>Acusan a EEUU de fomentar terrorismo y protestas en Ir\u00e1n - El Diario - Bolivia<\/title>\n<meta name=\"robots\" content=\"index, follow, max-snippet:-1, max-image-preview:large, max-video-preview:-1\" \/>\n<link rel=\"canonical\" href=\"https:\/\/www.eldiario.net\/portal\/2022\/10\/17\/acusan-a-eeuu-de-fomentar-terrorismo-y-protestas-en-iran\/\" \/>\n<meta property=\"og:locale\" content=\"es_ES\" \/>\n<meta property=\"og:type\" content=\"article\" \/>\n<meta property=\"og:title\" content=\"Acusan a EEUU de fomentar terrorismo y protestas en Ir\u00e1n - El Diario - Bolivia\" \/>\n<meta property=\"og:description\" content=\"El presidente iran\u00ed, Ebrahim Raisi, critic\u00f3 ayer a Estados Unidos, el \u201cGran Sat\u00e1n\u201d, y en particular a su presidente Joe Biden, por su apoyo a las recientes protestas desencadenadas en Ir\u00e1n denunciando que el inquilino de la Casa Blanca quiere fomentar el terrorismo y la inseguridad. Raisi ha reprochado a Biden que su apoyo a [&hellip;]\" \/>\n<meta property=\"og:url\" content=\"https:\/\/www.eldiario.net\/portal\/2022\/10\/17\/acusan-a-eeuu-de-fomentar-terrorismo-y-protestas-en-iran\/\" \/>\n<meta property=\"og:site_name\" content=\"El Diario - Bolivia\" \/>\n<meta property=\"article:publisher\" content=\"https:\/\/www.facebook.com\/eldiario.bolivia\/\" \/>\n<meta property=\"article:published_time\" content=\"2022-10-17T09:45:22+00:00\" \/>\n<meta name=\"author\" content=\"Jeanette\" \/>\n<meta name=\"twitter:card\" content=\"summary_large_image\" \/>\n<meta name=\"twitter:creator\" content=\"@eldiario_net\" \/>\n<meta name=\"twitter:site\" content=\"@eldiario_net\" \/>\n<meta name=\"twitter:label1\" content=\"Escrito por\" \/>\n\t<meta name=\"twitter:data1\" content=\"Jeanette\" \/>\n\t<meta name=\"twitter:label2\" content=\"Tiempo de lectura\" \/>\n\t<meta name=\"twitter:data2\" content=\"2 minutos\" \/>\n<script type=\"application\/ld+json\" class=\"yoast-schema-graph\">{\"@context\":\"https:\\\/\\\/schema.org\",\"@graph\":[{\"@type\":\"Article\",\"@id\":\"https:\\\/\\\/www.eldiario.net\\\/portal\\\/2022\\\/10\\\/17\\\/acusan-a-eeuu-de-fomentar-terrorismo-y-protestas-en-iran\\\/#article\",\"isPartOf\":{\"@id\":\"https:\\\/\\\/www.eldiario.net\\\/portal\\\/2022\\\/10\\\/17\\\/acusan-a-eeuu-de-fomentar-terrorismo-y-protestas-en-iran\\\/\"},\"author\":{\"name\":\"Jeanette\",\"@id\":\"https:\\\/\\\/www.eldiario.net\\\/portal\\\/#\\\/schema\\\/person\\\/f46445640444750d7d753ccd04ae01b7\"},\"headline\":\"Acusan a EEUU de fomentar terrorismo y protestas en Ir\u00e1n\",\"datePublished\":\"2022-10-17T09:45:22+00:00\",\"mainEntityOfPage\":{\"@id\":\"https:\\\/\\\/www.eldiario.net\\\/portal\\\/2022\\\/10\\\/17\\\/acusan-a-eeuu-de-fomentar-terrorismo-y-protestas-en-iran\\\/\"},\"wordCount\":409,\"publisher\":{\"@id\":\"https:\\\/\\\/www.eldiario.net\\\/portal\\\/#organization\"},\"image\":{\"@id\":\"https:\\\/\\\/www.eldiario.net\\\/portal\\\/2022\\\/10\\\/17\\\/acusan-a-eeuu-de-fomentar-terrorismo-y-protestas-en-iran\\\/#primaryimage\"},\"thumbnailUrl\":\"\",\"articleSection\":[\"Internacional\"],\"inLanguage\":\"es\"},{\"@type\":\"WebPage\",\"@id\":\"https:\\\/\\\/www.eldiario.net\\\/portal\\\/2022\\\/10\\\/17\\\/acusan-a-eeuu-de-fomentar-terrorismo-y-protestas-en-iran\\\/\",\"url\":\"https:\\\/\\\/www.eldiario.net\\\/portal\\\/2022\\\/10\\\/17\\\/acusan-a-eeuu-de-fomentar-terrorismo-y-protestas-en-iran\\\/\",\"name\":\"Acusan a EEUU de fomentar terrorismo y protestas en Ir\u00e1n - El Diario - Bolivia\",\"isPartOf\":{\"@id\":\"https:\\\/\\\/www.eldiario.net\\\/portal\\\/#website\"},\"primaryImageOfPage\":{\"@id\":\"https:\\\/\\\/www.eldiario.net\\\/portal\\\/2022\\\/10\\\/17\\\/acusan-a-eeuu-de-fomentar-terrorismo-y-protestas-en-iran\\\/#primaryimage\"},\"image\":{\"@id\":\"https:\\\/\\\/www.eldiario.net\\\/portal\\\/2022\\\/10\\\/17\\\/acusan-a-eeuu-de-fomentar-terrorismo-y-protestas-en-iran\\\/#primaryimage\"},\"thumbnailUrl\":\"\",\"datePublished\":\"2022-10-17T09:45:22+00:00\",\"breadcrumb\":{\"@id\":\"https:\\\/\\\/www.eldiario.net\\\/portal\\\/2022\\\/10\\\/17\\\/acusan-a-eeuu-de-fomentar-terrorismo-y-protestas-en-iran\\\/#breadcrumb\"},\"inLanguage\":\"es\",\"potentialAction\":[{\"@type\":\"ReadAction\",\"target\":[\"https:\\\/\\\/www.eldiario.net\\\/portal\\\/2022\\\/10\\\/17\\\/acusan-a-eeuu-de-fomentar-terrorismo-y-protestas-en-iran\\\/\"]}]},{\"@type\":\"ImageObject\",\"inLanguage\":\"es\",\"@id\":\"https:\\\/\\\/www.eldiario.net\\\/portal\\\/2022\\\/10\\\/17\\\/acusan-a-eeuu-de-fomentar-terrorismo-y-protestas-en-iran\\\/#primaryimage\",\"url\":\"\",\"contentUrl\":\"\"},{\"@type\":\"BreadcrumbList\",\"@id\":\"https:\\\/\\\/www.eldiario.net\\\/portal\\\/2022\\\/10\\\/17\\\/acusan-a-eeuu-de-fomentar-terrorismo-y-protestas-en-iran\\\/#breadcrumb\",\"itemListElement\":[{\"@type\":\"ListItem\",\"position\":1,\"name\":\"Portada\",\"item\":\"https:\\\/\\\/www.eldiario.net\\\/portal\\\/\"},{\"@type\":\"ListItem\",\"position\":2,\"name\":\"Acusan a EEUU de fomentar terrorismo y protestas en Ir\u00e1n\"}]},{\"@type\":\"WebSite\",\"@id\":\"https:\\\/\\\/www.eldiario.net\\\/portal\\\/#website\",\"url\":\"https:\\\/\\\/www.eldiario.net\\\/portal\\\/\",\"name\":\"El Diario - Decano de la prensa nacional\",\"description\":\"El Diario - Decano de la prensa nacional\",\"publisher\":{\"@id\":\"https:\\\/\\\/www.eldiario.net\\\/portal\\\/#organization\"},\"potentialAction\":[{\"@type\":\"SearchAction\",\"target\":{\"@type\":\"EntryPoint\",\"urlTemplate\":\"https:\\\/\\\/www.eldiario.net\\\/portal\\\/?s={search_term_string}\"},\"query-input\":{\"@type\":\"PropertyValueSpecification\",\"valueRequired\":true,\"valueName\":\"search_term_string\"}}],\"inLanguage\":\"es\"},{\"@type\":\"Organization\",\"@id\":\"https:\\\/\\\/www.eldiario.net\\\/portal\\\/#organization\",\"name\":\"El Diario - Decano de la prensa nacional\",\"url\":\"https:\\\/\\\/www.eldiario.net\\\/portal\\\/\",\"logo\":{\"@type\":\"ImageObject\",\"inLanguage\":\"es\",\"@id\":\"https:\\\/\\\/www.eldiario.net\\\/portal\\\/#\\\/schema\\\/logo\\\/image\\\/\",\"url\":\"https:\\\/\\\/www.eldiario.net\\\/portal\\\/wp-content\\\/uploads\\\/2023\\\/07\\\/logo_ED.jpg\",\"contentUrl\":\"https:\\\/\\\/www.eldiario.net\\\/portal\\\/wp-content\\\/uploads\\\/2023\\\/07\\\/logo_ED.jpg\",\"width\":272,\"height\":52,\"caption\":\"El Diario - Decano de la prensa nacional\"},\"image\":{\"@id\":\"https:\\\/\\\/www.eldiario.net\\\/portal\\\/#\\\/schema\\\/logo\\\/image\\\/\"},\"sameAs\":[\"https:\\\/\\\/www.facebook.com\\\/eldiario.bolivia\\\/\",\"https:\\\/\\\/x.com\\\/eldiario_net\"]},{\"@type\":\"Person\",\"@id\":\"https:\\\/\\\/www.eldiario.net\\\/portal\\\/#\\\/schema\\\/person\\\/f46445640444750d7d753ccd04ae01b7\",\"name\":\"Jeanette\",\"image\":{\"@type\":\"ImageObject\",\"inLanguage\":\"es\",\"@id\":\"https:\\\/\\\/secure.gravatar.com\\\/avatar\\\/3ea2118a5f7dad2b7138b1187a6b7ee55f160b9968b66013c3a3ef39dd7e5798?s=96&d=mm&r=g\",\"url\":\"https:\\\/\\\/secure.gravatar.com\\\/avatar\\\/3ea2118a5f7dad2b7138b1187a6b7ee55f160b9968b66013c3a3ef39dd7e5798?s=96&d=mm&r=g\",\"contentUrl\":\"https:\\\/\\\/secure.gravatar.com\\\/avatar\\\/3ea2118a5f7dad2b7138b1187a6b7ee55f160b9968b66013c3a3ef39dd7e5798?s=96&d=mm&r=g\",\"caption\":\"Jeanette\"},\"sameAs\":[\"https:\\\/\\\/www.eldiario.net\\\/portal\"],\"url\":\"https:\\\/\\\/www.eldiario.net\\\/portal\\\/author\\\/jeanette\\\/\"}]}<\/script>\n<!-- \/ Yoast SEO plugin. -->","yoast_head_json":{"title":"Acusan a EEUU de fomentar terrorismo y protestas en Ir\u00e1n - El Diario - Bolivia","robots":{"index":"index","follow":"follow","max-snippet":"max-snippet:-1","max-image-preview":"max-image-preview:large","max-video-preview":"max-video-preview:-1"},"canonical":"https:\/\/www.eldiario.net\/portal\/2022\/10\/17\/acusan-a-eeuu-de-fomentar-terrorismo-y-protestas-en-iran\/","og_locale":"es_ES","og_type":"article","og_title":"Acusan a EEUU de fomentar terrorismo y protestas en Ir\u00e1n - El Diario - Bolivia","og_description":"El presidente iran\u00ed, Ebrahim Raisi, critic\u00f3 ayer a Estados Unidos, el \u201cGran Sat\u00e1n\u201d, y en particular a su presidente Joe Biden, por su apoyo a las recientes protestas desencadenadas en Ir\u00e1n denunciando que el inquilino de la Casa Blanca quiere fomentar el terrorismo y la inseguridad. Raisi ha reprochado a Biden que su apoyo a [&hellip;]","og_url":"https:\/\/www.eldiario.net\/portal\/2022\/10\/17\/acusan-a-eeuu-de-fomentar-terrorismo-y-protestas-en-iran\/","og_site_name":"El Diario - Bolivia","article_publisher":"https:\/\/www.facebook.com\/eldiario.bolivia\/","article_published_time":"2022-10-17T09:45:22+00:00","author":"Jeanette","twitter_card":"summary_large_image","twitter_creator":"@eldiario_net","twitter_site":"@eldiario_net","twitter_misc":{"Escrito por":"Jeanette","Tiempo de lectura":"2 minutos"},"schema":{"@context":"https:\/\/schema.org","@graph":[{"@type":"Article","@id":"https:\/\/www.eldiario.net\/portal\/2022\/10\/17\/acusan-a-eeuu-de-fomentar-terrorismo-y-protestas-en-iran\/#article","isPartOf":{"@id":"https:\/\/www.eldiario.net\/portal\/2022\/10\/17\/acusan-a-eeuu-de-fomentar-terrorismo-y-protestas-en-iran\/"},"author":{"name":"Jeanette","@id":"https:\/\/www.eldiario.net\/portal\/#\/schema\/person\/f46445640444750d7d753ccd04ae01b7"},"headline":"Acusan a EEUU de fomentar terrorismo y protestas en Ir\u00e1n","datePublished":"2022-10-17T09:45:22+00:00","mainEntityOfPage":{"@id":"https:\/\/www.eldiario.net\/portal\/2022\/10\/17\/acusan-a-eeuu-de-fomentar-terrorismo-y-protestas-en-iran\/"},"wordCount":409,"publisher":{"@id":"https:\/\/www.eldiario.net\/portal\/#organization"},"image":{"@id":"https:\/\/www.eldiario.net\/portal\/2022\/10\/17\/acusan-a-eeuu-de-fomentar-terrorismo-y-protestas-en-iran\/#primaryimage"},"thumbnailUrl":"","articleSection":["Internacional"],"inLanguage":"es"},{"@type":"WebPage","@id":"https:\/\/www.eldiario.net\/portal\/2022\/10\/17\/acusan-a-eeuu-de-fomentar-terrorismo-y-protestas-en-iran\/","url":"https:\/\/www.eldiario.net\/portal\/2022\/10\/17\/acusan-a-eeuu-de-fomentar-terrorismo-y-protestas-en-iran\/","name":"Acusan a EEUU de fomentar terrorismo y protestas en Ir\u00e1n - El Diario - Bolivia","isPartOf":{"@id":"https:\/\/www.eldiario.net\/portal\/#website"},"primaryImageOfPage":{"@id":"https:\/\/www.eldiario.net\/portal\/2022\/10\/17\/acusan-a-eeuu-de-fomentar-terrorismo-y-protestas-en-iran\/#primaryimage"},"image":{"@id":"https:\/\/www.eldiario.net\/portal\/2022\/10\/17\/acusan-a-eeuu-de-fomentar-terrorismo-y-protestas-en-iran\/#primaryimage"},"thumbnailUrl":"","datePublished":"2022-10-17T09:45:22+00:00","breadcrumb":{"@id":"https:\/\/www.eldiario.net\/portal\/2022\/10\/17\/acusan-a-eeuu-de-fomentar-terrorismo-y-protestas-en-iran\/#breadcrumb"},"inLanguage":"es","potentialAction":[{"@type":"ReadAction","target":["https:\/\/www.eldiario.net\/portal\/2022\/10\/17\/acusan-a-eeuu-de-fomentar-terrorismo-y-protestas-en-iran\/"]}]},{"@type":"ImageObject","inLanguage":"es","@id":"https:\/\/www.eldiario.net\/portal\/2022\/10\/17\/acusan-a-eeuu-de-fomentar-terrorismo-y-protestas-en-iran\/#primaryimage","url":"","contentUrl":""},{"@type":"BreadcrumbList","@id":"https:\/\/www.eldiario.net\/portal\/2022\/10\/17\/acusan-a-eeuu-de-fomentar-terrorismo-y-protestas-en-iran\/#breadcrumb","itemListElement":[{"@type":"ListItem","position":1,"name":"Portada","item":"https:\/\/www.eldiario.net\/portal\/"},{"@type":"ListItem","position":2,"name":"Acusan a EEUU de fomentar terrorismo y protestas en Ir\u00e1n"}]},{"@type":"WebSite","@id":"https:\/\/www.eldiario.net\/portal\/#website","url":"https:\/\/www.eldiario.net\/portal\/","name":"El Diario - Decano de la prensa nacional","description":"El Diario - Decano de la prensa nacional","publisher":{"@id":"https:\/\/www.eldiario.net\/portal\/#organization"},"potentialAction":[{"@type":"SearchAction","target":{"@type":"EntryPoint","urlTemplate":"https:\/\/www.eldiario.net\/portal\/?s={search_term_string}"},"query-input":{"@type":"PropertyValueSpecification","valueRequired":true,"valueName":"search_term_string"}}],"inLanguage":"es"},{"@type":"Organization","@id":"https:\/\/www.eldiario.net\/portal\/#organization","name":"El Diario - Decano de la prensa nacional","url":"https:\/\/www.eldiario.net\/portal\/","logo":{"@type":"ImageObject","inLanguage":"es","@id":"https:\/\/www.eldiario.net\/portal\/#\/schema\/logo\/image\/","url":"https:\/\/www.eldiario.net\/portal\/wp-content\/uploads\/2023\/07\/logo_ED.jpg","contentUrl":"https:\/\/www.eldiario.net\/portal\/wp-content\/uploads\/2023\/07\/logo_ED.jpg","width":272,"height":52,"caption":"El Diario - Decano de la prensa nacional"},"image":{"@id":"https:\/\/www.eldiario.net\/portal\/#\/schema\/logo\/image\/"},"sameAs":["https:\/\/www.facebook.com\/eldiario.bolivia\/","https:\/\/x.com\/eldiario_net"]},{"@type":"Person","@id":"https:\/\/www.eldiario.net\/portal\/#\/schema\/person\/f46445640444750d7d753ccd04ae01b7","name":"Jeanette","image":{"@type":"ImageObject","inLanguage":"es","@id":"https:\/\/secure.gravatar.com\/avatar\/3ea2118a5f7dad2b7138b1187a6b7ee55f160b9968b66013c3a3ef39dd7e5798?s=96&d=mm&r=g","url":"https:\/\/secure.gravatar.com\/avatar\/3ea2118a5f7dad2b7138b1187a6b7ee55f160b9968b66013c3a3ef39dd7e5798?s=96&d=mm&r=g","contentUrl":"https:\/\/secure.gravatar.com\/avatar\/3ea2118a5f7dad2b7138b1187a6b7ee55f160b9968b66013c3a3ef39dd7e5798?s=96&d=mm&r=g","caption":"Jeanette"},"sameAs":["https:\/\/www.eldiario.net\/portal"],"url":"https:\/\/www.eldiario.net\/portal\/author\/jeanette\/"}]}},"_links":{"self":[{"href":"https:\/\/www.eldiario.net\/portal\/wp-json\/wp\/v2\/posts\/116969","targetHints":{"allow":["GET"]}}],"collection":[{"href":"https:\/\/www.eldiario.net\/portal\/wp-json\/wp\/v2\/posts"}],"about":[{"href":"https:\/\/www.eldiario.net\/portal\/wp-json\/wp\/v2\/types\/post"}],"author":[{"embeddable":true,"href":"https:\/\/www.eldiario.net\/portal\/wp-json\/wp\/v2\/users\/1"}],"replies":[{"embeddable":true,"href":"https:\/\/www.eldiario.net\/portal\/wp-json\/wp\/v2\/comments?post=116969"}],"version-history":[{"count":0,"href":"https:\/\/www.eldiario.net\/portal\/wp-json\/wp\/v2\/posts\/116969\/revisions"}],"wp:attachment":[{"href":"https:\/\/www.eldiario.net\/portal\/wp-json\/wp\/v2\/media?parent=116969"}],"wp:term":[{"taxonomy":"category","embeddable":true,"href":"https:\/\/www.eldiario.net\/portal\/wp-json\/wp\/v2\/categories?post=116969"},{"taxonomy":"post_tag","embeddable":true,"href":"https:\/\/www.eldiario.net\/portal\/wp-json\/wp\/v2\/tags?post=116969"}],"curies":[{"name":"wp","href":"https:\/\/api.w.org\/{rel}","templated":true}]}}