{"id":116959,"date":"2022-10-17T05:40:16","date_gmt":"2022-10-17T09:40:16","guid":{"rendered":"https:\/\/www.eldiario.net\/portal\/?p=116959"},"modified":"2022-10-17T05:40:16","modified_gmt":"2022-10-17T09:40:16","slug":"rusia-secuestra-hombres-para-llevarlos-a-luchar-en-ucrania","status":"publish","type":"post","link":"https:\/\/www.eldiario.net\/portal\/2022\/10\/17\/rusia-secuestra-hombres-para-llevarlos-a-luchar-en-ucrania\/","title":{"rendered":"Rusia secuestra hombres para  llevarlos a luchar en Ucrania"},"content":{"rendered":"<p>La polic\u00eda y los oficiales militares se abalanzaron sobre un centro de negocios de Mosc\u00fa sin previo aviso. Buscaban hombres para luchar en Ucrania, y se apoderaron de casi todos los que vieron.<br \/>\nEn ciudades y pueblos de toda Rusia, hombres en edad de luchar se esconden para evitar a los funcionarios que los est\u00e1n capturando y enviando a luchar en Ucrania.<br \/>\nEn los \u00faltimos d\u00edas, bandas policiales y militares han secuestrado a hombres de las calles y fuera de las estaciones de metro. Estuvieron al acecho en los vest\u00edbulos de los edificios de apartamentos para repartir citaciones militares. Hallanaron bloques de oficinas y albergues, invadieron caf\u00e9s y restaurantes, bloqueando las salidas.<br \/>\nLa nueva fase de la movilizaci\u00f3n del presidente ruso Vlad\u00edmir Putin corre el riesgo de afectar el apoyo t\u00e1cito de los rusos a la guerra e incluso su popularidad fabricada, y podr\u00eda provocar disturbios sociales. Particularmente en Mosc\u00fa y San Petersburgo, las principales ciudades que hasta ahora han sido en gran parte intactas por la guerra.(Infobae).<\/p>\n<p>M\u00e1s de 300.000 hombres rusos y sus familias han huido de Rusia desde la movilizaci\u00f3n, indican informes de pa\u00edses vecinos. Las autoridades han establecido puntos de movilizaci\u00f3n en los cruces fronterizos para evitar las salidas. Muchos otros quieren irse despu\u00e9s de ver las agresivas redadas policiales y los primeros informes de los hombres reci\u00e9n reclutados que murieron en la guerra.<br \/>\nEl activista Grigory Sverdlin, quien dej\u00f3 Rusia y tiene su sede en Georgia, lanz\u00f3 este mes una organizaci\u00f3n, Go By The Forest, para asesorar a los hombres en Rusia sobre c\u00f3mo evitar el reclutamiento. Dijo que el grupo ha consultado con 2.700 hombres en 11 d\u00edas y le dijo a 60 hombres reclutados c\u00f3mo rendirse en Ucrania. Al menos ocho han tenido \u00e9xito, dijo.<br \/>\nPutin dijo que 222.000 de los 300.000 objetivos hab\u00edan sido reclutados y que el proceso se completar\u00eda en dos semanas. Los partidarios de la l\u00ednea dura a favor de la guerra insisten en que se necesitar\u00e1 una segunda vuelta.<br \/>\nLas redadas en Mosc\u00fa y San Petersburgo fueron profundamente controvertidas, en parte porque las ciudades sufrieron comparativamente pocas bajas en Ucrania. La carga de los combates ha sido soportada en gran medida por peque\u00f1os grupos \u00e9tnicos y hombres mal educados de regiones rurales empobrecidas.<br \/>\nEn una se\u00f1al de que el gobierno teme una creciente reacci\u00f3n urbana por las redadas, Andrei Klishas, un alto miembro del partido Rusia Unida de Putin, dijo que las campa\u00f1as de reclutamiento eran ilegales.<\/p>\n","protected":false},"excerpt":{"rendered":"<p>La polic\u00eda y los oficiales militares se abalanzaron sobre un centro de negocios de Mosc\u00fa sin previo aviso. Buscaban hombres para luchar en Ucrania, y se apoderaron de casi todos los que vieron. En ciudades y pueblos de toda Rusia, hombres en edad de luchar se esconden para evitar a los funcionarios que los est\u00e1n [&hellip;]<\/p>\n","protected":false},"author":1,"featured_media":0,"comment_status":"closed","ping_status":"closed","sticky":false,"template":"","format":"standard","meta":{"_acf_changed":false,"footnotes":""},"categories":[3],"tags":[],"class_list":["post-116959","post","type-post","status-publish","format-standard","category-internacional"],"acf":{"antetitulo":""},"yoast_head":"<!-- This site is optimized with the Yoast SEO plugin v28.3 - https:\/\/yoast.com\/product\/yoast-seo-wordpress\/ -->\n<title>Rusia secuestra hombres para llevarlos a luchar en Ucrania - El Diario - Bolivia<\/title>\n<meta name=\"robots\" content=\"index, follow, max-snippet:-1, max-image-preview:large, max-video-preview:-1\" \/>\n<link rel=\"canonical\" href=\"https:\/\/www.eldiario.net\/portal\/2022\/10\/17\/rusia-secuestra-hombres-para-llevarlos-a-luchar-en-ucrania\/\" \/>\n<meta property=\"og:locale\" content=\"es_ES\" \/>\n<meta property=\"og:type\" content=\"article\" \/>\n<meta property=\"og:title\" content=\"Rusia secuestra hombres para llevarlos a luchar en Ucrania - El Diario - Bolivia\" \/>\n<meta property=\"og:description\" content=\"La polic\u00eda y los oficiales militares se abalanzaron sobre un centro de negocios de Mosc\u00fa sin previo aviso. Buscaban hombres para luchar en Ucrania, y se apoderaron de casi todos los que vieron. En ciudades y pueblos de toda Rusia, hombres en edad de luchar se esconden para evitar a los funcionarios que los est\u00e1n [&hellip;]\" \/>\n<meta property=\"og:url\" content=\"https:\/\/www.eldiario.net\/portal\/2022\/10\/17\/rusia-secuestra-hombres-para-llevarlos-a-luchar-en-ucrania\/\" \/>\n<meta property=\"og:site_name\" content=\"El Diario - Bolivia\" \/>\n<meta property=\"article:publisher\" content=\"https:\/\/www.facebook.com\/eldiario.bolivia\/\" \/>\n<meta property=\"article:published_time\" content=\"2022-10-17T09:40:16+00:00\" \/>\n<meta name=\"author\" content=\"Jeanette\" \/>\n<meta name=\"twitter:card\" content=\"summary_large_image\" \/>\n<meta name=\"twitter:creator\" content=\"@eldiario_net\" \/>\n<meta name=\"twitter:site\" content=\"@eldiario_net\" \/>\n<meta name=\"twitter:label1\" content=\"Escrito por\" \/>\n\t<meta name=\"twitter:data1\" content=\"Jeanette\" \/>\n\t<meta name=\"twitter:label2\" content=\"Tiempo de lectura\" \/>\n\t<meta name=\"twitter:data2\" content=\"2 minutos\" \/>\n<script type=\"application\/ld+json\" class=\"yoast-schema-graph\">{\"@context\":\"https:\\\/\\\/schema.org\",\"@graph\":[{\"@type\":\"Article\",\"@id\":\"https:\\\/\\\/www.eldiario.net\\\/portal\\\/2022\\\/10\\\/17\\\/rusia-secuestra-hombres-para-llevarlos-a-luchar-en-ucrania\\\/#article\",\"isPartOf\":{\"@id\":\"https:\\\/\\\/www.eldiario.net\\\/portal\\\/2022\\\/10\\\/17\\\/rusia-secuestra-hombres-para-llevarlos-a-luchar-en-ucrania\\\/\"},\"author\":{\"name\":\"Jeanette\",\"@id\":\"https:\\\/\\\/www.eldiario.net\\\/portal\\\/#\\\/schema\\\/person\\\/f46445640444750d7d753ccd04ae01b7\"},\"headline\":\"Rusia secuestra hombres para llevarlos a luchar en Ucrania\",\"datePublished\":\"2022-10-17T09:40:16+00:00\",\"mainEntityOfPage\":{\"@id\":\"https:\\\/\\\/www.eldiario.net\\\/portal\\\/2022\\\/10\\\/17\\\/rusia-secuestra-hombres-para-llevarlos-a-luchar-en-ucrania\\\/\"},\"wordCount\":439,\"publisher\":{\"@id\":\"https:\\\/\\\/www.eldiario.net\\\/portal\\\/#organization\"},\"articleSection\":[\"Internacional\"],\"inLanguage\":\"es\"},{\"@type\":\"WebPage\",\"@id\":\"https:\\\/\\\/www.eldiario.net\\\/portal\\\/2022\\\/10\\\/17\\\/rusia-secuestra-hombres-para-llevarlos-a-luchar-en-ucrania\\\/\",\"url\":\"https:\\\/\\\/www.eldiario.net\\\/portal\\\/2022\\\/10\\\/17\\\/rusia-secuestra-hombres-para-llevarlos-a-luchar-en-ucrania\\\/\",\"name\":\"Rusia secuestra hombres para llevarlos a luchar en Ucrania - El Diario - Bolivia\",\"isPartOf\":{\"@id\":\"https:\\\/\\\/www.eldiario.net\\\/portal\\\/#website\"},\"datePublished\":\"2022-10-17T09:40:16+00:00\",\"breadcrumb\":{\"@id\":\"https:\\\/\\\/www.eldiario.net\\\/portal\\\/2022\\\/10\\\/17\\\/rusia-secuestra-hombres-para-llevarlos-a-luchar-en-ucrania\\\/#breadcrumb\"},\"inLanguage\":\"es\",\"potentialAction\":[{\"@type\":\"ReadAction\",\"target\":[\"https:\\\/\\\/www.eldiario.net\\\/portal\\\/2022\\\/10\\\/17\\\/rusia-secuestra-hombres-para-llevarlos-a-luchar-en-ucrania\\\/\"]}]},{\"@type\":\"BreadcrumbList\",\"@id\":\"https:\\\/\\\/www.eldiario.net\\\/portal\\\/2022\\\/10\\\/17\\\/rusia-secuestra-hombres-para-llevarlos-a-luchar-en-ucrania\\\/#breadcrumb\",\"itemListElement\":[{\"@type\":\"ListItem\",\"position\":1,\"name\":\"Portada\",\"item\":\"https:\\\/\\\/www.eldiario.net\\\/portal\\\/\"},{\"@type\":\"ListItem\",\"position\":2,\"name\":\"Rusia secuestra hombres para llevarlos a luchar en Ucrania\"}]},{\"@type\":\"WebSite\",\"@id\":\"https:\\\/\\\/www.eldiario.net\\\/portal\\\/#website\",\"url\":\"https:\\\/\\\/www.eldiario.net\\\/portal\\\/\",\"name\":\"El Diario - Decano de la prensa nacional\",\"description\":\"El Diario - Decano de la prensa nacional\",\"publisher\":{\"@id\":\"https:\\\/\\\/www.eldiario.net\\\/portal\\\/#organization\"},\"potentialAction\":[{\"@type\":\"SearchAction\",\"target\":{\"@type\":\"EntryPoint\",\"urlTemplate\":\"https:\\\/\\\/www.eldiario.net\\\/portal\\\/?s={search_term_string}\"},\"query-input\":{\"@type\":\"PropertyValueSpecification\",\"valueRequired\":true,\"valueName\":\"search_term_string\"}}],\"inLanguage\":\"es\"},{\"@type\":\"Organization\",\"@id\":\"https:\\\/\\\/www.eldiario.net\\\/portal\\\/#organization\",\"name\":\"El Diario - Decano de la prensa nacional\",\"url\":\"https:\\\/\\\/www.eldiario.net\\\/portal\\\/\",\"logo\":{\"@type\":\"ImageObject\",\"inLanguage\":\"es\",\"@id\":\"https:\\\/\\\/www.eldiario.net\\\/portal\\\/#\\\/schema\\\/logo\\\/image\\\/\",\"url\":\"https:\\\/\\\/www.eldiario.net\\\/portal\\\/wp-content\\\/uploads\\\/2023\\\/07\\\/logo_ED.jpg\",\"contentUrl\":\"https:\\\/\\\/www.eldiario.net\\\/portal\\\/wp-content\\\/uploads\\\/2023\\\/07\\\/logo_ED.jpg\",\"width\":272,\"height\":52,\"caption\":\"El Diario - Decano de la prensa nacional\"},\"image\":{\"@id\":\"https:\\\/\\\/www.eldiario.net\\\/portal\\\/#\\\/schema\\\/logo\\\/image\\\/\"},\"sameAs\":[\"https:\\\/\\\/www.facebook.com\\\/eldiario.bolivia\\\/\",\"https:\\\/\\\/x.com\\\/eldiario_net\"]},{\"@type\":\"Person\",\"@id\":\"https:\\\/\\\/www.eldiario.net\\\/portal\\\/#\\\/schema\\\/person\\\/f46445640444750d7d753ccd04ae01b7\",\"name\":\"Jeanette\",\"image\":{\"@type\":\"ImageObject\",\"inLanguage\":\"es\",\"@id\":\"https:\\\/\\\/secure.gravatar.com\\\/avatar\\\/3ea2118a5f7dad2b7138b1187a6b7ee55f160b9968b66013c3a3ef39dd7e5798?s=96&d=mm&r=g\",\"url\":\"https:\\\/\\\/secure.gravatar.com\\\/avatar\\\/3ea2118a5f7dad2b7138b1187a6b7ee55f160b9968b66013c3a3ef39dd7e5798?s=96&d=mm&r=g\",\"contentUrl\":\"https:\\\/\\\/secure.gravatar.com\\\/avatar\\\/3ea2118a5f7dad2b7138b1187a6b7ee55f160b9968b66013c3a3ef39dd7e5798?s=96&d=mm&r=g\",\"caption\":\"Jeanette\"},\"sameAs\":[\"https:\\\/\\\/www.eldiario.net\\\/portal\"],\"url\":\"https:\\\/\\\/www.eldiario.net\\\/portal\\\/author\\\/jeanette\\\/\"}]}<\/script>\n<!-- \/ Yoast SEO plugin. -->","yoast_head_json":{"title":"Rusia secuestra hombres para llevarlos a luchar en Ucrania - El Diario - Bolivia","robots":{"index":"index","follow":"follow","max-snippet":"max-snippet:-1","max-image-preview":"max-image-preview:large","max-video-preview":"max-video-preview:-1"},"canonical":"https:\/\/www.eldiario.net\/portal\/2022\/10\/17\/rusia-secuestra-hombres-para-llevarlos-a-luchar-en-ucrania\/","og_locale":"es_ES","og_type":"article","og_title":"Rusia secuestra hombres para llevarlos a luchar en Ucrania - El Diario - Bolivia","og_description":"La polic\u00eda y los oficiales militares se abalanzaron sobre un centro de negocios de Mosc\u00fa sin previo aviso. Buscaban hombres para luchar en Ucrania, y se apoderaron de casi todos los que vieron. En ciudades y pueblos de toda Rusia, hombres en edad de luchar se esconden para evitar a los funcionarios que los est\u00e1n [&hellip;]","og_url":"https:\/\/www.eldiario.net\/portal\/2022\/10\/17\/rusia-secuestra-hombres-para-llevarlos-a-luchar-en-ucrania\/","og_site_name":"El Diario - Bolivia","article_publisher":"https:\/\/www.facebook.com\/eldiario.bolivia\/","article_published_time":"2022-10-17T09:40:16+00:00","author":"Jeanette","twitter_card":"summary_large_image","twitter_creator":"@eldiario_net","twitter_site":"@eldiario_net","twitter_misc":{"Escrito por":"Jeanette","Tiempo de lectura":"2 minutos"},"schema":{"@context":"https:\/\/schema.org","@graph":[{"@type":"Article","@id":"https:\/\/www.eldiario.net\/portal\/2022\/10\/17\/rusia-secuestra-hombres-para-llevarlos-a-luchar-en-ucrania\/#article","isPartOf":{"@id":"https:\/\/www.eldiario.net\/portal\/2022\/10\/17\/rusia-secuestra-hombres-para-llevarlos-a-luchar-en-ucrania\/"},"author":{"name":"Jeanette","@id":"https:\/\/www.eldiario.net\/portal\/#\/schema\/person\/f46445640444750d7d753ccd04ae01b7"},"headline":"Rusia secuestra hombres para llevarlos a luchar en Ucrania","datePublished":"2022-10-17T09:40:16+00:00","mainEntityOfPage":{"@id":"https:\/\/www.eldiario.net\/portal\/2022\/10\/17\/rusia-secuestra-hombres-para-llevarlos-a-luchar-en-ucrania\/"},"wordCount":439,"publisher":{"@id":"https:\/\/www.eldiario.net\/portal\/#organization"},"articleSection":["Internacional"],"inLanguage":"es"},{"@type":"WebPage","@id":"https:\/\/www.eldiario.net\/portal\/2022\/10\/17\/rusia-secuestra-hombres-para-llevarlos-a-luchar-en-ucrania\/","url":"https:\/\/www.eldiario.net\/portal\/2022\/10\/17\/rusia-secuestra-hombres-para-llevarlos-a-luchar-en-ucrania\/","name":"Rusia secuestra hombres para llevarlos a luchar en Ucrania - El Diario - Bolivia","isPartOf":{"@id":"https:\/\/www.eldiario.net\/portal\/#website"},"datePublished":"2022-10-17T09:40:16+00:00","breadcrumb":{"@id":"https:\/\/www.eldiario.net\/portal\/2022\/10\/17\/rusia-secuestra-hombres-para-llevarlos-a-luchar-en-ucrania\/#breadcrumb"},"inLanguage":"es","potentialAction":[{"@type":"ReadAction","target":["https:\/\/www.eldiario.net\/portal\/2022\/10\/17\/rusia-secuestra-hombres-para-llevarlos-a-luchar-en-ucrania\/"]}]},{"@type":"BreadcrumbList","@id":"https:\/\/www.eldiario.net\/portal\/2022\/10\/17\/rusia-secuestra-hombres-para-llevarlos-a-luchar-en-ucrania\/#breadcrumb","itemListElement":[{"@type":"ListItem","position":1,"name":"Portada","item":"https:\/\/www.eldiario.net\/portal\/"},{"@type":"ListItem","position":2,"name":"Rusia secuestra hombres para llevarlos a luchar en Ucrania"}]},{"@type":"WebSite","@id":"https:\/\/www.eldiario.net\/portal\/#website","url":"https:\/\/www.eldiario.net\/portal\/","name":"El Diario - Decano de la prensa nacional","description":"El Diario - Decano de la prensa nacional","publisher":{"@id":"https:\/\/www.eldiario.net\/portal\/#organization"},"potentialAction":[{"@type":"SearchAction","target":{"@type":"EntryPoint","urlTemplate":"https:\/\/www.eldiario.net\/portal\/?s={search_term_string}"},"query-input":{"@type":"PropertyValueSpecification","valueRequired":true,"valueName":"search_term_string"}}],"inLanguage":"es"},{"@type":"Organization","@id":"https:\/\/www.eldiario.net\/portal\/#organization","name":"El Diario - Decano de la prensa nacional","url":"https:\/\/www.eldiario.net\/portal\/","logo":{"@type":"ImageObject","inLanguage":"es","@id":"https:\/\/www.eldiario.net\/portal\/#\/schema\/logo\/image\/","url":"https:\/\/www.eldiario.net\/portal\/wp-content\/uploads\/2023\/07\/logo_ED.jpg","contentUrl":"https:\/\/www.eldiario.net\/portal\/wp-content\/uploads\/2023\/07\/logo_ED.jpg","width":272,"height":52,"caption":"El Diario - Decano de la prensa nacional"},"image":{"@id":"https:\/\/www.eldiario.net\/portal\/#\/schema\/logo\/image\/"},"sameAs":["https:\/\/www.facebook.com\/eldiario.bolivia\/","https:\/\/x.com\/eldiario_net"]},{"@type":"Person","@id":"https:\/\/www.eldiario.net\/portal\/#\/schema\/person\/f46445640444750d7d753ccd04ae01b7","name":"Jeanette","image":{"@type":"ImageObject","inLanguage":"es","@id":"https:\/\/secure.gravatar.com\/avatar\/3ea2118a5f7dad2b7138b1187a6b7ee55f160b9968b66013c3a3ef39dd7e5798?s=96&d=mm&r=g","url":"https:\/\/secure.gravatar.com\/avatar\/3ea2118a5f7dad2b7138b1187a6b7ee55f160b9968b66013c3a3ef39dd7e5798?s=96&d=mm&r=g","contentUrl":"https:\/\/secure.gravatar.com\/avatar\/3ea2118a5f7dad2b7138b1187a6b7ee55f160b9968b66013c3a3ef39dd7e5798?s=96&d=mm&r=g","caption":"Jeanette"},"sameAs":["https:\/\/www.eldiario.net\/portal"],"url":"https:\/\/www.eldiario.net\/portal\/author\/jeanette\/"}]}},"_links":{"self":[{"href":"https:\/\/www.eldiario.net\/portal\/wp-json\/wp\/v2\/posts\/116959","targetHints":{"allow":["GET"]}}],"collection":[{"href":"https:\/\/www.eldiario.net\/portal\/wp-json\/wp\/v2\/posts"}],"about":[{"href":"https:\/\/www.eldiario.net\/portal\/wp-json\/wp\/v2\/types\/post"}],"author":[{"embeddable":true,"href":"https:\/\/www.eldiario.net\/portal\/wp-json\/wp\/v2\/users\/1"}],"replies":[{"embeddable":true,"href":"https:\/\/www.eldiario.net\/portal\/wp-json\/wp\/v2\/comments?post=116959"}],"version-history":[{"count":0,"href":"https:\/\/www.eldiario.net\/portal\/wp-json\/wp\/v2\/posts\/116959\/revisions"}],"wp:attachment":[{"href":"https:\/\/www.eldiario.net\/portal\/wp-json\/wp\/v2\/media?parent=116959"}],"wp:term":[{"taxonomy":"category","embeddable":true,"href":"https:\/\/www.eldiario.net\/portal\/wp-json\/wp\/v2\/categories?post=116959"},{"taxonomy":"post_tag","embeddable":true,"href":"https:\/\/www.eldiario.net\/portal\/wp-json\/wp\/v2\/tags?post=116959"}],"curies":[{"name":"wp","href":"https:\/\/api.w.org\/{rel}","templated":true}]}}