{"id":116951,"date":"2022-10-17T05:37:30","date_gmt":"2022-10-17T09:37:30","guid":{"rendered":"https:\/\/www.eldiario.net\/portal\/?p=116951"},"modified":"2022-10-17T05:37:30","modified_gmt":"2022-10-17T09:37:30","slug":"granos-y-cereales-se-mantienen-con-precios-altos-en-mercado-internacional","status":"publish","type":"post","link":"https:\/\/www.eldiario.net\/portal\/2022\/10\/17\/granos-y-cereales-se-mantienen-con-precios-altos-en-mercado-internacional\/","title":{"rendered":"Granos y cereales se mantienen con precios altos en mercado internacional"},"content":{"rendered":"<p>Los precios de los aceites\u00a0\u00a0en el mercado internacional vuelven a su valor normal, mientras que los granos y los cereales se mantienen con una tendencia en alza y se desconoce a\u00fan su descenso, de acuerdo a un informe de la Organizaci\u00f3n de las Naciones Unidas para la Alimentaci\u00f3n y la Agricultura (FAO).\u00a0\u00a0Los alimentos en Bolivia experimentaron un alza, que no fue percibido por el \u00cdndice de Precios al Cosumidor (IPC).<br \/>\nEl indicador de los precios mundiales de las materias primas alimentarias disminuy\u00f3 por sexto mes consecutivo en septiembre, con fuertes ca\u00eddas en las cotizaciones de los aceites vegetales que compensaron con creces los precios m\u00e1s altos de los cereales, seg\u00fan un nuevo informe publicado por la (FAO).<br \/>\nEl \u00edndice de precios de los alimentos de la FAO promedi\u00f3 136,3 puntos en septiembre, un 1,1 % menos que en agosto, aunque se mantuvo un 5,5 % por encima de su valor un a\u00f1o antes. El \u00edndice rastrea los cambios mensuales en los precios internacionales de una canasta de productos alimenticios com\u00fanmente comercializados.<br \/>\nEl \u00cdndice de Precios de Aceites Vegetales de la FAO impuls\u00f3 la ca\u00edda, disminuyendo un 6,6 % durante el mes para alcanzar su nivel m\u00e1s bajo desde febrero de 2021. Las cotizaciones internacionales de los aceites de palma, soja, girasol y colza fueron todas m\u00e1s bajas.<br \/>\nEl \u00edndice de precios de cereales de la FAO, por el contrario, aument\u00f3 un 1,5 % desde agosto. Los precios internacionales del trigo repuntaron un 2,2 %, vinculados a las preocupaciones sobre las condiciones de los cultivos secos en Argentina y los Estados Unidos de Am\u00e9rica, un ritmo acelerado de las exportaciones de la Uni\u00f3n Europea en medio de una alta demanda interna y una mayor incertidumbre sobre la continuaci\u00f3n de la Iniciativa de Granos del Mar Negro m\u00e1s all\u00e1 de noviembre.<br \/>\nLos precios mundiales del ma\u00edz se mantuvieron mayormente estables, ya que un d\u00f3lar estadounidense fuerte contrarrest\u00f3 la presi\u00f3n de una perspectiva de oferta m\u00e1s ajustada vinculada a las perspectivas de producci\u00f3n a la baja en los Estados Unidos de Am\u00e9rica y la Uni\u00f3n Europea. El \u00edndice de precios de todo el arroz de la FAO aument\u00f3 un 2,2 %, en gran parte como respuesta a los cambios en la pol\u00edtica de exportaci\u00f3n de la India. El \u00edndice de precios de los productos l\u00e1cteos de la FAO cay\u00f3 un 0,6 %, la carne un 0,5 %. El az\u00facar baj\u00f3 un 0,7 %.<br \/>\nPor otra parte, los economistas observaron la composici\u00f3n de los porcentajes que se muestran en el \u00cdndice de Precios al Consumidor del Instituto Nacional de Estad\u00edstica (INE), pues no reflejan la realidad de los mercados del pa\u00eds.<\/p>\n","protected":false},"excerpt":{"rendered":"<p>Los precios de los aceites\u00a0\u00a0en el mercado internacional vuelven a su valor normal, mientras que los granos y los cereales se mantienen con una tendencia en alza y se desconoce a\u00fan su descenso, de acuerdo a un informe de la Organizaci\u00f3n de las Naciones Unidas para la Alimentaci\u00f3n y la Agricultura (FAO).\u00a0\u00a0Los alimentos en Bolivia [&hellip;]<\/p>\n","protected":false},"author":1,"featured_media":116952,"comment_status":"closed","ping_status":"closed","sticky":false,"template":"","format":"standard","meta":{"_acf_changed":false,"footnotes":""},"categories":[7],"tags":[],"class_list":["post-116951","post","type-post","status-publish","format-standard","has-post-thumbnail","category-economia"],"acf":{"antetitulo":""},"yoast_head":"<!-- This site is optimized with the Yoast SEO plugin v28.3 - https:\/\/yoast.com\/product\/yoast-seo-wordpress\/ -->\n<title>Granos y cereales se mantienen con precios altos en mercado internacional - El Diario - Bolivia<\/title>\n<meta name=\"robots\" content=\"index, follow, max-snippet:-1, max-image-preview:large, max-video-preview:-1\" \/>\n<link rel=\"canonical\" href=\"https:\/\/www.eldiario.net\/portal\/2022\/10\/17\/granos-y-cereales-se-mantienen-con-precios-altos-en-mercado-internacional\/\" \/>\n<meta property=\"og:locale\" content=\"es_ES\" \/>\n<meta property=\"og:type\" content=\"article\" \/>\n<meta property=\"og:title\" content=\"Granos y cereales se mantienen con precios altos en mercado internacional - El Diario - Bolivia\" \/>\n<meta property=\"og:description\" content=\"Los precios de los aceites\u00a0\u00a0en el mercado internacional vuelven a su valor normal, mientras que los granos y los cereales se mantienen con una tendencia en alza y se desconoce a\u00fan su descenso, de acuerdo a un informe de la Organizaci\u00f3n de las Naciones Unidas para la Alimentaci\u00f3n y la Agricultura (FAO).\u00a0\u00a0Los alimentos en Bolivia [&hellip;]\" \/>\n<meta property=\"og:url\" content=\"https:\/\/www.eldiario.net\/portal\/2022\/10\/17\/granos-y-cereales-se-mantienen-con-precios-altos-en-mercado-internacional\/\" \/>\n<meta property=\"og:site_name\" content=\"El Diario - Bolivia\" \/>\n<meta property=\"article:publisher\" content=\"https:\/\/www.facebook.com\/eldiario.bolivia\/\" \/>\n<meta property=\"article:published_time\" content=\"2022-10-17T09:37:30+00:00\" \/>\n<meta name=\"author\" content=\"Jeanette\" \/>\n<meta name=\"twitter:card\" content=\"summary_large_image\" \/>\n<meta name=\"twitter:creator\" content=\"@eldiario_net\" \/>\n<meta name=\"twitter:site\" content=\"@eldiario_net\" \/>\n<meta name=\"twitter:label1\" content=\"Escrito por\" \/>\n\t<meta name=\"twitter:data1\" content=\"Jeanette\" \/>\n\t<meta name=\"twitter:label2\" content=\"Tiempo de lectura\" \/>\n\t<meta name=\"twitter:data2\" content=\"3 minutos\" \/>\n<script type=\"application\/ld+json\" class=\"yoast-schema-graph\">{\"@context\":\"https:\\\/\\\/schema.org\",\"@graph\":[{\"@type\":\"Article\",\"@id\":\"https:\\\/\\\/www.eldiario.net\\\/portal\\\/2022\\\/10\\\/17\\\/granos-y-cereales-se-mantienen-con-precios-altos-en-mercado-internacional\\\/#article\",\"isPartOf\":{\"@id\":\"https:\\\/\\\/www.eldiario.net\\\/portal\\\/2022\\\/10\\\/17\\\/granos-y-cereales-se-mantienen-con-precios-altos-en-mercado-internacional\\\/\"},\"author\":{\"name\":\"Jeanette\",\"@id\":\"https:\\\/\\\/www.eldiario.net\\\/portal\\\/#\\\/schema\\\/person\\\/f46445640444750d7d753ccd04ae01b7\"},\"headline\":\"Granos y cereales se mantienen con precios altos en mercado internacional\",\"datePublished\":\"2022-10-17T09:37:30+00:00\",\"mainEntityOfPage\":{\"@id\":\"https:\\\/\\\/www.eldiario.net\\\/portal\\\/2022\\\/10\\\/17\\\/granos-y-cereales-se-mantienen-con-precios-altos-en-mercado-internacional\\\/\"},\"wordCount\":459,\"publisher\":{\"@id\":\"https:\\\/\\\/www.eldiario.net\\\/portal\\\/#organization\"},\"image\":{\"@id\":\"https:\\\/\\\/www.eldiario.net\\\/portal\\\/2022\\\/10\\\/17\\\/granos-y-cereales-se-mantienen-con-precios-altos-en-mercado-internacional\\\/#primaryimage\"},\"thumbnailUrl\":\"\",\"articleSection\":[\"Econom\u00eda\"],\"inLanguage\":\"es\"},{\"@type\":\"WebPage\",\"@id\":\"https:\\\/\\\/www.eldiario.net\\\/portal\\\/2022\\\/10\\\/17\\\/granos-y-cereales-se-mantienen-con-precios-altos-en-mercado-internacional\\\/\",\"url\":\"https:\\\/\\\/www.eldiario.net\\\/portal\\\/2022\\\/10\\\/17\\\/granos-y-cereales-se-mantienen-con-precios-altos-en-mercado-internacional\\\/\",\"name\":\"Granos y cereales se mantienen con precios altos en mercado internacional - El Diario - Bolivia\",\"isPartOf\":{\"@id\":\"https:\\\/\\\/www.eldiario.net\\\/portal\\\/#website\"},\"primaryImageOfPage\":{\"@id\":\"https:\\\/\\\/www.eldiario.net\\\/portal\\\/2022\\\/10\\\/17\\\/granos-y-cereales-se-mantienen-con-precios-altos-en-mercado-internacional\\\/#primaryimage\"},\"image\":{\"@id\":\"https:\\\/\\\/www.eldiario.net\\\/portal\\\/2022\\\/10\\\/17\\\/granos-y-cereales-se-mantienen-con-precios-altos-en-mercado-internacional\\\/#primaryimage\"},\"thumbnailUrl\":\"\",\"datePublished\":\"2022-10-17T09:37:30+00:00\",\"breadcrumb\":{\"@id\":\"https:\\\/\\\/www.eldiario.net\\\/portal\\\/2022\\\/10\\\/17\\\/granos-y-cereales-se-mantienen-con-precios-altos-en-mercado-internacional\\\/#breadcrumb\"},\"inLanguage\":\"es\",\"potentialAction\":[{\"@type\":\"ReadAction\",\"target\":[\"https:\\\/\\\/www.eldiario.net\\\/portal\\\/2022\\\/10\\\/17\\\/granos-y-cereales-se-mantienen-con-precios-altos-en-mercado-internacional\\\/\"]}]},{\"@type\":\"ImageObject\",\"inLanguage\":\"es\",\"@id\":\"https:\\\/\\\/www.eldiario.net\\\/portal\\\/2022\\\/10\\\/17\\\/granos-y-cereales-se-mantienen-con-precios-altos-en-mercado-internacional\\\/#primaryimage\",\"url\":\"\",\"contentUrl\":\"\"},{\"@type\":\"BreadcrumbList\",\"@id\":\"https:\\\/\\\/www.eldiario.net\\\/portal\\\/2022\\\/10\\\/17\\\/granos-y-cereales-se-mantienen-con-precios-altos-en-mercado-internacional\\\/#breadcrumb\",\"itemListElement\":[{\"@type\":\"ListItem\",\"position\":1,\"name\":\"Portada\",\"item\":\"https:\\\/\\\/www.eldiario.net\\\/portal\\\/\"},{\"@type\":\"ListItem\",\"position\":2,\"name\":\"Granos y cereales se mantienen con precios altos en mercado internacional\"}]},{\"@type\":\"WebSite\",\"@id\":\"https:\\\/\\\/www.eldiario.net\\\/portal\\\/#website\",\"url\":\"https:\\\/\\\/www.eldiario.net\\\/portal\\\/\",\"name\":\"El Diario - Decano de la prensa nacional\",\"description\":\"El Diario - Decano de la prensa nacional\",\"publisher\":{\"@id\":\"https:\\\/\\\/www.eldiario.net\\\/portal\\\/#organization\"},\"potentialAction\":[{\"@type\":\"SearchAction\",\"target\":{\"@type\":\"EntryPoint\",\"urlTemplate\":\"https:\\\/\\\/www.eldiario.net\\\/portal\\\/?s={search_term_string}\"},\"query-input\":{\"@type\":\"PropertyValueSpecification\",\"valueRequired\":true,\"valueName\":\"search_term_string\"}}],\"inLanguage\":\"es\"},{\"@type\":\"Organization\",\"@id\":\"https:\\\/\\\/www.eldiario.net\\\/portal\\\/#organization\",\"name\":\"El Diario - Decano de la prensa nacional\",\"url\":\"https:\\\/\\\/www.eldiario.net\\\/portal\\\/\",\"logo\":{\"@type\":\"ImageObject\",\"inLanguage\":\"es\",\"@id\":\"https:\\\/\\\/www.eldiario.net\\\/portal\\\/#\\\/schema\\\/logo\\\/image\\\/\",\"url\":\"https:\\\/\\\/www.eldiario.net\\\/portal\\\/wp-content\\\/uploads\\\/2023\\\/07\\\/logo_ED.jpg\",\"contentUrl\":\"https:\\\/\\\/www.eldiario.net\\\/portal\\\/wp-content\\\/uploads\\\/2023\\\/07\\\/logo_ED.jpg\",\"width\":272,\"height\":52,\"caption\":\"El Diario - Decano de la prensa nacional\"},\"image\":{\"@id\":\"https:\\\/\\\/www.eldiario.net\\\/portal\\\/#\\\/schema\\\/logo\\\/image\\\/\"},\"sameAs\":[\"https:\\\/\\\/www.facebook.com\\\/eldiario.bolivia\\\/\",\"https:\\\/\\\/x.com\\\/eldiario_net\"]},{\"@type\":\"Person\",\"@id\":\"https:\\\/\\\/www.eldiario.net\\\/portal\\\/#\\\/schema\\\/person\\\/f46445640444750d7d753ccd04ae01b7\",\"name\":\"Jeanette\",\"image\":{\"@type\":\"ImageObject\",\"inLanguage\":\"es\",\"@id\":\"https:\\\/\\\/secure.gravatar.com\\\/avatar\\\/3ea2118a5f7dad2b7138b1187a6b7ee55f160b9968b66013c3a3ef39dd7e5798?s=96&d=mm&r=g\",\"url\":\"https:\\\/\\\/secure.gravatar.com\\\/avatar\\\/3ea2118a5f7dad2b7138b1187a6b7ee55f160b9968b66013c3a3ef39dd7e5798?s=96&d=mm&r=g\",\"contentUrl\":\"https:\\\/\\\/secure.gravatar.com\\\/avatar\\\/3ea2118a5f7dad2b7138b1187a6b7ee55f160b9968b66013c3a3ef39dd7e5798?s=96&d=mm&r=g\",\"caption\":\"Jeanette\"},\"sameAs\":[\"https:\\\/\\\/www.eldiario.net\\\/portal\"],\"url\":\"https:\\\/\\\/www.eldiario.net\\\/portal\\\/author\\\/jeanette\\\/\"}]}<\/script>\n<!-- \/ Yoast SEO plugin. -->","yoast_head_json":{"title":"Granos y cereales se mantienen con precios altos en mercado internacional - El Diario - Bolivia","robots":{"index":"index","follow":"follow","max-snippet":"max-snippet:-1","max-image-preview":"max-image-preview:large","max-video-preview":"max-video-preview:-1"},"canonical":"https:\/\/www.eldiario.net\/portal\/2022\/10\/17\/granos-y-cereales-se-mantienen-con-precios-altos-en-mercado-internacional\/","og_locale":"es_ES","og_type":"article","og_title":"Granos y cereales se mantienen con precios altos en mercado internacional - El Diario - Bolivia","og_description":"Los precios de los aceites\u00a0\u00a0en el mercado internacional vuelven a su valor normal, mientras que los granos y los cereales se mantienen con una tendencia en alza y se desconoce a\u00fan su descenso, de acuerdo a un informe de la Organizaci\u00f3n de las Naciones Unidas para la Alimentaci\u00f3n y la Agricultura (FAO).\u00a0\u00a0Los alimentos en Bolivia [&hellip;]","og_url":"https:\/\/www.eldiario.net\/portal\/2022\/10\/17\/granos-y-cereales-se-mantienen-con-precios-altos-en-mercado-internacional\/","og_site_name":"El Diario - Bolivia","article_publisher":"https:\/\/www.facebook.com\/eldiario.bolivia\/","article_published_time":"2022-10-17T09:37:30+00:00","author":"Jeanette","twitter_card":"summary_large_image","twitter_creator":"@eldiario_net","twitter_site":"@eldiario_net","twitter_misc":{"Escrito por":"Jeanette","Tiempo de lectura":"3 minutos"},"schema":{"@context":"https:\/\/schema.org","@graph":[{"@type":"Article","@id":"https:\/\/www.eldiario.net\/portal\/2022\/10\/17\/granos-y-cereales-se-mantienen-con-precios-altos-en-mercado-internacional\/#article","isPartOf":{"@id":"https:\/\/www.eldiario.net\/portal\/2022\/10\/17\/granos-y-cereales-se-mantienen-con-precios-altos-en-mercado-internacional\/"},"author":{"name":"Jeanette","@id":"https:\/\/www.eldiario.net\/portal\/#\/schema\/person\/f46445640444750d7d753ccd04ae01b7"},"headline":"Granos y cereales se mantienen con precios altos en mercado internacional","datePublished":"2022-10-17T09:37:30+00:00","mainEntityOfPage":{"@id":"https:\/\/www.eldiario.net\/portal\/2022\/10\/17\/granos-y-cereales-se-mantienen-con-precios-altos-en-mercado-internacional\/"},"wordCount":459,"publisher":{"@id":"https:\/\/www.eldiario.net\/portal\/#organization"},"image":{"@id":"https:\/\/www.eldiario.net\/portal\/2022\/10\/17\/granos-y-cereales-se-mantienen-con-precios-altos-en-mercado-internacional\/#primaryimage"},"thumbnailUrl":"","articleSection":["Econom\u00eda"],"inLanguage":"es"},{"@type":"WebPage","@id":"https:\/\/www.eldiario.net\/portal\/2022\/10\/17\/granos-y-cereales-se-mantienen-con-precios-altos-en-mercado-internacional\/","url":"https:\/\/www.eldiario.net\/portal\/2022\/10\/17\/granos-y-cereales-se-mantienen-con-precios-altos-en-mercado-internacional\/","name":"Granos y cereales se mantienen con precios altos en mercado internacional - El Diario - Bolivia","isPartOf":{"@id":"https:\/\/www.eldiario.net\/portal\/#website"},"primaryImageOfPage":{"@id":"https:\/\/www.eldiario.net\/portal\/2022\/10\/17\/granos-y-cereales-se-mantienen-con-precios-altos-en-mercado-internacional\/#primaryimage"},"image":{"@id":"https:\/\/www.eldiario.net\/portal\/2022\/10\/17\/granos-y-cereales-se-mantienen-con-precios-altos-en-mercado-internacional\/#primaryimage"},"thumbnailUrl":"","datePublished":"2022-10-17T09:37:30+00:00","breadcrumb":{"@id":"https:\/\/www.eldiario.net\/portal\/2022\/10\/17\/granos-y-cereales-se-mantienen-con-precios-altos-en-mercado-internacional\/#breadcrumb"},"inLanguage":"es","potentialAction":[{"@type":"ReadAction","target":["https:\/\/www.eldiario.net\/portal\/2022\/10\/17\/granos-y-cereales-se-mantienen-con-precios-altos-en-mercado-internacional\/"]}]},{"@type":"ImageObject","inLanguage":"es","@id":"https:\/\/www.eldiario.net\/portal\/2022\/10\/17\/granos-y-cereales-se-mantienen-con-precios-altos-en-mercado-internacional\/#primaryimage","url":"","contentUrl":""},{"@type":"BreadcrumbList","@id":"https:\/\/www.eldiario.net\/portal\/2022\/10\/17\/granos-y-cereales-se-mantienen-con-precios-altos-en-mercado-internacional\/#breadcrumb","itemListElement":[{"@type":"ListItem","position":1,"name":"Portada","item":"https:\/\/www.eldiario.net\/portal\/"},{"@type":"ListItem","position":2,"name":"Granos y cereales se mantienen con precios altos en mercado internacional"}]},{"@type":"WebSite","@id":"https:\/\/www.eldiario.net\/portal\/#website","url":"https:\/\/www.eldiario.net\/portal\/","name":"El Diario - Decano de la prensa nacional","description":"El Diario - Decano de la prensa nacional","publisher":{"@id":"https:\/\/www.eldiario.net\/portal\/#organization"},"potentialAction":[{"@type":"SearchAction","target":{"@type":"EntryPoint","urlTemplate":"https:\/\/www.eldiario.net\/portal\/?s={search_term_string}"},"query-input":{"@type":"PropertyValueSpecification","valueRequired":true,"valueName":"search_term_string"}}],"inLanguage":"es"},{"@type":"Organization","@id":"https:\/\/www.eldiario.net\/portal\/#organization","name":"El Diario - Decano de la prensa nacional","url":"https:\/\/www.eldiario.net\/portal\/","logo":{"@type":"ImageObject","inLanguage":"es","@id":"https:\/\/www.eldiario.net\/portal\/#\/schema\/logo\/image\/","url":"https:\/\/www.eldiario.net\/portal\/wp-content\/uploads\/2023\/07\/logo_ED.jpg","contentUrl":"https:\/\/www.eldiario.net\/portal\/wp-content\/uploads\/2023\/07\/logo_ED.jpg","width":272,"height":52,"caption":"El Diario - Decano de la prensa nacional"},"image":{"@id":"https:\/\/www.eldiario.net\/portal\/#\/schema\/logo\/image\/"},"sameAs":["https:\/\/www.facebook.com\/eldiario.bolivia\/","https:\/\/x.com\/eldiario_net"]},{"@type":"Person","@id":"https:\/\/www.eldiario.net\/portal\/#\/schema\/person\/f46445640444750d7d753ccd04ae01b7","name":"Jeanette","image":{"@type":"ImageObject","inLanguage":"es","@id":"https:\/\/secure.gravatar.com\/avatar\/3ea2118a5f7dad2b7138b1187a6b7ee55f160b9968b66013c3a3ef39dd7e5798?s=96&d=mm&r=g","url":"https:\/\/secure.gravatar.com\/avatar\/3ea2118a5f7dad2b7138b1187a6b7ee55f160b9968b66013c3a3ef39dd7e5798?s=96&d=mm&r=g","contentUrl":"https:\/\/secure.gravatar.com\/avatar\/3ea2118a5f7dad2b7138b1187a6b7ee55f160b9968b66013c3a3ef39dd7e5798?s=96&d=mm&r=g","caption":"Jeanette"},"sameAs":["https:\/\/www.eldiario.net\/portal"],"url":"https:\/\/www.eldiario.net\/portal\/author\/jeanette\/"}]}},"_links":{"self":[{"href":"https:\/\/www.eldiario.net\/portal\/wp-json\/wp\/v2\/posts\/116951","targetHints":{"allow":["GET"]}}],"collection":[{"href":"https:\/\/www.eldiario.net\/portal\/wp-json\/wp\/v2\/posts"}],"about":[{"href":"https:\/\/www.eldiario.net\/portal\/wp-json\/wp\/v2\/types\/post"}],"author":[{"embeddable":true,"href":"https:\/\/www.eldiario.net\/portal\/wp-json\/wp\/v2\/users\/1"}],"replies":[{"embeddable":true,"href":"https:\/\/www.eldiario.net\/portal\/wp-json\/wp\/v2\/comments?post=116951"}],"version-history":[{"count":0,"href":"https:\/\/www.eldiario.net\/portal\/wp-json\/wp\/v2\/posts\/116951\/revisions"}],"wp:attachment":[{"href":"https:\/\/www.eldiario.net\/portal\/wp-json\/wp\/v2\/media?parent=116951"}],"wp:term":[{"taxonomy":"category","embeddable":true,"href":"https:\/\/www.eldiario.net\/portal\/wp-json\/wp\/v2\/categories?post=116951"},{"taxonomy":"post_tag","embeddable":true,"href":"https:\/\/www.eldiario.net\/portal\/wp-json\/wp\/v2\/tags?post=116951"}],"curies":[{"name":"wp","href":"https:\/\/api.w.org\/{rel}","templated":true}]}}