{"id":116946,"date":"2022-10-17T05:35:58","date_gmt":"2022-10-17T09:35:58","guid":{"rendered":"https:\/\/www.eldiario.net\/portal\/?p=116946"},"modified":"2022-10-17T05:35:58","modified_gmt":"2022-10-17T09:35:58","slug":"no-hay-garantias-sobre-manejo-de-recursos-de-gestora-publica","status":"publish","type":"post","link":"https:\/\/www.eldiario.net\/portal\/2022\/10\/17\/no-hay-garantias-sobre-manejo-de-recursos-de-gestora-publica\/","title":{"rendered":"No hay garant\u00edas sobre manejo de recursos de Gestora P\u00fablica"},"content":{"rendered":"<p>A pesar de que las autoridades aseguran que la norma es clara sobre el manejo de los recursos y que existe el control social, analistas econ\u00f3micos y sectores aseguran que no hay las garant\u00edas correspondientes.<br \/>\nEl gerente General de la Gestora P\u00fablica, Jaime Dur\u00e1n, asegur\u00f3 ayer en medios estatales, que los recursos que manejar\u00e1 esta entidad a partir de mayo del pr\u00f3ximo a\u00f1o, son intocables; y anunci\u00f3 mejorar el rendimiento de las inversiones.<br \/>\nSin embargo, el pasado fin de semana el economista y docente de la Universidad Cat\u00f3lica Boliviana, Gonzalo Ch\u00e1vez, en entrevista con radio Panamericana, dijo que la versi\u00f3n del gobierno sobre el control que realizar\u00e1n las organizaciones sociales es un saludo a la bandera, pues son afines al partido en funci\u00f3n de Gobierno.<br \/>\nAdem\u00e1s cuestion\u00f3 al capital humano que trabaja en la Gestora, que responde a una militancia pol\u00edtica y no hay un nivel t\u00e9cnico, ni siquiera experiencia en el manejo de sistemas de pensiones.<br \/>\nAs\u00ed como los a\u00f1os que demoran en la administraci\u00f3n total de los fondos, que van por los 13 a\u00f1os, y de paso perdieron un arbitraje no por la nacionalizaci\u00f3n, sino por no cumplir los pasos del proceso para manejar los recursos de los trabajadores. La Ley 065 fue promulgada en 2010.<br \/>\nRecord\u00f3 que en 1993, cuando se cre\u00f3 el nuevo sistema de pensiones, no hab\u00eda fondos, ahora el gobierno recibe 23.000 millones de d\u00f3lares, de alrededor de 2,5 millones de trabajadores.<br \/>\nEntre tanto, los sectores de salud y del magisterio expresaron su desacuerdo con la Gestora y desconfianza, en manos del gobierno.<br \/>\nEjemplo<br \/>\nCh\u00e1vez se\u00f1al\u00f3 que la mala administraci\u00f3n gubernamental se puede reflejar en la estatal petrolera. Indic\u00f3 que cuando se nacionaliza el sector hidrocarburos, el gobierno recibi\u00f3 reservas de gas para por lo menos seis generaciones, pero en 15 a\u00f1os el gas se hizo gas.<br \/>\nAntes recib\u00eda 6.000 millones de d\u00f3lares por la venta de gas natural a mercados de Argentina y Brasil, y ahora no pasa los 3.000 millones; debido a que la producci\u00f3n baj\u00f3 de 60 millones de metros c\u00fabicos por d\u00eda en 2013 a 40 Mmmcd a la fecha.<br \/>\n\u00abLa gesti\u00f3n estatal preocupa mucho\u00bb, reflexion\u00f3 e indic\u00f3 que a pesar de que se\u00f1alan que hay varios candados, debido a que es un patrimonio aut\u00f3nomo, y protegido por la ley, no proh\u00edbe las inversiones.<br \/>\nRecord\u00f3 que se pas\u00f3 de un duopolio a un monopolio de la administraci\u00f3n de los recursos de los trabajadores. Se pregunt\u00f3 qui\u00e9n va a controlar?. Mencion\u00f3 que la regulaci\u00f3n a las empresas del Estado no se da, y una muestra es que no se lo hizo a YPFB, debido a que son de la misma familia.<br \/>\nTambi\u00e9n se\u00f1al\u00f3 que las organizaciones sociales no controlan, y una muestra de ello son las Rendiciones de Cuentas que hace el gobierno a todos sus aliados, no hay trnasparencia.<br \/>\nNueva ley<br \/>\nPor ello plantea una nueva ley de Pensiones para incorporar muchos temas t\u00e9cnicos de transparencia, sobre todo de competencia. \u00abNo puede haber un monopolio controlado por el Gobierno de turno\u00bb, cuestion\u00f3.<br \/>\nSugiere que deber\u00eda haber dos gestoras una p\u00fablica y otra privada, que compitan por los recursos de los trabajadores, y el ciudadano podr\u00e1 decidir por una de ellas de acuerdo a la rentabilidad que registre.<br \/>\nMientras el Gerente de la Gestora, dijo el pasado viernes que trabajan bajo el amparo de la Constituci\u00f3n, el Articulo 45 numeral II y VI, que establece que la direcci\u00f3n de pensiones est\u00e1 bajo control del estado, pero adem\u00e1s establece que estos servicios no pueden ser privatizados, ni una administraci\u00f3n mixta.<br \/>\nTambi\u00e9n se\u00f1al\u00f3 que el art\u00edculo 6 de la ley 065, establece que los aportes de los trabajadores se constituyen en patrimonios aut\u00f3nomos, quiere decir que estos recursos solo pueden ser utilizados para realizar inversiones y aumentar los fondos de los propios trabajadores.<br \/>\nDesminti\u00f3 que puedan ser utilizados por el Tesoro General de la Naci\u00f3n o desviados a otros fines.<br \/>\nAsegur\u00f3 que las AFPs cobran 4 comisiones, la primera a los asegurados, la segunda a los jubilados y pensionistas, la tercera con el fondo de riesgos y la cuarta por la administraci\u00f3n del portafolio, pero la Gestora s\u00f3lo lo har\u00e1 a los primeros, y dejar\u00e1n de pagar 1,32%.<br \/>\nFinalmente, el jefe del MNR, Luis Eduardo Siles, sugiri\u00f3 ayer al Presidente Luis Arce dar marcha atr\u00e1s en la Gestora P\u00fablica ante la masiva desconfianza de la clase trabajadora y para evitar que las fuentes de corrupci\u00f3n y desv\u00edo de fondos deriven en el surgimiento de un \u00abej\u00e9rcito de Dantes Escobar\u00bb, tal como ocurri\u00f3 en el fondo Complementario de Seguridad Social de la Administraci\u00f3n P\u00fablica (Focssap), seg\u00fan Erbol.<\/p>\n","protected":false},"excerpt":{"rendered":"<p>A pesar de que las autoridades aseguran que la norma es clara sobre el manejo de los recursos y que existe el control social, analistas econ\u00f3micos y sectores aseguran que no hay las garant\u00edas correspondientes. El gerente General de la Gestora P\u00fablica, Jaime Dur\u00e1n, asegur\u00f3 ayer en medios estatales, que los recursos que manejar\u00e1 esta [&hellip;]<\/p>\n","protected":false},"author":1,"featured_media":0,"comment_status":"closed","ping_status":"closed","sticky":false,"template":"","format":"standard","meta":{"_acf_changed":false,"footnotes":""},"categories":[7],"tags":[],"class_list":["post-116946","post","type-post","status-publish","format-standard","category-economia"],"acf":{"antetitulo":""},"yoast_head":"<!-- This site is optimized with the Yoast SEO plugin v28.3 - https:\/\/yoast.com\/product\/yoast-seo-wordpress\/ -->\n<title>No hay garant\u00edas sobre manejo de recursos de Gestora P\u00fablica - El Diario - Bolivia<\/title>\n<meta name=\"robots\" content=\"index, follow, max-snippet:-1, max-image-preview:large, max-video-preview:-1\" \/>\n<link rel=\"canonical\" href=\"https:\/\/www.eldiario.net\/portal\/2022\/10\/17\/no-hay-garantias-sobre-manejo-de-recursos-de-gestora-publica\/\" \/>\n<meta property=\"og:locale\" content=\"es_ES\" \/>\n<meta property=\"og:type\" content=\"article\" \/>\n<meta property=\"og:title\" content=\"No hay garant\u00edas sobre manejo de recursos de Gestora P\u00fablica - El Diario - Bolivia\" \/>\n<meta property=\"og:description\" content=\"A pesar de que las autoridades aseguran que la norma es clara sobre el manejo de los recursos y que existe el control social, analistas econ\u00f3micos y sectores aseguran que no hay las garant\u00edas correspondientes. El gerente General de la Gestora P\u00fablica, Jaime Dur\u00e1n, asegur\u00f3 ayer en medios estatales, que los recursos que manejar\u00e1 esta [&hellip;]\" \/>\n<meta property=\"og:url\" content=\"https:\/\/www.eldiario.net\/portal\/2022\/10\/17\/no-hay-garantias-sobre-manejo-de-recursos-de-gestora-publica\/\" \/>\n<meta property=\"og:site_name\" content=\"El Diario - Bolivia\" \/>\n<meta property=\"article:publisher\" content=\"https:\/\/www.facebook.com\/eldiario.bolivia\/\" \/>\n<meta property=\"article:published_time\" content=\"2022-10-17T09:35:58+00:00\" \/>\n<meta name=\"author\" content=\"Jeanette\" \/>\n<meta name=\"twitter:card\" content=\"summary_large_image\" \/>\n<meta name=\"twitter:creator\" content=\"@eldiario_net\" \/>\n<meta name=\"twitter:site\" content=\"@eldiario_net\" \/>\n<meta name=\"twitter:label1\" content=\"Escrito por\" \/>\n\t<meta name=\"twitter:data1\" content=\"Jeanette\" \/>\n\t<meta name=\"twitter:label2\" content=\"Tiempo de lectura\" \/>\n\t<meta name=\"twitter:data2\" content=\"4 minutos\" \/>\n<script type=\"application\/ld+json\" class=\"yoast-schema-graph\">{\"@context\":\"https:\\\/\\\/schema.org\",\"@graph\":[{\"@type\":\"Article\",\"@id\":\"https:\\\/\\\/www.eldiario.net\\\/portal\\\/2022\\\/10\\\/17\\\/no-hay-garantias-sobre-manejo-de-recursos-de-gestora-publica\\\/#article\",\"isPartOf\":{\"@id\":\"https:\\\/\\\/www.eldiario.net\\\/portal\\\/2022\\\/10\\\/17\\\/no-hay-garantias-sobre-manejo-de-recursos-de-gestora-publica\\\/\"},\"author\":{\"name\":\"Jeanette\",\"@id\":\"https:\\\/\\\/www.eldiario.net\\\/portal\\\/#\\\/schema\\\/person\\\/f46445640444750d7d753ccd04ae01b7\"},\"headline\":\"No hay garant\u00edas sobre manejo de recursos de Gestora P\u00fablica\",\"datePublished\":\"2022-10-17T09:35:58+00:00\",\"mainEntityOfPage\":{\"@id\":\"https:\\\/\\\/www.eldiario.net\\\/portal\\\/2022\\\/10\\\/17\\\/no-hay-garantias-sobre-manejo-de-recursos-de-gestora-publica\\\/\"},\"wordCount\":819,\"publisher\":{\"@id\":\"https:\\\/\\\/www.eldiario.net\\\/portal\\\/#organization\"},\"articleSection\":[\"Econom\u00eda\"],\"inLanguage\":\"es\"},{\"@type\":\"WebPage\",\"@id\":\"https:\\\/\\\/www.eldiario.net\\\/portal\\\/2022\\\/10\\\/17\\\/no-hay-garantias-sobre-manejo-de-recursos-de-gestora-publica\\\/\",\"url\":\"https:\\\/\\\/www.eldiario.net\\\/portal\\\/2022\\\/10\\\/17\\\/no-hay-garantias-sobre-manejo-de-recursos-de-gestora-publica\\\/\",\"name\":\"No hay garant\u00edas sobre manejo de recursos de Gestora P\u00fablica - El Diario - Bolivia\",\"isPartOf\":{\"@id\":\"https:\\\/\\\/www.eldiario.net\\\/portal\\\/#website\"},\"datePublished\":\"2022-10-17T09:35:58+00:00\",\"breadcrumb\":{\"@id\":\"https:\\\/\\\/www.eldiario.net\\\/portal\\\/2022\\\/10\\\/17\\\/no-hay-garantias-sobre-manejo-de-recursos-de-gestora-publica\\\/#breadcrumb\"},\"inLanguage\":\"es\",\"potentialAction\":[{\"@type\":\"ReadAction\",\"target\":[\"https:\\\/\\\/www.eldiario.net\\\/portal\\\/2022\\\/10\\\/17\\\/no-hay-garantias-sobre-manejo-de-recursos-de-gestora-publica\\\/\"]}]},{\"@type\":\"BreadcrumbList\",\"@id\":\"https:\\\/\\\/www.eldiario.net\\\/portal\\\/2022\\\/10\\\/17\\\/no-hay-garantias-sobre-manejo-de-recursos-de-gestora-publica\\\/#breadcrumb\",\"itemListElement\":[{\"@type\":\"ListItem\",\"position\":1,\"name\":\"Portada\",\"item\":\"https:\\\/\\\/www.eldiario.net\\\/portal\\\/\"},{\"@type\":\"ListItem\",\"position\":2,\"name\":\"No hay garant\u00edas sobre manejo de recursos de Gestora P\u00fablica\"}]},{\"@type\":\"WebSite\",\"@id\":\"https:\\\/\\\/www.eldiario.net\\\/portal\\\/#website\",\"url\":\"https:\\\/\\\/www.eldiario.net\\\/portal\\\/\",\"name\":\"El Diario - Decano de la prensa nacional\",\"description\":\"El Diario - Decano de la prensa nacional\",\"publisher\":{\"@id\":\"https:\\\/\\\/www.eldiario.net\\\/portal\\\/#organization\"},\"potentialAction\":[{\"@type\":\"SearchAction\",\"target\":{\"@type\":\"EntryPoint\",\"urlTemplate\":\"https:\\\/\\\/www.eldiario.net\\\/portal\\\/?s={search_term_string}\"},\"query-input\":{\"@type\":\"PropertyValueSpecification\",\"valueRequired\":true,\"valueName\":\"search_term_string\"}}],\"inLanguage\":\"es\"},{\"@type\":\"Organization\",\"@id\":\"https:\\\/\\\/www.eldiario.net\\\/portal\\\/#organization\",\"name\":\"El Diario - Decano de la prensa nacional\",\"url\":\"https:\\\/\\\/www.eldiario.net\\\/portal\\\/\",\"logo\":{\"@type\":\"ImageObject\",\"inLanguage\":\"es\",\"@id\":\"https:\\\/\\\/www.eldiario.net\\\/portal\\\/#\\\/schema\\\/logo\\\/image\\\/\",\"url\":\"https:\\\/\\\/www.eldiario.net\\\/portal\\\/wp-content\\\/uploads\\\/2023\\\/07\\\/logo_ED.jpg\",\"contentUrl\":\"https:\\\/\\\/www.eldiario.net\\\/portal\\\/wp-content\\\/uploads\\\/2023\\\/07\\\/logo_ED.jpg\",\"width\":272,\"height\":52,\"caption\":\"El Diario - Decano de la prensa nacional\"},\"image\":{\"@id\":\"https:\\\/\\\/www.eldiario.net\\\/portal\\\/#\\\/schema\\\/logo\\\/image\\\/\"},\"sameAs\":[\"https:\\\/\\\/www.facebook.com\\\/eldiario.bolivia\\\/\",\"https:\\\/\\\/x.com\\\/eldiario_net\"]},{\"@type\":\"Person\",\"@id\":\"https:\\\/\\\/www.eldiario.net\\\/portal\\\/#\\\/schema\\\/person\\\/f46445640444750d7d753ccd04ae01b7\",\"name\":\"Jeanette\",\"image\":{\"@type\":\"ImageObject\",\"inLanguage\":\"es\",\"@id\":\"https:\\\/\\\/secure.gravatar.com\\\/avatar\\\/3ea2118a5f7dad2b7138b1187a6b7ee55f160b9968b66013c3a3ef39dd7e5798?s=96&d=mm&r=g\",\"url\":\"https:\\\/\\\/secure.gravatar.com\\\/avatar\\\/3ea2118a5f7dad2b7138b1187a6b7ee55f160b9968b66013c3a3ef39dd7e5798?s=96&d=mm&r=g\",\"contentUrl\":\"https:\\\/\\\/secure.gravatar.com\\\/avatar\\\/3ea2118a5f7dad2b7138b1187a6b7ee55f160b9968b66013c3a3ef39dd7e5798?s=96&d=mm&r=g\",\"caption\":\"Jeanette\"},\"sameAs\":[\"https:\\\/\\\/www.eldiario.net\\\/portal\"],\"url\":\"https:\\\/\\\/www.eldiario.net\\\/portal\\\/author\\\/jeanette\\\/\"}]}<\/script>\n<!-- \/ Yoast SEO plugin. -->","yoast_head_json":{"title":"No hay garant\u00edas sobre manejo de recursos de Gestora P\u00fablica - El Diario - Bolivia","robots":{"index":"index","follow":"follow","max-snippet":"max-snippet:-1","max-image-preview":"max-image-preview:large","max-video-preview":"max-video-preview:-1"},"canonical":"https:\/\/www.eldiario.net\/portal\/2022\/10\/17\/no-hay-garantias-sobre-manejo-de-recursos-de-gestora-publica\/","og_locale":"es_ES","og_type":"article","og_title":"No hay garant\u00edas sobre manejo de recursos de Gestora P\u00fablica - El Diario - Bolivia","og_description":"A pesar de que las autoridades aseguran que la norma es clara sobre el manejo de los recursos y que existe el control social, analistas econ\u00f3micos y sectores aseguran que no hay las garant\u00edas correspondientes. El gerente General de la Gestora P\u00fablica, Jaime Dur\u00e1n, asegur\u00f3 ayer en medios estatales, que los recursos que manejar\u00e1 esta [&hellip;]","og_url":"https:\/\/www.eldiario.net\/portal\/2022\/10\/17\/no-hay-garantias-sobre-manejo-de-recursos-de-gestora-publica\/","og_site_name":"El Diario - Bolivia","article_publisher":"https:\/\/www.facebook.com\/eldiario.bolivia\/","article_published_time":"2022-10-17T09:35:58+00:00","author":"Jeanette","twitter_card":"summary_large_image","twitter_creator":"@eldiario_net","twitter_site":"@eldiario_net","twitter_misc":{"Escrito por":"Jeanette","Tiempo de lectura":"4 minutos"},"schema":{"@context":"https:\/\/schema.org","@graph":[{"@type":"Article","@id":"https:\/\/www.eldiario.net\/portal\/2022\/10\/17\/no-hay-garantias-sobre-manejo-de-recursos-de-gestora-publica\/#article","isPartOf":{"@id":"https:\/\/www.eldiario.net\/portal\/2022\/10\/17\/no-hay-garantias-sobre-manejo-de-recursos-de-gestora-publica\/"},"author":{"name":"Jeanette","@id":"https:\/\/www.eldiario.net\/portal\/#\/schema\/person\/f46445640444750d7d753ccd04ae01b7"},"headline":"No hay garant\u00edas sobre manejo de recursos de Gestora P\u00fablica","datePublished":"2022-10-17T09:35:58+00:00","mainEntityOfPage":{"@id":"https:\/\/www.eldiario.net\/portal\/2022\/10\/17\/no-hay-garantias-sobre-manejo-de-recursos-de-gestora-publica\/"},"wordCount":819,"publisher":{"@id":"https:\/\/www.eldiario.net\/portal\/#organization"},"articleSection":["Econom\u00eda"],"inLanguage":"es"},{"@type":"WebPage","@id":"https:\/\/www.eldiario.net\/portal\/2022\/10\/17\/no-hay-garantias-sobre-manejo-de-recursos-de-gestora-publica\/","url":"https:\/\/www.eldiario.net\/portal\/2022\/10\/17\/no-hay-garantias-sobre-manejo-de-recursos-de-gestora-publica\/","name":"No hay garant\u00edas sobre manejo de recursos de Gestora P\u00fablica - El Diario - Bolivia","isPartOf":{"@id":"https:\/\/www.eldiario.net\/portal\/#website"},"datePublished":"2022-10-17T09:35:58+00:00","breadcrumb":{"@id":"https:\/\/www.eldiario.net\/portal\/2022\/10\/17\/no-hay-garantias-sobre-manejo-de-recursos-de-gestora-publica\/#breadcrumb"},"inLanguage":"es","potentialAction":[{"@type":"ReadAction","target":["https:\/\/www.eldiario.net\/portal\/2022\/10\/17\/no-hay-garantias-sobre-manejo-de-recursos-de-gestora-publica\/"]}]},{"@type":"BreadcrumbList","@id":"https:\/\/www.eldiario.net\/portal\/2022\/10\/17\/no-hay-garantias-sobre-manejo-de-recursos-de-gestora-publica\/#breadcrumb","itemListElement":[{"@type":"ListItem","position":1,"name":"Portada","item":"https:\/\/www.eldiario.net\/portal\/"},{"@type":"ListItem","position":2,"name":"No hay garant\u00edas sobre manejo de recursos de Gestora P\u00fablica"}]},{"@type":"WebSite","@id":"https:\/\/www.eldiario.net\/portal\/#website","url":"https:\/\/www.eldiario.net\/portal\/","name":"El Diario - Decano de la prensa nacional","description":"El Diario - Decano de la prensa nacional","publisher":{"@id":"https:\/\/www.eldiario.net\/portal\/#organization"},"potentialAction":[{"@type":"SearchAction","target":{"@type":"EntryPoint","urlTemplate":"https:\/\/www.eldiario.net\/portal\/?s={search_term_string}"},"query-input":{"@type":"PropertyValueSpecification","valueRequired":true,"valueName":"search_term_string"}}],"inLanguage":"es"},{"@type":"Organization","@id":"https:\/\/www.eldiario.net\/portal\/#organization","name":"El Diario - Decano de la prensa nacional","url":"https:\/\/www.eldiario.net\/portal\/","logo":{"@type":"ImageObject","inLanguage":"es","@id":"https:\/\/www.eldiario.net\/portal\/#\/schema\/logo\/image\/","url":"https:\/\/www.eldiario.net\/portal\/wp-content\/uploads\/2023\/07\/logo_ED.jpg","contentUrl":"https:\/\/www.eldiario.net\/portal\/wp-content\/uploads\/2023\/07\/logo_ED.jpg","width":272,"height":52,"caption":"El Diario - Decano de la prensa nacional"},"image":{"@id":"https:\/\/www.eldiario.net\/portal\/#\/schema\/logo\/image\/"},"sameAs":["https:\/\/www.facebook.com\/eldiario.bolivia\/","https:\/\/x.com\/eldiario_net"]},{"@type":"Person","@id":"https:\/\/www.eldiario.net\/portal\/#\/schema\/person\/f46445640444750d7d753ccd04ae01b7","name":"Jeanette","image":{"@type":"ImageObject","inLanguage":"es","@id":"https:\/\/secure.gravatar.com\/avatar\/3ea2118a5f7dad2b7138b1187a6b7ee55f160b9968b66013c3a3ef39dd7e5798?s=96&d=mm&r=g","url":"https:\/\/secure.gravatar.com\/avatar\/3ea2118a5f7dad2b7138b1187a6b7ee55f160b9968b66013c3a3ef39dd7e5798?s=96&d=mm&r=g","contentUrl":"https:\/\/secure.gravatar.com\/avatar\/3ea2118a5f7dad2b7138b1187a6b7ee55f160b9968b66013c3a3ef39dd7e5798?s=96&d=mm&r=g","caption":"Jeanette"},"sameAs":["https:\/\/www.eldiario.net\/portal"],"url":"https:\/\/www.eldiario.net\/portal\/author\/jeanette\/"}]}},"_links":{"self":[{"href":"https:\/\/www.eldiario.net\/portal\/wp-json\/wp\/v2\/posts\/116946","targetHints":{"allow":["GET"]}}],"collection":[{"href":"https:\/\/www.eldiario.net\/portal\/wp-json\/wp\/v2\/posts"}],"about":[{"href":"https:\/\/www.eldiario.net\/portal\/wp-json\/wp\/v2\/types\/post"}],"author":[{"embeddable":true,"href":"https:\/\/www.eldiario.net\/portal\/wp-json\/wp\/v2\/users\/1"}],"replies":[{"embeddable":true,"href":"https:\/\/www.eldiario.net\/portal\/wp-json\/wp\/v2\/comments?post=116946"}],"version-history":[{"count":0,"href":"https:\/\/www.eldiario.net\/portal\/wp-json\/wp\/v2\/posts\/116946\/revisions"}],"wp:attachment":[{"href":"https:\/\/www.eldiario.net\/portal\/wp-json\/wp\/v2\/media?parent=116946"}],"wp:term":[{"taxonomy":"category","embeddable":true,"href":"https:\/\/www.eldiario.net\/portal\/wp-json\/wp\/v2\/categories?post=116946"},{"taxonomy":"post_tag","embeddable":true,"href":"https:\/\/www.eldiario.net\/portal\/wp-json\/wp\/v2\/tags?post=116946"}],"curies":[{"name":"wp","href":"https:\/\/api.w.org\/{rel}","templated":true}]}}