{"id":116941,"date":"2022-10-17T05:34:37","date_gmt":"2022-10-17T09:34:37","guid":{"rendered":"https:\/\/www.eldiario.net\/portal\/?p=116941"},"modified":"2022-10-17T05:34:37","modified_gmt":"2022-10-17T09:34:37","slug":"bolivia-aun-no-sube-su-oferta-y-depende-de-la-importacion","status":"publish","type":"post","link":"https:\/\/www.eldiario.net\/portal\/2022\/10\/17\/bolivia-aun-no-sube-su-oferta-y-depende-de-la-importacion\/","title":{"rendered":"Bolivia a\u00fan no sube  su oferta y depende de la importaci\u00f3n"},"content":{"rendered":"<p>A pesar del presupuesto significativo que inyecta el Gobierno al \u00e1rea rural para potenciar la producci\u00f3n de alimentos, todav\u00eda depende de la importaci\u00f3n legal e ilegal para abastecer a los mercados nacionales, productos que vienen especialmente de Per\u00fa y Chile. Los peque\u00f1os agricultores son los que aportan con su granito de arena mediante cultivos org\u00e1nicos, en su mayor\u00eda.<br \/>\n\u00abNuestros alimentos son producidos en su mayor\u00eda por los peque\u00f1os agricultores. Su gran labor inicia con las semillas; las guardan y las protegen porque saben que en ellas hay vida. Por generaciones cultivaron sin usar agroqu\u00edmicos ni transg\u00e9nicos y a\u00fan encontramos a quienes cultivan de manera responsable cuidando nuestra salud, nuestros bosques, suelos y r\u00edos\u00bb, se\u00f1alan los defensores de la naturaleza.<br \/>\nEn su momento, el investigador y docente de la Universidad Mayor de San Andr\u00e9s UMSA), Lucio Tito, indic\u00f3 que falta apoyo a las familias productoras org\u00e1nicas de parte de las autoridades nacionales, departamentales y municipales.<br \/>\nEl investigador tambi\u00e9n coment\u00f3 que el pa\u00eds no llego ni a la soberan\u00eda ni seguridad alimentaria, y que el abastecimiento de productos agr\u00edcolas dependen de la importaci\u00f3n de alimentos legales e ilegales.<br \/>\nEl Gobierno destin\u00f3 m\u00e1s de 3.000 millones de bolivianos para fortalecer la producci\u00f3n en el \u00e1rea rural a trav\u00e9s de sus diferentes programas, pero a la fecha no se conocen los resultados de la inversi\u00f3n.<br \/>\nCelebran<br \/>\nPor otra parte, el ministro de Desarrollo Rural y Tierras, Remmy Gonzales, particip\u00f3 en el municipio de Uyuni del departamento de Potos\u00ed, de un evento conmemorando el \u0093D\u00eda Mundial de la Alimentaci\u00f3n\u0094.<\/p>\n","protected":false},"excerpt":{"rendered":"<p>A pesar del presupuesto significativo que inyecta el Gobierno al \u00e1rea rural para potenciar la producci\u00f3n de alimentos, todav\u00eda depende de la importaci\u00f3n legal e ilegal para abastecer a los mercados nacionales, productos que vienen especialmente de Per\u00fa y Chile. Los peque\u00f1os agricultores son los que aportan con su granito de arena mediante cultivos org\u00e1nicos, [&hellip;]<\/p>\n","protected":false},"author":1,"featured_media":0,"comment_status":"closed","ping_status":"closed","sticky":false,"template":"","format":"standard","meta":{"_acf_changed":false,"footnotes":""},"categories":[7],"tags":[],"class_list":["post-116941","post","type-post","status-publish","format-standard","category-economia"],"acf":{"antetitulo":""},"yoast_head":"<!-- This site is optimized with the Yoast SEO plugin v28.4 - https:\/\/yoast.com\/product\/yoast-seo-wordpress\/ -->\n<title>Bolivia a\u00fan no sube su oferta y depende de la importaci\u00f3n - El Diario - Bolivia<\/title>\n<meta name=\"robots\" content=\"index, follow, max-snippet:-1, max-image-preview:large, max-video-preview:-1\" \/>\n<link rel=\"canonical\" href=\"https:\/\/www.eldiario.net\/portal\/2022\/10\/17\/bolivia-aun-no-sube-su-oferta-y-depende-de-la-importacion\/\" \/>\n<meta property=\"og:locale\" content=\"es_ES\" \/>\n<meta property=\"og:type\" content=\"article\" \/>\n<meta property=\"og:title\" content=\"Bolivia a\u00fan no sube su oferta y depende de la importaci\u00f3n - El Diario - Bolivia\" \/>\n<meta property=\"og:description\" content=\"A pesar del presupuesto significativo que inyecta el Gobierno al \u00e1rea rural para potenciar la producci\u00f3n de alimentos, todav\u00eda depende de la importaci\u00f3n legal e ilegal para abastecer a los mercados nacionales, productos que vienen especialmente de Per\u00fa y Chile. Los peque\u00f1os agricultores son los que aportan con su granito de arena mediante cultivos org\u00e1nicos, [&hellip;]\" \/>\n<meta property=\"og:url\" content=\"https:\/\/www.eldiario.net\/portal\/2022\/10\/17\/bolivia-aun-no-sube-su-oferta-y-depende-de-la-importacion\/\" \/>\n<meta property=\"og:site_name\" content=\"El Diario - Bolivia\" \/>\n<meta property=\"article:publisher\" content=\"https:\/\/www.facebook.com\/eldiario.bolivia\/\" \/>\n<meta property=\"article:published_time\" content=\"2022-10-17T09:34:37+00:00\" \/>\n<meta name=\"author\" content=\"Jeanette\" \/>\n<meta name=\"twitter:card\" content=\"summary_large_image\" \/>\n<meta name=\"twitter:creator\" content=\"@eldiario_net\" \/>\n<meta name=\"twitter:site\" content=\"@eldiario_net\" \/>\n<meta name=\"twitter:label1\" content=\"Escrito por\" \/>\n\t<meta name=\"twitter:data1\" content=\"Jeanette\" \/>\n\t<meta name=\"twitter:label2\" content=\"Tiempo de lectura\" \/>\n\t<meta name=\"twitter:data2\" content=\"2 minutos\" \/>\n<script type=\"application\/ld+json\" class=\"yoast-schema-graph\">{\"@context\":\"https:\\\/\\\/schema.org\",\"@graph\":[{\"@type\":\"Article\",\"@id\":\"https:\\\/\\\/www.eldiario.net\\\/portal\\\/2022\\\/10\\\/17\\\/bolivia-aun-no-sube-su-oferta-y-depende-de-la-importacion\\\/#article\",\"isPartOf\":{\"@id\":\"https:\\\/\\\/www.eldiario.net\\\/portal\\\/2022\\\/10\\\/17\\\/bolivia-aun-no-sube-su-oferta-y-depende-de-la-importacion\\\/\"},\"author\":{\"name\":\"Jeanette\",\"@id\":\"https:\\\/\\\/www.eldiario.net\\\/portal\\\/#\\\/schema\\\/person\\\/f46445640444750d7d753ccd04ae01b7\"},\"headline\":\"Bolivia a\u00fan no sube su oferta y depende de la importaci\u00f3n\",\"datePublished\":\"2022-10-17T09:34:37+00:00\",\"mainEntityOfPage\":{\"@id\":\"https:\\\/\\\/www.eldiario.net\\\/portal\\\/2022\\\/10\\\/17\\\/bolivia-aun-no-sube-su-oferta-y-depende-de-la-importacion\\\/\"},\"wordCount\":292,\"publisher\":{\"@id\":\"https:\\\/\\\/www.eldiario.net\\\/portal\\\/#organization\"},\"articleSection\":[\"Econom\u00eda\"],\"inLanguage\":\"es\"},{\"@type\":\"WebPage\",\"@id\":\"https:\\\/\\\/www.eldiario.net\\\/portal\\\/2022\\\/10\\\/17\\\/bolivia-aun-no-sube-su-oferta-y-depende-de-la-importacion\\\/\",\"url\":\"https:\\\/\\\/www.eldiario.net\\\/portal\\\/2022\\\/10\\\/17\\\/bolivia-aun-no-sube-su-oferta-y-depende-de-la-importacion\\\/\",\"name\":\"Bolivia a\u00fan no sube su oferta y depende de la importaci\u00f3n - El Diario - Bolivia\",\"isPartOf\":{\"@id\":\"https:\\\/\\\/www.eldiario.net\\\/portal\\\/#website\"},\"datePublished\":\"2022-10-17T09:34:37+00:00\",\"breadcrumb\":{\"@id\":\"https:\\\/\\\/www.eldiario.net\\\/portal\\\/2022\\\/10\\\/17\\\/bolivia-aun-no-sube-su-oferta-y-depende-de-la-importacion\\\/#breadcrumb\"},\"inLanguage\":\"es\",\"potentialAction\":[{\"@type\":\"ReadAction\",\"target\":[\"https:\\\/\\\/www.eldiario.net\\\/portal\\\/2022\\\/10\\\/17\\\/bolivia-aun-no-sube-su-oferta-y-depende-de-la-importacion\\\/\"]}]},{\"@type\":\"BreadcrumbList\",\"@id\":\"https:\\\/\\\/www.eldiario.net\\\/portal\\\/2022\\\/10\\\/17\\\/bolivia-aun-no-sube-su-oferta-y-depende-de-la-importacion\\\/#breadcrumb\",\"itemListElement\":[{\"@type\":\"ListItem\",\"position\":1,\"name\":\"Portada\",\"item\":\"https:\\\/\\\/www.eldiario.net\\\/portal\\\/\"},{\"@type\":\"ListItem\",\"position\":2,\"name\":\"Bolivia a\u00fan no sube su oferta y depende de la importaci\u00f3n\"}]},{\"@type\":\"WebSite\",\"@id\":\"https:\\\/\\\/www.eldiario.net\\\/portal\\\/#website\",\"url\":\"https:\\\/\\\/www.eldiario.net\\\/portal\\\/\",\"name\":\"El Diario - Decano de la prensa nacional\",\"description\":\"El Diario - Decano de la prensa nacional\",\"publisher\":{\"@id\":\"https:\\\/\\\/www.eldiario.net\\\/portal\\\/#organization\"},\"potentialAction\":[{\"@type\":\"SearchAction\",\"target\":{\"@type\":\"EntryPoint\",\"urlTemplate\":\"https:\\\/\\\/www.eldiario.net\\\/portal\\\/?s={search_term_string}\"},\"query-input\":{\"@type\":\"PropertyValueSpecification\",\"valueRequired\":true,\"valueName\":\"search_term_string\"}}],\"inLanguage\":\"es\"},{\"@type\":\"Organization\",\"@id\":\"https:\\\/\\\/www.eldiario.net\\\/portal\\\/#organization\",\"name\":\"El Diario - Decano de la prensa nacional\",\"url\":\"https:\\\/\\\/www.eldiario.net\\\/portal\\\/\",\"logo\":{\"@type\":\"ImageObject\",\"inLanguage\":\"es\",\"@id\":\"https:\\\/\\\/www.eldiario.net\\\/portal\\\/#\\\/schema\\\/logo\\\/image\\\/\",\"url\":\"https:\\\/\\\/www.eldiario.net\\\/portal\\\/wp-content\\\/uploads\\\/2023\\\/07\\\/logo_ED.jpg\",\"contentUrl\":\"https:\\\/\\\/www.eldiario.net\\\/portal\\\/wp-content\\\/uploads\\\/2023\\\/07\\\/logo_ED.jpg\",\"width\":272,\"height\":52,\"caption\":\"El Diario - Decano de la prensa nacional\"},\"image\":{\"@id\":\"https:\\\/\\\/www.eldiario.net\\\/portal\\\/#\\\/schema\\\/logo\\\/image\\\/\"},\"sameAs\":[\"https:\\\/\\\/www.facebook.com\\\/eldiario.bolivia\\\/\",\"https:\\\/\\\/x.com\\\/eldiario_net\"]},{\"@type\":\"Person\",\"@id\":\"https:\\\/\\\/www.eldiario.net\\\/portal\\\/#\\\/schema\\\/person\\\/f46445640444750d7d753ccd04ae01b7\",\"name\":\"Jeanette\",\"image\":{\"@type\":\"ImageObject\",\"inLanguage\":\"es\",\"@id\":\"https:\\\/\\\/secure.gravatar.com\\\/avatar\\\/3ea2118a5f7dad2b7138b1187a6b7ee55f160b9968b66013c3a3ef39dd7e5798?s=96&d=mm&r=g\",\"url\":\"https:\\\/\\\/secure.gravatar.com\\\/avatar\\\/3ea2118a5f7dad2b7138b1187a6b7ee55f160b9968b66013c3a3ef39dd7e5798?s=96&d=mm&r=g\",\"contentUrl\":\"https:\\\/\\\/secure.gravatar.com\\\/avatar\\\/3ea2118a5f7dad2b7138b1187a6b7ee55f160b9968b66013c3a3ef39dd7e5798?s=96&d=mm&r=g\",\"caption\":\"Jeanette\"},\"sameAs\":[\"https:\\\/\\\/www.eldiario.net\\\/portal\"],\"url\":\"https:\\\/\\\/www.eldiario.net\\\/portal\\\/author\\\/jeanette\\\/\"}]}<\/script>\n<!-- \/ Yoast SEO plugin. -->","yoast_head_json":{"title":"Bolivia a\u00fan no sube su oferta y depende de la importaci\u00f3n - El Diario - Bolivia","robots":{"index":"index","follow":"follow","max-snippet":"max-snippet:-1","max-image-preview":"max-image-preview:large","max-video-preview":"max-video-preview:-1"},"canonical":"https:\/\/www.eldiario.net\/portal\/2022\/10\/17\/bolivia-aun-no-sube-su-oferta-y-depende-de-la-importacion\/","og_locale":"es_ES","og_type":"article","og_title":"Bolivia a\u00fan no sube su oferta y depende de la importaci\u00f3n - El Diario - Bolivia","og_description":"A pesar del presupuesto significativo que inyecta el Gobierno al \u00e1rea rural para potenciar la producci\u00f3n de alimentos, todav\u00eda depende de la importaci\u00f3n legal e ilegal para abastecer a los mercados nacionales, productos que vienen especialmente de Per\u00fa y Chile. Los peque\u00f1os agricultores son los que aportan con su granito de arena mediante cultivos org\u00e1nicos, [&hellip;]","og_url":"https:\/\/www.eldiario.net\/portal\/2022\/10\/17\/bolivia-aun-no-sube-su-oferta-y-depende-de-la-importacion\/","og_site_name":"El Diario - Bolivia","article_publisher":"https:\/\/www.facebook.com\/eldiario.bolivia\/","article_published_time":"2022-10-17T09:34:37+00:00","author":"Jeanette","twitter_card":"summary_large_image","twitter_creator":"@eldiario_net","twitter_site":"@eldiario_net","twitter_misc":{"Escrito por":"Jeanette","Tiempo de lectura":"2 minutos"},"schema":{"@context":"https:\/\/schema.org","@graph":[{"@type":"Article","@id":"https:\/\/www.eldiario.net\/portal\/2022\/10\/17\/bolivia-aun-no-sube-su-oferta-y-depende-de-la-importacion\/#article","isPartOf":{"@id":"https:\/\/www.eldiario.net\/portal\/2022\/10\/17\/bolivia-aun-no-sube-su-oferta-y-depende-de-la-importacion\/"},"author":{"name":"Jeanette","@id":"https:\/\/www.eldiario.net\/portal\/#\/schema\/person\/f46445640444750d7d753ccd04ae01b7"},"headline":"Bolivia a\u00fan no sube su oferta y depende de la importaci\u00f3n","datePublished":"2022-10-17T09:34:37+00:00","mainEntityOfPage":{"@id":"https:\/\/www.eldiario.net\/portal\/2022\/10\/17\/bolivia-aun-no-sube-su-oferta-y-depende-de-la-importacion\/"},"wordCount":292,"publisher":{"@id":"https:\/\/www.eldiario.net\/portal\/#organization"},"articleSection":["Econom\u00eda"],"inLanguage":"es"},{"@type":"WebPage","@id":"https:\/\/www.eldiario.net\/portal\/2022\/10\/17\/bolivia-aun-no-sube-su-oferta-y-depende-de-la-importacion\/","url":"https:\/\/www.eldiario.net\/portal\/2022\/10\/17\/bolivia-aun-no-sube-su-oferta-y-depende-de-la-importacion\/","name":"Bolivia a\u00fan no sube su oferta y depende de la importaci\u00f3n - El Diario - Bolivia","isPartOf":{"@id":"https:\/\/www.eldiario.net\/portal\/#website"},"datePublished":"2022-10-17T09:34:37+00:00","breadcrumb":{"@id":"https:\/\/www.eldiario.net\/portal\/2022\/10\/17\/bolivia-aun-no-sube-su-oferta-y-depende-de-la-importacion\/#breadcrumb"},"inLanguage":"es","potentialAction":[{"@type":"ReadAction","target":["https:\/\/www.eldiario.net\/portal\/2022\/10\/17\/bolivia-aun-no-sube-su-oferta-y-depende-de-la-importacion\/"]}]},{"@type":"BreadcrumbList","@id":"https:\/\/www.eldiario.net\/portal\/2022\/10\/17\/bolivia-aun-no-sube-su-oferta-y-depende-de-la-importacion\/#breadcrumb","itemListElement":[{"@type":"ListItem","position":1,"name":"Portada","item":"https:\/\/www.eldiario.net\/portal\/"},{"@type":"ListItem","position":2,"name":"Bolivia a\u00fan no sube su oferta y depende de la importaci\u00f3n"}]},{"@type":"WebSite","@id":"https:\/\/www.eldiario.net\/portal\/#website","url":"https:\/\/www.eldiario.net\/portal\/","name":"El Diario - Decano de la prensa nacional","description":"El Diario - Decano de la prensa nacional","publisher":{"@id":"https:\/\/www.eldiario.net\/portal\/#organization"},"potentialAction":[{"@type":"SearchAction","target":{"@type":"EntryPoint","urlTemplate":"https:\/\/www.eldiario.net\/portal\/?s={search_term_string}"},"query-input":{"@type":"PropertyValueSpecification","valueRequired":true,"valueName":"search_term_string"}}],"inLanguage":"es"},{"@type":"Organization","@id":"https:\/\/www.eldiario.net\/portal\/#organization","name":"El Diario - Decano de la prensa nacional","url":"https:\/\/www.eldiario.net\/portal\/","logo":{"@type":"ImageObject","inLanguage":"es","@id":"https:\/\/www.eldiario.net\/portal\/#\/schema\/logo\/image\/","url":"https:\/\/www.eldiario.net\/portal\/wp-content\/uploads\/2023\/07\/logo_ED.jpg","contentUrl":"https:\/\/www.eldiario.net\/portal\/wp-content\/uploads\/2023\/07\/logo_ED.jpg","width":272,"height":52,"caption":"El Diario - Decano de la prensa nacional"},"image":{"@id":"https:\/\/www.eldiario.net\/portal\/#\/schema\/logo\/image\/"},"sameAs":["https:\/\/www.facebook.com\/eldiario.bolivia\/","https:\/\/x.com\/eldiario_net"]},{"@type":"Person","@id":"https:\/\/www.eldiario.net\/portal\/#\/schema\/person\/f46445640444750d7d753ccd04ae01b7","name":"Jeanette","image":{"@type":"ImageObject","inLanguage":"es","@id":"https:\/\/secure.gravatar.com\/avatar\/3ea2118a5f7dad2b7138b1187a6b7ee55f160b9968b66013c3a3ef39dd7e5798?s=96&d=mm&r=g","url":"https:\/\/secure.gravatar.com\/avatar\/3ea2118a5f7dad2b7138b1187a6b7ee55f160b9968b66013c3a3ef39dd7e5798?s=96&d=mm&r=g","contentUrl":"https:\/\/secure.gravatar.com\/avatar\/3ea2118a5f7dad2b7138b1187a6b7ee55f160b9968b66013c3a3ef39dd7e5798?s=96&d=mm&r=g","caption":"Jeanette"},"sameAs":["https:\/\/www.eldiario.net\/portal"],"url":"https:\/\/www.eldiario.net\/portal\/author\/jeanette\/"}]}},"_links":{"self":[{"href":"https:\/\/www.eldiario.net\/portal\/wp-json\/wp\/v2\/posts\/116941","targetHints":{"allow":["GET"]}}],"collection":[{"href":"https:\/\/www.eldiario.net\/portal\/wp-json\/wp\/v2\/posts"}],"about":[{"href":"https:\/\/www.eldiario.net\/portal\/wp-json\/wp\/v2\/types\/post"}],"author":[{"embeddable":true,"href":"https:\/\/www.eldiario.net\/portal\/wp-json\/wp\/v2\/users\/1"}],"replies":[{"embeddable":true,"href":"https:\/\/www.eldiario.net\/portal\/wp-json\/wp\/v2\/comments?post=116941"}],"version-history":[{"count":0,"href":"https:\/\/www.eldiario.net\/portal\/wp-json\/wp\/v2\/posts\/116941\/revisions"}],"wp:attachment":[{"href":"https:\/\/www.eldiario.net\/portal\/wp-json\/wp\/v2\/media?parent=116941"}],"wp:term":[{"taxonomy":"category","embeddable":true,"href":"https:\/\/www.eldiario.net\/portal\/wp-json\/wp\/v2\/categories?post=116941"},{"taxonomy":"post_tag","embeddable":true,"href":"https:\/\/www.eldiario.net\/portal\/wp-json\/wp\/v2\/tags?post=116941"}],"curies":[{"name":"wp","href":"https:\/\/api.w.org\/{rel}","templated":true}]}}