{"id":116938,"date":"2022-10-17T05:33:16","date_gmt":"2022-10-17T09:33:16","guid":{"rendered":"https:\/\/www.eldiario.net\/portal\/?p=116938"},"modified":"2022-10-17T05:33:16","modified_gmt":"2022-10-17T09:33:16","slug":"montano-es-parte-de-una-estrategia-del-masismo-para-danar-los-acuiferos","status":"publish","type":"post","link":"https:\/\/www.eldiario.net\/portal\/2022\/10\/17\/montano-es-parte-de-una-estrategia-del-masismo-para-danar-los-acuiferos\/","title":{"rendered":"Monta\u00f1o es parte de una estrategia  del masismo para da\u00f1ar los acu\u00edferos"},"content":{"rendered":"<p>La secretaria de Desarrollo Sostenible y Medio Ambiente de la Gobernaci\u00f3n, Mar\u00eda Julia Parada, acus\u00f3 al ministro de Obras P\u00fablicas, \u00c9dgar Monta\u00f1o, de ser parte de una estrategia del \u201cmasismo\u201d para atentar contra provisi\u00f3n de agua de m\u00e1s de dos millones y medio de cruce\u00f1os y de mentir cuando afirma que el proyecto carretero Las Cruces-Buena Vista cuenta con licencia ambiental.<br \/>\n\u201cDicho proyecto es totalmente contrario a la preservaci\u00f3n del acu\u00edfero G\u00fcend\u00e1-Urub\u00f3, por lo que no cuenta con licencia ambiental vigente y la Gobernaci\u00f3n no la otorgar\u00e1 en tanto y en cuanto el mismo pretenda pasar por encima de dicho reservorio de agua\u201d, afirm\u00f3.<br \/>\nParada recomend\u00f3 a Monta\u00f1o ser m\u00e1s responsable con el pueblo cruce\u00f1o y dej\u00f3 en claro que la Gobernaci\u00f3n de Santa Cruz defiende y siempre defender\u00e1 el medio ambiente y la calidad de vida de todos los habitantes del departamento.<br \/>\nPor su parte, el ministro Edgar Monta\u00f1o, asegur\u00f3 que en la reuni\u00f3n que se realiz\u00f3 entre el Gobierno, la CAF y la Gobernaci\u00f3n de Santa Cruz, los funcionarios de esta \u00faltima instituci\u00f3n cruce\u00f1a no pudieron sustentar el por qu\u00e9 se debe alterar el trayecto de la carretera Las Cruces-Buena Vista.<br \/>\nSe\u00f1al\u00f3 que la carretera tiene un monto presupuestado para toda la obra de m\u00e1s de $us 212 millones (financiado por la CAF), 70 % correspondiente al Gobierno, que ya comprometi\u00f3 los recursos, y 30 % de la Gobernaci\u00f3n como contraparte local, pero hasta la fecha no cumpli\u00f3 con la firma del convenio.<br \/>\nMonta\u00f1o ratific\u00f3 que el proyecto carretera Las Cruces-Buena Vista cuenta con las licencias ambientales. \u201cSe\u00f1ora secretaria, lea algo de los documentos que existen referente a la construcci\u00f3n de la carretera. Muestro al pueblo la prueba fehaciente de que s\u00ed hay las licencias medioambientales\u201d, dijo.<br \/>\n\u201cEl proyecto ya cuenta con licencia ambiental (\u2026) entonces es falso que la carretera da\u00f1a los acu\u00edferos. M\u00e1s da\u00f1o le hace a los acu\u00edferos la autorizaci\u00f3n de la Gobernaci\u00f3n para seguir loteando en el Urub\u00f3\u201d, manifest\u00f3.<br \/>\nEn paralelo grupos afines al Gobierno, entre campesinos e interculturales exigen la abrogaci\u00f3n de la Ley Departamental 208 que cre\u00f3 la Unidad de Conservaci\u00f3n del Patrimonio Natural Urub\u00f3-Guend\u00e1 que preserva un acu\u00edfero subterr\u00e1neo que provee el 60 % del agua que consume Santa Cruz.<br \/>\nLa Unidad de Conservaci\u00f3n del Patrimonio Natural G\u00fcend\u00e1-Urub\u00f3, ubicada en los municipios de Porongo, Buenavista y Portachuelo, tiene una superficie de 44.711 hect\u00e1reas y al menos, cuatro ecosistemas. Es un territorio rico en biodiversidad pero, sobre todo, es la principal fuente de agua para la zona de expansi\u00f3n de la capital cruce\u00f1a -el Urub\u00f3- para los pr\u00f3ximos 100 \u00f3 200 a\u00f1os. (Santa Cruz, Br\u00fajula Digital).<\/p>\n","protected":false},"excerpt":{"rendered":"<p>La secretaria de Desarrollo Sostenible y Medio Ambiente de la Gobernaci\u00f3n, Mar\u00eda Julia Parada, acus\u00f3 al ministro de Obras P\u00fablicas, \u00c9dgar Monta\u00f1o, de ser parte de una estrategia del \u201cmasismo\u201d para atentar contra provisi\u00f3n de agua de m\u00e1s de dos millones y medio de cruce\u00f1os y de mentir cuando afirma que el proyecto carretero Las [&hellip;]<\/p>\n","protected":false},"author":1,"featured_media":116939,"comment_status":"closed","ping_status":"closed","sticky":false,"template":"","format":"standard","meta":{"_acf_changed":false,"footnotes":""},"categories":[12],"tags":[],"class_list":["post-116938","post","type-post","status-publish","format-standard","has-post-thumbnail","category-nacional"],"acf":{"antetitulo":""},"yoast_head":"<!-- This site is optimized with the Yoast SEO plugin v28.4 - https:\/\/yoast.com\/product\/yoast-seo-wordpress\/ -->\n<title>Monta\u00f1o es parte de una estrategia del masismo para da\u00f1ar los acu\u00edferos - El Diario - Bolivia<\/title>\n<meta name=\"robots\" content=\"index, follow, max-snippet:-1, max-image-preview:large, max-video-preview:-1\" \/>\n<link rel=\"canonical\" href=\"https:\/\/www.eldiario.net\/portal\/2022\/10\/17\/montano-es-parte-de-una-estrategia-del-masismo-para-danar-los-acuiferos\/\" \/>\n<meta property=\"og:locale\" content=\"es_ES\" \/>\n<meta property=\"og:type\" content=\"article\" \/>\n<meta property=\"og:title\" content=\"Monta\u00f1o es parte de una estrategia del masismo para da\u00f1ar los acu\u00edferos - El Diario - Bolivia\" \/>\n<meta property=\"og:description\" content=\"La secretaria de Desarrollo Sostenible y Medio Ambiente de la Gobernaci\u00f3n, Mar\u00eda Julia Parada, acus\u00f3 al ministro de Obras P\u00fablicas, \u00c9dgar Monta\u00f1o, de ser parte de una estrategia del \u201cmasismo\u201d para atentar contra provisi\u00f3n de agua de m\u00e1s de dos millones y medio de cruce\u00f1os y de mentir cuando afirma que el proyecto carretero Las [&hellip;]\" \/>\n<meta property=\"og:url\" content=\"https:\/\/www.eldiario.net\/portal\/2022\/10\/17\/montano-es-parte-de-una-estrategia-del-masismo-para-danar-los-acuiferos\/\" \/>\n<meta property=\"og:site_name\" content=\"El Diario - Bolivia\" \/>\n<meta property=\"article:publisher\" content=\"https:\/\/www.facebook.com\/eldiario.bolivia\/\" \/>\n<meta property=\"article:published_time\" content=\"2022-10-17T09:33:16+00:00\" \/>\n<meta name=\"author\" content=\"Jeanette\" \/>\n<meta name=\"twitter:card\" content=\"summary_large_image\" \/>\n<meta name=\"twitter:creator\" content=\"@eldiario_net\" \/>\n<meta name=\"twitter:site\" content=\"@eldiario_net\" \/>\n<meta name=\"twitter:label1\" content=\"Escrito por\" \/>\n\t<meta name=\"twitter:data1\" content=\"Jeanette\" \/>\n\t<meta name=\"twitter:label2\" content=\"Tiempo de lectura\" \/>\n\t<meta name=\"twitter:data2\" content=\"2 minutos\" \/>\n<script type=\"application\/ld+json\" class=\"yoast-schema-graph\">{\"@context\":\"https:\\\/\\\/schema.org\",\"@graph\":[{\"@type\":\"Article\",\"@id\":\"https:\\\/\\\/www.eldiario.net\\\/portal\\\/2022\\\/10\\\/17\\\/montano-es-parte-de-una-estrategia-del-masismo-para-danar-los-acuiferos\\\/#article\",\"isPartOf\":{\"@id\":\"https:\\\/\\\/www.eldiario.net\\\/portal\\\/2022\\\/10\\\/17\\\/montano-es-parte-de-una-estrategia-del-masismo-para-danar-los-acuiferos\\\/\"},\"author\":{\"name\":\"Jeanette\",\"@id\":\"https:\\\/\\\/www.eldiario.net\\\/portal\\\/#\\\/schema\\\/person\\\/f46445640444750d7d753ccd04ae01b7\"},\"headline\":\"Monta\u00f1o es parte de una estrategia del masismo para da\u00f1ar los acu\u00edferos\",\"datePublished\":\"2022-10-17T09:33:16+00:00\",\"mainEntityOfPage\":{\"@id\":\"https:\\\/\\\/www.eldiario.net\\\/portal\\\/2022\\\/10\\\/17\\\/montano-es-parte-de-una-estrategia-del-masismo-para-danar-los-acuiferos\\\/\"},\"wordCount\":485,\"publisher\":{\"@id\":\"https:\\\/\\\/www.eldiario.net\\\/portal\\\/#organization\"},\"image\":{\"@id\":\"https:\\\/\\\/www.eldiario.net\\\/portal\\\/2022\\\/10\\\/17\\\/montano-es-parte-de-una-estrategia-del-masismo-para-danar-los-acuiferos\\\/#primaryimage\"},\"thumbnailUrl\":\"\",\"articleSection\":[\"Nacional\"],\"inLanguage\":\"es\"},{\"@type\":\"WebPage\",\"@id\":\"https:\\\/\\\/www.eldiario.net\\\/portal\\\/2022\\\/10\\\/17\\\/montano-es-parte-de-una-estrategia-del-masismo-para-danar-los-acuiferos\\\/\",\"url\":\"https:\\\/\\\/www.eldiario.net\\\/portal\\\/2022\\\/10\\\/17\\\/montano-es-parte-de-una-estrategia-del-masismo-para-danar-los-acuiferos\\\/\",\"name\":\"Monta\u00f1o es parte de una estrategia del masismo para da\u00f1ar los acu\u00edferos - El Diario - Bolivia\",\"isPartOf\":{\"@id\":\"https:\\\/\\\/www.eldiario.net\\\/portal\\\/#website\"},\"primaryImageOfPage\":{\"@id\":\"https:\\\/\\\/www.eldiario.net\\\/portal\\\/2022\\\/10\\\/17\\\/montano-es-parte-de-una-estrategia-del-masismo-para-danar-los-acuiferos\\\/#primaryimage\"},\"image\":{\"@id\":\"https:\\\/\\\/www.eldiario.net\\\/portal\\\/2022\\\/10\\\/17\\\/montano-es-parte-de-una-estrategia-del-masismo-para-danar-los-acuiferos\\\/#primaryimage\"},\"thumbnailUrl\":\"\",\"datePublished\":\"2022-10-17T09:33:16+00:00\",\"breadcrumb\":{\"@id\":\"https:\\\/\\\/www.eldiario.net\\\/portal\\\/2022\\\/10\\\/17\\\/montano-es-parte-de-una-estrategia-del-masismo-para-danar-los-acuiferos\\\/#breadcrumb\"},\"inLanguage\":\"es\",\"potentialAction\":[{\"@type\":\"ReadAction\",\"target\":[\"https:\\\/\\\/www.eldiario.net\\\/portal\\\/2022\\\/10\\\/17\\\/montano-es-parte-de-una-estrategia-del-masismo-para-danar-los-acuiferos\\\/\"]}]},{\"@type\":\"ImageObject\",\"inLanguage\":\"es\",\"@id\":\"https:\\\/\\\/www.eldiario.net\\\/portal\\\/2022\\\/10\\\/17\\\/montano-es-parte-de-una-estrategia-del-masismo-para-danar-los-acuiferos\\\/#primaryimage\",\"url\":\"\",\"contentUrl\":\"\"},{\"@type\":\"BreadcrumbList\",\"@id\":\"https:\\\/\\\/www.eldiario.net\\\/portal\\\/2022\\\/10\\\/17\\\/montano-es-parte-de-una-estrategia-del-masismo-para-danar-los-acuiferos\\\/#breadcrumb\",\"itemListElement\":[{\"@type\":\"ListItem\",\"position\":1,\"name\":\"Portada\",\"item\":\"https:\\\/\\\/www.eldiario.net\\\/portal\\\/\"},{\"@type\":\"ListItem\",\"position\":2,\"name\":\"Monta\u00f1o es parte de una estrategia del masismo para da\u00f1ar los acu\u00edferos\"}]},{\"@type\":\"WebSite\",\"@id\":\"https:\\\/\\\/www.eldiario.net\\\/portal\\\/#website\",\"url\":\"https:\\\/\\\/www.eldiario.net\\\/portal\\\/\",\"name\":\"El Diario - Decano de la prensa nacional\",\"description\":\"El Diario - Decano de la prensa nacional\",\"publisher\":{\"@id\":\"https:\\\/\\\/www.eldiario.net\\\/portal\\\/#organization\"},\"potentialAction\":[{\"@type\":\"SearchAction\",\"target\":{\"@type\":\"EntryPoint\",\"urlTemplate\":\"https:\\\/\\\/www.eldiario.net\\\/portal\\\/?s={search_term_string}\"},\"query-input\":{\"@type\":\"PropertyValueSpecification\",\"valueRequired\":true,\"valueName\":\"search_term_string\"}}],\"inLanguage\":\"es\"},{\"@type\":\"Organization\",\"@id\":\"https:\\\/\\\/www.eldiario.net\\\/portal\\\/#organization\",\"name\":\"El Diario - Decano de la prensa nacional\",\"url\":\"https:\\\/\\\/www.eldiario.net\\\/portal\\\/\",\"logo\":{\"@type\":\"ImageObject\",\"inLanguage\":\"es\",\"@id\":\"https:\\\/\\\/www.eldiario.net\\\/portal\\\/#\\\/schema\\\/logo\\\/image\\\/\",\"url\":\"https:\\\/\\\/www.eldiario.net\\\/portal\\\/wp-content\\\/uploads\\\/2023\\\/07\\\/logo_ED.jpg\",\"contentUrl\":\"https:\\\/\\\/www.eldiario.net\\\/portal\\\/wp-content\\\/uploads\\\/2023\\\/07\\\/logo_ED.jpg\",\"width\":272,\"height\":52,\"caption\":\"El Diario - Decano de la prensa nacional\"},\"image\":{\"@id\":\"https:\\\/\\\/www.eldiario.net\\\/portal\\\/#\\\/schema\\\/logo\\\/image\\\/\"},\"sameAs\":[\"https:\\\/\\\/www.facebook.com\\\/eldiario.bolivia\\\/\",\"https:\\\/\\\/x.com\\\/eldiario_net\"]},{\"@type\":\"Person\",\"@id\":\"https:\\\/\\\/www.eldiario.net\\\/portal\\\/#\\\/schema\\\/person\\\/f46445640444750d7d753ccd04ae01b7\",\"name\":\"Jeanette\",\"image\":{\"@type\":\"ImageObject\",\"inLanguage\":\"es\",\"@id\":\"https:\\\/\\\/secure.gravatar.com\\\/avatar\\\/3ea2118a5f7dad2b7138b1187a6b7ee55f160b9968b66013c3a3ef39dd7e5798?s=96&d=mm&r=g\",\"url\":\"https:\\\/\\\/secure.gravatar.com\\\/avatar\\\/3ea2118a5f7dad2b7138b1187a6b7ee55f160b9968b66013c3a3ef39dd7e5798?s=96&d=mm&r=g\",\"contentUrl\":\"https:\\\/\\\/secure.gravatar.com\\\/avatar\\\/3ea2118a5f7dad2b7138b1187a6b7ee55f160b9968b66013c3a3ef39dd7e5798?s=96&d=mm&r=g\",\"caption\":\"Jeanette\"},\"sameAs\":[\"https:\\\/\\\/www.eldiario.net\\\/portal\"],\"url\":\"https:\\\/\\\/www.eldiario.net\\\/portal\\\/author\\\/jeanette\\\/\"}]}<\/script>\n<!-- \/ Yoast SEO plugin. -->","yoast_head_json":{"title":"Monta\u00f1o es parte de una estrategia del masismo para da\u00f1ar los acu\u00edferos - El Diario - Bolivia","robots":{"index":"index","follow":"follow","max-snippet":"max-snippet:-1","max-image-preview":"max-image-preview:large","max-video-preview":"max-video-preview:-1"},"canonical":"https:\/\/www.eldiario.net\/portal\/2022\/10\/17\/montano-es-parte-de-una-estrategia-del-masismo-para-danar-los-acuiferos\/","og_locale":"es_ES","og_type":"article","og_title":"Monta\u00f1o es parte de una estrategia del masismo para da\u00f1ar los acu\u00edferos - El Diario - Bolivia","og_description":"La secretaria de Desarrollo Sostenible y Medio Ambiente de la Gobernaci\u00f3n, Mar\u00eda Julia Parada, acus\u00f3 al ministro de Obras P\u00fablicas, \u00c9dgar Monta\u00f1o, de ser parte de una estrategia del \u201cmasismo\u201d para atentar contra provisi\u00f3n de agua de m\u00e1s de dos millones y medio de cruce\u00f1os y de mentir cuando afirma que el proyecto carretero Las [&hellip;]","og_url":"https:\/\/www.eldiario.net\/portal\/2022\/10\/17\/montano-es-parte-de-una-estrategia-del-masismo-para-danar-los-acuiferos\/","og_site_name":"El Diario - Bolivia","article_publisher":"https:\/\/www.facebook.com\/eldiario.bolivia\/","article_published_time":"2022-10-17T09:33:16+00:00","author":"Jeanette","twitter_card":"summary_large_image","twitter_creator":"@eldiario_net","twitter_site":"@eldiario_net","twitter_misc":{"Escrito por":"Jeanette","Tiempo de lectura":"2 minutos"},"schema":{"@context":"https:\/\/schema.org","@graph":[{"@type":"Article","@id":"https:\/\/www.eldiario.net\/portal\/2022\/10\/17\/montano-es-parte-de-una-estrategia-del-masismo-para-danar-los-acuiferos\/#article","isPartOf":{"@id":"https:\/\/www.eldiario.net\/portal\/2022\/10\/17\/montano-es-parte-de-una-estrategia-del-masismo-para-danar-los-acuiferos\/"},"author":{"name":"Jeanette","@id":"https:\/\/www.eldiario.net\/portal\/#\/schema\/person\/f46445640444750d7d753ccd04ae01b7"},"headline":"Monta\u00f1o es parte de una estrategia del masismo para da\u00f1ar los acu\u00edferos","datePublished":"2022-10-17T09:33:16+00:00","mainEntityOfPage":{"@id":"https:\/\/www.eldiario.net\/portal\/2022\/10\/17\/montano-es-parte-de-una-estrategia-del-masismo-para-danar-los-acuiferos\/"},"wordCount":485,"publisher":{"@id":"https:\/\/www.eldiario.net\/portal\/#organization"},"image":{"@id":"https:\/\/www.eldiario.net\/portal\/2022\/10\/17\/montano-es-parte-de-una-estrategia-del-masismo-para-danar-los-acuiferos\/#primaryimage"},"thumbnailUrl":"","articleSection":["Nacional"],"inLanguage":"es"},{"@type":"WebPage","@id":"https:\/\/www.eldiario.net\/portal\/2022\/10\/17\/montano-es-parte-de-una-estrategia-del-masismo-para-danar-los-acuiferos\/","url":"https:\/\/www.eldiario.net\/portal\/2022\/10\/17\/montano-es-parte-de-una-estrategia-del-masismo-para-danar-los-acuiferos\/","name":"Monta\u00f1o es parte de una estrategia del masismo para da\u00f1ar los acu\u00edferos - El Diario - Bolivia","isPartOf":{"@id":"https:\/\/www.eldiario.net\/portal\/#website"},"primaryImageOfPage":{"@id":"https:\/\/www.eldiario.net\/portal\/2022\/10\/17\/montano-es-parte-de-una-estrategia-del-masismo-para-danar-los-acuiferos\/#primaryimage"},"image":{"@id":"https:\/\/www.eldiario.net\/portal\/2022\/10\/17\/montano-es-parte-de-una-estrategia-del-masismo-para-danar-los-acuiferos\/#primaryimage"},"thumbnailUrl":"","datePublished":"2022-10-17T09:33:16+00:00","breadcrumb":{"@id":"https:\/\/www.eldiario.net\/portal\/2022\/10\/17\/montano-es-parte-de-una-estrategia-del-masismo-para-danar-los-acuiferos\/#breadcrumb"},"inLanguage":"es","potentialAction":[{"@type":"ReadAction","target":["https:\/\/www.eldiario.net\/portal\/2022\/10\/17\/montano-es-parte-de-una-estrategia-del-masismo-para-danar-los-acuiferos\/"]}]},{"@type":"ImageObject","inLanguage":"es","@id":"https:\/\/www.eldiario.net\/portal\/2022\/10\/17\/montano-es-parte-de-una-estrategia-del-masismo-para-danar-los-acuiferos\/#primaryimage","url":"","contentUrl":""},{"@type":"BreadcrumbList","@id":"https:\/\/www.eldiario.net\/portal\/2022\/10\/17\/montano-es-parte-de-una-estrategia-del-masismo-para-danar-los-acuiferos\/#breadcrumb","itemListElement":[{"@type":"ListItem","position":1,"name":"Portada","item":"https:\/\/www.eldiario.net\/portal\/"},{"@type":"ListItem","position":2,"name":"Monta\u00f1o es parte de una estrategia del masismo para da\u00f1ar los acu\u00edferos"}]},{"@type":"WebSite","@id":"https:\/\/www.eldiario.net\/portal\/#website","url":"https:\/\/www.eldiario.net\/portal\/","name":"El Diario - Decano de la prensa nacional","description":"El Diario - Decano de la prensa nacional","publisher":{"@id":"https:\/\/www.eldiario.net\/portal\/#organization"},"potentialAction":[{"@type":"SearchAction","target":{"@type":"EntryPoint","urlTemplate":"https:\/\/www.eldiario.net\/portal\/?s={search_term_string}"},"query-input":{"@type":"PropertyValueSpecification","valueRequired":true,"valueName":"search_term_string"}}],"inLanguage":"es"},{"@type":"Organization","@id":"https:\/\/www.eldiario.net\/portal\/#organization","name":"El Diario - Decano de la prensa nacional","url":"https:\/\/www.eldiario.net\/portal\/","logo":{"@type":"ImageObject","inLanguage":"es","@id":"https:\/\/www.eldiario.net\/portal\/#\/schema\/logo\/image\/","url":"https:\/\/www.eldiario.net\/portal\/wp-content\/uploads\/2023\/07\/logo_ED.jpg","contentUrl":"https:\/\/www.eldiario.net\/portal\/wp-content\/uploads\/2023\/07\/logo_ED.jpg","width":272,"height":52,"caption":"El Diario - Decano de la prensa nacional"},"image":{"@id":"https:\/\/www.eldiario.net\/portal\/#\/schema\/logo\/image\/"},"sameAs":["https:\/\/www.facebook.com\/eldiario.bolivia\/","https:\/\/x.com\/eldiario_net"]},{"@type":"Person","@id":"https:\/\/www.eldiario.net\/portal\/#\/schema\/person\/f46445640444750d7d753ccd04ae01b7","name":"Jeanette","image":{"@type":"ImageObject","inLanguage":"es","@id":"https:\/\/secure.gravatar.com\/avatar\/3ea2118a5f7dad2b7138b1187a6b7ee55f160b9968b66013c3a3ef39dd7e5798?s=96&d=mm&r=g","url":"https:\/\/secure.gravatar.com\/avatar\/3ea2118a5f7dad2b7138b1187a6b7ee55f160b9968b66013c3a3ef39dd7e5798?s=96&d=mm&r=g","contentUrl":"https:\/\/secure.gravatar.com\/avatar\/3ea2118a5f7dad2b7138b1187a6b7ee55f160b9968b66013c3a3ef39dd7e5798?s=96&d=mm&r=g","caption":"Jeanette"},"sameAs":["https:\/\/www.eldiario.net\/portal"],"url":"https:\/\/www.eldiario.net\/portal\/author\/jeanette\/"}]}},"_links":{"self":[{"href":"https:\/\/www.eldiario.net\/portal\/wp-json\/wp\/v2\/posts\/116938","targetHints":{"allow":["GET"]}}],"collection":[{"href":"https:\/\/www.eldiario.net\/portal\/wp-json\/wp\/v2\/posts"}],"about":[{"href":"https:\/\/www.eldiario.net\/portal\/wp-json\/wp\/v2\/types\/post"}],"author":[{"embeddable":true,"href":"https:\/\/www.eldiario.net\/portal\/wp-json\/wp\/v2\/users\/1"}],"replies":[{"embeddable":true,"href":"https:\/\/www.eldiario.net\/portal\/wp-json\/wp\/v2\/comments?post=116938"}],"version-history":[{"count":0,"href":"https:\/\/www.eldiario.net\/portal\/wp-json\/wp\/v2\/posts\/116938\/revisions"}],"wp:attachment":[{"href":"https:\/\/www.eldiario.net\/portal\/wp-json\/wp\/v2\/media?parent=116938"}],"wp:term":[{"taxonomy":"category","embeddable":true,"href":"https:\/\/www.eldiario.net\/portal\/wp-json\/wp\/v2\/categories?post=116938"},{"taxonomy":"post_tag","embeddable":true,"href":"https:\/\/www.eldiario.net\/portal\/wp-json\/wp\/v2\/tags?post=116938"}],"curies":[{"name":"wp","href":"https:\/\/api.w.org\/{rel}","templated":true}]}}