{"id":116935,"date":"2022-10-17T05:32:16","date_gmt":"2022-10-17T09:32:16","guid":{"rendered":"https:\/\/www.eldiario.net\/portal\/?p=116935"},"modified":"2022-10-17T05:32:16","modified_gmt":"2022-10-17T09:32:16","slug":"en-santa-cruz-se-registran-solamente-211-focos-de-calor","status":"publish","type":"post","link":"https:\/\/www.eldiario.net\/portal\/2022\/10\/17\/en-santa-cruz-se-registran-solamente-211-focos-de-calor\/","title":{"rendered":"En Santa Cruz se registran solamente 211 focos de calor"},"content":{"rendered":"<p>Un total de 211 focos de calor se registraron en el departamento de Santa Cruz, seg\u00fan informe proporcionado ayer por el Sistema de Alerta Temprana de Incendios Forestales (Satif).<br \/>\n\u201cEn los \u00faltimos tres d\u00edas no se report\u00f3 ning\u00fan incendio forestal en todo el departamento, estamos muy contentos con esta noticia. Por otra parte, s\u00ed se registraron focos de calor, estos se presentan en territorio o en tierras de uso agropecuario intensivo y uso agro silvopastoril, y podemos estar tranquilos puesto que estas son quemas controladas y monitoreadas\u201d, explic\u00f3 el coordinador de Instructores de Bomberos Forestales instructores de la Gobernaci\u00f3n Jaime Zorrilla.<br \/>\nCon los 211 focos de calor nuevos, se hace un total acumulado de 21.898 en lo que va el mes, dijo.<br \/>\nEl total de emergencias atendidas fueron de 393 incendios forestales y de pastizales, en los cuales se movilizaron 5.079 bomberos y personal de apoyo, la superficie afectada en toda esta temporada ha sido de 867.000 hect\u00e1reas. (Santa Cruz, agencias).<\/p>\n","protected":false},"excerpt":{"rendered":"<p>Un total de 211 focos de calor se registraron en el departamento de Santa Cruz, seg\u00fan informe proporcionado ayer por el Sistema de Alerta Temprana de Incendios Forestales (Satif). \u201cEn los \u00faltimos tres d\u00edas no se report\u00f3 ning\u00fan incendio forestal en todo el departamento, estamos muy contentos con esta noticia. Por otra parte, s\u00ed se [&hellip;]<\/p>\n","protected":false},"author":1,"featured_media":116936,"comment_status":"closed","ping_status":"closed","sticky":false,"template":"","format":"standard","meta":{"_acf_changed":false,"footnotes":""},"categories":[12],"tags":[],"class_list":["post-116935","post","type-post","status-publish","format-standard","has-post-thumbnail","category-nacional"],"acf":{"antetitulo":""},"yoast_head":"<!-- This site is optimized with the Yoast SEO plugin v28.4 - https:\/\/yoast.com\/product\/yoast-seo-wordpress\/ -->\n<title>En Santa Cruz se registran solamente 211 focos de calor - El Diario - Bolivia<\/title>\n<meta name=\"robots\" content=\"index, follow, max-snippet:-1, max-image-preview:large, max-video-preview:-1\" \/>\n<link rel=\"canonical\" href=\"https:\/\/www.eldiario.net\/portal\/2022\/10\/17\/en-santa-cruz-se-registran-solamente-211-focos-de-calor\/\" \/>\n<meta property=\"og:locale\" content=\"es_ES\" \/>\n<meta property=\"og:type\" content=\"article\" \/>\n<meta property=\"og:title\" content=\"En Santa Cruz se registran solamente 211 focos de calor - El Diario - Bolivia\" \/>\n<meta property=\"og:description\" content=\"Un total de 211 focos de calor se registraron en el departamento de Santa Cruz, seg\u00fan informe proporcionado ayer por el Sistema de Alerta Temprana de Incendios Forestales (Satif). \u201cEn los \u00faltimos tres d\u00edas no se report\u00f3 ning\u00fan incendio forestal en todo el departamento, estamos muy contentos con esta noticia. Por otra parte, s\u00ed se [&hellip;]\" \/>\n<meta property=\"og:url\" content=\"https:\/\/www.eldiario.net\/portal\/2022\/10\/17\/en-santa-cruz-se-registran-solamente-211-focos-de-calor\/\" \/>\n<meta property=\"og:site_name\" content=\"El Diario - Bolivia\" \/>\n<meta property=\"article:publisher\" content=\"https:\/\/www.facebook.com\/eldiario.bolivia\/\" \/>\n<meta property=\"article:published_time\" content=\"2022-10-17T09:32:16+00:00\" \/>\n<meta property=\"og:image\" content=\"https:\/\/www.eldiario.net\/portal\/wp-content\/uploads\/2022\/10\/11-NAL-4.jpg\" \/>\n\t<meta property=\"og:image:width\" content=\"1156\" \/>\n\t<meta property=\"og:image:height\" content=\"867\" \/>\n\t<meta property=\"og:image:type\" content=\"image\/jpeg\" \/>\n<meta name=\"author\" content=\"Jeanette\" \/>\n<meta name=\"twitter:card\" content=\"summary_large_image\" \/>\n<meta name=\"twitter:creator\" content=\"@eldiario_net\" \/>\n<meta name=\"twitter:site\" content=\"@eldiario_net\" \/>\n<meta name=\"twitter:label1\" content=\"Escrito por\" \/>\n\t<meta name=\"twitter:data1\" content=\"Jeanette\" \/>\n\t<meta name=\"twitter:label2\" content=\"Tiempo de lectura\" \/>\n\t<meta name=\"twitter:data2\" content=\"1 minuto\" \/>\n<script type=\"application\/ld+json\" class=\"yoast-schema-graph\">{\"@context\":\"https:\\\/\\\/schema.org\",\"@graph\":[{\"@type\":\"Article\",\"@id\":\"https:\\\/\\\/www.eldiario.net\\\/portal\\\/2022\\\/10\\\/17\\\/en-santa-cruz-se-registran-solamente-211-focos-de-calor\\\/#article\",\"isPartOf\":{\"@id\":\"https:\\\/\\\/www.eldiario.net\\\/portal\\\/2022\\\/10\\\/17\\\/en-santa-cruz-se-registran-solamente-211-focos-de-calor\\\/\"},\"author\":{\"name\":\"Jeanette\",\"@id\":\"https:\\\/\\\/www.eldiario.net\\\/portal\\\/#\\\/schema\\\/person\\\/f46445640444750d7d753ccd04ae01b7\"},\"headline\":\"En Santa Cruz se registran solamente 211 focos de calor\",\"datePublished\":\"2022-10-17T09:32:16+00:00\",\"mainEntityOfPage\":{\"@id\":\"https:\\\/\\\/www.eldiario.net\\\/portal\\\/2022\\\/10\\\/17\\\/en-santa-cruz-se-registran-solamente-211-focos-de-calor\\\/\"},\"wordCount\":169,\"publisher\":{\"@id\":\"https:\\\/\\\/www.eldiario.net\\\/portal\\\/#organization\"},\"image\":{\"@id\":\"https:\\\/\\\/www.eldiario.net\\\/portal\\\/2022\\\/10\\\/17\\\/en-santa-cruz-se-registran-solamente-211-focos-de-calor\\\/#primaryimage\"},\"thumbnailUrl\":\"https:\\\/\\\/www.eldiario.net\\\/portal\\\/wp-content\\\/uploads\\\/2022\\\/10\\\/11-NAL-4.jpg\",\"articleSection\":[\"Nacional\"],\"inLanguage\":\"es\"},{\"@type\":\"WebPage\",\"@id\":\"https:\\\/\\\/www.eldiario.net\\\/portal\\\/2022\\\/10\\\/17\\\/en-santa-cruz-se-registran-solamente-211-focos-de-calor\\\/\",\"url\":\"https:\\\/\\\/www.eldiario.net\\\/portal\\\/2022\\\/10\\\/17\\\/en-santa-cruz-se-registran-solamente-211-focos-de-calor\\\/\",\"name\":\"En Santa Cruz se registran solamente 211 focos de calor - El Diario - Bolivia\",\"isPartOf\":{\"@id\":\"https:\\\/\\\/www.eldiario.net\\\/portal\\\/#website\"},\"primaryImageOfPage\":{\"@id\":\"https:\\\/\\\/www.eldiario.net\\\/portal\\\/2022\\\/10\\\/17\\\/en-santa-cruz-se-registran-solamente-211-focos-de-calor\\\/#primaryimage\"},\"image\":{\"@id\":\"https:\\\/\\\/www.eldiario.net\\\/portal\\\/2022\\\/10\\\/17\\\/en-santa-cruz-se-registran-solamente-211-focos-de-calor\\\/#primaryimage\"},\"thumbnailUrl\":\"https:\\\/\\\/www.eldiario.net\\\/portal\\\/wp-content\\\/uploads\\\/2022\\\/10\\\/11-NAL-4.jpg\",\"datePublished\":\"2022-10-17T09:32:16+00:00\",\"breadcrumb\":{\"@id\":\"https:\\\/\\\/www.eldiario.net\\\/portal\\\/2022\\\/10\\\/17\\\/en-santa-cruz-se-registran-solamente-211-focos-de-calor\\\/#breadcrumb\"},\"inLanguage\":\"es\",\"potentialAction\":[{\"@type\":\"ReadAction\",\"target\":[\"https:\\\/\\\/www.eldiario.net\\\/portal\\\/2022\\\/10\\\/17\\\/en-santa-cruz-se-registran-solamente-211-focos-de-calor\\\/\"]}]},{\"@type\":\"ImageObject\",\"inLanguage\":\"es\",\"@id\":\"https:\\\/\\\/www.eldiario.net\\\/portal\\\/2022\\\/10\\\/17\\\/en-santa-cruz-se-registran-solamente-211-focos-de-calor\\\/#primaryimage\",\"url\":\"https:\\\/\\\/www.eldiario.net\\\/portal\\\/wp-content\\\/uploads\\\/2022\\\/10\\\/11-NAL-4.jpg\",\"contentUrl\":\"https:\\\/\\\/www.eldiario.net\\\/portal\\\/wp-content\\\/uploads\\\/2022\\\/10\\\/11-NAL-4.jpg\",\"width\":1156,\"height\":867,\"caption\":\"El coordinador de Instructores de Bomberos Forestales de la direcci\u00f3n de recursos naturales, Jaime Zorrilla.\"},{\"@type\":\"BreadcrumbList\",\"@id\":\"https:\\\/\\\/www.eldiario.net\\\/portal\\\/2022\\\/10\\\/17\\\/en-santa-cruz-se-registran-solamente-211-focos-de-calor\\\/#breadcrumb\",\"itemListElement\":[{\"@type\":\"ListItem\",\"position\":1,\"name\":\"Portada\",\"item\":\"https:\\\/\\\/www.eldiario.net\\\/portal\\\/\"},{\"@type\":\"ListItem\",\"position\":2,\"name\":\"En Santa Cruz se registran solamente 211 focos de calor\"}]},{\"@type\":\"WebSite\",\"@id\":\"https:\\\/\\\/www.eldiario.net\\\/portal\\\/#website\",\"url\":\"https:\\\/\\\/www.eldiario.net\\\/portal\\\/\",\"name\":\"El Diario - Decano de la prensa nacional\",\"description\":\"El Diario - Decano de la prensa nacional\",\"publisher\":{\"@id\":\"https:\\\/\\\/www.eldiario.net\\\/portal\\\/#organization\"},\"potentialAction\":[{\"@type\":\"SearchAction\",\"target\":{\"@type\":\"EntryPoint\",\"urlTemplate\":\"https:\\\/\\\/www.eldiario.net\\\/portal\\\/?s={search_term_string}\"},\"query-input\":{\"@type\":\"PropertyValueSpecification\",\"valueRequired\":true,\"valueName\":\"search_term_string\"}}],\"inLanguage\":\"es\"},{\"@type\":\"Organization\",\"@id\":\"https:\\\/\\\/www.eldiario.net\\\/portal\\\/#organization\",\"name\":\"El Diario - Decano de la prensa nacional\",\"url\":\"https:\\\/\\\/www.eldiario.net\\\/portal\\\/\",\"logo\":{\"@type\":\"ImageObject\",\"inLanguage\":\"es\",\"@id\":\"https:\\\/\\\/www.eldiario.net\\\/portal\\\/#\\\/schema\\\/logo\\\/image\\\/\",\"url\":\"https:\\\/\\\/www.eldiario.net\\\/portal\\\/wp-content\\\/uploads\\\/2023\\\/07\\\/logo_ED.jpg\",\"contentUrl\":\"https:\\\/\\\/www.eldiario.net\\\/portal\\\/wp-content\\\/uploads\\\/2023\\\/07\\\/logo_ED.jpg\",\"width\":272,\"height\":52,\"caption\":\"El Diario - Decano de la prensa nacional\"},\"image\":{\"@id\":\"https:\\\/\\\/www.eldiario.net\\\/portal\\\/#\\\/schema\\\/logo\\\/image\\\/\"},\"sameAs\":[\"https:\\\/\\\/www.facebook.com\\\/eldiario.bolivia\\\/\",\"https:\\\/\\\/x.com\\\/eldiario_net\"]},{\"@type\":\"Person\",\"@id\":\"https:\\\/\\\/www.eldiario.net\\\/portal\\\/#\\\/schema\\\/person\\\/f46445640444750d7d753ccd04ae01b7\",\"name\":\"Jeanette\",\"image\":{\"@type\":\"ImageObject\",\"inLanguage\":\"es\",\"@id\":\"https:\\\/\\\/secure.gravatar.com\\\/avatar\\\/3ea2118a5f7dad2b7138b1187a6b7ee55f160b9968b66013c3a3ef39dd7e5798?s=96&d=mm&r=g\",\"url\":\"https:\\\/\\\/secure.gravatar.com\\\/avatar\\\/3ea2118a5f7dad2b7138b1187a6b7ee55f160b9968b66013c3a3ef39dd7e5798?s=96&d=mm&r=g\",\"contentUrl\":\"https:\\\/\\\/secure.gravatar.com\\\/avatar\\\/3ea2118a5f7dad2b7138b1187a6b7ee55f160b9968b66013c3a3ef39dd7e5798?s=96&d=mm&r=g\",\"caption\":\"Jeanette\"},\"sameAs\":[\"https:\\\/\\\/www.eldiario.net\\\/portal\"],\"url\":\"https:\\\/\\\/www.eldiario.net\\\/portal\\\/author\\\/jeanette\\\/\"}]}<\/script>\n<!-- \/ Yoast SEO plugin. -->","yoast_head_json":{"title":"En Santa Cruz se registran solamente 211 focos de calor - El Diario - Bolivia","robots":{"index":"index","follow":"follow","max-snippet":"max-snippet:-1","max-image-preview":"max-image-preview:large","max-video-preview":"max-video-preview:-1"},"canonical":"https:\/\/www.eldiario.net\/portal\/2022\/10\/17\/en-santa-cruz-se-registran-solamente-211-focos-de-calor\/","og_locale":"es_ES","og_type":"article","og_title":"En Santa Cruz se registran solamente 211 focos de calor - El Diario - Bolivia","og_description":"Un total de 211 focos de calor se registraron en el departamento de Santa Cruz, seg\u00fan informe proporcionado ayer por el Sistema de Alerta Temprana de Incendios Forestales (Satif). \u201cEn los \u00faltimos tres d\u00edas no se report\u00f3 ning\u00fan incendio forestal en todo el departamento, estamos muy contentos con esta noticia. Por otra parte, s\u00ed se [&hellip;]","og_url":"https:\/\/www.eldiario.net\/portal\/2022\/10\/17\/en-santa-cruz-se-registran-solamente-211-focos-de-calor\/","og_site_name":"El Diario - Bolivia","article_publisher":"https:\/\/www.facebook.com\/eldiario.bolivia\/","article_published_time":"2022-10-17T09:32:16+00:00","og_image":[{"width":1156,"height":867,"url":"https:\/\/www.eldiario.net\/portal\/wp-content\/uploads\/2022\/10\/11-NAL-4.jpg","type":"image\/jpeg"}],"author":"Jeanette","twitter_card":"summary_large_image","twitter_creator":"@eldiario_net","twitter_site":"@eldiario_net","twitter_misc":{"Escrito por":"Jeanette","Tiempo de lectura":"1 minuto"},"schema":{"@context":"https:\/\/schema.org","@graph":[{"@type":"Article","@id":"https:\/\/www.eldiario.net\/portal\/2022\/10\/17\/en-santa-cruz-se-registran-solamente-211-focos-de-calor\/#article","isPartOf":{"@id":"https:\/\/www.eldiario.net\/portal\/2022\/10\/17\/en-santa-cruz-se-registran-solamente-211-focos-de-calor\/"},"author":{"name":"Jeanette","@id":"https:\/\/www.eldiario.net\/portal\/#\/schema\/person\/f46445640444750d7d753ccd04ae01b7"},"headline":"En Santa Cruz se registran solamente 211 focos de calor","datePublished":"2022-10-17T09:32:16+00:00","mainEntityOfPage":{"@id":"https:\/\/www.eldiario.net\/portal\/2022\/10\/17\/en-santa-cruz-se-registran-solamente-211-focos-de-calor\/"},"wordCount":169,"publisher":{"@id":"https:\/\/www.eldiario.net\/portal\/#organization"},"image":{"@id":"https:\/\/www.eldiario.net\/portal\/2022\/10\/17\/en-santa-cruz-se-registran-solamente-211-focos-de-calor\/#primaryimage"},"thumbnailUrl":"https:\/\/www.eldiario.net\/portal\/wp-content\/uploads\/2022\/10\/11-NAL-4.jpg","articleSection":["Nacional"],"inLanguage":"es"},{"@type":"WebPage","@id":"https:\/\/www.eldiario.net\/portal\/2022\/10\/17\/en-santa-cruz-se-registran-solamente-211-focos-de-calor\/","url":"https:\/\/www.eldiario.net\/portal\/2022\/10\/17\/en-santa-cruz-se-registran-solamente-211-focos-de-calor\/","name":"En Santa Cruz se registran solamente 211 focos de calor - El Diario - Bolivia","isPartOf":{"@id":"https:\/\/www.eldiario.net\/portal\/#website"},"primaryImageOfPage":{"@id":"https:\/\/www.eldiario.net\/portal\/2022\/10\/17\/en-santa-cruz-se-registran-solamente-211-focos-de-calor\/#primaryimage"},"image":{"@id":"https:\/\/www.eldiario.net\/portal\/2022\/10\/17\/en-santa-cruz-se-registran-solamente-211-focos-de-calor\/#primaryimage"},"thumbnailUrl":"https:\/\/www.eldiario.net\/portal\/wp-content\/uploads\/2022\/10\/11-NAL-4.jpg","datePublished":"2022-10-17T09:32:16+00:00","breadcrumb":{"@id":"https:\/\/www.eldiario.net\/portal\/2022\/10\/17\/en-santa-cruz-se-registran-solamente-211-focos-de-calor\/#breadcrumb"},"inLanguage":"es","potentialAction":[{"@type":"ReadAction","target":["https:\/\/www.eldiario.net\/portal\/2022\/10\/17\/en-santa-cruz-se-registran-solamente-211-focos-de-calor\/"]}]},{"@type":"ImageObject","inLanguage":"es","@id":"https:\/\/www.eldiario.net\/portal\/2022\/10\/17\/en-santa-cruz-se-registran-solamente-211-focos-de-calor\/#primaryimage","url":"https:\/\/www.eldiario.net\/portal\/wp-content\/uploads\/2022\/10\/11-NAL-4.jpg","contentUrl":"https:\/\/www.eldiario.net\/portal\/wp-content\/uploads\/2022\/10\/11-NAL-4.jpg","width":1156,"height":867,"caption":"El coordinador de Instructores de Bomberos Forestales de la direcci\u00f3n de recursos naturales, Jaime Zorrilla."},{"@type":"BreadcrumbList","@id":"https:\/\/www.eldiario.net\/portal\/2022\/10\/17\/en-santa-cruz-se-registran-solamente-211-focos-de-calor\/#breadcrumb","itemListElement":[{"@type":"ListItem","position":1,"name":"Portada","item":"https:\/\/www.eldiario.net\/portal\/"},{"@type":"ListItem","position":2,"name":"En Santa Cruz se registran solamente 211 focos de calor"}]},{"@type":"WebSite","@id":"https:\/\/www.eldiario.net\/portal\/#website","url":"https:\/\/www.eldiario.net\/portal\/","name":"El Diario - Decano de la prensa nacional","description":"El Diario - Decano de la prensa nacional","publisher":{"@id":"https:\/\/www.eldiario.net\/portal\/#organization"},"potentialAction":[{"@type":"SearchAction","target":{"@type":"EntryPoint","urlTemplate":"https:\/\/www.eldiario.net\/portal\/?s={search_term_string}"},"query-input":{"@type":"PropertyValueSpecification","valueRequired":true,"valueName":"search_term_string"}}],"inLanguage":"es"},{"@type":"Organization","@id":"https:\/\/www.eldiario.net\/portal\/#organization","name":"El Diario - Decano de la prensa nacional","url":"https:\/\/www.eldiario.net\/portal\/","logo":{"@type":"ImageObject","inLanguage":"es","@id":"https:\/\/www.eldiario.net\/portal\/#\/schema\/logo\/image\/","url":"https:\/\/www.eldiario.net\/portal\/wp-content\/uploads\/2023\/07\/logo_ED.jpg","contentUrl":"https:\/\/www.eldiario.net\/portal\/wp-content\/uploads\/2023\/07\/logo_ED.jpg","width":272,"height":52,"caption":"El Diario - Decano de la prensa nacional"},"image":{"@id":"https:\/\/www.eldiario.net\/portal\/#\/schema\/logo\/image\/"},"sameAs":["https:\/\/www.facebook.com\/eldiario.bolivia\/","https:\/\/x.com\/eldiario_net"]},{"@type":"Person","@id":"https:\/\/www.eldiario.net\/portal\/#\/schema\/person\/f46445640444750d7d753ccd04ae01b7","name":"Jeanette","image":{"@type":"ImageObject","inLanguage":"es","@id":"https:\/\/secure.gravatar.com\/avatar\/3ea2118a5f7dad2b7138b1187a6b7ee55f160b9968b66013c3a3ef39dd7e5798?s=96&d=mm&r=g","url":"https:\/\/secure.gravatar.com\/avatar\/3ea2118a5f7dad2b7138b1187a6b7ee55f160b9968b66013c3a3ef39dd7e5798?s=96&d=mm&r=g","contentUrl":"https:\/\/secure.gravatar.com\/avatar\/3ea2118a5f7dad2b7138b1187a6b7ee55f160b9968b66013c3a3ef39dd7e5798?s=96&d=mm&r=g","caption":"Jeanette"},"sameAs":["https:\/\/www.eldiario.net\/portal"],"url":"https:\/\/www.eldiario.net\/portal\/author\/jeanette\/"}]}},"_links":{"self":[{"href":"https:\/\/www.eldiario.net\/portal\/wp-json\/wp\/v2\/posts\/116935","targetHints":{"allow":["GET"]}}],"collection":[{"href":"https:\/\/www.eldiario.net\/portal\/wp-json\/wp\/v2\/posts"}],"about":[{"href":"https:\/\/www.eldiario.net\/portal\/wp-json\/wp\/v2\/types\/post"}],"author":[{"embeddable":true,"href":"https:\/\/www.eldiario.net\/portal\/wp-json\/wp\/v2\/users\/1"}],"replies":[{"embeddable":true,"href":"https:\/\/www.eldiario.net\/portal\/wp-json\/wp\/v2\/comments?post=116935"}],"version-history":[{"count":0,"href":"https:\/\/www.eldiario.net\/portal\/wp-json\/wp\/v2\/posts\/116935\/revisions"}],"wp:featuredmedia":[{"embeddable":true,"href":"https:\/\/www.eldiario.net\/portal\/wp-json\/wp\/v2\/media\/116936"}],"wp:attachment":[{"href":"https:\/\/www.eldiario.net\/portal\/wp-json\/wp\/v2\/media?parent=116935"}],"wp:term":[{"taxonomy":"category","embeddable":true,"href":"https:\/\/www.eldiario.net\/portal\/wp-json\/wp\/v2\/categories?post=116935"},{"taxonomy":"post_tag","embeddable":true,"href":"https:\/\/www.eldiario.net\/portal\/wp-json\/wp\/v2\/tags?post=116935"}],"curies":[{"name":"wp","href":"https:\/\/api.w.org\/{rel}","templated":true}]}}