{"id":116930,"date":"2022-10-16T02:04:58","date_gmt":"2022-10-16T06:04:58","guid":{"rendered":"https:\/\/www.eldiario.net\/portal\/?p=116930"},"modified":"2022-10-16T02:04:58","modified_gmt":"2022-10-16T06:04:58","slug":"bolivar-nuevamente-trepa-a-la-punta","status":"publish","type":"post","link":"https:\/\/www.eldiario.net\/portal\/2022\/10\/16\/bolivar-nuevamente-trepa-a-la-punta\/","title":{"rendered":"Bol\u00edvar nuevamente trepa a la punta"},"content":{"rendered":"<p>&nbsp;<\/p>\n<p>Bol\u00edvar dej\u00f3 ayer el tercer lugar en la tabla de posiciones del torneo Clausura al vencer por 3 &#8211; 1 a Nacional Potos\u00ed, en el estadio Hernando Siles y con este resultado trep\u00f3 nuevamente a la punta del torneo Clausura, donde comparte puesto con The Strongest, ambos igualados con 50 puntos.<br \/>\nLos hombres de Zago se presentaron con una ofensiva disminuida producto de expulsiones; sin embargo, esta l\u00ednea se vio fortalecida con un Patricio Rodr\u00edguez inspirado y un medio campo fortalecido con Abrego y Lima en una de sus mejores tardes.<br \/>\nPrecisamente fue Rai Lima fue quien marc\u00f3 el primer gol para su parcialidad a los \u201914, luego de un zurdazo de frente al sacarse la marcaci\u00f3n del adversario. Durante el desplazamiento de la pelota, choc\u00f3 en un defensor descolocando al arquero Mustaf\u00e1.<br \/>\nBol\u00edvar fue el claro dominador con ataques generados por Roberto Fern\u00e1ndez y las recepciones elegantes y r\u00e1pidas de Rodr\u00edguez.<br \/>\nEl segundo gol fue a los \u201922, generado por una jugada de Fern\u00e1ndez que super\u00f3 la l\u00ednea defensiva y envi\u00f3 un centro a la posici\u00f3n de Abrego, pero Jorge Andia mand\u00f3 la pelota contra su propio arco por intentar despejarla.<br \/>\nEn el segundo tiempo, Nacional Potos\u00ed estuvo deslucido, a los \u201962 el \u00e1rbitro marc\u00f3 un tiro libre penal a su favor que fue marrado por Tommy Escobar. Un disparo de derecha, fue atajado magistralmente por Rub\u00e9n Cordano.<br \/>\nA los \u201869 con un cabezazo de Jos\u00e9 Sagredo Bol\u00edvar escribi\u00f3 el 3 a 0. Luego baj\u00f3 la guardia y lleg\u00f3 el descuento potosino a trav\u00e9s de Kevin Romay, a los\u2019 84 minutos.<br \/>\nNuevamente, el tiempo de juego excedi\u00f3 los 100 minutos, fruto de que varias veces las acciones debieron ser analizadas por el \u00e1rbitro con la ayuda del VAR.<\/p>\n","protected":false},"excerpt":{"rendered":"<p>&nbsp; Bol\u00edvar dej\u00f3 ayer el tercer lugar en la tabla de posiciones del torneo Clausura al vencer por 3 &#8211; 1 a Nacional Potos\u00ed, en el estadio Hernando Siles y con este resultado trep\u00f3 nuevamente a la punta del torneo Clausura, donde comparte puesto con The Strongest, ambos igualados con 50 puntos. Los hombres de [&hellip;]<\/p>\n","protected":false},"author":1,"featured_media":116931,"comment_status":"closed","ping_status":"closed","sticky":false,"template":"","format":"standard","meta":{"_acf_changed":false,"footnotes":""},"categories":[6],"tags":[],"class_list":["post-116930","post","type-post","status-publish","format-standard","has-post-thumbnail","category-deportes"],"acf":{"antetitulo":""},"yoast_head":"<!-- This site is optimized with the Yoast SEO plugin v28.4 - https:\/\/yoast.com\/product\/yoast-seo-wordpress\/ -->\n<title>Bol\u00edvar nuevamente trepa a la punta - El Diario - Bolivia<\/title>\n<meta name=\"robots\" content=\"index, follow, max-snippet:-1, max-image-preview:large, max-video-preview:-1\" \/>\n<link rel=\"canonical\" href=\"https:\/\/www.eldiario.net\/portal\/2022\/10\/16\/bolivar-nuevamente-trepa-a-la-punta\/\" \/>\n<meta property=\"og:locale\" content=\"es_ES\" \/>\n<meta property=\"og:type\" content=\"article\" \/>\n<meta property=\"og:title\" content=\"Bol\u00edvar nuevamente trepa a la punta - El Diario - Bolivia\" \/>\n<meta property=\"og:description\" content=\"&nbsp; Bol\u00edvar dej\u00f3 ayer el tercer lugar en la tabla de posiciones del torneo Clausura al vencer por 3 &#8211; 1 a Nacional Potos\u00ed, en el estadio Hernando Siles y con este resultado trep\u00f3 nuevamente a la punta del torneo Clausura, donde comparte puesto con The Strongest, ambos igualados con 50 puntos. Los hombres de [&hellip;]\" \/>\n<meta property=\"og:url\" content=\"https:\/\/www.eldiario.net\/portal\/2022\/10\/16\/bolivar-nuevamente-trepa-a-la-punta\/\" \/>\n<meta property=\"og:site_name\" content=\"El Diario - Bolivia\" \/>\n<meta property=\"article:publisher\" content=\"https:\/\/www.facebook.com\/eldiario.bolivia\/\" \/>\n<meta property=\"article:published_time\" content=\"2022-10-16T06:04:58+00:00\" \/>\n<meta property=\"og:image\" content=\"https:\/\/www.eldiario.net\/portal\/wp-content\/uploads\/2022\/10\/FOTO-70-2.jpg\" \/>\n\t<meta property=\"og:image:width\" content=\"1000\" \/>\n\t<meta property=\"og:image:height\" content=\"667\" \/>\n\t<meta property=\"og:image:type\" content=\"image\/jpeg\" \/>\n<meta name=\"author\" content=\"Jeanette\" \/>\n<meta name=\"twitter:card\" content=\"summary_large_image\" \/>\n<meta name=\"twitter:creator\" content=\"@eldiario_net\" \/>\n<meta name=\"twitter:site\" content=\"@eldiario_net\" \/>\n<meta name=\"twitter:label1\" content=\"Escrito por\" \/>\n\t<meta name=\"twitter:data1\" content=\"Jeanette\" \/>\n\t<meta name=\"twitter:label2\" content=\"Tiempo de lectura\" \/>\n\t<meta name=\"twitter:data2\" content=\"2 minutos\" \/>\n<script type=\"application\/ld+json\" class=\"yoast-schema-graph\">{\"@context\":\"https:\\\/\\\/schema.org\",\"@graph\":[{\"@type\":\"Article\",\"@id\":\"https:\\\/\\\/www.eldiario.net\\\/portal\\\/2022\\\/10\\\/16\\\/bolivar-nuevamente-trepa-a-la-punta\\\/#article\",\"isPartOf\":{\"@id\":\"https:\\\/\\\/www.eldiario.net\\\/portal\\\/2022\\\/10\\\/16\\\/bolivar-nuevamente-trepa-a-la-punta\\\/\"},\"author\":{\"name\":\"Jeanette\",\"@id\":\"https:\\\/\\\/www.eldiario.net\\\/portal\\\/#\\\/schema\\\/person\\\/2c57cf2b7a7ae032e449e4c9b1019eac\"},\"headline\":\"Bol\u00edvar nuevamente trepa a la punta\",\"datePublished\":\"2022-10-16T06:04:58+00:00\",\"mainEntityOfPage\":{\"@id\":\"https:\\\/\\\/www.eldiario.net\\\/portal\\\/2022\\\/10\\\/16\\\/bolivar-nuevamente-trepa-a-la-punta\\\/\"},\"wordCount\":300,\"publisher\":{\"@id\":\"https:\\\/\\\/www.eldiario.net\\\/portal\\\/#organization\"},\"image\":{\"@id\":\"https:\\\/\\\/www.eldiario.net\\\/portal\\\/2022\\\/10\\\/16\\\/bolivar-nuevamente-trepa-a-la-punta\\\/#primaryimage\"},\"thumbnailUrl\":\"https:\\\/\\\/www.eldiario.net\\\/portal\\\/wp-content\\\/uploads\\\/2022\\\/10\\\/FOTO-70-2.jpg\",\"articleSection\":[\"Deportes\"],\"inLanguage\":\"es\"},{\"@type\":\"WebPage\",\"@id\":\"https:\\\/\\\/www.eldiario.net\\\/portal\\\/2022\\\/10\\\/16\\\/bolivar-nuevamente-trepa-a-la-punta\\\/\",\"url\":\"https:\\\/\\\/www.eldiario.net\\\/portal\\\/2022\\\/10\\\/16\\\/bolivar-nuevamente-trepa-a-la-punta\\\/\",\"name\":\"Bol\u00edvar nuevamente trepa a la punta - El Diario - Bolivia\",\"isPartOf\":{\"@id\":\"https:\\\/\\\/www.eldiario.net\\\/portal\\\/#website\"},\"primaryImageOfPage\":{\"@id\":\"https:\\\/\\\/www.eldiario.net\\\/portal\\\/2022\\\/10\\\/16\\\/bolivar-nuevamente-trepa-a-la-punta\\\/#primaryimage\"},\"image\":{\"@id\":\"https:\\\/\\\/www.eldiario.net\\\/portal\\\/2022\\\/10\\\/16\\\/bolivar-nuevamente-trepa-a-la-punta\\\/#primaryimage\"},\"thumbnailUrl\":\"https:\\\/\\\/www.eldiario.net\\\/portal\\\/wp-content\\\/uploads\\\/2022\\\/10\\\/FOTO-70-2.jpg\",\"datePublished\":\"2022-10-16T06:04:58+00:00\",\"breadcrumb\":{\"@id\":\"https:\\\/\\\/www.eldiario.net\\\/portal\\\/2022\\\/10\\\/16\\\/bolivar-nuevamente-trepa-a-la-punta\\\/#breadcrumb\"},\"inLanguage\":\"es\",\"potentialAction\":[{\"@type\":\"ReadAction\",\"target\":[\"https:\\\/\\\/www.eldiario.net\\\/portal\\\/2022\\\/10\\\/16\\\/bolivar-nuevamente-trepa-a-la-punta\\\/\"]}]},{\"@type\":\"ImageObject\",\"inLanguage\":\"es\",\"@id\":\"https:\\\/\\\/www.eldiario.net\\\/portal\\\/2022\\\/10\\\/16\\\/bolivar-nuevamente-trepa-a-la-punta\\\/#primaryimage\",\"url\":\"https:\\\/\\\/www.eldiario.net\\\/portal\\\/wp-content\\\/uploads\\\/2022\\\/10\\\/FOTO-70-2.jpg\",\"contentUrl\":\"https:\\\/\\\/www.eldiario.net\\\/portal\\\/wp-content\\\/uploads\\\/2022\\\/10\\\/FOTO-70-2.jpg\",\"width\":1000,\"height\":667},{\"@type\":\"BreadcrumbList\",\"@id\":\"https:\\\/\\\/www.eldiario.net\\\/portal\\\/2022\\\/10\\\/16\\\/bolivar-nuevamente-trepa-a-la-punta\\\/#breadcrumb\",\"itemListElement\":[{\"@type\":\"ListItem\",\"position\":1,\"name\":\"Portada\",\"item\":\"https:\\\/\\\/www.eldiario.net\\\/portal\\\/\"},{\"@type\":\"ListItem\",\"position\":2,\"name\":\"Bol\u00edvar nuevamente trepa a la punta\"}]},{\"@type\":\"WebSite\",\"@id\":\"https:\\\/\\\/www.eldiario.net\\\/portal\\\/#website\",\"url\":\"https:\\\/\\\/www.eldiario.net\\\/portal\\\/\",\"name\":\"El Diario - Decano de la prensa nacional\",\"description\":\"El Diario - Decano de la prensa nacional\",\"publisher\":{\"@id\":\"https:\\\/\\\/www.eldiario.net\\\/portal\\\/#organization\"},\"potentialAction\":[{\"@type\":\"SearchAction\",\"target\":{\"@type\":\"EntryPoint\",\"urlTemplate\":\"https:\\\/\\\/www.eldiario.net\\\/portal\\\/?s={search_term_string}\"},\"query-input\":{\"@type\":\"PropertyValueSpecification\",\"valueRequired\":true,\"valueName\":\"search_term_string\"}}],\"inLanguage\":\"es\"},{\"@type\":\"Organization\",\"@id\":\"https:\\\/\\\/www.eldiario.net\\\/portal\\\/#organization\",\"name\":\"El Diario - Decano de la prensa nacional\",\"url\":\"https:\\\/\\\/www.eldiario.net\\\/portal\\\/\",\"logo\":{\"@type\":\"ImageObject\",\"inLanguage\":\"es\",\"@id\":\"https:\\\/\\\/www.eldiario.net\\\/portal\\\/#\\\/schema\\\/logo\\\/image\\\/\",\"url\":\"https:\\\/\\\/www.eldiario.net\\\/portal\\\/wp-content\\\/uploads\\\/2023\\\/07\\\/logo_ED.jpg\",\"contentUrl\":\"https:\\\/\\\/www.eldiario.net\\\/portal\\\/wp-content\\\/uploads\\\/2023\\\/07\\\/logo_ED.jpg\",\"width\":272,\"height\":52,\"caption\":\"El Diario - Decano de la prensa nacional\"},\"image\":{\"@id\":\"https:\\\/\\\/www.eldiario.net\\\/portal\\\/#\\\/schema\\\/logo\\\/image\\\/\"},\"sameAs\":[\"https:\\\/\\\/www.facebook.com\\\/eldiario.bolivia\\\/\",\"https:\\\/\\\/x.com\\\/eldiario_net\"]},{\"@type\":\"Person\",\"@id\":\"https:\\\/\\\/www.eldiario.net\\\/portal\\\/#\\\/schema\\\/person\\\/2c57cf2b7a7ae032e449e4c9b1019eac\",\"name\":\"Jeanette\",\"image\":{\"@type\":\"ImageObject\",\"inLanguage\":\"es\",\"@id\":\"https:\\\/\\\/secure.gravatar.com\\\/avatar\\\/3ea2118a5f7dad2b7138b1187a6b7ee55f160b9968b66013c3a3ef39dd7e5798?s=96&d=mm&r=g\",\"url\":\"https:\\\/\\\/secure.gravatar.com\\\/avatar\\\/3ea2118a5f7dad2b7138b1187a6b7ee55f160b9968b66013c3a3ef39dd7e5798?s=96&d=mm&r=g\",\"contentUrl\":\"https:\\\/\\\/secure.gravatar.com\\\/avatar\\\/3ea2118a5f7dad2b7138b1187a6b7ee55f160b9968b66013c3a3ef39dd7e5798?s=96&d=mm&r=g\",\"caption\":\"Jeanette\"},\"sameAs\":[\"https:\\\/\\\/www.eldiario.net\\\/portal\"],\"url\":\"https:\\\/\\\/www.eldiario.net\\\/portal\\\/author\\\/jeanette\\\/\"}]}<\/script>\n<!-- \/ Yoast SEO plugin. -->","yoast_head_json":{"title":"Bol\u00edvar nuevamente trepa a la punta - El Diario - Bolivia","robots":{"index":"index","follow":"follow","max-snippet":"max-snippet:-1","max-image-preview":"max-image-preview:large","max-video-preview":"max-video-preview:-1"},"canonical":"https:\/\/www.eldiario.net\/portal\/2022\/10\/16\/bolivar-nuevamente-trepa-a-la-punta\/","og_locale":"es_ES","og_type":"article","og_title":"Bol\u00edvar nuevamente trepa a la punta - El Diario - Bolivia","og_description":"&nbsp; Bol\u00edvar dej\u00f3 ayer el tercer lugar en la tabla de posiciones del torneo Clausura al vencer por 3 &#8211; 1 a Nacional Potos\u00ed, en el estadio Hernando Siles y con este resultado trep\u00f3 nuevamente a la punta del torneo Clausura, donde comparte puesto con The Strongest, ambos igualados con 50 puntos. Los hombres de [&hellip;]","og_url":"https:\/\/www.eldiario.net\/portal\/2022\/10\/16\/bolivar-nuevamente-trepa-a-la-punta\/","og_site_name":"El Diario - Bolivia","article_publisher":"https:\/\/www.facebook.com\/eldiario.bolivia\/","article_published_time":"2022-10-16T06:04:58+00:00","og_image":[{"width":1000,"height":667,"url":"https:\/\/www.eldiario.net\/portal\/wp-content\/uploads\/2022\/10\/FOTO-70-2.jpg","type":"image\/jpeg"}],"author":"Jeanette","twitter_card":"summary_large_image","twitter_creator":"@eldiario_net","twitter_site":"@eldiario_net","twitter_misc":{"Escrito por":"Jeanette","Tiempo de lectura":"2 minutos"},"schema":{"@context":"https:\/\/schema.org","@graph":[{"@type":"Article","@id":"https:\/\/www.eldiario.net\/portal\/2022\/10\/16\/bolivar-nuevamente-trepa-a-la-punta\/#article","isPartOf":{"@id":"https:\/\/www.eldiario.net\/portal\/2022\/10\/16\/bolivar-nuevamente-trepa-a-la-punta\/"},"author":{"name":"Jeanette","@id":"https:\/\/www.eldiario.net\/portal\/#\/schema\/person\/2c57cf2b7a7ae032e449e4c9b1019eac"},"headline":"Bol\u00edvar nuevamente trepa a la punta","datePublished":"2022-10-16T06:04:58+00:00","mainEntityOfPage":{"@id":"https:\/\/www.eldiario.net\/portal\/2022\/10\/16\/bolivar-nuevamente-trepa-a-la-punta\/"},"wordCount":300,"publisher":{"@id":"https:\/\/www.eldiario.net\/portal\/#organization"},"image":{"@id":"https:\/\/www.eldiario.net\/portal\/2022\/10\/16\/bolivar-nuevamente-trepa-a-la-punta\/#primaryimage"},"thumbnailUrl":"https:\/\/www.eldiario.net\/portal\/wp-content\/uploads\/2022\/10\/FOTO-70-2.jpg","articleSection":["Deportes"],"inLanguage":"es"},{"@type":"WebPage","@id":"https:\/\/www.eldiario.net\/portal\/2022\/10\/16\/bolivar-nuevamente-trepa-a-la-punta\/","url":"https:\/\/www.eldiario.net\/portal\/2022\/10\/16\/bolivar-nuevamente-trepa-a-la-punta\/","name":"Bol\u00edvar nuevamente trepa a la punta - El Diario - Bolivia","isPartOf":{"@id":"https:\/\/www.eldiario.net\/portal\/#website"},"primaryImageOfPage":{"@id":"https:\/\/www.eldiario.net\/portal\/2022\/10\/16\/bolivar-nuevamente-trepa-a-la-punta\/#primaryimage"},"image":{"@id":"https:\/\/www.eldiario.net\/portal\/2022\/10\/16\/bolivar-nuevamente-trepa-a-la-punta\/#primaryimage"},"thumbnailUrl":"https:\/\/www.eldiario.net\/portal\/wp-content\/uploads\/2022\/10\/FOTO-70-2.jpg","datePublished":"2022-10-16T06:04:58+00:00","breadcrumb":{"@id":"https:\/\/www.eldiario.net\/portal\/2022\/10\/16\/bolivar-nuevamente-trepa-a-la-punta\/#breadcrumb"},"inLanguage":"es","potentialAction":[{"@type":"ReadAction","target":["https:\/\/www.eldiario.net\/portal\/2022\/10\/16\/bolivar-nuevamente-trepa-a-la-punta\/"]}]},{"@type":"ImageObject","inLanguage":"es","@id":"https:\/\/www.eldiario.net\/portal\/2022\/10\/16\/bolivar-nuevamente-trepa-a-la-punta\/#primaryimage","url":"https:\/\/www.eldiario.net\/portal\/wp-content\/uploads\/2022\/10\/FOTO-70-2.jpg","contentUrl":"https:\/\/www.eldiario.net\/portal\/wp-content\/uploads\/2022\/10\/FOTO-70-2.jpg","width":1000,"height":667},{"@type":"BreadcrumbList","@id":"https:\/\/www.eldiario.net\/portal\/2022\/10\/16\/bolivar-nuevamente-trepa-a-la-punta\/#breadcrumb","itemListElement":[{"@type":"ListItem","position":1,"name":"Portada","item":"https:\/\/www.eldiario.net\/portal\/"},{"@type":"ListItem","position":2,"name":"Bol\u00edvar nuevamente trepa a la punta"}]},{"@type":"WebSite","@id":"https:\/\/www.eldiario.net\/portal\/#website","url":"https:\/\/www.eldiario.net\/portal\/","name":"El Diario - Decano de la prensa nacional","description":"El Diario - Decano de la prensa nacional","publisher":{"@id":"https:\/\/www.eldiario.net\/portal\/#organization"},"potentialAction":[{"@type":"SearchAction","target":{"@type":"EntryPoint","urlTemplate":"https:\/\/www.eldiario.net\/portal\/?s={search_term_string}"},"query-input":{"@type":"PropertyValueSpecification","valueRequired":true,"valueName":"search_term_string"}}],"inLanguage":"es"},{"@type":"Organization","@id":"https:\/\/www.eldiario.net\/portal\/#organization","name":"El Diario - Decano de la prensa nacional","url":"https:\/\/www.eldiario.net\/portal\/","logo":{"@type":"ImageObject","inLanguage":"es","@id":"https:\/\/www.eldiario.net\/portal\/#\/schema\/logo\/image\/","url":"https:\/\/www.eldiario.net\/portal\/wp-content\/uploads\/2023\/07\/logo_ED.jpg","contentUrl":"https:\/\/www.eldiario.net\/portal\/wp-content\/uploads\/2023\/07\/logo_ED.jpg","width":272,"height":52,"caption":"El Diario - Decano de la prensa nacional"},"image":{"@id":"https:\/\/www.eldiario.net\/portal\/#\/schema\/logo\/image\/"},"sameAs":["https:\/\/www.facebook.com\/eldiario.bolivia\/","https:\/\/x.com\/eldiario_net"]},{"@type":"Person","@id":"https:\/\/www.eldiario.net\/portal\/#\/schema\/person\/2c57cf2b7a7ae032e449e4c9b1019eac","name":"Jeanette","image":{"@type":"ImageObject","inLanguage":"es","@id":"https:\/\/secure.gravatar.com\/avatar\/3ea2118a5f7dad2b7138b1187a6b7ee55f160b9968b66013c3a3ef39dd7e5798?s=96&d=mm&r=g","url":"https:\/\/secure.gravatar.com\/avatar\/3ea2118a5f7dad2b7138b1187a6b7ee55f160b9968b66013c3a3ef39dd7e5798?s=96&d=mm&r=g","contentUrl":"https:\/\/secure.gravatar.com\/avatar\/3ea2118a5f7dad2b7138b1187a6b7ee55f160b9968b66013c3a3ef39dd7e5798?s=96&d=mm&r=g","caption":"Jeanette"},"sameAs":["https:\/\/www.eldiario.net\/portal"],"url":"https:\/\/www.eldiario.net\/portal\/author\/jeanette\/"}]}},"_links":{"self":[{"href":"https:\/\/www.eldiario.net\/portal\/wp-json\/wp\/v2\/posts\/116930","targetHints":{"allow":["GET"]}}],"collection":[{"href":"https:\/\/www.eldiario.net\/portal\/wp-json\/wp\/v2\/posts"}],"about":[{"href":"https:\/\/www.eldiario.net\/portal\/wp-json\/wp\/v2\/types\/post"}],"author":[{"embeddable":true,"href":"https:\/\/www.eldiario.net\/portal\/wp-json\/wp\/v2\/users\/1"}],"replies":[{"embeddable":true,"href":"https:\/\/www.eldiario.net\/portal\/wp-json\/wp\/v2\/comments?post=116930"}],"version-history":[{"count":0,"href":"https:\/\/www.eldiario.net\/portal\/wp-json\/wp\/v2\/posts\/116930\/revisions"}],"wp:featuredmedia":[{"embeddable":true,"href":"https:\/\/www.eldiario.net\/portal\/wp-json\/wp\/v2\/media\/116931"}],"wp:attachment":[{"href":"https:\/\/www.eldiario.net\/portal\/wp-json\/wp\/v2\/media?parent=116930"}],"wp:term":[{"taxonomy":"category","embeddable":true,"href":"https:\/\/www.eldiario.net\/portal\/wp-json\/wp\/v2\/categories?post=116930"},{"taxonomy":"post_tag","embeddable":true,"href":"https:\/\/www.eldiario.net\/portal\/wp-json\/wp\/v2\/tags?post=116930"}],"curies":[{"name":"wp","href":"https:\/\/api.w.org\/{rel}","templated":true}]}}