{"id":116924,"date":"2022-10-16T02:03:00","date_gmt":"2022-10-16T06:03:00","guid":{"rendered":"https:\/\/www.eldiario.net\/portal\/?p=116924"},"modified":"2022-10-16T02:03:00","modified_gmt":"2022-10-16T06:03:00","slug":"fulminante-nocaut-del-matador-mamani","status":"publish","type":"post","link":"https:\/\/www.eldiario.net\/portal\/2022\/10\/16\/fulminante-nocaut-del-matador-mamani\/","title":{"rendered":"Fulminante nocaut del \u201cMatador\u201d Mamani"},"content":{"rendered":"<p>Franklin \u201cMatador Mamani tuvo el debut so\u00f1ado en el BKFC, no tuvo problemas para despachar a la lona al brasile\u00f1o-americano Lucas Silva Santos, al que venci\u00f3 por knockout (K.O.) en el primer round de la pelea a \u201cpu\u00f1o limpio\u201d que se llev\u00f3 adelante en el Coliseo Cerrado Julio Borelli Viteritto que volvi\u00f3 a abrir sus puertas al viril deporte de los pu\u00f1os.<br \/>\nMamani, al minuto 33 segundos, el pasado viernes 14 de octubre, despach\u00f3 al brasile\u00f1o Silva que no pudo frenar el \u00edmpetu del cr\u00e9dito nacional.<br \/>\nEl \u201cMatador\u201d Mamani, alentado por su p\u00fablico, no tuvo problemas para superar al brasile\u00f1o-americano, que cay\u00f3 pesadamente tras recibir un golpe fulminante en la zona regi\u00f3n temporal de la cabeza y continuando con otros goles en la parte hep\u00e1tica, al minuto y 33 segundos del primer round.<br \/>\nFue una pelea que trabaj\u00f3 bastante bien el boxeador mundialista, primero con los golpes certeros en la parte hep\u00e1tica, luego en la parte superior. El brasile\u00f1o-americano, de entrada, prob\u00f3 la fuerza y contundencia de los golpes de Mamani, hasta que se produjo el final del combate por K.O.<br \/>\nEste combate, por la categor\u00eda mediano en BKFC, es hist\u00f3rica, porque es la primera pelea de boxeo sin guantes a pu\u00f1o limpio (BARE KNUCKLE FIGHTING CHAMPIONSHIP), realizada en el pa\u00eds, en un deporte que est\u00e1 ganando adeptos en el mundo.<br \/>\nEl triunfo le abre las perspectivas al \u201cMatador\u201d para seguir avanzando en busca del t\u00edtulo mundial en esta modalidad.<br \/>\nFue una fiesta inolvidable, porque antes del combate estelar, se llev\u00f3 adelante combates de boxeo donde j\u00f3venes, mujeres y ni\u00f1os, quienes mostraron su capacidad ante los aficionados a este deporte que se hicieron presentes en el Coliseo Cerrado.<\/p>\n","protected":false},"excerpt":{"rendered":"<p>Franklin \u201cMatador Mamani tuvo el debut so\u00f1ado en el BKFC, no tuvo problemas para despachar a la lona al brasile\u00f1o-americano Lucas Silva Santos, al que venci\u00f3 por knockout (K.O.) en el primer round de la pelea a \u201cpu\u00f1o limpio\u201d que se llev\u00f3 adelante en el Coliseo Cerrado Julio Borelli Viteritto que volvi\u00f3 a abrir sus [&hellip;]<\/p>\n","protected":false},"author":1,"featured_media":116925,"comment_status":"closed","ping_status":"closed","sticky":false,"template":"","format":"standard","meta":{"_acf_changed":false,"footnotes":""},"categories":[6],"tags":[],"class_list":["post-116924","post","type-post","status-publish","format-standard","has-post-thumbnail","category-deportes"],"acf":{"antetitulo":""},"yoast_head":"<!-- This site is optimized with the Yoast SEO plugin v28.4 - https:\/\/yoast.com\/product\/yoast-seo-wordpress\/ -->\n<title>Fulminante nocaut del \u201cMatador\u201d Mamani - El Diario - Bolivia<\/title>\n<meta name=\"robots\" content=\"index, follow, max-snippet:-1, max-image-preview:large, max-video-preview:-1\" \/>\n<link rel=\"canonical\" href=\"https:\/\/www.eldiario.net\/portal\/2022\/10\/16\/fulminante-nocaut-del-matador-mamani\/\" \/>\n<meta property=\"og:locale\" content=\"es_ES\" \/>\n<meta property=\"og:type\" content=\"article\" \/>\n<meta property=\"og:title\" content=\"Fulminante nocaut del \u201cMatador\u201d Mamani - El Diario - Bolivia\" \/>\n<meta property=\"og:description\" content=\"Franklin \u201cMatador Mamani tuvo el debut so\u00f1ado en el BKFC, no tuvo problemas para despachar a la lona al brasile\u00f1o-americano Lucas Silva Santos, al que venci\u00f3 por knockout (K.O.) en el primer round de la pelea a \u201cpu\u00f1o limpio\u201d que se llev\u00f3 adelante en el Coliseo Cerrado Julio Borelli Viteritto que volvi\u00f3 a abrir sus [&hellip;]\" \/>\n<meta property=\"og:url\" content=\"https:\/\/www.eldiario.net\/portal\/2022\/10\/16\/fulminante-nocaut-del-matador-mamani\/\" \/>\n<meta property=\"og:site_name\" content=\"El Diario - Bolivia\" \/>\n<meta property=\"article:publisher\" content=\"https:\/\/www.facebook.com\/eldiario.bolivia\/\" \/>\n<meta property=\"article:published_time\" content=\"2022-10-16T06:03:00+00:00\" \/>\n<meta name=\"author\" content=\"Jeanette\" \/>\n<meta name=\"twitter:card\" content=\"summary_large_image\" \/>\n<meta name=\"twitter:creator\" content=\"@eldiario_net\" \/>\n<meta name=\"twitter:site\" content=\"@eldiario_net\" \/>\n<meta name=\"twitter:label1\" content=\"Escrito por\" \/>\n\t<meta name=\"twitter:data1\" content=\"Jeanette\" \/>\n\t<meta name=\"twitter:label2\" content=\"Tiempo de lectura\" \/>\n\t<meta name=\"twitter:data2\" content=\"2 minutos\" \/>\n<script type=\"application\/ld+json\" class=\"yoast-schema-graph\">{\"@context\":\"https:\\\/\\\/schema.org\",\"@graph\":[{\"@type\":\"Article\",\"@id\":\"https:\\\/\\\/www.eldiario.net\\\/portal\\\/2022\\\/10\\\/16\\\/fulminante-nocaut-del-matador-mamani\\\/#article\",\"isPartOf\":{\"@id\":\"https:\\\/\\\/www.eldiario.net\\\/portal\\\/2022\\\/10\\\/16\\\/fulminante-nocaut-del-matador-mamani\\\/\"},\"author\":{\"name\":\"Jeanette\",\"@id\":\"https:\\\/\\\/www.eldiario.net\\\/portal\\\/#\\\/schema\\\/person\\\/2c57cf2b7a7ae032e449e4c9b1019eac\"},\"headline\":\"Fulminante nocaut del \u201cMatador\u201d Mamani\",\"datePublished\":\"2022-10-16T06:03:00+00:00\",\"mainEntityOfPage\":{\"@id\":\"https:\\\/\\\/www.eldiario.net\\\/portal\\\/2022\\\/10\\\/16\\\/fulminante-nocaut-del-matador-mamani\\\/\"},\"wordCount\":301,\"publisher\":{\"@id\":\"https:\\\/\\\/www.eldiario.net\\\/portal\\\/#organization\"},\"image\":{\"@id\":\"https:\\\/\\\/www.eldiario.net\\\/portal\\\/2022\\\/10\\\/16\\\/fulminante-nocaut-del-matador-mamani\\\/#primaryimage\"},\"thumbnailUrl\":\"\",\"articleSection\":[\"Deportes\"],\"inLanguage\":\"es\"},{\"@type\":\"WebPage\",\"@id\":\"https:\\\/\\\/www.eldiario.net\\\/portal\\\/2022\\\/10\\\/16\\\/fulminante-nocaut-del-matador-mamani\\\/\",\"url\":\"https:\\\/\\\/www.eldiario.net\\\/portal\\\/2022\\\/10\\\/16\\\/fulminante-nocaut-del-matador-mamani\\\/\",\"name\":\"Fulminante nocaut del \u201cMatador\u201d Mamani - El Diario - Bolivia\",\"isPartOf\":{\"@id\":\"https:\\\/\\\/www.eldiario.net\\\/portal\\\/#website\"},\"primaryImageOfPage\":{\"@id\":\"https:\\\/\\\/www.eldiario.net\\\/portal\\\/2022\\\/10\\\/16\\\/fulminante-nocaut-del-matador-mamani\\\/#primaryimage\"},\"image\":{\"@id\":\"https:\\\/\\\/www.eldiario.net\\\/portal\\\/2022\\\/10\\\/16\\\/fulminante-nocaut-del-matador-mamani\\\/#primaryimage\"},\"thumbnailUrl\":\"\",\"datePublished\":\"2022-10-16T06:03:00+00:00\",\"breadcrumb\":{\"@id\":\"https:\\\/\\\/www.eldiario.net\\\/portal\\\/2022\\\/10\\\/16\\\/fulminante-nocaut-del-matador-mamani\\\/#breadcrumb\"},\"inLanguage\":\"es\",\"potentialAction\":[{\"@type\":\"ReadAction\",\"target\":[\"https:\\\/\\\/www.eldiario.net\\\/portal\\\/2022\\\/10\\\/16\\\/fulminante-nocaut-del-matador-mamani\\\/\"]}]},{\"@type\":\"ImageObject\",\"inLanguage\":\"es\",\"@id\":\"https:\\\/\\\/www.eldiario.net\\\/portal\\\/2022\\\/10\\\/16\\\/fulminante-nocaut-del-matador-mamani\\\/#primaryimage\",\"url\":\"\",\"contentUrl\":\"\"},{\"@type\":\"BreadcrumbList\",\"@id\":\"https:\\\/\\\/www.eldiario.net\\\/portal\\\/2022\\\/10\\\/16\\\/fulminante-nocaut-del-matador-mamani\\\/#breadcrumb\",\"itemListElement\":[{\"@type\":\"ListItem\",\"position\":1,\"name\":\"Portada\",\"item\":\"https:\\\/\\\/www.eldiario.net\\\/portal\\\/\"},{\"@type\":\"ListItem\",\"position\":2,\"name\":\"Fulminante nocaut del \u201cMatador\u201d Mamani\"}]},{\"@type\":\"WebSite\",\"@id\":\"https:\\\/\\\/www.eldiario.net\\\/portal\\\/#website\",\"url\":\"https:\\\/\\\/www.eldiario.net\\\/portal\\\/\",\"name\":\"El Diario - Decano de la prensa nacional\",\"description\":\"El Diario - Decano de la prensa nacional\",\"publisher\":{\"@id\":\"https:\\\/\\\/www.eldiario.net\\\/portal\\\/#organization\"},\"potentialAction\":[{\"@type\":\"SearchAction\",\"target\":{\"@type\":\"EntryPoint\",\"urlTemplate\":\"https:\\\/\\\/www.eldiario.net\\\/portal\\\/?s={search_term_string}\"},\"query-input\":{\"@type\":\"PropertyValueSpecification\",\"valueRequired\":true,\"valueName\":\"search_term_string\"}}],\"inLanguage\":\"es\"},{\"@type\":\"Organization\",\"@id\":\"https:\\\/\\\/www.eldiario.net\\\/portal\\\/#organization\",\"name\":\"El Diario - Decano de la prensa nacional\",\"url\":\"https:\\\/\\\/www.eldiario.net\\\/portal\\\/\",\"logo\":{\"@type\":\"ImageObject\",\"inLanguage\":\"es\",\"@id\":\"https:\\\/\\\/www.eldiario.net\\\/portal\\\/#\\\/schema\\\/logo\\\/image\\\/\",\"url\":\"https:\\\/\\\/www.eldiario.net\\\/portal\\\/wp-content\\\/uploads\\\/2023\\\/07\\\/logo_ED.jpg\",\"contentUrl\":\"https:\\\/\\\/www.eldiario.net\\\/portal\\\/wp-content\\\/uploads\\\/2023\\\/07\\\/logo_ED.jpg\",\"width\":272,\"height\":52,\"caption\":\"El Diario - Decano de la prensa nacional\"},\"image\":{\"@id\":\"https:\\\/\\\/www.eldiario.net\\\/portal\\\/#\\\/schema\\\/logo\\\/image\\\/\"},\"sameAs\":[\"https:\\\/\\\/www.facebook.com\\\/eldiario.bolivia\\\/\",\"https:\\\/\\\/x.com\\\/eldiario_net\"]},{\"@type\":\"Person\",\"@id\":\"https:\\\/\\\/www.eldiario.net\\\/portal\\\/#\\\/schema\\\/person\\\/2c57cf2b7a7ae032e449e4c9b1019eac\",\"name\":\"Jeanette\",\"image\":{\"@type\":\"ImageObject\",\"inLanguage\":\"es\",\"@id\":\"https:\\\/\\\/secure.gravatar.com\\\/avatar\\\/3ea2118a5f7dad2b7138b1187a6b7ee55f160b9968b66013c3a3ef39dd7e5798?s=96&d=mm&r=g\",\"url\":\"https:\\\/\\\/secure.gravatar.com\\\/avatar\\\/3ea2118a5f7dad2b7138b1187a6b7ee55f160b9968b66013c3a3ef39dd7e5798?s=96&d=mm&r=g\",\"contentUrl\":\"https:\\\/\\\/secure.gravatar.com\\\/avatar\\\/3ea2118a5f7dad2b7138b1187a6b7ee55f160b9968b66013c3a3ef39dd7e5798?s=96&d=mm&r=g\",\"caption\":\"Jeanette\"},\"sameAs\":[\"https:\\\/\\\/www.eldiario.net\\\/portal\"],\"url\":\"https:\\\/\\\/www.eldiario.net\\\/portal\\\/author\\\/jeanette\\\/\"}]}<\/script>\n<!-- \/ Yoast SEO plugin. -->","yoast_head_json":{"title":"Fulminante nocaut del \u201cMatador\u201d Mamani - El Diario - Bolivia","robots":{"index":"index","follow":"follow","max-snippet":"max-snippet:-1","max-image-preview":"max-image-preview:large","max-video-preview":"max-video-preview:-1"},"canonical":"https:\/\/www.eldiario.net\/portal\/2022\/10\/16\/fulminante-nocaut-del-matador-mamani\/","og_locale":"es_ES","og_type":"article","og_title":"Fulminante nocaut del \u201cMatador\u201d Mamani - El Diario - Bolivia","og_description":"Franklin \u201cMatador Mamani tuvo el debut so\u00f1ado en el BKFC, no tuvo problemas para despachar a la lona al brasile\u00f1o-americano Lucas Silva Santos, al que venci\u00f3 por knockout (K.O.) en el primer round de la pelea a \u201cpu\u00f1o limpio\u201d que se llev\u00f3 adelante en el Coliseo Cerrado Julio Borelli Viteritto que volvi\u00f3 a abrir sus [&hellip;]","og_url":"https:\/\/www.eldiario.net\/portal\/2022\/10\/16\/fulminante-nocaut-del-matador-mamani\/","og_site_name":"El Diario - Bolivia","article_publisher":"https:\/\/www.facebook.com\/eldiario.bolivia\/","article_published_time":"2022-10-16T06:03:00+00:00","author":"Jeanette","twitter_card":"summary_large_image","twitter_creator":"@eldiario_net","twitter_site":"@eldiario_net","twitter_misc":{"Escrito por":"Jeanette","Tiempo de lectura":"2 minutos"},"schema":{"@context":"https:\/\/schema.org","@graph":[{"@type":"Article","@id":"https:\/\/www.eldiario.net\/portal\/2022\/10\/16\/fulminante-nocaut-del-matador-mamani\/#article","isPartOf":{"@id":"https:\/\/www.eldiario.net\/portal\/2022\/10\/16\/fulminante-nocaut-del-matador-mamani\/"},"author":{"name":"Jeanette","@id":"https:\/\/www.eldiario.net\/portal\/#\/schema\/person\/2c57cf2b7a7ae032e449e4c9b1019eac"},"headline":"Fulminante nocaut del \u201cMatador\u201d Mamani","datePublished":"2022-10-16T06:03:00+00:00","mainEntityOfPage":{"@id":"https:\/\/www.eldiario.net\/portal\/2022\/10\/16\/fulminante-nocaut-del-matador-mamani\/"},"wordCount":301,"publisher":{"@id":"https:\/\/www.eldiario.net\/portal\/#organization"},"image":{"@id":"https:\/\/www.eldiario.net\/portal\/2022\/10\/16\/fulminante-nocaut-del-matador-mamani\/#primaryimage"},"thumbnailUrl":"","articleSection":["Deportes"],"inLanguage":"es"},{"@type":"WebPage","@id":"https:\/\/www.eldiario.net\/portal\/2022\/10\/16\/fulminante-nocaut-del-matador-mamani\/","url":"https:\/\/www.eldiario.net\/portal\/2022\/10\/16\/fulminante-nocaut-del-matador-mamani\/","name":"Fulminante nocaut del \u201cMatador\u201d Mamani - El Diario - Bolivia","isPartOf":{"@id":"https:\/\/www.eldiario.net\/portal\/#website"},"primaryImageOfPage":{"@id":"https:\/\/www.eldiario.net\/portal\/2022\/10\/16\/fulminante-nocaut-del-matador-mamani\/#primaryimage"},"image":{"@id":"https:\/\/www.eldiario.net\/portal\/2022\/10\/16\/fulminante-nocaut-del-matador-mamani\/#primaryimage"},"thumbnailUrl":"","datePublished":"2022-10-16T06:03:00+00:00","breadcrumb":{"@id":"https:\/\/www.eldiario.net\/portal\/2022\/10\/16\/fulminante-nocaut-del-matador-mamani\/#breadcrumb"},"inLanguage":"es","potentialAction":[{"@type":"ReadAction","target":["https:\/\/www.eldiario.net\/portal\/2022\/10\/16\/fulminante-nocaut-del-matador-mamani\/"]}]},{"@type":"ImageObject","inLanguage":"es","@id":"https:\/\/www.eldiario.net\/portal\/2022\/10\/16\/fulminante-nocaut-del-matador-mamani\/#primaryimage","url":"","contentUrl":""},{"@type":"BreadcrumbList","@id":"https:\/\/www.eldiario.net\/portal\/2022\/10\/16\/fulminante-nocaut-del-matador-mamani\/#breadcrumb","itemListElement":[{"@type":"ListItem","position":1,"name":"Portada","item":"https:\/\/www.eldiario.net\/portal\/"},{"@type":"ListItem","position":2,"name":"Fulminante nocaut del \u201cMatador\u201d Mamani"}]},{"@type":"WebSite","@id":"https:\/\/www.eldiario.net\/portal\/#website","url":"https:\/\/www.eldiario.net\/portal\/","name":"El Diario - Decano de la prensa nacional","description":"El Diario - Decano de la prensa nacional","publisher":{"@id":"https:\/\/www.eldiario.net\/portal\/#organization"},"potentialAction":[{"@type":"SearchAction","target":{"@type":"EntryPoint","urlTemplate":"https:\/\/www.eldiario.net\/portal\/?s={search_term_string}"},"query-input":{"@type":"PropertyValueSpecification","valueRequired":true,"valueName":"search_term_string"}}],"inLanguage":"es"},{"@type":"Organization","@id":"https:\/\/www.eldiario.net\/portal\/#organization","name":"El Diario - Decano de la prensa nacional","url":"https:\/\/www.eldiario.net\/portal\/","logo":{"@type":"ImageObject","inLanguage":"es","@id":"https:\/\/www.eldiario.net\/portal\/#\/schema\/logo\/image\/","url":"https:\/\/www.eldiario.net\/portal\/wp-content\/uploads\/2023\/07\/logo_ED.jpg","contentUrl":"https:\/\/www.eldiario.net\/portal\/wp-content\/uploads\/2023\/07\/logo_ED.jpg","width":272,"height":52,"caption":"El Diario - Decano de la prensa nacional"},"image":{"@id":"https:\/\/www.eldiario.net\/portal\/#\/schema\/logo\/image\/"},"sameAs":["https:\/\/www.facebook.com\/eldiario.bolivia\/","https:\/\/x.com\/eldiario_net"]},{"@type":"Person","@id":"https:\/\/www.eldiario.net\/portal\/#\/schema\/person\/2c57cf2b7a7ae032e449e4c9b1019eac","name":"Jeanette","image":{"@type":"ImageObject","inLanguage":"es","@id":"https:\/\/secure.gravatar.com\/avatar\/3ea2118a5f7dad2b7138b1187a6b7ee55f160b9968b66013c3a3ef39dd7e5798?s=96&d=mm&r=g","url":"https:\/\/secure.gravatar.com\/avatar\/3ea2118a5f7dad2b7138b1187a6b7ee55f160b9968b66013c3a3ef39dd7e5798?s=96&d=mm&r=g","contentUrl":"https:\/\/secure.gravatar.com\/avatar\/3ea2118a5f7dad2b7138b1187a6b7ee55f160b9968b66013c3a3ef39dd7e5798?s=96&d=mm&r=g","caption":"Jeanette"},"sameAs":["https:\/\/www.eldiario.net\/portal"],"url":"https:\/\/www.eldiario.net\/portal\/author\/jeanette\/"}]}},"_links":{"self":[{"href":"https:\/\/www.eldiario.net\/portal\/wp-json\/wp\/v2\/posts\/116924","targetHints":{"allow":["GET"]}}],"collection":[{"href":"https:\/\/www.eldiario.net\/portal\/wp-json\/wp\/v2\/posts"}],"about":[{"href":"https:\/\/www.eldiario.net\/portal\/wp-json\/wp\/v2\/types\/post"}],"author":[{"embeddable":true,"href":"https:\/\/www.eldiario.net\/portal\/wp-json\/wp\/v2\/users\/1"}],"replies":[{"embeddable":true,"href":"https:\/\/www.eldiario.net\/portal\/wp-json\/wp\/v2\/comments?post=116924"}],"version-history":[{"count":0,"href":"https:\/\/www.eldiario.net\/portal\/wp-json\/wp\/v2\/posts\/116924\/revisions"}],"wp:attachment":[{"href":"https:\/\/www.eldiario.net\/portal\/wp-json\/wp\/v2\/media?parent=116924"}],"wp:term":[{"taxonomy":"category","embeddable":true,"href":"https:\/\/www.eldiario.net\/portal\/wp-json\/wp\/v2\/categories?post=116924"},{"taxonomy":"post_tag","embeddable":true,"href":"https:\/\/www.eldiario.net\/portal\/wp-json\/wp\/v2\/tags?post=116924"}],"curies":[{"name":"wp","href":"https:\/\/api.w.org\/{rel}","templated":true}]}}