{"id":116914,"date":"2022-10-16T01:57:18","date_gmt":"2022-10-16T05:57:18","guid":{"rendered":"https:\/\/www.eldiario.net\/portal\/?p=116914"},"modified":"2022-10-16T01:57:18","modified_gmt":"2022-10-16T05:57:18","slug":"dictadura-cubana-amenaza-con-respuesta-penal-contra-protestas","status":"publish","type":"post","link":"https:\/\/www.eldiario.net\/portal\/2022\/10\/16\/dictadura-cubana-amenaza-con-respuesta-penal-contra-protestas\/","title":{"rendered":"Dictadura cubana amenaza con  respuesta penal contra protestas"},"content":{"rendered":"<p class=\"v1MsoNormal\"><span lang=\"ES-BO\">La Fiscal\u00eda General de la dictadura de Cuba asegur\u00f3 que est\u00e1 investigando las recientes protestas en el pa\u00eds -principalmente por los graves apagones- y amenaz\u00f3 a quienes hayan participado en las manifestaciones con que recibir\u00e1n la respuesta jur\u00eddico penal que corresponda.<\/span><\/p>\n<p class=\"v1MsoNormal\"><span lang=\"ES-BO\">En un comunicado en el que no se cifra el n\u00famero de investigaciones abiertas o sospechosos, la Fiscal\u00eda asegur\u00f3 que se est\u00e1n estudiando presuntos delitos relacionados con el incendio de instalaciones, la ejecuci\u00f3n de actos vand\u00e1licos y el cierre de v\u00edas p\u00fablicas con la finalidad de impedir la circulaci\u00f3n de veh\u00edculos y personas, las agresiones, ofensas a funcionarios, fuerzas del orden y la incitaci\u00f3n a la violencia.<\/span><\/p>\n<p class=\"v1MsoNormal\"><span lang=\"ES-BO\">Tambi\u00e9n asegura que est\u00e1n estudiando medidas contra los padres que utilizaron a hijos menores de edad, coloc\u00e1ndolos en escenarios de riesgo, descuidando sus deberes de protecci\u00f3n, asistencia, educaci\u00f3n y cuidado hacia ellos.<\/span><\/p>\n<p class=\"v1MsoNormal\"><span lang=\"ES-BO\">En relaci\u00f3n a las protestas, el comunicado asegura que se trata de hechos que perturbaron el orden p\u00fablico y la tranquilidad ciudadana.<\/span><\/p>\n<p class=\"v1MsoNormal\"><span lang=\"ES-BO\">La Fiscal\u00eda General del r\u00e9gimen dijo que a los imputados se les asegura el respeto de sus derechos y garant\u00edas constitucionales del debido proceso, adem\u00e1s subraya que ejercer\u00e1 su encargo constitucional en el marco de la legalidad, la protecci\u00f3n de los intereses del Estado y los derechos de todos los ciudadanos.<\/span><\/p>\n<p class=\"v1MsoNormal\"><span lang=\"ES-BO\">CRISIS ENERG\u00c9TICA<\/span><\/p>\n<p class=\"v1MsoNormal\"><span lang=\"ES-BO\">El agravamiento de la crisis energ\u00e9tica que sufre el pa\u00eds tras el paso del hurac\u00e1n Ian a finales de septiembre provoc\u00f3 continuos y prolongados apagones en todo el territorio nacional.<\/span><\/p>\n<p class=\"v1MsoNormal\"><span lang=\"ES-BO\">Algunos barrios de La Habana estuvieron hasta seis d\u00edas consecutivos sin corriente tras el hurac\u00e1n. Los apagones alcanzan las doce horas en algunos puntos del pa\u00eds. Est\u00e1 previsto que en el horario de mayor demanda, un 40 % de Cuba no tenga suministro.<\/span><\/p>\n<p class=\"v1MsoNormal\"><span lang=\"ES-BO\">Estas protestas de manifestaciones a sentadas, pasando por cortes de calles y cacerolazos- son eminentemente pac\u00edficas, muchas veces con familias enteras caminando, en grupos que pueden ir de varias decenas hasta unos pocos centenares. La principal reivindicaci\u00f3n es la reposici\u00f3n de la corriente, pero tambi\u00e9n se oyen gritos de \u00a1Libertad! contra el Gobierno.<\/span><\/p>\n<p class=\"v1MsoNormal\"><span lang=\"ES-BO\">Cerca de la mitad de las protestas han tenido lugar en La Habana, donde tambi\u00e9n se concentr\u00f3 la mayor parte de las 30 detenciones que han contabilizado grupos de activistas.<\/span><\/p>\n<p class=\"v1MsoNormal\"><span lang=\"ES-BO\">Las ONG han denunciado el uso de la violencia por parte de las fuerzas de seguridad, grupos progubernamentales anunciaron que pronto comenzar\u00e1n algunos procesos penales por atestado directo para los arrestados, a los que advert\u00edan que se iba a acusar de los presuntos delitos de des\u00f3rdenes p\u00fablicos, desacato y resistencia.<\/span><\/p>\n<p class=\"v1MsoNormal\"><span lang=\"ES-BO\">Las autoridades del pa\u00eds ya hab\u00edan indicado que se comprend\u00eda el malestar por los apagones, pero que no se iban a tolerar conductas que consideraban delictivas.<\/span><\/p>\n<p class=\"v1MsoNormal\"><span lang=\"ES-BO\">Seg\u00fan la ONG Cubalex y el colectivo Justicia 11J, tras estas protestas se han practicado m\u00e1s de 1.500 y se han dictado cerca de 600 sentencias, algunas de hasta 30 a\u00f1os de c\u00e1rcel. (Infobae)<\/span><\/p>\n<p class=\"v1MsoNormal\"><span lang=\"ES-BO\">\u00a0<\/span><\/p>\n","protected":false},"excerpt":{"rendered":"<p>La Fiscal\u00eda General de la dictadura de Cuba asegur\u00f3 que est\u00e1 investigando las recientes protestas en el pa\u00eds -principalmente por los graves apagones- y amenaz\u00f3 a quienes hayan participado en las manifestaciones con que recibir\u00e1n la respuesta jur\u00eddico penal que corresponda. En un comunicado en el que no se cifra el n\u00famero de investigaciones abiertas [&hellip;]<\/p>\n","protected":false},"author":1,"featured_media":116915,"comment_status":"closed","ping_status":"closed","sticky":false,"template":"","format":"standard","meta":{"_acf_changed":false,"footnotes":""},"categories":[3],"tags":[],"class_list":["post-116914","post","type-post","status-publish","format-standard","has-post-thumbnail","category-internacional"],"acf":{"antetitulo":""},"yoast_head":"<!-- This site is optimized with the Yoast SEO plugin v28.4 - https:\/\/yoast.com\/product\/yoast-seo-wordpress\/ -->\n<title>Dictadura cubana amenaza con respuesta penal contra protestas - El Diario - Bolivia<\/title>\n<meta name=\"robots\" content=\"index, follow, max-snippet:-1, max-image-preview:large, max-video-preview:-1\" \/>\n<link rel=\"canonical\" href=\"https:\/\/www.eldiario.net\/portal\/2022\/10\/16\/dictadura-cubana-amenaza-con-respuesta-penal-contra-protestas\/\" \/>\n<meta property=\"og:locale\" content=\"es_ES\" \/>\n<meta property=\"og:type\" content=\"article\" \/>\n<meta property=\"og:title\" content=\"Dictadura cubana amenaza con respuesta penal contra protestas - El Diario - Bolivia\" \/>\n<meta property=\"og:description\" content=\"La Fiscal\u00eda General de la dictadura de Cuba asegur\u00f3 que est\u00e1 investigando las recientes protestas en el pa\u00eds -principalmente por los graves apagones- y amenaz\u00f3 a quienes hayan participado en las manifestaciones con que recibir\u00e1n la respuesta jur\u00eddico penal que corresponda. En un comunicado en el que no se cifra el n\u00famero de investigaciones abiertas [&hellip;]\" \/>\n<meta property=\"og:url\" content=\"https:\/\/www.eldiario.net\/portal\/2022\/10\/16\/dictadura-cubana-amenaza-con-respuesta-penal-contra-protestas\/\" \/>\n<meta property=\"og:site_name\" content=\"El Diario - Bolivia\" \/>\n<meta property=\"article:publisher\" content=\"https:\/\/www.facebook.com\/eldiario.bolivia\/\" \/>\n<meta property=\"article:published_time\" content=\"2022-10-16T05:57:18+00:00\" \/>\n<meta name=\"author\" content=\"Jeanette\" \/>\n<meta name=\"twitter:card\" content=\"summary_large_image\" \/>\n<meta name=\"twitter:creator\" content=\"@eldiario_net\" \/>\n<meta name=\"twitter:site\" content=\"@eldiario_net\" \/>\n<meta name=\"twitter:label1\" content=\"Escrito por\" \/>\n\t<meta name=\"twitter:data1\" content=\"Jeanette\" \/>\n\t<meta name=\"twitter:label2\" content=\"Tiempo de lectura\" \/>\n\t<meta name=\"twitter:data2\" content=\"3 minutos\" \/>\n<script type=\"application\/ld+json\" class=\"yoast-schema-graph\">{\"@context\":\"https:\\\/\\\/schema.org\",\"@graph\":[{\"@type\":\"Article\",\"@id\":\"https:\\\/\\\/www.eldiario.net\\\/portal\\\/2022\\\/10\\\/16\\\/dictadura-cubana-amenaza-con-respuesta-penal-contra-protestas\\\/#article\",\"isPartOf\":{\"@id\":\"https:\\\/\\\/www.eldiario.net\\\/portal\\\/2022\\\/10\\\/16\\\/dictadura-cubana-amenaza-con-respuesta-penal-contra-protestas\\\/\"},\"author\":{\"name\":\"Jeanette\",\"@id\":\"https:\\\/\\\/www.eldiario.net\\\/portal\\\/#\\\/schema\\\/person\\\/2c57cf2b7a7ae032e449e4c9b1019eac\"},\"headline\":\"Dictadura cubana amenaza con respuesta penal contra protestas\",\"datePublished\":\"2022-10-16T05:57:18+00:00\",\"mainEntityOfPage\":{\"@id\":\"https:\\\/\\\/www.eldiario.net\\\/portal\\\/2022\\\/10\\\/16\\\/dictadura-cubana-amenaza-con-respuesta-penal-contra-protestas\\\/\"},\"wordCount\":532,\"publisher\":{\"@id\":\"https:\\\/\\\/www.eldiario.net\\\/portal\\\/#organization\"},\"image\":{\"@id\":\"https:\\\/\\\/www.eldiario.net\\\/portal\\\/2022\\\/10\\\/16\\\/dictadura-cubana-amenaza-con-respuesta-penal-contra-protestas\\\/#primaryimage\"},\"thumbnailUrl\":\"\",\"articleSection\":[\"Internacional\"],\"inLanguage\":\"es\"},{\"@type\":\"WebPage\",\"@id\":\"https:\\\/\\\/www.eldiario.net\\\/portal\\\/2022\\\/10\\\/16\\\/dictadura-cubana-amenaza-con-respuesta-penal-contra-protestas\\\/\",\"url\":\"https:\\\/\\\/www.eldiario.net\\\/portal\\\/2022\\\/10\\\/16\\\/dictadura-cubana-amenaza-con-respuesta-penal-contra-protestas\\\/\",\"name\":\"Dictadura cubana amenaza con respuesta penal contra protestas - El Diario - Bolivia\",\"isPartOf\":{\"@id\":\"https:\\\/\\\/www.eldiario.net\\\/portal\\\/#website\"},\"primaryImageOfPage\":{\"@id\":\"https:\\\/\\\/www.eldiario.net\\\/portal\\\/2022\\\/10\\\/16\\\/dictadura-cubana-amenaza-con-respuesta-penal-contra-protestas\\\/#primaryimage\"},\"image\":{\"@id\":\"https:\\\/\\\/www.eldiario.net\\\/portal\\\/2022\\\/10\\\/16\\\/dictadura-cubana-amenaza-con-respuesta-penal-contra-protestas\\\/#primaryimage\"},\"thumbnailUrl\":\"\",\"datePublished\":\"2022-10-16T05:57:18+00:00\",\"breadcrumb\":{\"@id\":\"https:\\\/\\\/www.eldiario.net\\\/portal\\\/2022\\\/10\\\/16\\\/dictadura-cubana-amenaza-con-respuesta-penal-contra-protestas\\\/#breadcrumb\"},\"inLanguage\":\"es\",\"potentialAction\":[{\"@type\":\"ReadAction\",\"target\":[\"https:\\\/\\\/www.eldiario.net\\\/portal\\\/2022\\\/10\\\/16\\\/dictadura-cubana-amenaza-con-respuesta-penal-contra-protestas\\\/\"]}]},{\"@type\":\"ImageObject\",\"inLanguage\":\"es\",\"@id\":\"https:\\\/\\\/www.eldiario.net\\\/portal\\\/2022\\\/10\\\/16\\\/dictadura-cubana-amenaza-con-respuesta-penal-contra-protestas\\\/#primaryimage\",\"url\":\"\",\"contentUrl\":\"\"},{\"@type\":\"BreadcrumbList\",\"@id\":\"https:\\\/\\\/www.eldiario.net\\\/portal\\\/2022\\\/10\\\/16\\\/dictadura-cubana-amenaza-con-respuesta-penal-contra-protestas\\\/#breadcrumb\",\"itemListElement\":[{\"@type\":\"ListItem\",\"position\":1,\"name\":\"Portada\",\"item\":\"https:\\\/\\\/www.eldiario.net\\\/portal\\\/\"},{\"@type\":\"ListItem\",\"position\":2,\"name\":\"Dictadura cubana amenaza con respuesta penal contra protestas\"}]},{\"@type\":\"WebSite\",\"@id\":\"https:\\\/\\\/www.eldiario.net\\\/portal\\\/#website\",\"url\":\"https:\\\/\\\/www.eldiario.net\\\/portal\\\/\",\"name\":\"El Diario - Decano de la prensa nacional\",\"description\":\"El Diario - Decano de la prensa nacional\",\"publisher\":{\"@id\":\"https:\\\/\\\/www.eldiario.net\\\/portal\\\/#organization\"},\"potentialAction\":[{\"@type\":\"SearchAction\",\"target\":{\"@type\":\"EntryPoint\",\"urlTemplate\":\"https:\\\/\\\/www.eldiario.net\\\/portal\\\/?s={search_term_string}\"},\"query-input\":{\"@type\":\"PropertyValueSpecification\",\"valueRequired\":true,\"valueName\":\"search_term_string\"}}],\"inLanguage\":\"es\"},{\"@type\":\"Organization\",\"@id\":\"https:\\\/\\\/www.eldiario.net\\\/portal\\\/#organization\",\"name\":\"El Diario - Decano de la prensa nacional\",\"url\":\"https:\\\/\\\/www.eldiario.net\\\/portal\\\/\",\"logo\":{\"@type\":\"ImageObject\",\"inLanguage\":\"es\",\"@id\":\"https:\\\/\\\/www.eldiario.net\\\/portal\\\/#\\\/schema\\\/logo\\\/image\\\/\",\"url\":\"https:\\\/\\\/www.eldiario.net\\\/portal\\\/wp-content\\\/uploads\\\/2023\\\/07\\\/logo_ED.jpg\",\"contentUrl\":\"https:\\\/\\\/www.eldiario.net\\\/portal\\\/wp-content\\\/uploads\\\/2023\\\/07\\\/logo_ED.jpg\",\"width\":272,\"height\":52,\"caption\":\"El Diario - Decano de la prensa nacional\"},\"image\":{\"@id\":\"https:\\\/\\\/www.eldiario.net\\\/portal\\\/#\\\/schema\\\/logo\\\/image\\\/\"},\"sameAs\":[\"https:\\\/\\\/www.facebook.com\\\/eldiario.bolivia\\\/\",\"https:\\\/\\\/x.com\\\/eldiario_net\"]},{\"@type\":\"Person\",\"@id\":\"https:\\\/\\\/www.eldiario.net\\\/portal\\\/#\\\/schema\\\/person\\\/2c57cf2b7a7ae032e449e4c9b1019eac\",\"name\":\"Jeanette\",\"image\":{\"@type\":\"ImageObject\",\"inLanguage\":\"es\",\"@id\":\"https:\\\/\\\/secure.gravatar.com\\\/avatar\\\/3ea2118a5f7dad2b7138b1187a6b7ee55f160b9968b66013c3a3ef39dd7e5798?s=96&d=mm&r=g\",\"url\":\"https:\\\/\\\/secure.gravatar.com\\\/avatar\\\/3ea2118a5f7dad2b7138b1187a6b7ee55f160b9968b66013c3a3ef39dd7e5798?s=96&d=mm&r=g\",\"contentUrl\":\"https:\\\/\\\/secure.gravatar.com\\\/avatar\\\/3ea2118a5f7dad2b7138b1187a6b7ee55f160b9968b66013c3a3ef39dd7e5798?s=96&d=mm&r=g\",\"caption\":\"Jeanette\"},\"sameAs\":[\"https:\\\/\\\/www.eldiario.net\\\/portal\"],\"url\":\"https:\\\/\\\/www.eldiario.net\\\/portal\\\/author\\\/jeanette\\\/\"}]}<\/script>\n<!-- \/ Yoast SEO plugin. -->","yoast_head_json":{"title":"Dictadura cubana amenaza con respuesta penal contra protestas - El Diario - Bolivia","robots":{"index":"index","follow":"follow","max-snippet":"max-snippet:-1","max-image-preview":"max-image-preview:large","max-video-preview":"max-video-preview:-1"},"canonical":"https:\/\/www.eldiario.net\/portal\/2022\/10\/16\/dictadura-cubana-amenaza-con-respuesta-penal-contra-protestas\/","og_locale":"es_ES","og_type":"article","og_title":"Dictadura cubana amenaza con respuesta penal contra protestas - El Diario - Bolivia","og_description":"La Fiscal\u00eda General de la dictadura de Cuba asegur\u00f3 que est\u00e1 investigando las recientes protestas en el pa\u00eds -principalmente por los graves apagones- y amenaz\u00f3 a quienes hayan participado en las manifestaciones con que recibir\u00e1n la respuesta jur\u00eddico penal que corresponda. En un comunicado en el que no se cifra el n\u00famero de investigaciones abiertas [&hellip;]","og_url":"https:\/\/www.eldiario.net\/portal\/2022\/10\/16\/dictadura-cubana-amenaza-con-respuesta-penal-contra-protestas\/","og_site_name":"El Diario - Bolivia","article_publisher":"https:\/\/www.facebook.com\/eldiario.bolivia\/","article_published_time":"2022-10-16T05:57:18+00:00","author":"Jeanette","twitter_card":"summary_large_image","twitter_creator":"@eldiario_net","twitter_site":"@eldiario_net","twitter_misc":{"Escrito por":"Jeanette","Tiempo de lectura":"3 minutos"},"schema":{"@context":"https:\/\/schema.org","@graph":[{"@type":"Article","@id":"https:\/\/www.eldiario.net\/portal\/2022\/10\/16\/dictadura-cubana-amenaza-con-respuesta-penal-contra-protestas\/#article","isPartOf":{"@id":"https:\/\/www.eldiario.net\/portal\/2022\/10\/16\/dictadura-cubana-amenaza-con-respuesta-penal-contra-protestas\/"},"author":{"name":"Jeanette","@id":"https:\/\/www.eldiario.net\/portal\/#\/schema\/person\/2c57cf2b7a7ae032e449e4c9b1019eac"},"headline":"Dictadura cubana amenaza con respuesta penal contra protestas","datePublished":"2022-10-16T05:57:18+00:00","mainEntityOfPage":{"@id":"https:\/\/www.eldiario.net\/portal\/2022\/10\/16\/dictadura-cubana-amenaza-con-respuesta-penal-contra-protestas\/"},"wordCount":532,"publisher":{"@id":"https:\/\/www.eldiario.net\/portal\/#organization"},"image":{"@id":"https:\/\/www.eldiario.net\/portal\/2022\/10\/16\/dictadura-cubana-amenaza-con-respuesta-penal-contra-protestas\/#primaryimage"},"thumbnailUrl":"","articleSection":["Internacional"],"inLanguage":"es"},{"@type":"WebPage","@id":"https:\/\/www.eldiario.net\/portal\/2022\/10\/16\/dictadura-cubana-amenaza-con-respuesta-penal-contra-protestas\/","url":"https:\/\/www.eldiario.net\/portal\/2022\/10\/16\/dictadura-cubana-amenaza-con-respuesta-penal-contra-protestas\/","name":"Dictadura cubana amenaza con respuesta penal contra protestas - El Diario - Bolivia","isPartOf":{"@id":"https:\/\/www.eldiario.net\/portal\/#website"},"primaryImageOfPage":{"@id":"https:\/\/www.eldiario.net\/portal\/2022\/10\/16\/dictadura-cubana-amenaza-con-respuesta-penal-contra-protestas\/#primaryimage"},"image":{"@id":"https:\/\/www.eldiario.net\/portal\/2022\/10\/16\/dictadura-cubana-amenaza-con-respuesta-penal-contra-protestas\/#primaryimage"},"thumbnailUrl":"","datePublished":"2022-10-16T05:57:18+00:00","breadcrumb":{"@id":"https:\/\/www.eldiario.net\/portal\/2022\/10\/16\/dictadura-cubana-amenaza-con-respuesta-penal-contra-protestas\/#breadcrumb"},"inLanguage":"es","potentialAction":[{"@type":"ReadAction","target":["https:\/\/www.eldiario.net\/portal\/2022\/10\/16\/dictadura-cubana-amenaza-con-respuesta-penal-contra-protestas\/"]}]},{"@type":"ImageObject","inLanguage":"es","@id":"https:\/\/www.eldiario.net\/portal\/2022\/10\/16\/dictadura-cubana-amenaza-con-respuesta-penal-contra-protestas\/#primaryimage","url":"","contentUrl":""},{"@type":"BreadcrumbList","@id":"https:\/\/www.eldiario.net\/portal\/2022\/10\/16\/dictadura-cubana-amenaza-con-respuesta-penal-contra-protestas\/#breadcrumb","itemListElement":[{"@type":"ListItem","position":1,"name":"Portada","item":"https:\/\/www.eldiario.net\/portal\/"},{"@type":"ListItem","position":2,"name":"Dictadura cubana amenaza con respuesta penal contra protestas"}]},{"@type":"WebSite","@id":"https:\/\/www.eldiario.net\/portal\/#website","url":"https:\/\/www.eldiario.net\/portal\/","name":"El Diario - Decano de la prensa nacional","description":"El Diario - Decano de la prensa nacional","publisher":{"@id":"https:\/\/www.eldiario.net\/portal\/#organization"},"potentialAction":[{"@type":"SearchAction","target":{"@type":"EntryPoint","urlTemplate":"https:\/\/www.eldiario.net\/portal\/?s={search_term_string}"},"query-input":{"@type":"PropertyValueSpecification","valueRequired":true,"valueName":"search_term_string"}}],"inLanguage":"es"},{"@type":"Organization","@id":"https:\/\/www.eldiario.net\/portal\/#organization","name":"El Diario - Decano de la prensa nacional","url":"https:\/\/www.eldiario.net\/portal\/","logo":{"@type":"ImageObject","inLanguage":"es","@id":"https:\/\/www.eldiario.net\/portal\/#\/schema\/logo\/image\/","url":"https:\/\/www.eldiario.net\/portal\/wp-content\/uploads\/2023\/07\/logo_ED.jpg","contentUrl":"https:\/\/www.eldiario.net\/portal\/wp-content\/uploads\/2023\/07\/logo_ED.jpg","width":272,"height":52,"caption":"El Diario - Decano de la prensa nacional"},"image":{"@id":"https:\/\/www.eldiario.net\/portal\/#\/schema\/logo\/image\/"},"sameAs":["https:\/\/www.facebook.com\/eldiario.bolivia\/","https:\/\/x.com\/eldiario_net"]},{"@type":"Person","@id":"https:\/\/www.eldiario.net\/portal\/#\/schema\/person\/2c57cf2b7a7ae032e449e4c9b1019eac","name":"Jeanette","image":{"@type":"ImageObject","inLanguage":"es","@id":"https:\/\/secure.gravatar.com\/avatar\/3ea2118a5f7dad2b7138b1187a6b7ee55f160b9968b66013c3a3ef39dd7e5798?s=96&d=mm&r=g","url":"https:\/\/secure.gravatar.com\/avatar\/3ea2118a5f7dad2b7138b1187a6b7ee55f160b9968b66013c3a3ef39dd7e5798?s=96&d=mm&r=g","contentUrl":"https:\/\/secure.gravatar.com\/avatar\/3ea2118a5f7dad2b7138b1187a6b7ee55f160b9968b66013c3a3ef39dd7e5798?s=96&d=mm&r=g","caption":"Jeanette"},"sameAs":["https:\/\/www.eldiario.net\/portal"],"url":"https:\/\/www.eldiario.net\/portal\/author\/jeanette\/"}]}},"_links":{"self":[{"href":"https:\/\/www.eldiario.net\/portal\/wp-json\/wp\/v2\/posts\/116914","targetHints":{"allow":["GET"]}}],"collection":[{"href":"https:\/\/www.eldiario.net\/portal\/wp-json\/wp\/v2\/posts"}],"about":[{"href":"https:\/\/www.eldiario.net\/portal\/wp-json\/wp\/v2\/types\/post"}],"author":[{"embeddable":true,"href":"https:\/\/www.eldiario.net\/portal\/wp-json\/wp\/v2\/users\/1"}],"replies":[{"embeddable":true,"href":"https:\/\/www.eldiario.net\/portal\/wp-json\/wp\/v2\/comments?post=116914"}],"version-history":[{"count":0,"href":"https:\/\/www.eldiario.net\/portal\/wp-json\/wp\/v2\/posts\/116914\/revisions"}],"wp:attachment":[{"href":"https:\/\/www.eldiario.net\/portal\/wp-json\/wp\/v2\/media?parent=116914"}],"wp:term":[{"taxonomy":"category","embeddable":true,"href":"https:\/\/www.eldiario.net\/portal\/wp-json\/wp\/v2\/categories?post=116914"},{"taxonomy":"post_tag","embeddable":true,"href":"https:\/\/www.eldiario.net\/portal\/wp-json\/wp\/v2\/tags?post=116914"}],"curies":[{"name":"wp","href":"https:\/\/api.w.org\/{rel}","templated":true}]}}