{"id":116911,"date":"2022-10-16T01:56:17","date_gmt":"2022-10-16T05:56:17","guid":{"rendered":"https:\/\/www.eldiario.net\/portal\/?p=116911"},"modified":"2022-10-16T01:56:17","modified_gmt":"2022-10-16T05:56:17","slug":"liberan-a-los-ultimos-tripulantes-de-avion","status":"publish","type":"post","link":"https:\/\/www.eldiario.net\/portal\/2022\/10\/16\/liberan-a-los-ultimos-tripulantes-de-avion\/","title":{"rendered":"Liberan a los \u00faltimos  tripulantes de avi\u00f3n"},"content":{"rendered":"<p class=\"v1MsoNormal\"><span lang=\"ES-BO\">La Justicia argentina ha liberado a los \u00faltimos cinco tripulantes del avi\u00f3n venezolano-iran\u00ed retenido desde junio en el Aeropuerto Internacional de Ezeiza, a las afueras de Buenos Aires.<\/span><\/p>\n<p class=\"v1MsoNormal\"><span lang=\"ES-BO\">El fallo del juez federal Federico Villena publicado ayer determina que no existen pruebas consistentes para procesarlos por la realizaci\u00f3n de actividades vinculadas al terrorismo.<\/span><\/p>\n<p class=\"v1MsoNormal\"><span lang=\"ES-BO\">La resoluci\u00f3n afecta a los iran\u00edes Gholamreza Ghasemi, piloto de la aeronave, Abdolbaset Mohammadi, Saeid Valizadeh y los venezolanos V\u00edctor Manuel P\u00e9rez y Mario Arraga Urdaneta. Asimismo, el juez dispuso la devoluci\u00f3n de sus documentos de viaje y orden\u00f3 dejar sin efecto la medida cautelar que pesa sobre la aeronave matr\u00edcula YV3531 de la empresa Emtrasur.<\/span><\/p>\n<p class=\"v1MsoNormal\"><span lang=\"ES-BO\">Los tripulantes estaban siendo investigados a ra\u00edz de una petici\u00f3n de la Delegaci\u00f3n de Asociaciones Israelitas Argentinas (DAIA), que acus\u00f3 a la empresa Emtrasur de desviar fondos para financiar actividades terroristas.<\/span><\/p>\n<p class=\"v1MsoNormal\"><span lang=\"ES-BO\">\u00abCuando los elementos de juicio no autorizan el dictado del auto de procesamiento y, a la vez, tampoco tienen entidad para descartar la existencia del hecho, su car\u00e1cter delictuoso o la responsabilidad del imputado &#8211;lo que har\u00eda procedente su sobreseimiento&#8211; el juez debe disponer la falta de m\u00e9rito\u00bb, concluye el fallo.<\/span><\/p>\n<p class=\"v1MsoNormal\"><span lang=\"ES-BO\">La acusaci\u00f3n observa que el avi\u00f3n pudo ser utilizado para realizar viajes entre Siria e Ir\u00e1n a trav\u00e9s de una aerol\u00ednea ligada al partido-milicia liban\u00e9s Hezbol\u00e1, pero el juez considera que no hay elementos para procesar a los tripulantes.<\/span><\/p>\n<p class=\"v1MsoNormal\"><span lang=\"ES-BO\">El juez explica que hasta el momento se han reunido 118 medidas de prueba en el expediente y ha recordado que todav\u00eda existen tr\u00e1mites que deben completarse como exhortos enviados a Espa\u00f1a, Aruba, Rep\u00fablica Dominicana, Paraguay y un peritaje contable. (Europa Press)<\/span><\/p>\n<p class=\"v1MsoNormal\"><span lang=\"ES-BO\">\u00a0<\/span><\/p>\n","protected":false},"excerpt":{"rendered":"<p>La Justicia argentina ha liberado a los \u00faltimos cinco tripulantes del avi\u00f3n venezolano-iran\u00ed retenido desde junio en el Aeropuerto Internacional de Ezeiza, a las afueras de Buenos Aires. El fallo del juez federal Federico Villena publicado ayer determina que no existen pruebas consistentes para procesarlos por la realizaci\u00f3n de actividades vinculadas al terrorismo. La resoluci\u00f3n [&hellip;]<\/p>\n","protected":false},"author":1,"featured_media":116912,"comment_status":"closed","ping_status":"closed","sticky":false,"template":"","format":"standard","meta":{"_acf_changed":false,"footnotes":""},"categories":[3],"tags":[],"class_list":["post-116911","post","type-post","status-publish","format-standard","has-post-thumbnail","category-internacional"],"acf":{"antetitulo":""},"yoast_head":"<!-- This site is optimized with the Yoast SEO plugin v28.4 - https:\/\/yoast.com\/product\/yoast-seo-wordpress\/ -->\n<title>Liberan a los \u00faltimos tripulantes de avi\u00f3n - El Diario - Bolivia<\/title>\n<meta name=\"robots\" content=\"index, follow, max-snippet:-1, max-image-preview:large, max-video-preview:-1\" \/>\n<link rel=\"canonical\" href=\"https:\/\/www.eldiario.net\/portal\/2022\/10\/16\/liberan-a-los-ultimos-tripulantes-de-avion\/\" \/>\n<meta property=\"og:locale\" content=\"es_ES\" \/>\n<meta property=\"og:type\" content=\"article\" \/>\n<meta property=\"og:title\" content=\"Liberan a los \u00faltimos tripulantes de avi\u00f3n - El Diario - Bolivia\" \/>\n<meta property=\"og:description\" content=\"La Justicia argentina ha liberado a los \u00faltimos cinco tripulantes del avi\u00f3n venezolano-iran\u00ed retenido desde junio en el Aeropuerto Internacional de Ezeiza, a las afueras de Buenos Aires. El fallo del juez federal Federico Villena publicado ayer determina que no existen pruebas consistentes para procesarlos por la realizaci\u00f3n de actividades vinculadas al terrorismo. La resoluci\u00f3n [&hellip;]\" \/>\n<meta property=\"og:url\" content=\"https:\/\/www.eldiario.net\/portal\/2022\/10\/16\/liberan-a-los-ultimos-tripulantes-de-avion\/\" \/>\n<meta property=\"og:site_name\" content=\"El Diario - Bolivia\" \/>\n<meta property=\"article:publisher\" content=\"https:\/\/www.facebook.com\/eldiario.bolivia\/\" \/>\n<meta property=\"article:published_time\" content=\"2022-10-16T05:56:17+00:00\" \/>\n<meta name=\"author\" content=\"Jeanette\" \/>\n<meta name=\"twitter:card\" content=\"summary_large_image\" \/>\n<meta name=\"twitter:creator\" content=\"@eldiario_net\" \/>\n<meta name=\"twitter:site\" content=\"@eldiario_net\" \/>\n<meta name=\"twitter:label1\" content=\"Escrito por\" \/>\n\t<meta name=\"twitter:data1\" content=\"Jeanette\" \/>\n\t<meta name=\"twitter:label2\" content=\"Tiempo de lectura\" \/>\n\t<meta name=\"twitter:data2\" content=\"2 minutos\" \/>\n<script type=\"application\/ld+json\" class=\"yoast-schema-graph\">{\"@context\":\"https:\\\/\\\/schema.org\",\"@graph\":[{\"@type\":\"Article\",\"@id\":\"https:\\\/\\\/www.eldiario.net\\\/portal\\\/2022\\\/10\\\/16\\\/liberan-a-los-ultimos-tripulantes-de-avion\\\/#article\",\"isPartOf\":{\"@id\":\"https:\\\/\\\/www.eldiario.net\\\/portal\\\/2022\\\/10\\\/16\\\/liberan-a-los-ultimos-tripulantes-de-avion\\\/\"},\"author\":{\"name\":\"Jeanette\",\"@id\":\"https:\\\/\\\/www.eldiario.net\\\/portal\\\/#\\\/schema\\\/person\\\/2c57cf2b7a7ae032e449e4c9b1019eac\"},\"headline\":\"Liberan a los \u00faltimos tripulantes de avi\u00f3n\",\"datePublished\":\"2022-10-16T05:56:17+00:00\",\"mainEntityOfPage\":{\"@id\":\"https:\\\/\\\/www.eldiario.net\\\/portal\\\/2022\\\/10\\\/16\\\/liberan-a-los-ultimos-tripulantes-de-avion\\\/\"},\"wordCount\":303,\"publisher\":{\"@id\":\"https:\\\/\\\/www.eldiario.net\\\/portal\\\/#organization\"},\"image\":{\"@id\":\"https:\\\/\\\/www.eldiario.net\\\/portal\\\/2022\\\/10\\\/16\\\/liberan-a-los-ultimos-tripulantes-de-avion\\\/#primaryimage\"},\"thumbnailUrl\":\"\",\"articleSection\":[\"Internacional\"],\"inLanguage\":\"es\"},{\"@type\":\"WebPage\",\"@id\":\"https:\\\/\\\/www.eldiario.net\\\/portal\\\/2022\\\/10\\\/16\\\/liberan-a-los-ultimos-tripulantes-de-avion\\\/\",\"url\":\"https:\\\/\\\/www.eldiario.net\\\/portal\\\/2022\\\/10\\\/16\\\/liberan-a-los-ultimos-tripulantes-de-avion\\\/\",\"name\":\"Liberan a los \u00faltimos tripulantes de avi\u00f3n - El Diario - Bolivia\",\"isPartOf\":{\"@id\":\"https:\\\/\\\/www.eldiario.net\\\/portal\\\/#website\"},\"primaryImageOfPage\":{\"@id\":\"https:\\\/\\\/www.eldiario.net\\\/portal\\\/2022\\\/10\\\/16\\\/liberan-a-los-ultimos-tripulantes-de-avion\\\/#primaryimage\"},\"image\":{\"@id\":\"https:\\\/\\\/www.eldiario.net\\\/portal\\\/2022\\\/10\\\/16\\\/liberan-a-los-ultimos-tripulantes-de-avion\\\/#primaryimage\"},\"thumbnailUrl\":\"\",\"datePublished\":\"2022-10-16T05:56:17+00:00\",\"breadcrumb\":{\"@id\":\"https:\\\/\\\/www.eldiario.net\\\/portal\\\/2022\\\/10\\\/16\\\/liberan-a-los-ultimos-tripulantes-de-avion\\\/#breadcrumb\"},\"inLanguage\":\"es\",\"potentialAction\":[{\"@type\":\"ReadAction\",\"target\":[\"https:\\\/\\\/www.eldiario.net\\\/portal\\\/2022\\\/10\\\/16\\\/liberan-a-los-ultimos-tripulantes-de-avion\\\/\"]}]},{\"@type\":\"ImageObject\",\"inLanguage\":\"es\",\"@id\":\"https:\\\/\\\/www.eldiario.net\\\/portal\\\/2022\\\/10\\\/16\\\/liberan-a-los-ultimos-tripulantes-de-avion\\\/#primaryimage\",\"url\":\"\",\"contentUrl\":\"\"},{\"@type\":\"BreadcrumbList\",\"@id\":\"https:\\\/\\\/www.eldiario.net\\\/portal\\\/2022\\\/10\\\/16\\\/liberan-a-los-ultimos-tripulantes-de-avion\\\/#breadcrumb\",\"itemListElement\":[{\"@type\":\"ListItem\",\"position\":1,\"name\":\"Portada\",\"item\":\"https:\\\/\\\/www.eldiario.net\\\/portal\\\/\"},{\"@type\":\"ListItem\",\"position\":2,\"name\":\"Liberan a los \u00faltimos tripulantes de avi\u00f3n\"}]},{\"@type\":\"WebSite\",\"@id\":\"https:\\\/\\\/www.eldiario.net\\\/portal\\\/#website\",\"url\":\"https:\\\/\\\/www.eldiario.net\\\/portal\\\/\",\"name\":\"El Diario - Decano de la prensa nacional\",\"description\":\"El Diario - Decano de la prensa nacional\",\"publisher\":{\"@id\":\"https:\\\/\\\/www.eldiario.net\\\/portal\\\/#organization\"},\"potentialAction\":[{\"@type\":\"SearchAction\",\"target\":{\"@type\":\"EntryPoint\",\"urlTemplate\":\"https:\\\/\\\/www.eldiario.net\\\/portal\\\/?s={search_term_string}\"},\"query-input\":{\"@type\":\"PropertyValueSpecification\",\"valueRequired\":true,\"valueName\":\"search_term_string\"}}],\"inLanguage\":\"es\"},{\"@type\":\"Organization\",\"@id\":\"https:\\\/\\\/www.eldiario.net\\\/portal\\\/#organization\",\"name\":\"El Diario - Decano de la prensa nacional\",\"url\":\"https:\\\/\\\/www.eldiario.net\\\/portal\\\/\",\"logo\":{\"@type\":\"ImageObject\",\"inLanguage\":\"es\",\"@id\":\"https:\\\/\\\/www.eldiario.net\\\/portal\\\/#\\\/schema\\\/logo\\\/image\\\/\",\"url\":\"https:\\\/\\\/www.eldiario.net\\\/portal\\\/wp-content\\\/uploads\\\/2023\\\/07\\\/logo_ED.jpg\",\"contentUrl\":\"https:\\\/\\\/www.eldiario.net\\\/portal\\\/wp-content\\\/uploads\\\/2023\\\/07\\\/logo_ED.jpg\",\"width\":272,\"height\":52,\"caption\":\"El Diario - Decano de la prensa nacional\"},\"image\":{\"@id\":\"https:\\\/\\\/www.eldiario.net\\\/portal\\\/#\\\/schema\\\/logo\\\/image\\\/\"},\"sameAs\":[\"https:\\\/\\\/www.facebook.com\\\/eldiario.bolivia\\\/\",\"https:\\\/\\\/x.com\\\/eldiario_net\"]},{\"@type\":\"Person\",\"@id\":\"https:\\\/\\\/www.eldiario.net\\\/portal\\\/#\\\/schema\\\/person\\\/2c57cf2b7a7ae032e449e4c9b1019eac\",\"name\":\"Jeanette\",\"image\":{\"@type\":\"ImageObject\",\"inLanguage\":\"es\",\"@id\":\"https:\\\/\\\/secure.gravatar.com\\\/avatar\\\/3ea2118a5f7dad2b7138b1187a6b7ee55f160b9968b66013c3a3ef39dd7e5798?s=96&d=mm&r=g\",\"url\":\"https:\\\/\\\/secure.gravatar.com\\\/avatar\\\/3ea2118a5f7dad2b7138b1187a6b7ee55f160b9968b66013c3a3ef39dd7e5798?s=96&d=mm&r=g\",\"contentUrl\":\"https:\\\/\\\/secure.gravatar.com\\\/avatar\\\/3ea2118a5f7dad2b7138b1187a6b7ee55f160b9968b66013c3a3ef39dd7e5798?s=96&d=mm&r=g\",\"caption\":\"Jeanette\"},\"sameAs\":[\"https:\\\/\\\/www.eldiario.net\\\/portal\"],\"url\":\"https:\\\/\\\/www.eldiario.net\\\/portal\\\/author\\\/jeanette\\\/\"}]}<\/script>\n<!-- \/ Yoast SEO plugin. -->","yoast_head_json":{"title":"Liberan a los \u00faltimos tripulantes de avi\u00f3n - El Diario - Bolivia","robots":{"index":"index","follow":"follow","max-snippet":"max-snippet:-1","max-image-preview":"max-image-preview:large","max-video-preview":"max-video-preview:-1"},"canonical":"https:\/\/www.eldiario.net\/portal\/2022\/10\/16\/liberan-a-los-ultimos-tripulantes-de-avion\/","og_locale":"es_ES","og_type":"article","og_title":"Liberan a los \u00faltimos tripulantes de avi\u00f3n - El Diario - Bolivia","og_description":"La Justicia argentina ha liberado a los \u00faltimos cinco tripulantes del avi\u00f3n venezolano-iran\u00ed retenido desde junio en el Aeropuerto Internacional de Ezeiza, a las afueras de Buenos Aires. El fallo del juez federal Federico Villena publicado ayer determina que no existen pruebas consistentes para procesarlos por la realizaci\u00f3n de actividades vinculadas al terrorismo. La resoluci\u00f3n [&hellip;]","og_url":"https:\/\/www.eldiario.net\/portal\/2022\/10\/16\/liberan-a-los-ultimos-tripulantes-de-avion\/","og_site_name":"El Diario - Bolivia","article_publisher":"https:\/\/www.facebook.com\/eldiario.bolivia\/","article_published_time":"2022-10-16T05:56:17+00:00","author":"Jeanette","twitter_card":"summary_large_image","twitter_creator":"@eldiario_net","twitter_site":"@eldiario_net","twitter_misc":{"Escrito por":"Jeanette","Tiempo de lectura":"2 minutos"},"schema":{"@context":"https:\/\/schema.org","@graph":[{"@type":"Article","@id":"https:\/\/www.eldiario.net\/portal\/2022\/10\/16\/liberan-a-los-ultimos-tripulantes-de-avion\/#article","isPartOf":{"@id":"https:\/\/www.eldiario.net\/portal\/2022\/10\/16\/liberan-a-los-ultimos-tripulantes-de-avion\/"},"author":{"name":"Jeanette","@id":"https:\/\/www.eldiario.net\/portal\/#\/schema\/person\/2c57cf2b7a7ae032e449e4c9b1019eac"},"headline":"Liberan a los \u00faltimos tripulantes de avi\u00f3n","datePublished":"2022-10-16T05:56:17+00:00","mainEntityOfPage":{"@id":"https:\/\/www.eldiario.net\/portal\/2022\/10\/16\/liberan-a-los-ultimos-tripulantes-de-avion\/"},"wordCount":303,"publisher":{"@id":"https:\/\/www.eldiario.net\/portal\/#organization"},"image":{"@id":"https:\/\/www.eldiario.net\/portal\/2022\/10\/16\/liberan-a-los-ultimos-tripulantes-de-avion\/#primaryimage"},"thumbnailUrl":"","articleSection":["Internacional"],"inLanguage":"es"},{"@type":"WebPage","@id":"https:\/\/www.eldiario.net\/portal\/2022\/10\/16\/liberan-a-los-ultimos-tripulantes-de-avion\/","url":"https:\/\/www.eldiario.net\/portal\/2022\/10\/16\/liberan-a-los-ultimos-tripulantes-de-avion\/","name":"Liberan a los \u00faltimos tripulantes de avi\u00f3n - El Diario - Bolivia","isPartOf":{"@id":"https:\/\/www.eldiario.net\/portal\/#website"},"primaryImageOfPage":{"@id":"https:\/\/www.eldiario.net\/portal\/2022\/10\/16\/liberan-a-los-ultimos-tripulantes-de-avion\/#primaryimage"},"image":{"@id":"https:\/\/www.eldiario.net\/portal\/2022\/10\/16\/liberan-a-los-ultimos-tripulantes-de-avion\/#primaryimage"},"thumbnailUrl":"","datePublished":"2022-10-16T05:56:17+00:00","breadcrumb":{"@id":"https:\/\/www.eldiario.net\/portal\/2022\/10\/16\/liberan-a-los-ultimos-tripulantes-de-avion\/#breadcrumb"},"inLanguage":"es","potentialAction":[{"@type":"ReadAction","target":["https:\/\/www.eldiario.net\/portal\/2022\/10\/16\/liberan-a-los-ultimos-tripulantes-de-avion\/"]}]},{"@type":"ImageObject","inLanguage":"es","@id":"https:\/\/www.eldiario.net\/portal\/2022\/10\/16\/liberan-a-los-ultimos-tripulantes-de-avion\/#primaryimage","url":"","contentUrl":""},{"@type":"BreadcrumbList","@id":"https:\/\/www.eldiario.net\/portal\/2022\/10\/16\/liberan-a-los-ultimos-tripulantes-de-avion\/#breadcrumb","itemListElement":[{"@type":"ListItem","position":1,"name":"Portada","item":"https:\/\/www.eldiario.net\/portal\/"},{"@type":"ListItem","position":2,"name":"Liberan a los \u00faltimos tripulantes de avi\u00f3n"}]},{"@type":"WebSite","@id":"https:\/\/www.eldiario.net\/portal\/#website","url":"https:\/\/www.eldiario.net\/portal\/","name":"El Diario - Decano de la prensa nacional","description":"El Diario - Decano de la prensa nacional","publisher":{"@id":"https:\/\/www.eldiario.net\/portal\/#organization"},"potentialAction":[{"@type":"SearchAction","target":{"@type":"EntryPoint","urlTemplate":"https:\/\/www.eldiario.net\/portal\/?s={search_term_string}"},"query-input":{"@type":"PropertyValueSpecification","valueRequired":true,"valueName":"search_term_string"}}],"inLanguage":"es"},{"@type":"Organization","@id":"https:\/\/www.eldiario.net\/portal\/#organization","name":"El Diario - Decano de la prensa nacional","url":"https:\/\/www.eldiario.net\/portal\/","logo":{"@type":"ImageObject","inLanguage":"es","@id":"https:\/\/www.eldiario.net\/portal\/#\/schema\/logo\/image\/","url":"https:\/\/www.eldiario.net\/portal\/wp-content\/uploads\/2023\/07\/logo_ED.jpg","contentUrl":"https:\/\/www.eldiario.net\/portal\/wp-content\/uploads\/2023\/07\/logo_ED.jpg","width":272,"height":52,"caption":"El Diario - Decano de la prensa nacional"},"image":{"@id":"https:\/\/www.eldiario.net\/portal\/#\/schema\/logo\/image\/"},"sameAs":["https:\/\/www.facebook.com\/eldiario.bolivia\/","https:\/\/x.com\/eldiario_net"]},{"@type":"Person","@id":"https:\/\/www.eldiario.net\/portal\/#\/schema\/person\/2c57cf2b7a7ae032e449e4c9b1019eac","name":"Jeanette","image":{"@type":"ImageObject","inLanguage":"es","@id":"https:\/\/secure.gravatar.com\/avatar\/3ea2118a5f7dad2b7138b1187a6b7ee55f160b9968b66013c3a3ef39dd7e5798?s=96&d=mm&r=g","url":"https:\/\/secure.gravatar.com\/avatar\/3ea2118a5f7dad2b7138b1187a6b7ee55f160b9968b66013c3a3ef39dd7e5798?s=96&d=mm&r=g","contentUrl":"https:\/\/secure.gravatar.com\/avatar\/3ea2118a5f7dad2b7138b1187a6b7ee55f160b9968b66013c3a3ef39dd7e5798?s=96&d=mm&r=g","caption":"Jeanette"},"sameAs":["https:\/\/www.eldiario.net\/portal"],"url":"https:\/\/www.eldiario.net\/portal\/author\/jeanette\/"}]}},"_links":{"self":[{"href":"https:\/\/www.eldiario.net\/portal\/wp-json\/wp\/v2\/posts\/116911","targetHints":{"allow":["GET"]}}],"collection":[{"href":"https:\/\/www.eldiario.net\/portal\/wp-json\/wp\/v2\/posts"}],"about":[{"href":"https:\/\/www.eldiario.net\/portal\/wp-json\/wp\/v2\/types\/post"}],"author":[{"embeddable":true,"href":"https:\/\/www.eldiario.net\/portal\/wp-json\/wp\/v2\/users\/1"}],"replies":[{"embeddable":true,"href":"https:\/\/www.eldiario.net\/portal\/wp-json\/wp\/v2\/comments?post=116911"}],"version-history":[{"count":0,"href":"https:\/\/www.eldiario.net\/portal\/wp-json\/wp\/v2\/posts\/116911\/revisions"}],"wp:attachment":[{"href":"https:\/\/www.eldiario.net\/portal\/wp-json\/wp\/v2\/media?parent=116911"}],"wp:term":[{"taxonomy":"category","embeddable":true,"href":"https:\/\/www.eldiario.net\/portal\/wp-json\/wp\/v2\/categories?post=116911"},{"taxonomy":"post_tag","embeddable":true,"href":"https:\/\/www.eldiario.net\/portal\/wp-json\/wp\/v2\/tags?post=116911"}],"curies":[{"name":"wp","href":"https:\/\/api.w.org\/{rel}","templated":true}]}}