{"id":116908,"date":"2022-10-16T01:55:14","date_gmt":"2022-10-16T05:55:14","guid":{"rendered":"https:\/\/www.eldiario.net\/portal\/?p=116908"},"modified":"2022-10-16T01:55:14","modified_gmt":"2022-10-16T05:55:14","slug":"movilizacion-en-la-universidad-de-teheran-desafia-al-regimen-de-iran","status":"publish","type":"post","link":"https:\/\/www.eldiario.net\/portal\/2022\/10\/16\/movilizacion-en-la-universidad-de-teheran-desafia-al-regimen-de-iran\/","title":{"rendered":"Movilizaci\u00f3n en la Universidad de  Teher\u00e1n desaf\u00eda al r\u00e9gimen de Ir\u00e1n"},"content":{"rendered":"<p class=\"v1MsoNormal\"><span lang=\"ES-BO\">Las protestas desatadas tras la muerte de Mahsa Amini contin\u00faan en todo Ir\u00e1n a pesar del incremento de la seguridad, la represi\u00f3n, las interrupciones de Internet y los servicios de telefon\u00eda celular. Hoy, los estudiantes gritaron reiteradamente libertad.<\/span><\/p>\n<p class=\"v1MsoNormal\"><span lang=\"ES-BO\">Los j\u00f3venes iran\u00edes llamaron a protestar de nuevo a lo largo del pa\u00eds a pesar de la represi\u00f3n estatal, cuando est\u00e1 a punto de cumplirse un mes de las movilizaciones que se desataron por la muerte de Mahsa Amini tras ser detenida por llevar mal puesto el velo isl\u00e1mico y que han costado la vida a cerca de un centenar de personas.<\/span><\/p>\n<p class=\"v1MsoNormal\"><span lang=\"ES-BO\">\u201cPedimos a los j\u00f3venes de los barrios de Teher\u00e1n y de Ir\u00e1n que en nombre de la libertad se re\u00fanan y griten muerte al dictador en los lugares donde no est\u00e1n presentes los mercenarios (polic\u00eda)\u201d, llam\u00f3 un colectivo de activistas en las redes.<\/span><\/p>\n<p class=\"v1MsoNormal\"><span lang=\"ES-BO\">El colectivo pidi\u00f3 a los manifestantes que se movilicen en nuevas zonas para disminuir los riesgos y tratar de reducir la presencia de las fuerzas de seguridad en las principales plazas y v\u00edas.<\/span><\/p>\n<p class=\"v1MsoNormal\"><span lang=\"ES-BO\">Ir\u00e1n es escenario de protestas desde la muerte, el 16 de septiembre, de la joven Mahsa Amini, tras ser detenida tres d\u00edas antes por la polic\u00eda de la moral por llevar mal puesto el velo isl\u00e1mico.<\/span><\/p>\n<p class=\"v1MsoNormal\"><span lang=\"ES-BO\">Esas protestas est\u00e1n protagonizadas sobre todo por j\u00f3venes y mujeres al grito de \u201cmujer, vida, libertad\u201d y en ellas se han llevado a cabo gestos de<\/span><\/p>\n<p class=\"v1MsoNormal\"><span lang=\"ES-BO\">desaf\u00edo como quemar velos, uno de los s\u00edmbolos de la Rep\u00fablica Isl\u00e1mica de Ir\u00e1n.<\/span><\/p>\n<p class=\"v1MsoNormal\"><span lang=\"ES-BO\">El grito muerte al dictador, en referencia al l\u00edder supremo de Ir\u00e1n, Al\u00ed Khamenei, tambi\u00e9n resuena en las calles y desde las ventanas por las noches.<\/span><\/p>\n<p class=\"v1MsoNormal\"><span lang=\"ES-BO\">Las manifestaciones est\u00e1n siendo duramente reprimidas por las fuerzas de seguridad y seg\u00fan la ONG Ir\u00e1n Human Rights, con base en Oslo, han muerto hasta ahora 92 personas, entre ellas 23 menores.<\/span><\/p>\n<p class=\"v1MsoNormal\"><span lang=\"ES-BO\">La llamada a las protestas fue recibida por las autoridades con el corte de Internet m\u00f3vil para evitar la organizaci\u00f3n de las movilizaciones, algo que ocurre desde hace semanas.<\/span><\/p>\n<p class=\"v1MsoNormal\"><span lang=\"ES-BO\">\u201cConfirmado: las m\u00e9tricas muestran nuevas y fuertes restricciones del tr\u00e1fico de Internet en Ir\u00e1n\u201d, indic\u00f3 NetBlocks, plataforma que supervisa la conectividad de los usuarios y la censura en la red.<\/span><\/p>\n<p class=\"v1MsoNormal\"><span lang=\"ES-BO\">Estas restricciones suceden desde el comienzo de las protestas por la muerte de Amini el 16 de septiembre, tras ser detenida tres d\u00edas antes por la polic\u00eda de la moral por llevar mal el velo en Teher\u00e1n.<\/span><\/p>\n<p class=\"v1MsoNormal\"><span lang=\"ES-BO\">El Gobierno iran\u00ed adem\u00e1s bloque\u00f3 las aplicaciones de WhatsApp e Instagram, las \u00fanicas que no estaban censuradas en el pa\u00eds, en un intento por controlar las protestas. (Infobae)<\/span><\/p>\n","protected":false},"excerpt":{"rendered":"<p>Las protestas desatadas tras la muerte de Mahsa Amini contin\u00faan en todo Ir\u00e1n a pesar del incremento de la seguridad, la represi\u00f3n, las interrupciones de Internet y los servicios de telefon\u00eda celular. Hoy, los estudiantes gritaron reiteradamente libertad. Los j\u00f3venes iran\u00edes llamaron a protestar de nuevo a lo largo del pa\u00eds a pesar de la [&hellip;]<\/p>\n","protected":false},"author":1,"featured_media":116909,"comment_status":"closed","ping_status":"closed","sticky":false,"template":"","format":"standard","meta":{"_acf_changed":false,"footnotes":""},"categories":[3],"tags":[],"class_list":["post-116908","post","type-post","status-publish","format-standard","has-post-thumbnail","category-internacional"],"acf":{"antetitulo":""},"yoast_head":"<!-- This site is optimized with the Yoast SEO plugin v28.4 - https:\/\/yoast.com\/product\/yoast-seo-wordpress\/ -->\n<title>Movilizaci\u00f3n en la Universidad de Teher\u00e1n desaf\u00eda al r\u00e9gimen de Ir\u00e1n - El Diario - Bolivia<\/title>\n<meta name=\"robots\" content=\"index, follow, max-snippet:-1, max-image-preview:large, max-video-preview:-1\" \/>\n<link rel=\"canonical\" href=\"https:\/\/www.eldiario.net\/portal\/2022\/10\/16\/movilizacion-en-la-universidad-de-teheran-desafia-al-regimen-de-iran\/\" \/>\n<meta property=\"og:locale\" content=\"es_ES\" \/>\n<meta property=\"og:type\" content=\"article\" \/>\n<meta property=\"og:title\" content=\"Movilizaci\u00f3n en la Universidad de Teher\u00e1n desaf\u00eda al r\u00e9gimen de Ir\u00e1n - El Diario - Bolivia\" \/>\n<meta property=\"og:description\" content=\"Las protestas desatadas tras la muerte de Mahsa Amini contin\u00faan en todo Ir\u00e1n a pesar del incremento de la seguridad, la represi\u00f3n, las interrupciones de Internet y los servicios de telefon\u00eda celular. Hoy, los estudiantes gritaron reiteradamente libertad. Los j\u00f3venes iran\u00edes llamaron a protestar de nuevo a lo largo del pa\u00eds a pesar de la [&hellip;]\" \/>\n<meta property=\"og:url\" content=\"https:\/\/www.eldiario.net\/portal\/2022\/10\/16\/movilizacion-en-la-universidad-de-teheran-desafia-al-regimen-de-iran\/\" \/>\n<meta property=\"og:site_name\" content=\"El Diario - Bolivia\" \/>\n<meta property=\"article:publisher\" content=\"https:\/\/www.facebook.com\/eldiario.bolivia\/\" \/>\n<meta property=\"article:published_time\" content=\"2022-10-16T05:55:14+00:00\" \/>\n<meta name=\"author\" content=\"Jeanette\" \/>\n<meta name=\"twitter:card\" content=\"summary_large_image\" \/>\n<meta name=\"twitter:creator\" content=\"@eldiario_net\" \/>\n<meta name=\"twitter:site\" content=\"@eldiario_net\" \/>\n<meta name=\"twitter:label1\" content=\"Escrito por\" \/>\n\t<meta name=\"twitter:data1\" content=\"Jeanette\" \/>\n\t<meta name=\"twitter:label2\" content=\"Tiempo de lectura\" \/>\n\t<meta name=\"twitter:data2\" content=\"2 minutos\" \/>\n<script type=\"application\/ld+json\" class=\"yoast-schema-graph\">{\"@context\":\"https:\\\/\\\/schema.org\",\"@graph\":[{\"@type\":\"Article\",\"@id\":\"https:\\\/\\\/www.eldiario.net\\\/portal\\\/2022\\\/10\\\/16\\\/movilizacion-en-la-universidad-de-teheran-desafia-al-regimen-de-iran\\\/#article\",\"isPartOf\":{\"@id\":\"https:\\\/\\\/www.eldiario.net\\\/portal\\\/2022\\\/10\\\/16\\\/movilizacion-en-la-universidad-de-teheran-desafia-al-regimen-de-iran\\\/\"},\"author\":{\"name\":\"Jeanette\",\"@id\":\"https:\\\/\\\/www.eldiario.net\\\/portal\\\/#\\\/schema\\\/person\\\/2c57cf2b7a7ae032e449e4c9b1019eac\"},\"headline\":\"Movilizaci\u00f3n en la Universidad de Teher\u00e1n desaf\u00eda al r\u00e9gimen de Ir\u00e1n\",\"datePublished\":\"2022-10-16T05:55:14+00:00\",\"mainEntityOfPage\":{\"@id\":\"https:\\\/\\\/www.eldiario.net\\\/portal\\\/2022\\\/10\\\/16\\\/movilizacion-en-la-universidad-de-teheran-desafia-al-regimen-de-iran\\\/\"},\"wordCount\":489,\"publisher\":{\"@id\":\"https:\\\/\\\/www.eldiario.net\\\/portal\\\/#organization\"},\"image\":{\"@id\":\"https:\\\/\\\/www.eldiario.net\\\/portal\\\/2022\\\/10\\\/16\\\/movilizacion-en-la-universidad-de-teheran-desafia-al-regimen-de-iran\\\/#primaryimage\"},\"thumbnailUrl\":\"\",\"articleSection\":[\"Internacional\"],\"inLanguage\":\"es\"},{\"@type\":\"WebPage\",\"@id\":\"https:\\\/\\\/www.eldiario.net\\\/portal\\\/2022\\\/10\\\/16\\\/movilizacion-en-la-universidad-de-teheran-desafia-al-regimen-de-iran\\\/\",\"url\":\"https:\\\/\\\/www.eldiario.net\\\/portal\\\/2022\\\/10\\\/16\\\/movilizacion-en-la-universidad-de-teheran-desafia-al-regimen-de-iran\\\/\",\"name\":\"Movilizaci\u00f3n en la Universidad de Teher\u00e1n desaf\u00eda al r\u00e9gimen de Ir\u00e1n - El Diario - Bolivia\",\"isPartOf\":{\"@id\":\"https:\\\/\\\/www.eldiario.net\\\/portal\\\/#website\"},\"primaryImageOfPage\":{\"@id\":\"https:\\\/\\\/www.eldiario.net\\\/portal\\\/2022\\\/10\\\/16\\\/movilizacion-en-la-universidad-de-teheran-desafia-al-regimen-de-iran\\\/#primaryimage\"},\"image\":{\"@id\":\"https:\\\/\\\/www.eldiario.net\\\/portal\\\/2022\\\/10\\\/16\\\/movilizacion-en-la-universidad-de-teheran-desafia-al-regimen-de-iran\\\/#primaryimage\"},\"thumbnailUrl\":\"\",\"datePublished\":\"2022-10-16T05:55:14+00:00\",\"breadcrumb\":{\"@id\":\"https:\\\/\\\/www.eldiario.net\\\/portal\\\/2022\\\/10\\\/16\\\/movilizacion-en-la-universidad-de-teheran-desafia-al-regimen-de-iran\\\/#breadcrumb\"},\"inLanguage\":\"es\",\"potentialAction\":[{\"@type\":\"ReadAction\",\"target\":[\"https:\\\/\\\/www.eldiario.net\\\/portal\\\/2022\\\/10\\\/16\\\/movilizacion-en-la-universidad-de-teheran-desafia-al-regimen-de-iran\\\/\"]}]},{\"@type\":\"ImageObject\",\"inLanguage\":\"es\",\"@id\":\"https:\\\/\\\/www.eldiario.net\\\/portal\\\/2022\\\/10\\\/16\\\/movilizacion-en-la-universidad-de-teheran-desafia-al-regimen-de-iran\\\/#primaryimage\",\"url\":\"\",\"contentUrl\":\"\"},{\"@type\":\"BreadcrumbList\",\"@id\":\"https:\\\/\\\/www.eldiario.net\\\/portal\\\/2022\\\/10\\\/16\\\/movilizacion-en-la-universidad-de-teheran-desafia-al-regimen-de-iran\\\/#breadcrumb\",\"itemListElement\":[{\"@type\":\"ListItem\",\"position\":1,\"name\":\"Portada\",\"item\":\"https:\\\/\\\/www.eldiario.net\\\/portal\\\/\"},{\"@type\":\"ListItem\",\"position\":2,\"name\":\"Movilizaci\u00f3n en la Universidad de Teher\u00e1n desaf\u00eda al r\u00e9gimen de Ir\u00e1n\"}]},{\"@type\":\"WebSite\",\"@id\":\"https:\\\/\\\/www.eldiario.net\\\/portal\\\/#website\",\"url\":\"https:\\\/\\\/www.eldiario.net\\\/portal\\\/\",\"name\":\"El Diario - Decano de la prensa nacional\",\"description\":\"El Diario - Decano de la prensa nacional\",\"publisher\":{\"@id\":\"https:\\\/\\\/www.eldiario.net\\\/portal\\\/#organization\"},\"potentialAction\":[{\"@type\":\"SearchAction\",\"target\":{\"@type\":\"EntryPoint\",\"urlTemplate\":\"https:\\\/\\\/www.eldiario.net\\\/portal\\\/?s={search_term_string}\"},\"query-input\":{\"@type\":\"PropertyValueSpecification\",\"valueRequired\":true,\"valueName\":\"search_term_string\"}}],\"inLanguage\":\"es\"},{\"@type\":\"Organization\",\"@id\":\"https:\\\/\\\/www.eldiario.net\\\/portal\\\/#organization\",\"name\":\"El Diario - Decano de la prensa nacional\",\"url\":\"https:\\\/\\\/www.eldiario.net\\\/portal\\\/\",\"logo\":{\"@type\":\"ImageObject\",\"inLanguage\":\"es\",\"@id\":\"https:\\\/\\\/www.eldiario.net\\\/portal\\\/#\\\/schema\\\/logo\\\/image\\\/\",\"url\":\"https:\\\/\\\/www.eldiario.net\\\/portal\\\/wp-content\\\/uploads\\\/2023\\\/07\\\/logo_ED.jpg\",\"contentUrl\":\"https:\\\/\\\/www.eldiario.net\\\/portal\\\/wp-content\\\/uploads\\\/2023\\\/07\\\/logo_ED.jpg\",\"width\":272,\"height\":52,\"caption\":\"El Diario - Decano de la prensa nacional\"},\"image\":{\"@id\":\"https:\\\/\\\/www.eldiario.net\\\/portal\\\/#\\\/schema\\\/logo\\\/image\\\/\"},\"sameAs\":[\"https:\\\/\\\/www.facebook.com\\\/eldiario.bolivia\\\/\",\"https:\\\/\\\/x.com\\\/eldiario_net\"]},{\"@type\":\"Person\",\"@id\":\"https:\\\/\\\/www.eldiario.net\\\/portal\\\/#\\\/schema\\\/person\\\/2c57cf2b7a7ae032e449e4c9b1019eac\",\"name\":\"Jeanette\",\"image\":{\"@type\":\"ImageObject\",\"inLanguage\":\"es\",\"@id\":\"https:\\\/\\\/secure.gravatar.com\\\/avatar\\\/3ea2118a5f7dad2b7138b1187a6b7ee55f160b9968b66013c3a3ef39dd7e5798?s=96&d=mm&r=g\",\"url\":\"https:\\\/\\\/secure.gravatar.com\\\/avatar\\\/3ea2118a5f7dad2b7138b1187a6b7ee55f160b9968b66013c3a3ef39dd7e5798?s=96&d=mm&r=g\",\"contentUrl\":\"https:\\\/\\\/secure.gravatar.com\\\/avatar\\\/3ea2118a5f7dad2b7138b1187a6b7ee55f160b9968b66013c3a3ef39dd7e5798?s=96&d=mm&r=g\",\"caption\":\"Jeanette\"},\"sameAs\":[\"https:\\\/\\\/www.eldiario.net\\\/portal\"],\"url\":\"https:\\\/\\\/www.eldiario.net\\\/portal\\\/author\\\/jeanette\\\/\"}]}<\/script>\n<!-- \/ Yoast SEO plugin. -->","yoast_head_json":{"title":"Movilizaci\u00f3n en la Universidad de Teher\u00e1n desaf\u00eda al r\u00e9gimen de Ir\u00e1n - El Diario - Bolivia","robots":{"index":"index","follow":"follow","max-snippet":"max-snippet:-1","max-image-preview":"max-image-preview:large","max-video-preview":"max-video-preview:-1"},"canonical":"https:\/\/www.eldiario.net\/portal\/2022\/10\/16\/movilizacion-en-la-universidad-de-teheran-desafia-al-regimen-de-iran\/","og_locale":"es_ES","og_type":"article","og_title":"Movilizaci\u00f3n en la Universidad de Teher\u00e1n desaf\u00eda al r\u00e9gimen de Ir\u00e1n - El Diario - Bolivia","og_description":"Las protestas desatadas tras la muerte de Mahsa Amini contin\u00faan en todo Ir\u00e1n a pesar del incremento de la seguridad, la represi\u00f3n, las interrupciones de Internet y los servicios de telefon\u00eda celular. Hoy, los estudiantes gritaron reiteradamente libertad. Los j\u00f3venes iran\u00edes llamaron a protestar de nuevo a lo largo del pa\u00eds a pesar de la [&hellip;]","og_url":"https:\/\/www.eldiario.net\/portal\/2022\/10\/16\/movilizacion-en-la-universidad-de-teheran-desafia-al-regimen-de-iran\/","og_site_name":"El Diario - Bolivia","article_publisher":"https:\/\/www.facebook.com\/eldiario.bolivia\/","article_published_time":"2022-10-16T05:55:14+00:00","author":"Jeanette","twitter_card":"summary_large_image","twitter_creator":"@eldiario_net","twitter_site":"@eldiario_net","twitter_misc":{"Escrito por":"Jeanette","Tiempo de lectura":"2 minutos"},"schema":{"@context":"https:\/\/schema.org","@graph":[{"@type":"Article","@id":"https:\/\/www.eldiario.net\/portal\/2022\/10\/16\/movilizacion-en-la-universidad-de-teheran-desafia-al-regimen-de-iran\/#article","isPartOf":{"@id":"https:\/\/www.eldiario.net\/portal\/2022\/10\/16\/movilizacion-en-la-universidad-de-teheran-desafia-al-regimen-de-iran\/"},"author":{"name":"Jeanette","@id":"https:\/\/www.eldiario.net\/portal\/#\/schema\/person\/2c57cf2b7a7ae032e449e4c9b1019eac"},"headline":"Movilizaci\u00f3n en la Universidad de Teher\u00e1n desaf\u00eda al r\u00e9gimen de Ir\u00e1n","datePublished":"2022-10-16T05:55:14+00:00","mainEntityOfPage":{"@id":"https:\/\/www.eldiario.net\/portal\/2022\/10\/16\/movilizacion-en-la-universidad-de-teheran-desafia-al-regimen-de-iran\/"},"wordCount":489,"publisher":{"@id":"https:\/\/www.eldiario.net\/portal\/#organization"},"image":{"@id":"https:\/\/www.eldiario.net\/portal\/2022\/10\/16\/movilizacion-en-la-universidad-de-teheran-desafia-al-regimen-de-iran\/#primaryimage"},"thumbnailUrl":"","articleSection":["Internacional"],"inLanguage":"es"},{"@type":"WebPage","@id":"https:\/\/www.eldiario.net\/portal\/2022\/10\/16\/movilizacion-en-la-universidad-de-teheran-desafia-al-regimen-de-iran\/","url":"https:\/\/www.eldiario.net\/portal\/2022\/10\/16\/movilizacion-en-la-universidad-de-teheran-desafia-al-regimen-de-iran\/","name":"Movilizaci\u00f3n en la Universidad de Teher\u00e1n desaf\u00eda al r\u00e9gimen de Ir\u00e1n - El Diario - Bolivia","isPartOf":{"@id":"https:\/\/www.eldiario.net\/portal\/#website"},"primaryImageOfPage":{"@id":"https:\/\/www.eldiario.net\/portal\/2022\/10\/16\/movilizacion-en-la-universidad-de-teheran-desafia-al-regimen-de-iran\/#primaryimage"},"image":{"@id":"https:\/\/www.eldiario.net\/portal\/2022\/10\/16\/movilizacion-en-la-universidad-de-teheran-desafia-al-regimen-de-iran\/#primaryimage"},"thumbnailUrl":"","datePublished":"2022-10-16T05:55:14+00:00","breadcrumb":{"@id":"https:\/\/www.eldiario.net\/portal\/2022\/10\/16\/movilizacion-en-la-universidad-de-teheran-desafia-al-regimen-de-iran\/#breadcrumb"},"inLanguage":"es","potentialAction":[{"@type":"ReadAction","target":["https:\/\/www.eldiario.net\/portal\/2022\/10\/16\/movilizacion-en-la-universidad-de-teheran-desafia-al-regimen-de-iran\/"]}]},{"@type":"ImageObject","inLanguage":"es","@id":"https:\/\/www.eldiario.net\/portal\/2022\/10\/16\/movilizacion-en-la-universidad-de-teheran-desafia-al-regimen-de-iran\/#primaryimage","url":"","contentUrl":""},{"@type":"BreadcrumbList","@id":"https:\/\/www.eldiario.net\/portal\/2022\/10\/16\/movilizacion-en-la-universidad-de-teheran-desafia-al-regimen-de-iran\/#breadcrumb","itemListElement":[{"@type":"ListItem","position":1,"name":"Portada","item":"https:\/\/www.eldiario.net\/portal\/"},{"@type":"ListItem","position":2,"name":"Movilizaci\u00f3n en la Universidad de Teher\u00e1n desaf\u00eda al r\u00e9gimen de Ir\u00e1n"}]},{"@type":"WebSite","@id":"https:\/\/www.eldiario.net\/portal\/#website","url":"https:\/\/www.eldiario.net\/portal\/","name":"El Diario - Decano de la prensa nacional","description":"El Diario - Decano de la prensa nacional","publisher":{"@id":"https:\/\/www.eldiario.net\/portal\/#organization"},"potentialAction":[{"@type":"SearchAction","target":{"@type":"EntryPoint","urlTemplate":"https:\/\/www.eldiario.net\/portal\/?s={search_term_string}"},"query-input":{"@type":"PropertyValueSpecification","valueRequired":true,"valueName":"search_term_string"}}],"inLanguage":"es"},{"@type":"Organization","@id":"https:\/\/www.eldiario.net\/portal\/#organization","name":"El Diario - Decano de la prensa nacional","url":"https:\/\/www.eldiario.net\/portal\/","logo":{"@type":"ImageObject","inLanguage":"es","@id":"https:\/\/www.eldiario.net\/portal\/#\/schema\/logo\/image\/","url":"https:\/\/www.eldiario.net\/portal\/wp-content\/uploads\/2023\/07\/logo_ED.jpg","contentUrl":"https:\/\/www.eldiario.net\/portal\/wp-content\/uploads\/2023\/07\/logo_ED.jpg","width":272,"height":52,"caption":"El Diario - Decano de la prensa nacional"},"image":{"@id":"https:\/\/www.eldiario.net\/portal\/#\/schema\/logo\/image\/"},"sameAs":["https:\/\/www.facebook.com\/eldiario.bolivia\/","https:\/\/x.com\/eldiario_net"]},{"@type":"Person","@id":"https:\/\/www.eldiario.net\/portal\/#\/schema\/person\/2c57cf2b7a7ae032e449e4c9b1019eac","name":"Jeanette","image":{"@type":"ImageObject","inLanguage":"es","@id":"https:\/\/secure.gravatar.com\/avatar\/3ea2118a5f7dad2b7138b1187a6b7ee55f160b9968b66013c3a3ef39dd7e5798?s=96&d=mm&r=g","url":"https:\/\/secure.gravatar.com\/avatar\/3ea2118a5f7dad2b7138b1187a6b7ee55f160b9968b66013c3a3ef39dd7e5798?s=96&d=mm&r=g","contentUrl":"https:\/\/secure.gravatar.com\/avatar\/3ea2118a5f7dad2b7138b1187a6b7ee55f160b9968b66013c3a3ef39dd7e5798?s=96&d=mm&r=g","caption":"Jeanette"},"sameAs":["https:\/\/www.eldiario.net\/portal"],"url":"https:\/\/www.eldiario.net\/portal\/author\/jeanette\/"}]}},"_links":{"self":[{"href":"https:\/\/www.eldiario.net\/portal\/wp-json\/wp\/v2\/posts\/116908","targetHints":{"allow":["GET"]}}],"collection":[{"href":"https:\/\/www.eldiario.net\/portal\/wp-json\/wp\/v2\/posts"}],"about":[{"href":"https:\/\/www.eldiario.net\/portal\/wp-json\/wp\/v2\/types\/post"}],"author":[{"embeddable":true,"href":"https:\/\/www.eldiario.net\/portal\/wp-json\/wp\/v2\/users\/1"}],"replies":[{"embeddable":true,"href":"https:\/\/www.eldiario.net\/portal\/wp-json\/wp\/v2\/comments?post=116908"}],"version-history":[{"count":0,"href":"https:\/\/www.eldiario.net\/portal\/wp-json\/wp\/v2\/posts\/116908\/revisions"}],"wp:attachment":[{"href":"https:\/\/www.eldiario.net\/portal\/wp-json\/wp\/v2\/media?parent=116908"}],"wp:term":[{"taxonomy":"category","embeddable":true,"href":"https:\/\/www.eldiario.net\/portal\/wp-json\/wp\/v2\/categories?post=116908"},{"taxonomy":"post_tag","embeddable":true,"href":"https:\/\/www.eldiario.net\/portal\/wp-json\/wp\/v2\/tags?post=116908"}],"curies":[{"name":"wp","href":"https:\/\/api.w.org\/{rel}","templated":true}]}}