{"id":11640,"date":"2021-06-20T06:27:52","date_gmt":"2021-06-20T10:27:52","guid":{"rendered":"https:\/\/www.eldiario.net\/portal\/?p=11640"},"modified":"2021-06-20T06:27:52","modified_gmt":"2021-06-20T10:27:52","slug":"numero-de-delitos-bajo-mas-del-30","status":"publish","type":"post","link":"https:\/\/www.eldiario.net\/portal\/2021\/06\/20\/numero-de-delitos-bajo-mas-del-30\/","title":{"rendered":"N\u00famero de delitos  baj\u00f3 m\u00e1s del 30 %"},"content":{"rendered":"<p>Datos del Observatorio Boliviano de Seguridad Ciudadana y Lucha Contra las Drogas (Obscd), al que tuvo acceso EL DIARIO, revelan que en 2020 el n\u00famero de delitos denunciados se redujo en un 30,19 % respecto a 2019, en las principales ciudades capitales. A nivel nacional, en 2019 se registraron 48.008 denuncias por diferentes delitos que van desde robos hasta hechos de tr\u00e1nsito, frente a 29.326 en 2020.<br \/>\nDe acuerdo con la informaci\u00f3n del Obscd, las ciudades con mayor n\u00famero de il\u00edcitos denunciados son Santa Cruz, La Paz y Cochabamba.<br \/>\nEn 2019, en la ciudad de Santa Cruz denunciaron 17.761 casos que van desde delitos contra la vida, contra las personas, contra la libertad sexual, contra la propiedad, trata y tr\u00e1fico de personas y delitos conexos, robo de veh\u00edculos, adem\u00e1s de hechos y accidentes de tr\u00e1nsito. En 2020, por los mismos delitos, las denuncias llegaron a 11.427.<br \/>\nEn la ciudad de La Paz, los delitos denunciados en 2019 llegaron a 6.207 mientras que en 2020 concluy\u00f3 con 4.836.<br \/>\nEn la ciudad de Cochabamba, los delitos denunciados en 2019 llegaron a 3.169 y a 3.029 el a\u00f1o 2020. El delito con mayor \u00edndice fue contra la propiedad que lleg\u00f3 a 1.267, mientras que el 2020 por el mismo il\u00edcito se registraron 885 denuncias.<\/p>\n<p>DELITOS<br \/>\nEl informe de la Obscd refiere que los mayores descensos en el n\u00famero de infracciones se han registrado en los delitos contra la propiedad, que habitualmente constituyen m\u00e1s del 50 % del total de denuncias que llegan a la Polic\u00eda. Este il\u00edcito redujo un 32,36 % siendo que en 2019 se registraron 12.855 denuncias frente a 8.604 en 2020.<br \/>\nLas denuncias por delitos contra las personas bajaron en un 30,56 %. En 2019 se registraron 6.067 frente a 4.213 en 2020.<br \/>\nLos il\u00edcitos contra la libertad sexual bajaron en un 20,09 %. En 2019 se registraron 3.928 casos y 3.139 en 2020.<br \/>\nLas denuncias contra la trata y tr\u00e1fico de personas y delitos conexos bajaron en un 4,24 %. En 2019 se registraron 401 denuncias frente a 384 en 2020.<br \/>\nEl robo de veh\u00edculos baj\u00f3 en 21,15 %. En 2019 se registraron 2.530 frente a 1.995 en 2019.<br \/>\nLos hechos y accidentes de tr\u00e1nsito en 2019 llegaron a 15.985 mientras que las denuncias en 2020 llegaron a 10.598, habiendo una diferencia del 33,70 %.<br \/>\nPor otro lado, los delitos contra la vida incrementaron en un 25 % ya que en 2019 se registraron 242 denuncias mientras que en 2020 los registros llegaron a 303.<\/p>\n<p>COVID\u201319<br \/>\nDe acuerdo con una publicaci\u00f3n de la revista Nature Human Behavior, a ra\u00edz de las restricciones durante la pandemia por coronavirus los delitos se redujeron 37 por ciento a nivel mundial. As\u00ed lo revel\u00f3 un estudio realizado en 27 ciudades de Am\u00e9rica, Europa, Asia y Ocean\u00eda por un grupo de investigadores de 23 pa\u00edses, liderados por la Universidad de Cambridge y del que participaron expertos de la Universidad Nacional de Tres de Febrero (Untref).<br \/>\nEl informe cont\u00f3 con datos de la Argentina, Australia, Espa\u00f1a, Israel, Brasil, Suiza, Colombia, Nueva Zelanda, Reino Unido, Rep\u00fablica de Corea y Finlandia, entre otras naciones, a partir de las medidas restrictivas que se implementaron desde marzo del a\u00f1o pasado cuando la Organizaci\u00f3n Mundial de la Salud declar\u00f3 a la covid-19 como una emergencia de salud p\u00fablica de importancia mundial.<\/p>\n<p><img loading=\"lazy\" decoding=\"async\" class=\"alignleft wp-image-11643 size-full\" src=\"https:\/\/www.eldiario.net\/portal\/wp-content\/uploads\/2021\/06\/FOTO-3-3.jpg\" alt=\"\" width=\"783\" height=\"248\" \/><\/p>\n<p><img loading=\"lazy\" decoding=\"async\" class=\"alignleft wp-image-11642 size-full\" src=\"https:\/\/www.eldiario.net\/portal\/wp-content\/uploads\/2021\/06\/FOTO-2-8.jpg\" alt=\"\" width=\"778\" height=\"263\" \/><\/p>\n","protected":false},"excerpt":{"rendered":"<p>Datos del Observatorio Boliviano de Seguridad Ciudadana y Lucha Contra las Drogas (Obscd), al que tuvo acceso EL DIARIO, revelan que en 2020 el n\u00famero de delitos denunciados se redujo en un 30,19 % respecto a 2019, en las principales ciudades capitales. A nivel nacional, en 2019 se registraron 48.008 denuncias por diferentes delitos que [&hellip;]<\/p>\n","protected":false},"author":1,"featured_media":11641,"comment_status":"closed","ping_status":"closed","sticky":false,"template":"","format":"standard","meta":{"_acf_changed":false,"footnotes":""},"categories":[39],"tags":[],"class_list":["post-11640","post","type-post","status-publish","format-standard","has-post-thumbnail","category-sociedad"],"acf":{"antetitulo":""},"yoast_head":"<!-- This site is optimized with the Yoast SEO plugin v28.4 - https:\/\/yoast.com\/product\/yoast-seo-wordpress\/ -->\n<title>N\u00famero de delitos baj\u00f3 m\u00e1s del 30 % - El Diario - Bolivia<\/title>\n<meta name=\"robots\" content=\"index, follow, max-snippet:-1, max-image-preview:large, max-video-preview:-1\" \/>\n<link rel=\"canonical\" href=\"https:\/\/www.eldiario.net\/portal\/2021\/06\/20\/numero-de-delitos-bajo-mas-del-30\/\" \/>\n<meta property=\"og:locale\" content=\"es_ES\" \/>\n<meta property=\"og:type\" content=\"article\" \/>\n<meta property=\"og:title\" content=\"N\u00famero de delitos baj\u00f3 m\u00e1s del 30 % - El Diario - Bolivia\" \/>\n<meta property=\"og:description\" content=\"Datos del Observatorio Boliviano de Seguridad Ciudadana y Lucha Contra las Drogas (Obscd), al que tuvo acceso EL DIARIO, revelan que en 2020 el n\u00famero de delitos denunciados se redujo en un 30,19 % respecto a 2019, en las principales ciudades capitales. A nivel nacional, en 2019 se registraron 48.008 denuncias por diferentes delitos que [&hellip;]\" \/>\n<meta property=\"og:url\" content=\"https:\/\/www.eldiario.net\/portal\/2021\/06\/20\/numero-de-delitos-bajo-mas-del-30\/\" \/>\n<meta property=\"og:site_name\" content=\"El Diario - Bolivia\" \/>\n<meta property=\"article:publisher\" content=\"https:\/\/www.facebook.com\/eldiario.bolivia\/\" \/>\n<meta property=\"article:published_time\" content=\"2021-06-20T10:27:52+00:00\" \/>\n<meta property=\"og:image\" content=\"https:\/\/www.eldiario.net\/portal\/wp-content\/uploads\/2021\/06\/FOTO-1-13.jpg\" \/>\n\t<meta property=\"og:image:width\" content=\"789\" \/>\n\t<meta property=\"og:image:height\" content=\"273\" \/>\n\t<meta property=\"og:image:type\" content=\"image\/jpeg\" \/>\n<meta name=\"author\" content=\"Jeanette\" \/>\n<meta name=\"twitter:card\" content=\"summary_large_image\" \/>\n<meta name=\"twitter:creator\" content=\"@eldiario_net\" \/>\n<meta name=\"twitter:site\" content=\"@eldiario_net\" \/>\n<meta name=\"twitter:label1\" content=\"Escrito por\" \/>\n\t<meta name=\"twitter:data1\" content=\"Jeanette\" \/>\n\t<meta name=\"twitter:label2\" content=\"Tiempo de lectura\" \/>\n\t<meta name=\"twitter:data2\" content=\"3 minutos\" \/>\n<script type=\"application\/ld+json\" class=\"yoast-schema-graph\">{\"@context\":\"https:\\\/\\\/schema.org\",\"@graph\":[{\"@type\":\"Article\",\"@id\":\"https:\\\/\\\/www.eldiario.net\\\/portal\\\/2021\\\/06\\\/20\\\/numero-de-delitos-bajo-mas-del-30\\\/#article\",\"isPartOf\":{\"@id\":\"https:\\\/\\\/www.eldiario.net\\\/portal\\\/2021\\\/06\\\/20\\\/numero-de-delitos-bajo-mas-del-30\\\/\"},\"author\":{\"name\":\"Jeanette\",\"@id\":\"https:\\\/\\\/www.eldiario.net\\\/portal\\\/#\\\/schema\\\/person\\\/f46445640444750d7d753ccd04ae01b7\"},\"headline\":\"N\u00famero de delitos baj\u00f3 m\u00e1s del 30 %\",\"datePublished\":\"2021-06-20T10:27:52+00:00\",\"mainEntityOfPage\":{\"@id\":\"https:\\\/\\\/www.eldiario.net\\\/portal\\\/2021\\\/06\\\/20\\\/numero-de-delitos-bajo-mas-del-30\\\/\"},\"wordCount\":518,\"publisher\":{\"@id\":\"https:\\\/\\\/www.eldiario.net\\\/portal\\\/#organization\"},\"image\":{\"@id\":\"https:\\\/\\\/www.eldiario.net\\\/portal\\\/2021\\\/06\\\/20\\\/numero-de-delitos-bajo-mas-del-30\\\/#primaryimage\"},\"thumbnailUrl\":\"https:\\\/\\\/www.eldiario.net\\\/portal\\\/wp-content\\\/uploads\\\/2021\\\/06\\\/FOTO-1-13.jpg\",\"articleSection\":[\"Sociedad - Seguridad\"],\"inLanguage\":\"es\"},{\"@type\":\"WebPage\",\"@id\":\"https:\\\/\\\/www.eldiario.net\\\/portal\\\/2021\\\/06\\\/20\\\/numero-de-delitos-bajo-mas-del-30\\\/\",\"url\":\"https:\\\/\\\/www.eldiario.net\\\/portal\\\/2021\\\/06\\\/20\\\/numero-de-delitos-bajo-mas-del-30\\\/\",\"name\":\"N\u00famero de delitos baj\u00f3 m\u00e1s del 30 % - El Diario - Bolivia\",\"isPartOf\":{\"@id\":\"https:\\\/\\\/www.eldiario.net\\\/portal\\\/#website\"},\"primaryImageOfPage\":{\"@id\":\"https:\\\/\\\/www.eldiario.net\\\/portal\\\/2021\\\/06\\\/20\\\/numero-de-delitos-bajo-mas-del-30\\\/#primaryimage\"},\"image\":{\"@id\":\"https:\\\/\\\/www.eldiario.net\\\/portal\\\/2021\\\/06\\\/20\\\/numero-de-delitos-bajo-mas-del-30\\\/#primaryimage\"},\"thumbnailUrl\":\"https:\\\/\\\/www.eldiario.net\\\/portal\\\/wp-content\\\/uploads\\\/2021\\\/06\\\/FOTO-1-13.jpg\",\"datePublished\":\"2021-06-20T10:27:52+00:00\",\"breadcrumb\":{\"@id\":\"https:\\\/\\\/www.eldiario.net\\\/portal\\\/2021\\\/06\\\/20\\\/numero-de-delitos-bajo-mas-del-30\\\/#breadcrumb\"},\"inLanguage\":\"es\",\"potentialAction\":[{\"@type\":\"ReadAction\",\"target\":[\"https:\\\/\\\/www.eldiario.net\\\/portal\\\/2021\\\/06\\\/20\\\/numero-de-delitos-bajo-mas-del-30\\\/\"]}]},{\"@type\":\"ImageObject\",\"inLanguage\":\"es\",\"@id\":\"https:\\\/\\\/www.eldiario.net\\\/portal\\\/2021\\\/06\\\/20\\\/numero-de-delitos-bajo-mas-del-30\\\/#primaryimage\",\"url\":\"https:\\\/\\\/www.eldiario.net\\\/portal\\\/wp-content\\\/uploads\\\/2021\\\/06\\\/FOTO-1-13.jpg\",\"contentUrl\":\"https:\\\/\\\/www.eldiario.net\\\/portal\\\/wp-content\\\/uploads\\\/2021\\\/06\\\/FOTO-1-13.jpg\",\"width\":789,\"height\":273},{\"@type\":\"BreadcrumbList\",\"@id\":\"https:\\\/\\\/www.eldiario.net\\\/portal\\\/2021\\\/06\\\/20\\\/numero-de-delitos-bajo-mas-del-30\\\/#breadcrumb\",\"itemListElement\":[{\"@type\":\"ListItem\",\"position\":1,\"name\":\"Portada\",\"item\":\"https:\\\/\\\/www.eldiario.net\\\/portal\\\/\"},{\"@type\":\"ListItem\",\"position\":2,\"name\":\"N\u00famero de delitos baj\u00f3 m\u00e1s del 30 %\"}]},{\"@type\":\"WebSite\",\"@id\":\"https:\\\/\\\/www.eldiario.net\\\/portal\\\/#website\",\"url\":\"https:\\\/\\\/www.eldiario.net\\\/portal\\\/\",\"name\":\"El Diario - Decano de la prensa nacional\",\"description\":\"El Diario - Decano de la prensa nacional\",\"publisher\":{\"@id\":\"https:\\\/\\\/www.eldiario.net\\\/portal\\\/#organization\"},\"potentialAction\":[{\"@type\":\"SearchAction\",\"target\":{\"@type\":\"EntryPoint\",\"urlTemplate\":\"https:\\\/\\\/www.eldiario.net\\\/portal\\\/?s={search_term_string}\"},\"query-input\":{\"@type\":\"PropertyValueSpecification\",\"valueRequired\":true,\"valueName\":\"search_term_string\"}}],\"inLanguage\":\"es\"},{\"@type\":\"Organization\",\"@id\":\"https:\\\/\\\/www.eldiario.net\\\/portal\\\/#organization\",\"name\":\"El Diario - Decano de la prensa nacional\",\"url\":\"https:\\\/\\\/www.eldiario.net\\\/portal\\\/\",\"logo\":{\"@type\":\"ImageObject\",\"inLanguage\":\"es\",\"@id\":\"https:\\\/\\\/www.eldiario.net\\\/portal\\\/#\\\/schema\\\/logo\\\/image\\\/\",\"url\":\"https:\\\/\\\/www.eldiario.net\\\/portal\\\/wp-content\\\/uploads\\\/2023\\\/07\\\/logo_ED.jpg\",\"contentUrl\":\"https:\\\/\\\/www.eldiario.net\\\/portal\\\/wp-content\\\/uploads\\\/2023\\\/07\\\/logo_ED.jpg\",\"width\":272,\"height\":52,\"caption\":\"El Diario - Decano de la prensa nacional\"},\"image\":{\"@id\":\"https:\\\/\\\/www.eldiario.net\\\/portal\\\/#\\\/schema\\\/logo\\\/image\\\/\"},\"sameAs\":[\"https:\\\/\\\/www.facebook.com\\\/eldiario.bolivia\\\/\",\"https:\\\/\\\/x.com\\\/eldiario_net\"]},{\"@type\":\"Person\",\"@id\":\"https:\\\/\\\/www.eldiario.net\\\/portal\\\/#\\\/schema\\\/person\\\/f46445640444750d7d753ccd04ae01b7\",\"name\":\"Jeanette\",\"image\":{\"@type\":\"ImageObject\",\"inLanguage\":\"es\",\"@id\":\"https:\\\/\\\/secure.gravatar.com\\\/avatar\\\/3ea2118a5f7dad2b7138b1187a6b7ee55f160b9968b66013c3a3ef39dd7e5798?s=96&d=mm&r=g\",\"url\":\"https:\\\/\\\/secure.gravatar.com\\\/avatar\\\/3ea2118a5f7dad2b7138b1187a6b7ee55f160b9968b66013c3a3ef39dd7e5798?s=96&d=mm&r=g\",\"contentUrl\":\"https:\\\/\\\/secure.gravatar.com\\\/avatar\\\/3ea2118a5f7dad2b7138b1187a6b7ee55f160b9968b66013c3a3ef39dd7e5798?s=96&d=mm&r=g\",\"caption\":\"Jeanette\"},\"sameAs\":[\"https:\\\/\\\/www.eldiario.net\\\/portal\"],\"url\":\"https:\\\/\\\/www.eldiario.net\\\/portal\\\/author\\\/jeanette\\\/\"}]}<\/script>\n<!-- \/ Yoast SEO plugin. -->","yoast_head_json":{"title":"N\u00famero de delitos baj\u00f3 m\u00e1s del 30 % - El Diario - Bolivia","robots":{"index":"index","follow":"follow","max-snippet":"max-snippet:-1","max-image-preview":"max-image-preview:large","max-video-preview":"max-video-preview:-1"},"canonical":"https:\/\/www.eldiario.net\/portal\/2021\/06\/20\/numero-de-delitos-bajo-mas-del-30\/","og_locale":"es_ES","og_type":"article","og_title":"N\u00famero de delitos baj\u00f3 m\u00e1s del 30 % - El Diario - Bolivia","og_description":"Datos del Observatorio Boliviano de Seguridad Ciudadana y Lucha Contra las Drogas (Obscd), al que tuvo acceso EL DIARIO, revelan que en 2020 el n\u00famero de delitos denunciados se redujo en un 30,19 % respecto a 2019, en las principales ciudades capitales. A nivel nacional, en 2019 se registraron 48.008 denuncias por diferentes delitos que [&hellip;]","og_url":"https:\/\/www.eldiario.net\/portal\/2021\/06\/20\/numero-de-delitos-bajo-mas-del-30\/","og_site_name":"El Diario - Bolivia","article_publisher":"https:\/\/www.facebook.com\/eldiario.bolivia\/","article_published_time":"2021-06-20T10:27:52+00:00","og_image":[{"width":789,"height":273,"url":"https:\/\/www.eldiario.net\/portal\/wp-content\/uploads\/2021\/06\/FOTO-1-13.jpg","type":"image\/jpeg"}],"author":"Jeanette","twitter_card":"summary_large_image","twitter_creator":"@eldiario_net","twitter_site":"@eldiario_net","twitter_misc":{"Escrito por":"Jeanette","Tiempo de lectura":"3 minutos"},"schema":{"@context":"https:\/\/schema.org","@graph":[{"@type":"Article","@id":"https:\/\/www.eldiario.net\/portal\/2021\/06\/20\/numero-de-delitos-bajo-mas-del-30\/#article","isPartOf":{"@id":"https:\/\/www.eldiario.net\/portal\/2021\/06\/20\/numero-de-delitos-bajo-mas-del-30\/"},"author":{"name":"Jeanette","@id":"https:\/\/www.eldiario.net\/portal\/#\/schema\/person\/f46445640444750d7d753ccd04ae01b7"},"headline":"N\u00famero de delitos baj\u00f3 m\u00e1s del 30 %","datePublished":"2021-06-20T10:27:52+00:00","mainEntityOfPage":{"@id":"https:\/\/www.eldiario.net\/portal\/2021\/06\/20\/numero-de-delitos-bajo-mas-del-30\/"},"wordCount":518,"publisher":{"@id":"https:\/\/www.eldiario.net\/portal\/#organization"},"image":{"@id":"https:\/\/www.eldiario.net\/portal\/2021\/06\/20\/numero-de-delitos-bajo-mas-del-30\/#primaryimage"},"thumbnailUrl":"https:\/\/www.eldiario.net\/portal\/wp-content\/uploads\/2021\/06\/FOTO-1-13.jpg","articleSection":["Sociedad - Seguridad"],"inLanguage":"es"},{"@type":"WebPage","@id":"https:\/\/www.eldiario.net\/portal\/2021\/06\/20\/numero-de-delitos-bajo-mas-del-30\/","url":"https:\/\/www.eldiario.net\/portal\/2021\/06\/20\/numero-de-delitos-bajo-mas-del-30\/","name":"N\u00famero de delitos baj\u00f3 m\u00e1s del 30 % - El Diario - Bolivia","isPartOf":{"@id":"https:\/\/www.eldiario.net\/portal\/#website"},"primaryImageOfPage":{"@id":"https:\/\/www.eldiario.net\/portal\/2021\/06\/20\/numero-de-delitos-bajo-mas-del-30\/#primaryimage"},"image":{"@id":"https:\/\/www.eldiario.net\/portal\/2021\/06\/20\/numero-de-delitos-bajo-mas-del-30\/#primaryimage"},"thumbnailUrl":"https:\/\/www.eldiario.net\/portal\/wp-content\/uploads\/2021\/06\/FOTO-1-13.jpg","datePublished":"2021-06-20T10:27:52+00:00","breadcrumb":{"@id":"https:\/\/www.eldiario.net\/portal\/2021\/06\/20\/numero-de-delitos-bajo-mas-del-30\/#breadcrumb"},"inLanguage":"es","potentialAction":[{"@type":"ReadAction","target":["https:\/\/www.eldiario.net\/portal\/2021\/06\/20\/numero-de-delitos-bajo-mas-del-30\/"]}]},{"@type":"ImageObject","inLanguage":"es","@id":"https:\/\/www.eldiario.net\/portal\/2021\/06\/20\/numero-de-delitos-bajo-mas-del-30\/#primaryimage","url":"https:\/\/www.eldiario.net\/portal\/wp-content\/uploads\/2021\/06\/FOTO-1-13.jpg","contentUrl":"https:\/\/www.eldiario.net\/portal\/wp-content\/uploads\/2021\/06\/FOTO-1-13.jpg","width":789,"height":273},{"@type":"BreadcrumbList","@id":"https:\/\/www.eldiario.net\/portal\/2021\/06\/20\/numero-de-delitos-bajo-mas-del-30\/#breadcrumb","itemListElement":[{"@type":"ListItem","position":1,"name":"Portada","item":"https:\/\/www.eldiario.net\/portal\/"},{"@type":"ListItem","position":2,"name":"N\u00famero de delitos baj\u00f3 m\u00e1s del 30 %"}]},{"@type":"WebSite","@id":"https:\/\/www.eldiario.net\/portal\/#website","url":"https:\/\/www.eldiario.net\/portal\/","name":"El Diario - Decano de la prensa nacional","description":"El Diario - Decano de la prensa nacional","publisher":{"@id":"https:\/\/www.eldiario.net\/portal\/#organization"},"potentialAction":[{"@type":"SearchAction","target":{"@type":"EntryPoint","urlTemplate":"https:\/\/www.eldiario.net\/portal\/?s={search_term_string}"},"query-input":{"@type":"PropertyValueSpecification","valueRequired":true,"valueName":"search_term_string"}}],"inLanguage":"es"},{"@type":"Organization","@id":"https:\/\/www.eldiario.net\/portal\/#organization","name":"El Diario - Decano de la prensa nacional","url":"https:\/\/www.eldiario.net\/portal\/","logo":{"@type":"ImageObject","inLanguage":"es","@id":"https:\/\/www.eldiario.net\/portal\/#\/schema\/logo\/image\/","url":"https:\/\/www.eldiario.net\/portal\/wp-content\/uploads\/2023\/07\/logo_ED.jpg","contentUrl":"https:\/\/www.eldiario.net\/portal\/wp-content\/uploads\/2023\/07\/logo_ED.jpg","width":272,"height":52,"caption":"El Diario - Decano de la prensa nacional"},"image":{"@id":"https:\/\/www.eldiario.net\/portal\/#\/schema\/logo\/image\/"},"sameAs":["https:\/\/www.facebook.com\/eldiario.bolivia\/","https:\/\/x.com\/eldiario_net"]},{"@type":"Person","@id":"https:\/\/www.eldiario.net\/portal\/#\/schema\/person\/f46445640444750d7d753ccd04ae01b7","name":"Jeanette","image":{"@type":"ImageObject","inLanguage":"es","@id":"https:\/\/secure.gravatar.com\/avatar\/3ea2118a5f7dad2b7138b1187a6b7ee55f160b9968b66013c3a3ef39dd7e5798?s=96&d=mm&r=g","url":"https:\/\/secure.gravatar.com\/avatar\/3ea2118a5f7dad2b7138b1187a6b7ee55f160b9968b66013c3a3ef39dd7e5798?s=96&d=mm&r=g","contentUrl":"https:\/\/secure.gravatar.com\/avatar\/3ea2118a5f7dad2b7138b1187a6b7ee55f160b9968b66013c3a3ef39dd7e5798?s=96&d=mm&r=g","caption":"Jeanette"},"sameAs":["https:\/\/www.eldiario.net\/portal"],"url":"https:\/\/www.eldiario.net\/portal\/author\/jeanette\/"}]}},"_links":{"self":[{"href":"https:\/\/www.eldiario.net\/portal\/wp-json\/wp\/v2\/posts\/11640","targetHints":{"allow":["GET"]}}],"collection":[{"href":"https:\/\/www.eldiario.net\/portal\/wp-json\/wp\/v2\/posts"}],"about":[{"href":"https:\/\/www.eldiario.net\/portal\/wp-json\/wp\/v2\/types\/post"}],"author":[{"embeddable":true,"href":"https:\/\/www.eldiario.net\/portal\/wp-json\/wp\/v2\/users\/1"}],"replies":[{"embeddable":true,"href":"https:\/\/www.eldiario.net\/portal\/wp-json\/wp\/v2\/comments?post=11640"}],"version-history":[{"count":0,"href":"https:\/\/www.eldiario.net\/portal\/wp-json\/wp\/v2\/posts\/11640\/revisions"}],"wp:featuredmedia":[{"embeddable":true,"href":"https:\/\/www.eldiario.net\/portal\/wp-json\/wp\/v2\/media\/11641"}],"wp:attachment":[{"href":"https:\/\/www.eldiario.net\/portal\/wp-json\/wp\/v2\/media?parent=11640"}],"wp:term":[{"taxonomy":"category","embeddable":true,"href":"https:\/\/www.eldiario.net\/portal\/wp-json\/wp\/v2\/categories?post=11640"},{"taxonomy":"post_tag","embeddable":true,"href":"https:\/\/www.eldiario.net\/portal\/wp-json\/wp\/v2\/tags?post=11640"}],"curies":[{"name":"wp","href":"https:\/\/api.w.org\/{rel}","templated":true}]}}