{"id":11625,"date":"2021-06-20T06:19:30","date_gmt":"2021-06-20T10:19:30","guid":{"rendered":"https:\/\/www.eldiario.net\/portal\/?p=11625"},"modified":"2021-06-20T06:19:30","modified_gmt":"2021-06-20T10:19:30","slug":"maestros-demandan-garantia-de-bioseguridad-para-reiniciar-clases","status":"publish","type":"post","link":"https:\/\/www.eldiario.net\/portal\/2021\/06\/20\/maestros-demandan-garantia-de-bioseguridad-para-reiniciar-clases\/","title":{"rendered":"Maestros demandan garant\u00eda de bioseguridad para reiniciar clases"},"content":{"rendered":"<p>El magisterio de la ciudad de El Alto dio a conocer su posici\u00f3n de no retornar a clases, mientras no existan las garant\u00edas necesarias de bioseguridad por parte del Ministerio de Educaci\u00f3n, adem\u00e1s de no afectar el calendario escolar, seg\u00fan el dirigente del sector, \u00c1lex Morales.<br \/>\nLa decisi\u00f3n fue tomada, luego que la instancia nacional de educaci\u00f3n hiciera conocer la posibilidad del retorno a clases para el 1 de julio, teniendo en cuenta el incremento de casos de covid-19, tanto en el \u00e1rea rural como urbano.<br \/>\nOtro de los motivos por el cual se viene manejando que el descanso pedag\u00f3gico sea aplazado hasta el 1 de julio, es debido a que el alto \u00edndice de contagios del covid-19 podr\u00eda darse reci\u00e9n entre el 21 y 25 de este mes, versi\u00f3n del Director Departamental de Educaci\u00f3n de La Paz, Carmelo L\u00f3pez.<br \/>\nSin embargo, la decisi\u00f3n de los maestros del \u00e1rea rural y urbano de la ciudad de El Alto se\u00f1alaron que as\u00ed se tome el acuerdo de reiniciar las clases, luego del descanso pedag\u00f3gico en 1 de julio, no se podr\u00e1 retornar mientras no existan las garant\u00edas por parte de las autoridades nacionales, tanto para maestros como para los alumnos.<br \/>\n\u201cLa decisi\u00f3n fue de nuestras bases, de no retornar a clases si no existen las garant\u00edas de bioseguridad, que hasta la fecha jam\u00e1s nos han podido brindar por parte de las autoridades nacionales, tal como fue el compromiso, porque las vacunas por m\u00e1s que se haya recibido ambas dosis estamos fuera de peligro, lo propio pasar\u00e1 con los estudiantes\u201d, explic\u00f3 el dirigente Morales.<br \/>\nDe la misma forma, el representante del magisterio de El Alto record\u00f3 que hasta la fecha en ninguna de las tres modalidades como ser presenciales, semipresenciales y a distancia, hasta la fecha y durante todo el primer trimestre ha podido garantizar la bioseguridad en colegios.<br \/>\nDe esta forma, el dirigente \u00c1lex Morales aclar\u00f3 que todo est\u00e1 en funci\u00f3n a las garant\u00edas de salud que pueda brindar el Ministerio de Educaci\u00f3n, adem\u00e1s del equipo tecnol\u00f3gico como es el internet y las computadoras para los estudiantes, siendo que con estas condiciones, se estar\u00eda estableciendo el retorno a clases en la fecha que decidan las autoridades nacionales de educaci\u00f3n.<br \/>\n\u201cQueremos aclarar que no vamos a aceptar que en este tema se quiera imponer la cuesti\u00f3n pol\u00edtica partidaria, tan solo esperamos que se pueda coordinar con las autoridades en salud y entendidos en la materia de la epidemiolog\u00eda y puedan se\u00f1alar a ciencia cierta los verdaderos riesgos de salud en el que estamos, en cuanto al tema del coronavirus\u201d, se\u00f1al\u00f3 el dirigente.<br \/>\nFinalmente, advirti\u00f3 que durante el primer trimestre de las labores escolares, muchos colegios han pasado clases semipresenciales y presenciales sin las condiciones de salud, de continuar con este problema no se podr\u00e1n reiniciar las clases, as\u00ed como las mismas virtuales, porque tampoco contaron con el equipo tecnol\u00f3gico necesario como computadoras y el internet, que son indispensables para las clases a distancia, problema que hasta la fecha no se ha podido solucionar en la mayor\u00eda de las unidades educativas tanto en el \u00e1rea provincial y urbano.<\/p>\n","protected":false},"excerpt":{"rendered":"<p>El magisterio de la ciudad de El Alto dio a conocer su posici\u00f3n de no retornar a clases, mientras no existan las garant\u00edas necesarias de bioseguridad por parte del Ministerio de Educaci\u00f3n, adem\u00e1s de no afectar el calendario escolar, seg\u00fan el dirigente del sector, \u00c1lex Morales. La decisi\u00f3n fue tomada, luego que la instancia nacional [&hellip;]<\/p>\n","protected":false},"author":1,"featured_media":11626,"comment_status":"closed","ping_status":"closed","sticky":false,"template":"","format":"standard","meta":{"_acf_changed":false,"footnotes":""},"categories":[12],"tags":[],"class_list":["post-11625","post","type-post","status-publish","format-standard","has-post-thumbnail","category-nacional"],"acf":{"antetitulo":""},"yoast_head":"<!-- This site is optimized with the Yoast SEO plugin v28.4 - https:\/\/yoast.com\/product\/yoast-seo-wordpress\/ -->\n<title>Maestros demandan garant\u00eda de bioseguridad para reiniciar clases - El Diario - Bolivia<\/title>\n<meta name=\"robots\" content=\"index, follow, max-snippet:-1, max-image-preview:large, max-video-preview:-1\" \/>\n<link rel=\"canonical\" href=\"https:\/\/www.eldiario.net\/portal\/2021\/06\/20\/maestros-demandan-garantia-de-bioseguridad-para-reiniciar-clases\/\" \/>\n<meta property=\"og:locale\" content=\"es_ES\" \/>\n<meta property=\"og:type\" content=\"article\" \/>\n<meta property=\"og:title\" content=\"Maestros demandan garant\u00eda de bioseguridad para reiniciar clases - El Diario - Bolivia\" \/>\n<meta property=\"og:description\" content=\"El magisterio de la ciudad de El Alto dio a conocer su posici\u00f3n de no retornar a clases, mientras no existan las garant\u00edas necesarias de bioseguridad por parte del Ministerio de Educaci\u00f3n, adem\u00e1s de no afectar el calendario escolar, seg\u00fan el dirigente del sector, \u00c1lex Morales. La decisi\u00f3n fue tomada, luego que la instancia nacional [&hellip;]\" \/>\n<meta property=\"og:url\" content=\"https:\/\/www.eldiario.net\/portal\/2021\/06\/20\/maestros-demandan-garantia-de-bioseguridad-para-reiniciar-clases\/\" \/>\n<meta property=\"og:site_name\" content=\"El Diario - Bolivia\" \/>\n<meta property=\"article:publisher\" content=\"https:\/\/www.facebook.com\/eldiario.bolivia\/\" \/>\n<meta property=\"article:published_time\" content=\"2021-06-20T10:19:30+00:00\" \/>\n<meta name=\"author\" content=\"Jeanette\" \/>\n<meta name=\"twitter:card\" content=\"summary_large_image\" \/>\n<meta name=\"twitter:creator\" content=\"@eldiario_net\" \/>\n<meta name=\"twitter:site\" content=\"@eldiario_net\" \/>\n<meta name=\"twitter:label1\" content=\"Escrito por\" \/>\n\t<meta name=\"twitter:data1\" content=\"Jeanette\" \/>\n\t<meta name=\"twitter:label2\" content=\"Tiempo de lectura\" \/>\n\t<meta name=\"twitter:data2\" content=\"3 minutos\" \/>\n<script type=\"application\/ld+json\" class=\"yoast-schema-graph\">{\"@context\":\"https:\\\/\\\/schema.org\",\"@graph\":[{\"@type\":\"Article\",\"@id\":\"https:\\\/\\\/www.eldiario.net\\\/portal\\\/2021\\\/06\\\/20\\\/maestros-demandan-garantia-de-bioseguridad-para-reiniciar-clases\\\/#article\",\"isPartOf\":{\"@id\":\"https:\\\/\\\/www.eldiario.net\\\/portal\\\/2021\\\/06\\\/20\\\/maestros-demandan-garantia-de-bioseguridad-para-reiniciar-clases\\\/\"},\"author\":{\"name\":\"Jeanette\",\"@id\":\"https:\\\/\\\/www.eldiario.net\\\/portal\\\/#\\\/schema\\\/person\\\/2c57cf2b7a7ae032e449e4c9b1019eac\"},\"headline\":\"Maestros demandan garant\u00eda de bioseguridad para reiniciar clases\",\"datePublished\":\"2021-06-20T10:19:30+00:00\",\"mainEntityOfPage\":{\"@id\":\"https:\\\/\\\/www.eldiario.net\\\/portal\\\/2021\\\/06\\\/20\\\/maestros-demandan-garantia-de-bioseguridad-para-reiniciar-clases\\\/\"},\"wordCount\":555,\"publisher\":{\"@id\":\"https:\\\/\\\/www.eldiario.net\\\/portal\\\/#organization\"},\"image\":{\"@id\":\"https:\\\/\\\/www.eldiario.net\\\/portal\\\/2021\\\/06\\\/20\\\/maestros-demandan-garantia-de-bioseguridad-para-reiniciar-clases\\\/#primaryimage\"},\"thumbnailUrl\":\"\",\"articleSection\":[\"Nacional\"],\"inLanguage\":\"es\"},{\"@type\":\"WebPage\",\"@id\":\"https:\\\/\\\/www.eldiario.net\\\/portal\\\/2021\\\/06\\\/20\\\/maestros-demandan-garantia-de-bioseguridad-para-reiniciar-clases\\\/\",\"url\":\"https:\\\/\\\/www.eldiario.net\\\/portal\\\/2021\\\/06\\\/20\\\/maestros-demandan-garantia-de-bioseguridad-para-reiniciar-clases\\\/\",\"name\":\"Maestros demandan garant\u00eda de bioseguridad para reiniciar clases - El Diario - Bolivia\",\"isPartOf\":{\"@id\":\"https:\\\/\\\/www.eldiario.net\\\/portal\\\/#website\"},\"primaryImageOfPage\":{\"@id\":\"https:\\\/\\\/www.eldiario.net\\\/portal\\\/2021\\\/06\\\/20\\\/maestros-demandan-garantia-de-bioseguridad-para-reiniciar-clases\\\/#primaryimage\"},\"image\":{\"@id\":\"https:\\\/\\\/www.eldiario.net\\\/portal\\\/2021\\\/06\\\/20\\\/maestros-demandan-garantia-de-bioseguridad-para-reiniciar-clases\\\/#primaryimage\"},\"thumbnailUrl\":\"\",\"datePublished\":\"2021-06-20T10:19:30+00:00\",\"breadcrumb\":{\"@id\":\"https:\\\/\\\/www.eldiario.net\\\/portal\\\/2021\\\/06\\\/20\\\/maestros-demandan-garantia-de-bioseguridad-para-reiniciar-clases\\\/#breadcrumb\"},\"inLanguage\":\"es\",\"potentialAction\":[{\"@type\":\"ReadAction\",\"target\":[\"https:\\\/\\\/www.eldiario.net\\\/portal\\\/2021\\\/06\\\/20\\\/maestros-demandan-garantia-de-bioseguridad-para-reiniciar-clases\\\/\"]}]},{\"@type\":\"ImageObject\",\"inLanguage\":\"es\",\"@id\":\"https:\\\/\\\/www.eldiario.net\\\/portal\\\/2021\\\/06\\\/20\\\/maestros-demandan-garantia-de-bioseguridad-para-reiniciar-clases\\\/#primaryimage\",\"url\":\"\",\"contentUrl\":\"\"},{\"@type\":\"BreadcrumbList\",\"@id\":\"https:\\\/\\\/www.eldiario.net\\\/portal\\\/2021\\\/06\\\/20\\\/maestros-demandan-garantia-de-bioseguridad-para-reiniciar-clases\\\/#breadcrumb\",\"itemListElement\":[{\"@type\":\"ListItem\",\"position\":1,\"name\":\"Portada\",\"item\":\"https:\\\/\\\/www.eldiario.net\\\/portal\\\/\"},{\"@type\":\"ListItem\",\"position\":2,\"name\":\"Maestros demandan garant\u00eda de bioseguridad para reiniciar clases\"}]},{\"@type\":\"WebSite\",\"@id\":\"https:\\\/\\\/www.eldiario.net\\\/portal\\\/#website\",\"url\":\"https:\\\/\\\/www.eldiario.net\\\/portal\\\/\",\"name\":\"El Diario - Decano de la prensa nacional\",\"description\":\"El Diario - Decano de la prensa nacional\",\"publisher\":{\"@id\":\"https:\\\/\\\/www.eldiario.net\\\/portal\\\/#organization\"},\"potentialAction\":[{\"@type\":\"SearchAction\",\"target\":{\"@type\":\"EntryPoint\",\"urlTemplate\":\"https:\\\/\\\/www.eldiario.net\\\/portal\\\/?s={search_term_string}\"},\"query-input\":{\"@type\":\"PropertyValueSpecification\",\"valueRequired\":true,\"valueName\":\"search_term_string\"}}],\"inLanguage\":\"es\"},{\"@type\":\"Organization\",\"@id\":\"https:\\\/\\\/www.eldiario.net\\\/portal\\\/#organization\",\"name\":\"El Diario - Decano de la prensa nacional\",\"url\":\"https:\\\/\\\/www.eldiario.net\\\/portal\\\/\",\"logo\":{\"@type\":\"ImageObject\",\"inLanguage\":\"es\",\"@id\":\"https:\\\/\\\/www.eldiario.net\\\/portal\\\/#\\\/schema\\\/logo\\\/image\\\/\",\"url\":\"https:\\\/\\\/www.eldiario.net\\\/portal\\\/wp-content\\\/uploads\\\/2023\\\/07\\\/logo_ED.jpg\",\"contentUrl\":\"https:\\\/\\\/www.eldiario.net\\\/portal\\\/wp-content\\\/uploads\\\/2023\\\/07\\\/logo_ED.jpg\",\"width\":272,\"height\":52,\"caption\":\"El Diario - Decano de la prensa nacional\"},\"image\":{\"@id\":\"https:\\\/\\\/www.eldiario.net\\\/portal\\\/#\\\/schema\\\/logo\\\/image\\\/\"},\"sameAs\":[\"https:\\\/\\\/www.facebook.com\\\/eldiario.bolivia\\\/\",\"https:\\\/\\\/x.com\\\/eldiario_net\"]},{\"@type\":\"Person\",\"@id\":\"https:\\\/\\\/www.eldiario.net\\\/portal\\\/#\\\/schema\\\/person\\\/2c57cf2b7a7ae032e449e4c9b1019eac\",\"name\":\"Jeanette\",\"image\":{\"@type\":\"ImageObject\",\"inLanguage\":\"es\",\"@id\":\"https:\\\/\\\/secure.gravatar.com\\\/avatar\\\/3ea2118a5f7dad2b7138b1187a6b7ee55f160b9968b66013c3a3ef39dd7e5798?s=96&d=mm&r=g\",\"url\":\"https:\\\/\\\/secure.gravatar.com\\\/avatar\\\/3ea2118a5f7dad2b7138b1187a6b7ee55f160b9968b66013c3a3ef39dd7e5798?s=96&d=mm&r=g\",\"contentUrl\":\"https:\\\/\\\/secure.gravatar.com\\\/avatar\\\/3ea2118a5f7dad2b7138b1187a6b7ee55f160b9968b66013c3a3ef39dd7e5798?s=96&d=mm&r=g\",\"caption\":\"Jeanette\"},\"sameAs\":[\"https:\\\/\\\/www.eldiario.net\\\/portal\"],\"url\":\"https:\\\/\\\/www.eldiario.net\\\/portal\\\/author\\\/jeanette\\\/\"}]}<\/script>\n<!-- \/ Yoast SEO plugin. -->","yoast_head_json":{"title":"Maestros demandan garant\u00eda de bioseguridad para reiniciar clases - El Diario - Bolivia","robots":{"index":"index","follow":"follow","max-snippet":"max-snippet:-1","max-image-preview":"max-image-preview:large","max-video-preview":"max-video-preview:-1"},"canonical":"https:\/\/www.eldiario.net\/portal\/2021\/06\/20\/maestros-demandan-garantia-de-bioseguridad-para-reiniciar-clases\/","og_locale":"es_ES","og_type":"article","og_title":"Maestros demandan garant\u00eda de bioseguridad para reiniciar clases - El Diario - Bolivia","og_description":"El magisterio de la ciudad de El Alto dio a conocer su posici\u00f3n de no retornar a clases, mientras no existan las garant\u00edas necesarias de bioseguridad por parte del Ministerio de Educaci\u00f3n, adem\u00e1s de no afectar el calendario escolar, seg\u00fan el dirigente del sector, \u00c1lex Morales. La decisi\u00f3n fue tomada, luego que la instancia nacional [&hellip;]","og_url":"https:\/\/www.eldiario.net\/portal\/2021\/06\/20\/maestros-demandan-garantia-de-bioseguridad-para-reiniciar-clases\/","og_site_name":"El Diario - Bolivia","article_publisher":"https:\/\/www.facebook.com\/eldiario.bolivia\/","article_published_time":"2021-06-20T10:19:30+00:00","author":"Jeanette","twitter_card":"summary_large_image","twitter_creator":"@eldiario_net","twitter_site":"@eldiario_net","twitter_misc":{"Escrito por":"Jeanette","Tiempo de lectura":"3 minutos"},"schema":{"@context":"https:\/\/schema.org","@graph":[{"@type":"Article","@id":"https:\/\/www.eldiario.net\/portal\/2021\/06\/20\/maestros-demandan-garantia-de-bioseguridad-para-reiniciar-clases\/#article","isPartOf":{"@id":"https:\/\/www.eldiario.net\/portal\/2021\/06\/20\/maestros-demandan-garantia-de-bioseguridad-para-reiniciar-clases\/"},"author":{"name":"Jeanette","@id":"https:\/\/www.eldiario.net\/portal\/#\/schema\/person\/2c57cf2b7a7ae032e449e4c9b1019eac"},"headline":"Maestros demandan garant\u00eda de bioseguridad para reiniciar clases","datePublished":"2021-06-20T10:19:30+00:00","mainEntityOfPage":{"@id":"https:\/\/www.eldiario.net\/portal\/2021\/06\/20\/maestros-demandan-garantia-de-bioseguridad-para-reiniciar-clases\/"},"wordCount":555,"publisher":{"@id":"https:\/\/www.eldiario.net\/portal\/#organization"},"image":{"@id":"https:\/\/www.eldiario.net\/portal\/2021\/06\/20\/maestros-demandan-garantia-de-bioseguridad-para-reiniciar-clases\/#primaryimage"},"thumbnailUrl":"","articleSection":["Nacional"],"inLanguage":"es"},{"@type":"WebPage","@id":"https:\/\/www.eldiario.net\/portal\/2021\/06\/20\/maestros-demandan-garantia-de-bioseguridad-para-reiniciar-clases\/","url":"https:\/\/www.eldiario.net\/portal\/2021\/06\/20\/maestros-demandan-garantia-de-bioseguridad-para-reiniciar-clases\/","name":"Maestros demandan garant\u00eda de bioseguridad para reiniciar clases - El Diario - Bolivia","isPartOf":{"@id":"https:\/\/www.eldiario.net\/portal\/#website"},"primaryImageOfPage":{"@id":"https:\/\/www.eldiario.net\/portal\/2021\/06\/20\/maestros-demandan-garantia-de-bioseguridad-para-reiniciar-clases\/#primaryimage"},"image":{"@id":"https:\/\/www.eldiario.net\/portal\/2021\/06\/20\/maestros-demandan-garantia-de-bioseguridad-para-reiniciar-clases\/#primaryimage"},"thumbnailUrl":"","datePublished":"2021-06-20T10:19:30+00:00","breadcrumb":{"@id":"https:\/\/www.eldiario.net\/portal\/2021\/06\/20\/maestros-demandan-garantia-de-bioseguridad-para-reiniciar-clases\/#breadcrumb"},"inLanguage":"es","potentialAction":[{"@type":"ReadAction","target":["https:\/\/www.eldiario.net\/portal\/2021\/06\/20\/maestros-demandan-garantia-de-bioseguridad-para-reiniciar-clases\/"]}]},{"@type":"ImageObject","inLanguage":"es","@id":"https:\/\/www.eldiario.net\/portal\/2021\/06\/20\/maestros-demandan-garantia-de-bioseguridad-para-reiniciar-clases\/#primaryimage","url":"","contentUrl":""},{"@type":"BreadcrumbList","@id":"https:\/\/www.eldiario.net\/portal\/2021\/06\/20\/maestros-demandan-garantia-de-bioseguridad-para-reiniciar-clases\/#breadcrumb","itemListElement":[{"@type":"ListItem","position":1,"name":"Portada","item":"https:\/\/www.eldiario.net\/portal\/"},{"@type":"ListItem","position":2,"name":"Maestros demandan garant\u00eda de bioseguridad para reiniciar clases"}]},{"@type":"WebSite","@id":"https:\/\/www.eldiario.net\/portal\/#website","url":"https:\/\/www.eldiario.net\/portal\/","name":"El Diario - Decano de la prensa nacional","description":"El Diario - Decano de la prensa nacional","publisher":{"@id":"https:\/\/www.eldiario.net\/portal\/#organization"},"potentialAction":[{"@type":"SearchAction","target":{"@type":"EntryPoint","urlTemplate":"https:\/\/www.eldiario.net\/portal\/?s={search_term_string}"},"query-input":{"@type":"PropertyValueSpecification","valueRequired":true,"valueName":"search_term_string"}}],"inLanguage":"es"},{"@type":"Organization","@id":"https:\/\/www.eldiario.net\/portal\/#organization","name":"El Diario - Decano de la prensa nacional","url":"https:\/\/www.eldiario.net\/portal\/","logo":{"@type":"ImageObject","inLanguage":"es","@id":"https:\/\/www.eldiario.net\/portal\/#\/schema\/logo\/image\/","url":"https:\/\/www.eldiario.net\/portal\/wp-content\/uploads\/2023\/07\/logo_ED.jpg","contentUrl":"https:\/\/www.eldiario.net\/portal\/wp-content\/uploads\/2023\/07\/logo_ED.jpg","width":272,"height":52,"caption":"El Diario - Decano de la prensa nacional"},"image":{"@id":"https:\/\/www.eldiario.net\/portal\/#\/schema\/logo\/image\/"},"sameAs":["https:\/\/www.facebook.com\/eldiario.bolivia\/","https:\/\/x.com\/eldiario_net"]},{"@type":"Person","@id":"https:\/\/www.eldiario.net\/portal\/#\/schema\/person\/2c57cf2b7a7ae032e449e4c9b1019eac","name":"Jeanette","image":{"@type":"ImageObject","inLanguage":"es","@id":"https:\/\/secure.gravatar.com\/avatar\/3ea2118a5f7dad2b7138b1187a6b7ee55f160b9968b66013c3a3ef39dd7e5798?s=96&d=mm&r=g","url":"https:\/\/secure.gravatar.com\/avatar\/3ea2118a5f7dad2b7138b1187a6b7ee55f160b9968b66013c3a3ef39dd7e5798?s=96&d=mm&r=g","contentUrl":"https:\/\/secure.gravatar.com\/avatar\/3ea2118a5f7dad2b7138b1187a6b7ee55f160b9968b66013c3a3ef39dd7e5798?s=96&d=mm&r=g","caption":"Jeanette"},"sameAs":["https:\/\/www.eldiario.net\/portal"],"url":"https:\/\/www.eldiario.net\/portal\/author\/jeanette\/"}]}},"_links":{"self":[{"href":"https:\/\/www.eldiario.net\/portal\/wp-json\/wp\/v2\/posts\/11625","targetHints":{"allow":["GET"]}}],"collection":[{"href":"https:\/\/www.eldiario.net\/portal\/wp-json\/wp\/v2\/posts"}],"about":[{"href":"https:\/\/www.eldiario.net\/portal\/wp-json\/wp\/v2\/types\/post"}],"author":[{"embeddable":true,"href":"https:\/\/www.eldiario.net\/portal\/wp-json\/wp\/v2\/users\/1"}],"replies":[{"embeddable":true,"href":"https:\/\/www.eldiario.net\/portal\/wp-json\/wp\/v2\/comments?post=11625"}],"version-history":[{"count":0,"href":"https:\/\/www.eldiario.net\/portal\/wp-json\/wp\/v2\/posts\/11625\/revisions"}],"wp:attachment":[{"href":"https:\/\/www.eldiario.net\/portal\/wp-json\/wp\/v2\/media?parent=11625"}],"wp:term":[{"taxonomy":"category","embeddable":true,"href":"https:\/\/www.eldiario.net\/portal\/wp-json\/wp\/v2\/categories?post=11625"},{"taxonomy":"post_tag","embeddable":true,"href":"https:\/\/www.eldiario.net\/portal\/wp-json\/wp\/v2\/tags?post=11625"}],"curies":[{"name":"wp","href":"https:\/\/api.w.org\/{rel}","templated":true}]}}