{"id":11622,"date":"2021-06-20T06:18:22","date_gmt":"2021-06-20T10:18:22","guid":{"rendered":"https:\/\/www.eldiario.net\/portal\/?p=11622"},"modified":"2021-06-20T06:18:22","modified_gmt":"2021-06-20T10:18:22","slug":"alcaldia-emite-prohibiciones-contra-excesos-en-san-juan","status":"publish","type":"post","link":"https:\/\/www.eldiario.net\/portal\/2021\/06\/20\/alcaldia-emite-prohibiciones-contra-excesos-en-san-juan\/","title":{"rendered":"Alcald\u00eda emite prohibiciones contra excesos en San Juan"},"content":{"rendered":"<p>Las autoridades del Gobierno Aut\u00f3nomo Municipal de El Alto (Gamea) lanzaron la campa\u00f1a \u201cCuida tu salud, cuida el medioambiente, San Juan sin fogatas\u201d, que tiene como finalidad proteger a la poblaci\u00f3n.<br \/>\nLa actividad fue iniciada con una demostraci\u00f3n sobre la peligrosidad de la manipulaci\u00f3n de fuegos artificiales y los primeros auxilios que se deben realizar, adem\u00e1s del peligro que representa el encendido de fogatas y el consumo de alimentos que no cuentan con registro sanitario.<br \/>\nEl secretario municipal de Seguridad Ciudadana, coronel Jos\u00e9 Luis Mendivil, recomend\u00f3 a la poblaci\u00f3n \u201cevitar exponer nuestra integridad f\u00edsica con fuegos artificiales, especialmente a la ni\u00f1ez, tambi\u00e9n recalcamos que la Intendencia va hacer cumplir la normativa vigente, encomend\u00e1ndoles que no consuman bebidas alcoh\u00f3licas, no asistan a fiestas clandestinas donde no se cumplen las medidas de bioseguridad\u201d.<br \/>\nPor su parte, la secretaria municipal de Agua, Saneamiento, Gesti\u00f3n Ambiental y Riesgos, Nayda Veizaga, anticip\u00f3 que \u201ctodo el personal de la Alcald\u00eda va a trabajar en sus distritos con los subalcaldes, para lo cual se est\u00e1n formando brigadas de control y se realizar\u00e1n los monitoreos en todos los barrios\u201d.<br \/>\nPara el efecto, alrededor de 3.000 servidores p\u00fablicos realizar\u00e1n el control para evitar el encendido de fogatas en la noche del 23 de junio, considerado como la noche m\u00e1s fr\u00eda de a\u00f1o. Veizaga precis\u00f3 que est\u00e1 vigente la Ordenanza Municipal 139 que estipula una multa de hasta 1.000 bolivianos en caso de que alg\u00fan vecino est\u00e9 realizando el encendido de fogatas.<br \/>\nA su turno, el intendente municipal, mayor Miguel Rocabado, sostuvo que en los d\u00edas previos se intensificar\u00e1n los controles en las friales y tiendas para controlar que la venta de embutidos y aderezos sean en cumplimiento a las normativas, como es contar con el registro sanitario y sin sobrepasar la fecha de vencimiento.<br \/>\n\u201cA nombre de la alcaldesa del municipio alte\u00f1o, Eva Copa, iniciamos esta campa\u00f1a de San Juan (\u2026) queremos concienciar a todo el pueblo alte\u00f1o a que este San Juan sea sin fogatas y sin juegos pirot\u00e9cnicos para cuidar el medioambiente y as\u00ed seguir evadiendo esta pandemia que estamos pasando\u201d, recomend\u00f3 el secretario municipal de Culturas y Deportes, Miguel \u00c1ngel Rimba.<br \/>\nEl 23 de junio es considerado como la noche m\u00e1s fr\u00eda del a\u00f1o y coincide con la fiesta religiosa de San Juan, donde anteriormente era una costumbre el encendido de fogatas para calentar el ambiente y la utilizaci\u00f3n de fuegos artificiales para \u201cahuyentar\u201d a los malos esp\u00edritus.<\/p>\n","protected":false},"excerpt":{"rendered":"<p>Las autoridades del Gobierno Aut\u00f3nomo Municipal de El Alto (Gamea) lanzaron la campa\u00f1a \u201cCuida tu salud, cuida el medioambiente, San Juan sin fogatas\u201d, que tiene como finalidad proteger a la poblaci\u00f3n. La actividad fue iniciada con una demostraci\u00f3n sobre la peligrosidad de la manipulaci\u00f3n de fuegos artificiales y los primeros auxilios que se deben realizar, [&hellip;]<\/p>\n","protected":false},"author":1,"featured_media":11623,"comment_status":"closed","ping_status":"closed","sticky":false,"template":"","format":"standard","meta":{"_acf_changed":false,"footnotes":""},"categories":[12],"tags":[],"class_list":["post-11622","post","type-post","status-publish","format-standard","has-post-thumbnail","category-nacional"],"acf":{"antetitulo":""},"yoast_head":"<!-- This site is optimized with the Yoast SEO plugin v28.4 - https:\/\/yoast.com\/product\/yoast-seo-wordpress\/ -->\n<title>Alcald\u00eda emite prohibiciones contra excesos en San Juan - El Diario - Bolivia<\/title>\n<meta name=\"robots\" content=\"index, follow, max-snippet:-1, max-image-preview:large, max-video-preview:-1\" \/>\n<link rel=\"canonical\" href=\"https:\/\/www.eldiario.net\/portal\/2021\/06\/20\/alcaldia-emite-prohibiciones-contra-excesos-en-san-juan\/\" \/>\n<meta property=\"og:locale\" content=\"es_ES\" \/>\n<meta property=\"og:type\" content=\"article\" \/>\n<meta property=\"og:title\" content=\"Alcald\u00eda emite prohibiciones contra excesos en San Juan - El Diario - Bolivia\" \/>\n<meta property=\"og:description\" content=\"Las autoridades del Gobierno Aut\u00f3nomo Municipal de El Alto (Gamea) lanzaron la campa\u00f1a \u201cCuida tu salud, cuida el medioambiente, San Juan sin fogatas\u201d, que tiene como finalidad proteger a la poblaci\u00f3n. La actividad fue iniciada con una demostraci\u00f3n sobre la peligrosidad de la manipulaci\u00f3n de fuegos artificiales y los primeros auxilios que se deben realizar, [&hellip;]\" \/>\n<meta property=\"og:url\" content=\"https:\/\/www.eldiario.net\/portal\/2021\/06\/20\/alcaldia-emite-prohibiciones-contra-excesos-en-san-juan\/\" \/>\n<meta property=\"og:site_name\" content=\"El Diario - Bolivia\" \/>\n<meta property=\"article:publisher\" content=\"https:\/\/www.facebook.com\/eldiario.bolivia\/\" \/>\n<meta property=\"article:published_time\" content=\"2021-06-20T10:18:22+00:00\" \/>\n<meta name=\"author\" content=\"Jeanette\" \/>\n<meta name=\"twitter:card\" content=\"summary_large_image\" \/>\n<meta name=\"twitter:creator\" content=\"@eldiario_net\" \/>\n<meta name=\"twitter:site\" content=\"@eldiario_net\" \/>\n<meta name=\"twitter:label1\" content=\"Escrito por\" \/>\n\t<meta name=\"twitter:data1\" content=\"Jeanette\" \/>\n\t<meta name=\"twitter:label2\" content=\"Tiempo de lectura\" \/>\n\t<meta name=\"twitter:data2\" content=\"2 minutos\" \/>\n<script type=\"application\/ld+json\" class=\"yoast-schema-graph\">{\"@context\":\"https:\\\/\\\/schema.org\",\"@graph\":[{\"@type\":\"Article\",\"@id\":\"https:\\\/\\\/www.eldiario.net\\\/portal\\\/2021\\\/06\\\/20\\\/alcaldia-emite-prohibiciones-contra-excesos-en-san-juan\\\/#article\",\"isPartOf\":{\"@id\":\"https:\\\/\\\/www.eldiario.net\\\/portal\\\/2021\\\/06\\\/20\\\/alcaldia-emite-prohibiciones-contra-excesos-en-san-juan\\\/\"},\"author\":{\"name\":\"Jeanette\",\"@id\":\"https:\\\/\\\/www.eldiario.net\\\/portal\\\/#\\\/schema\\\/person\\\/2c57cf2b7a7ae032e449e4c9b1019eac\"},\"headline\":\"Alcald\u00eda emite prohibiciones contra excesos en San Juan\",\"datePublished\":\"2021-06-20T10:18:22+00:00\",\"mainEntityOfPage\":{\"@id\":\"https:\\\/\\\/www.eldiario.net\\\/portal\\\/2021\\\/06\\\/20\\\/alcaldia-emite-prohibiciones-contra-excesos-en-san-juan\\\/\"},\"wordCount\":438,\"publisher\":{\"@id\":\"https:\\\/\\\/www.eldiario.net\\\/portal\\\/#organization\"},\"image\":{\"@id\":\"https:\\\/\\\/www.eldiario.net\\\/portal\\\/2021\\\/06\\\/20\\\/alcaldia-emite-prohibiciones-contra-excesos-en-san-juan\\\/#primaryimage\"},\"thumbnailUrl\":\"\",\"articleSection\":[\"Nacional\"],\"inLanguage\":\"es\"},{\"@type\":\"WebPage\",\"@id\":\"https:\\\/\\\/www.eldiario.net\\\/portal\\\/2021\\\/06\\\/20\\\/alcaldia-emite-prohibiciones-contra-excesos-en-san-juan\\\/\",\"url\":\"https:\\\/\\\/www.eldiario.net\\\/portal\\\/2021\\\/06\\\/20\\\/alcaldia-emite-prohibiciones-contra-excesos-en-san-juan\\\/\",\"name\":\"Alcald\u00eda emite prohibiciones contra excesos en San Juan - El Diario - Bolivia\",\"isPartOf\":{\"@id\":\"https:\\\/\\\/www.eldiario.net\\\/portal\\\/#website\"},\"primaryImageOfPage\":{\"@id\":\"https:\\\/\\\/www.eldiario.net\\\/portal\\\/2021\\\/06\\\/20\\\/alcaldia-emite-prohibiciones-contra-excesos-en-san-juan\\\/#primaryimage\"},\"image\":{\"@id\":\"https:\\\/\\\/www.eldiario.net\\\/portal\\\/2021\\\/06\\\/20\\\/alcaldia-emite-prohibiciones-contra-excesos-en-san-juan\\\/#primaryimage\"},\"thumbnailUrl\":\"\",\"datePublished\":\"2021-06-20T10:18:22+00:00\",\"breadcrumb\":{\"@id\":\"https:\\\/\\\/www.eldiario.net\\\/portal\\\/2021\\\/06\\\/20\\\/alcaldia-emite-prohibiciones-contra-excesos-en-san-juan\\\/#breadcrumb\"},\"inLanguage\":\"es\",\"potentialAction\":[{\"@type\":\"ReadAction\",\"target\":[\"https:\\\/\\\/www.eldiario.net\\\/portal\\\/2021\\\/06\\\/20\\\/alcaldia-emite-prohibiciones-contra-excesos-en-san-juan\\\/\"]}]},{\"@type\":\"ImageObject\",\"inLanguage\":\"es\",\"@id\":\"https:\\\/\\\/www.eldiario.net\\\/portal\\\/2021\\\/06\\\/20\\\/alcaldia-emite-prohibiciones-contra-excesos-en-san-juan\\\/#primaryimage\",\"url\":\"\",\"contentUrl\":\"\"},{\"@type\":\"BreadcrumbList\",\"@id\":\"https:\\\/\\\/www.eldiario.net\\\/portal\\\/2021\\\/06\\\/20\\\/alcaldia-emite-prohibiciones-contra-excesos-en-san-juan\\\/#breadcrumb\",\"itemListElement\":[{\"@type\":\"ListItem\",\"position\":1,\"name\":\"Portada\",\"item\":\"https:\\\/\\\/www.eldiario.net\\\/portal\\\/\"},{\"@type\":\"ListItem\",\"position\":2,\"name\":\"Alcald\u00eda emite prohibiciones contra excesos en San Juan\"}]},{\"@type\":\"WebSite\",\"@id\":\"https:\\\/\\\/www.eldiario.net\\\/portal\\\/#website\",\"url\":\"https:\\\/\\\/www.eldiario.net\\\/portal\\\/\",\"name\":\"El Diario - Decano de la prensa nacional\",\"description\":\"El Diario - Decano de la prensa nacional\",\"publisher\":{\"@id\":\"https:\\\/\\\/www.eldiario.net\\\/portal\\\/#organization\"},\"potentialAction\":[{\"@type\":\"SearchAction\",\"target\":{\"@type\":\"EntryPoint\",\"urlTemplate\":\"https:\\\/\\\/www.eldiario.net\\\/portal\\\/?s={search_term_string}\"},\"query-input\":{\"@type\":\"PropertyValueSpecification\",\"valueRequired\":true,\"valueName\":\"search_term_string\"}}],\"inLanguage\":\"es\"},{\"@type\":\"Organization\",\"@id\":\"https:\\\/\\\/www.eldiario.net\\\/portal\\\/#organization\",\"name\":\"El Diario - Decano de la prensa nacional\",\"url\":\"https:\\\/\\\/www.eldiario.net\\\/portal\\\/\",\"logo\":{\"@type\":\"ImageObject\",\"inLanguage\":\"es\",\"@id\":\"https:\\\/\\\/www.eldiario.net\\\/portal\\\/#\\\/schema\\\/logo\\\/image\\\/\",\"url\":\"https:\\\/\\\/www.eldiario.net\\\/portal\\\/wp-content\\\/uploads\\\/2023\\\/07\\\/logo_ED.jpg\",\"contentUrl\":\"https:\\\/\\\/www.eldiario.net\\\/portal\\\/wp-content\\\/uploads\\\/2023\\\/07\\\/logo_ED.jpg\",\"width\":272,\"height\":52,\"caption\":\"El Diario - Decano de la prensa nacional\"},\"image\":{\"@id\":\"https:\\\/\\\/www.eldiario.net\\\/portal\\\/#\\\/schema\\\/logo\\\/image\\\/\"},\"sameAs\":[\"https:\\\/\\\/www.facebook.com\\\/eldiario.bolivia\\\/\",\"https:\\\/\\\/x.com\\\/eldiario_net\"]},{\"@type\":\"Person\",\"@id\":\"https:\\\/\\\/www.eldiario.net\\\/portal\\\/#\\\/schema\\\/person\\\/2c57cf2b7a7ae032e449e4c9b1019eac\",\"name\":\"Jeanette\",\"image\":{\"@type\":\"ImageObject\",\"inLanguage\":\"es\",\"@id\":\"https:\\\/\\\/secure.gravatar.com\\\/avatar\\\/3ea2118a5f7dad2b7138b1187a6b7ee55f160b9968b66013c3a3ef39dd7e5798?s=96&d=mm&r=g\",\"url\":\"https:\\\/\\\/secure.gravatar.com\\\/avatar\\\/3ea2118a5f7dad2b7138b1187a6b7ee55f160b9968b66013c3a3ef39dd7e5798?s=96&d=mm&r=g\",\"contentUrl\":\"https:\\\/\\\/secure.gravatar.com\\\/avatar\\\/3ea2118a5f7dad2b7138b1187a6b7ee55f160b9968b66013c3a3ef39dd7e5798?s=96&d=mm&r=g\",\"caption\":\"Jeanette\"},\"sameAs\":[\"https:\\\/\\\/www.eldiario.net\\\/portal\"],\"url\":\"https:\\\/\\\/www.eldiario.net\\\/portal\\\/author\\\/jeanette\\\/\"}]}<\/script>\n<!-- \/ Yoast SEO plugin. -->","yoast_head_json":{"title":"Alcald\u00eda emite prohibiciones contra excesos en San Juan - El Diario - Bolivia","robots":{"index":"index","follow":"follow","max-snippet":"max-snippet:-1","max-image-preview":"max-image-preview:large","max-video-preview":"max-video-preview:-1"},"canonical":"https:\/\/www.eldiario.net\/portal\/2021\/06\/20\/alcaldia-emite-prohibiciones-contra-excesos-en-san-juan\/","og_locale":"es_ES","og_type":"article","og_title":"Alcald\u00eda emite prohibiciones contra excesos en San Juan - El Diario - Bolivia","og_description":"Las autoridades del Gobierno Aut\u00f3nomo Municipal de El Alto (Gamea) lanzaron la campa\u00f1a \u201cCuida tu salud, cuida el medioambiente, San Juan sin fogatas\u201d, que tiene como finalidad proteger a la poblaci\u00f3n. La actividad fue iniciada con una demostraci\u00f3n sobre la peligrosidad de la manipulaci\u00f3n de fuegos artificiales y los primeros auxilios que se deben realizar, [&hellip;]","og_url":"https:\/\/www.eldiario.net\/portal\/2021\/06\/20\/alcaldia-emite-prohibiciones-contra-excesos-en-san-juan\/","og_site_name":"El Diario - Bolivia","article_publisher":"https:\/\/www.facebook.com\/eldiario.bolivia\/","article_published_time":"2021-06-20T10:18:22+00:00","author":"Jeanette","twitter_card":"summary_large_image","twitter_creator":"@eldiario_net","twitter_site":"@eldiario_net","twitter_misc":{"Escrito por":"Jeanette","Tiempo de lectura":"2 minutos"},"schema":{"@context":"https:\/\/schema.org","@graph":[{"@type":"Article","@id":"https:\/\/www.eldiario.net\/portal\/2021\/06\/20\/alcaldia-emite-prohibiciones-contra-excesos-en-san-juan\/#article","isPartOf":{"@id":"https:\/\/www.eldiario.net\/portal\/2021\/06\/20\/alcaldia-emite-prohibiciones-contra-excesos-en-san-juan\/"},"author":{"name":"Jeanette","@id":"https:\/\/www.eldiario.net\/portal\/#\/schema\/person\/2c57cf2b7a7ae032e449e4c9b1019eac"},"headline":"Alcald\u00eda emite prohibiciones contra excesos en San Juan","datePublished":"2021-06-20T10:18:22+00:00","mainEntityOfPage":{"@id":"https:\/\/www.eldiario.net\/portal\/2021\/06\/20\/alcaldia-emite-prohibiciones-contra-excesos-en-san-juan\/"},"wordCount":438,"publisher":{"@id":"https:\/\/www.eldiario.net\/portal\/#organization"},"image":{"@id":"https:\/\/www.eldiario.net\/portal\/2021\/06\/20\/alcaldia-emite-prohibiciones-contra-excesos-en-san-juan\/#primaryimage"},"thumbnailUrl":"","articleSection":["Nacional"],"inLanguage":"es"},{"@type":"WebPage","@id":"https:\/\/www.eldiario.net\/portal\/2021\/06\/20\/alcaldia-emite-prohibiciones-contra-excesos-en-san-juan\/","url":"https:\/\/www.eldiario.net\/portal\/2021\/06\/20\/alcaldia-emite-prohibiciones-contra-excesos-en-san-juan\/","name":"Alcald\u00eda emite prohibiciones contra excesos en San Juan - El Diario - Bolivia","isPartOf":{"@id":"https:\/\/www.eldiario.net\/portal\/#website"},"primaryImageOfPage":{"@id":"https:\/\/www.eldiario.net\/portal\/2021\/06\/20\/alcaldia-emite-prohibiciones-contra-excesos-en-san-juan\/#primaryimage"},"image":{"@id":"https:\/\/www.eldiario.net\/portal\/2021\/06\/20\/alcaldia-emite-prohibiciones-contra-excesos-en-san-juan\/#primaryimage"},"thumbnailUrl":"","datePublished":"2021-06-20T10:18:22+00:00","breadcrumb":{"@id":"https:\/\/www.eldiario.net\/portal\/2021\/06\/20\/alcaldia-emite-prohibiciones-contra-excesos-en-san-juan\/#breadcrumb"},"inLanguage":"es","potentialAction":[{"@type":"ReadAction","target":["https:\/\/www.eldiario.net\/portal\/2021\/06\/20\/alcaldia-emite-prohibiciones-contra-excesos-en-san-juan\/"]}]},{"@type":"ImageObject","inLanguage":"es","@id":"https:\/\/www.eldiario.net\/portal\/2021\/06\/20\/alcaldia-emite-prohibiciones-contra-excesos-en-san-juan\/#primaryimage","url":"","contentUrl":""},{"@type":"BreadcrumbList","@id":"https:\/\/www.eldiario.net\/portal\/2021\/06\/20\/alcaldia-emite-prohibiciones-contra-excesos-en-san-juan\/#breadcrumb","itemListElement":[{"@type":"ListItem","position":1,"name":"Portada","item":"https:\/\/www.eldiario.net\/portal\/"},{"@type":"ListItem","position":2,"name":"Alcald\u00eda emite prohibiciones contra excesos en San Juan"}]},{"@type":"WebSite","@id":"https:\/\/www.eldiario.net\/portal\/#website","url":"https:\/\/www.eldiario.net\/portal\/","name":"El Diario - Decano de la prensa nacional","description":"El Diario - Decano de la prensa nacional","publisher":{"@id":"https:\/\/www.eldiario.net\/portal\/#organization"},"potentialAction":[{"@type":"SearchAction","target":{"@type":"EntryPoint","urlTemplate":"https:\/\/www.eldiario.net\/portal\/?s={search_term_string}"},"query-input":{"@type":"PropertyValueSpecification","valueRequired":true,"valueName":"search_term_string"}}],"inLanguage":"es"},{"@type":"Organization","@id":"https:\/\/www.eldiario.net\/portal\/#organization","name":"El Diario - Decano de la prensa nacional","url":"https:\/\/www.eldiario.net\/portal\/","logo":{"@type":"ImageObject","inLanguage":"es","@id":"https:\/\/www.eldiario.net\/portal\/#\/schema\/logo\/image\/","url":"https:\/\/www.eldiario.net\/portal\/wp-content\/uploads\/2023\/07\/logo_ED.jpg","contentUrl":"https:\/\/www.eldiario.net\/portal\/wp-content\/uploads\/2023\/07\/logo_ED.jpg","width":272,"height":52,"caption":"El Diario - Decano de la prensa nacional"},"image":{"@id":"https:\/\/www.eldiario.net\/portal\/#\/schema\/logo\/image\/"},"sameAs":["https:\/\/www.facebook.com\/eldiario.bolivia\/","https:\/\/x.com\/eldiario_net"]},{"@type":"Person","@id":"https:\/\/www.eldiario.net\/portal\/#\/schema\/person\/2c57cf2b7a7ae032e449e4c9b1019eac","name":"Jeanette","image":{"@type":"ImageObject","inLanguage":"es","@id":"https:\/\/secure.gravatar.com\/avatar\/3ea2118a5f7dad2b7138b1187a6b7ee55f160b9968b66013c3a3ef39dd7e5798?s=96&d=mm&r=g","url":"https:\/\/secure.gravatar.com\/avatar\/3ea2118a5f7dad2b7138b1187a6b7ee55f160b9968b66013c3a3ef39dd7e5798?s=96&d=mm&r=g","contentUrl":"https:\/\/secure.gravatar.com\/avatar\/3ea2118a5f7dad2b7138b1187a6b7ee55f160b9968b66013c3a3ef39dd7e5798?s=96&d=mm&r=g","caption":"Jeanette"},"sameAs":["https:\/\/www.eldiario.net\/portal"],"url":"https:\/\/www.eldiario.net\/portal\/author\/jeanette\/"}]}},"_links":{"self":[{"href":"https:\/\/www.eldiario.net\/portal\/wp-json\/wp\/v2\/posts\/11622","targetHints":{"allow":["GET"]}}],"collection":[{"href":"https:\/\/www.eldiario.net\/portal\/wp-json\/wp\/v2\/posts"}],"about":[{"href":"https:\/\/www.eldiario.net\/portal\/wp-json\/wp\/v2\/types\/post"}],"author":[{"embeddable":true,"href":"https:\/\/www.eldiario.net\/portal\/wp-json\/wp\/v2\/users\/1"}],"replies":[{"embeddable":true,"href":"https:\/\/www.eldiario.net\/portal\/wp-json\/wp\/v2\/comments?post=11622"}],"version-history":[{"count":0,"href":"https:\/\/www.eldiario.net\/portal\/wp-json\/wp\/v2\/posts\/11622\/revisions"}],"wp:attachment":[{"href":"https:\/\/www.eldiario.net\/portal\/wp-json\/wp\/v2\/media?parent=11622"}],"wp:term":[{"taxonomy":"category","embeddable":true,"href":"https:\/\/www.eldiario.net\/portal\/wp-json\/wp\/v2\/categories?post=11622"},{"taxonomy":"post_tag","embeddable":true,"href":"https:\/\/www.eldiario.net\/portal\/wp-json\/wp\/v2\/tags?post=11622"}],"curies":[{"name":"wp","href":"https:\/\/api.w.org\/{rel}","templated":true}]}}