{"id":11619,"date":"2021-06-20T06:17:10","date_gmt":"2021-06-20T10:17:10","guid":{"rendered":"https:\/\/www.eldiario.net\/portal\/?p=11619"},"modified":"2021-06-20T06:17:10","modified_gmt":"2021-06-20T10:17:10","slug":"medicos-en-emergencia-ante-inseguridad-laboral-y-salarial","status":"publish","type":"post","link":"https:\/\/www.eldiario.net\/portal\/2021\/06\/20\/medicos-en-emergencia-ante-inseguridad-laboral-y-salarial\/","title":{"rendered":"M\u00e9dicos en emergencia ante  inseguridad laboral y salarial"},"content":{"rendered":"<p>Los m\u00e9dicos del Hospital Municipal La Portada de La Paz se declararon en emergencia ante la falta de insumos m\u00e9dicos, pago de salarios y la inestabilidad laboral que se ha desatado a ra\u00edz de la intenci\u00f3n de aplicar cambios de personal por parte de la gesti\u00f3n del alcalde Iv\u00e1n Arias, seg\u00fan un pronunciamiento difundido por el dirigente de Fesimra, Fernando Romero.<br \/>\nIndican que hay un ambiente de incertidumbre ante versiones de cambio de la directora Yolanda Gonzales y otros, sin considerar que las amenazas de destituci\u00f3n pueden debilitar el funcionamiento del Hospital Centinela para casos de covid-19.<br \/>\nAdvierten que hasta ahora la Alcald\u00eda no ha respondido sobre la recontrataci\u00f3n de m\u00e9dicos que este fin de mes concluye sus contratos. Tambi\u00e9n est\u00e1 incompleta la gesti\u00f3n ante la Agencia de Infraestructura en Salud y Equipamiento M\u00e9dico (Aisem) para la recontrataci\u00f3n de un personal que viene trabajando sin sueldo hace dos meses.<br \/>\nLos m\u00e9dicos informan que est\u00e1 pendiente la regularizaci\u00f3n del pago de haberes por febrero, marzo y abril por cuestiones administrativas atribuidas al Ministerio de Salud, as\u00ed como el equipamiento de las unidades de terapia intensiva y dotaci\u00f3n de mayores insumos m\u00e9dicos, ya que actualmente el Hospital Centinela para enfermos covid-19, solo se est\u00e1 trabajando con donaciones, report\u00f3 Erbol.<br \/>\nA tiempo de respaldar la continuidad de la actual directora, apelan a las autoridades municipales en busca de una respuesta a sus demandas porque, seg\u00fan afirman, \u201ccada minuto de retraso en plena tercera ola, debilita la atenci\u00f3n\u201d en el hospital municipal.<\/p>\n","protected":false},"excerpt":{"rendered":"<p>Los m\u00e9dicos del Hospital Municipal La Portada de La Paz se declararon en emergencia ante la falta de insumos m\u00e9dicos, pago de salarios y la inestabilidad laboral que se ha desatado a ra\u00edz de la intenci\u00f3n de aplicar cambios de personal por parte de la gesti\u00f3n del alcalde Iv\u00e1n Arias, seg\u00fan un pronunciamiento difundido por [&hellip;]<\/p>\n","protected":false},"author":1,"featured_media":11620,"comment_status":"closed","ping_status":"closed","sticky":false,"template":"","format":"standard","meta":{"_acf_changed":false,"footnotes":""},"categories":[12],"tags":[],"class_list":["post-11619","post","type-post","status-publish","format-standard","has-post-thumbnail","category-nacional"],"acf":{"antetitulo":""},"yoast_head":"<!-- This site is optimized with the Yoast SEO plugin v28.4 - https:\/\/yoast.com\/product\/yoast-seo-wordpress\/ -->\n<title>M\u00e9dicos en emergencia ante inseguridad laboral y salarial - El Diario - Bolivia<\/title>\n<meta name=\"robots\" content=\"index, follow, max-snippet:-1, max-image-preview:large, max-video-preview:-1\" \/>\n<link rel=\"canonical\" href=\"https:\/\/www.eldiario.net\/portal\/2021\/06\/20\/medicos-en-emergencia-ante-inseguridad-laboral-y-salarial\/\" \/>\n<meta property=\"og:locale\" content=\"es_ES\" \/>\n<meta property=\"og:type\" content=\"article\" \/>\n<meta property=\"og:title\" content=\"M\u00e9dicos en emergencia ante inseguridad laboral y salarial - El Diario - Bolivia\" \/>\n<meta property=\"og:description\" content=\"Los m\u00e9dicos del Hospital Municipal La Portada de La Paz se declararon en emergencia ante la falta de insumos m\u00e9dicos, pago de salarios y la inestabilidad laboral que se ha desatado a ra\u00edz de la intenci\u00f3n de aplicar cambios de personal por parte de la gesti\u00f3n del alcalde Iv\u00e1n Arias, seg\u00fan un pronunciamiento difundido por [&hellip;]\" \/>\n<meta property=\"og:url\" content=\"https:\/\/www.eldiario.net\/portal\/2021\/06\/20\/medicos-en-emergencia-ante-inseguridad-laboral-y-salarial\/\" \/>\n<meta property=\"og:site_name\" content=\"El Diario - Bolivia\" \/>\n<meta property=\"article:publisher\" content=\"https:\/\/www.facebook.com\/eldiario.bolivia\/\" \/>\n<meta property=\"article:published_time\" content=\"2021-06-20T10:17:10+00:00\" \/>\n<meta name=\"author\" content=\"Jeanette\" \/>\n<meta name=\"twitter:card\" content=\"summary_large_image\" \/>\n<meta name=\"twitter:creator\" content=\"@eldiario_net\" \/>\n<meta name=\"twitter:site\" content=\"@eldiario_net\" \/>\n<meta name=\"twitter:label1\" content=\"Escrito por\" \/>\n\t<meta name=\"twitter:data1\" content=\"Jeanette\" \/>\n\t<meta name=\"twitter:label2\" content=\"Tiempo de lectura\" \/>\n\t<meta name=\"twitter:data2\" content=\"2 minutos\" \/>\n<script type=\"application\/ld+json\" class=\"yoast-schema-graph\">{\"@context\":\"https:\\\/\\\/schema.org\",\"@graph\":[{\"@type\":\"Article\",\"@id\":\"https:\\\/\\\/www.eldiario.net\\\/portal\\\/2021\\\/06\\\/20\\\/medicos-en-emergencia-ante-inseguridad-laboral-y-salarial\\\/#article\",\"isPartOf\":{\"@id\":\"https:\\\/\\\/www.eldiario.net\\\/portal\\\/2021\\\/06\\\/20\\\/medicos-en-emergencia-ante-inseguridad-laboral-y-salarial\\\/\"},\"author\":{\"name\":\"Jeanette\",\"@id\":\"https:\\\/\\\/www.eldiario.net\\\/portal\\\/#\\\/schema\\\/person\\\/2c57cf2b7a7ae032e449e4c9b1019eac\"},\"headline\":\"M\u00e9dicos en emergencia ante inseguridad laboral y salarial\",\"datePublished\":\"2021-06-20T10:17:10+00:00\",\"mainEntityOfPage\":{\"@id\":\"https:\\\/\\\/www.eldiario.net\\\/portal\\\/2021\\\/06\\\/20\\\/medicos-en-emergencia-ante-inseguridad-laboral-y-salarial\\\/\"},\"wordCount\":278,\"publisher\":{\"@id\":\"https:\\\/\\\/www.eldiario.net\\\/portal\\\/#organization\"},\"image\":{\"@id\":\"https:\\\/\\\/www.eldiario.net\\\/portal\\\/2021\\\/06\\\/20\\\/medicos-en-emergencia-ante-inseguridad-laboral-y-salarial\\\/#primaryimage\"},\"thumbnailUrl\":\"\",\"articleSection\":[\"Nacional\"],\"inLanguage\":\"es\"},{\"@type\":\"WebPage\",\"@id\":\"https:\\\/\\\/www.eldiario.net\\\/portal\\\/2021\\\/06\\\/20\\\/medicos-en-emergencia-ante-inseguridad-laboral-y-salarial\\\/\",\"url\":\"https:\\\/\\\/www.eldiario.net\\\/portal\\\/2021\\\/06\\\/20\\\/medicos-en-emergencia-ante-inseguridad-laboral-y-salarial\\\/\",\"name\":\"M\u00e9dicos en emergencia ante inseguridad laboral y salarial - El Diario - Bolivia\",\"isPartOf\":{\"@id\":\"https:\\\/\\\/www.eldiario.net\\\/portal\\\/#website\"},\"primaryImageOfPage\":{\"@id\":\"https:\\\/\\\/www.eldiario.net\\\/portal\\\/2021\\\/06\\\/20\\\/medicos-en-emergencia-ante-inseguridad-laboral-y-salarial\\\/#primaryimage\"},\"image\":{\"@id\":\"https:\\\/\\\/www.eldiario.net\\\/portal\\\/2021\\\/06\\\/20\\\/medicos-en-emergencia-ante-inseguridad-laboral-y-salarial\\\/#primaryimage\"},\"thumbnailUrl\":\"\",\"datePublished\":\"2021-06-20T10:17:10+00:00\",\"breadcrumb\":{\"@id\":\"https:\\\/\\\/www.eldiario.net\\\/portal\\\/2021\\\/06\\\/20\\\/medicos-en-emergencia-ante-inseguridad-laboral-y-salarial\\\/#breadcrumb\"},\"inLanguage\":\"es\",\"potentialAction\":[{\"@type\":\"ReadAction\",\"target\":[\"https:\\\/\\\/www.eldiario.net\\\/portal\\\/2021\\\/06\\\/20\\\/medicos-en-emergencia-ante-inseguridad-laboral-y-salarial\\\/\"]}]},{\"@type\":\"ImageObject\",\"inLanguage\":\"es\",\"@id\":\"https:\\\/\\\/www.eldiario.net\\\/portal\\\/2021\\\/06\\\/20\\\/medicos-en-emergencia-ante-inseguridad-laboral-y-salarial\\\/#primaryimage\",\"url\":\"\",\"contentUrl\":\"\"},{\"@type\":\"BreadcrumbList\",\"@id\":\"https:\\\/\\\/www.eldiario.net\\\/portal\\\/2021\\\/06\\\/20\\\/medicos-en-emergencia-ante-inseguridad-laboral-y-salarial\\\/#breadcrumb\",\"itemListElement\":[{\"@type\":\"ListItem\",\"position\":1,\"name\":\"Portada\",\"item\":\"https:\\\/\\\/www.eldiario.net\\\/portal\\\/\"},{\"@type\":\"ListItem\",\"position\":2,\"name\":\"M\u00e9dicos en emergencia ante inseguridad laboral y salarial\"}]},{\"@type\":\"WebSite\",\"@id\":\"https:\\\/\\\/www.eldiario.net\\\/portal\\\/#website\",\"url\":\"https:\\\/\\\/www.eldiario.net\\\/portal\\\/\",\"name\":\"El Diario - Decano de la prensa nacional\",\"description\":\"El Diario - Decano de la prensa nacional\",\"publisher\":{\"@id\":\"https:\\\/\\\/www.eldiario.net\\\/portal\\\/#organization\"},\"potentialAction\":[{\"@type\":\"SearchAction\",\"target\":{\"@type\":\"EntryPoint\",\"urlTemplate\":\"https:\\\/\\\/www.eldiario.net\\\/portal\\\/?s={search_term_string}\"},\"query-input\":{\"@type\":\"PropertyValueSpecification\",\"valueRequired\":true,\"valueName\":\"search_term_string\"}}],\"inLanguage\":\"es\"},{\"@type\":\"Organization\",\"@id\":\"https:\\\/\\\/www.eldiario.net\\\/portal\\\/#organization\",\"name\":\"El Diario - Decano de la prensa nacional\",\"url\":\"https:\\\/\\\/www.eldiario.net\\\/portal\\\/\",\"logo\":{\"@type\":\"ImageObject\",\"inLanguage\":\"es\",\"@id\":\"https:\\\/\\\/www.eldiario.net\\\/portal\\\/#\\\/schema\\\/logo\\\/image\\\/\",\"url\":\"https:\\\/\\\/www.eldiario.net\\\/portal\\\/wp-content\\\/uploads\\\/2023\\\/07\\\/logo_ED.jpg\",\"contentUrl\":\"https:\\\/\\\/www.eldiario.net\\\/portal\\\/wp-content\\\/uploads\\\/2023\\\/07\\\/logo_ED.jpg\",\"width\":272,\"height\":52,\"caption\":\"El Diario - Decano de la prensa nacional\"},\"image\":{\"@id\":\"https:\\\/\\\/www.eldiario.net\\\/portal\\\/#\\\/schema\\\/logo\\\/image\\\/\"},\"sameAs\":[\"https:\\\/\\\/www.facebook.com\\\/eldiario.bolivia\\\/\",\"https:\\\/\\\/x.com\\\/eldiario_net\"]},{\"@type\":\"Person\",\"@id\":\"https:\\\/\\\/www.eldiario.net\\\/portal\\\/#\\\/schema\\\/person\\\/2c57cf2b7a7ae032e449e4c9b1019eac\",\"name\":\"Jeanette\",\"image\":{\"@type\":\"ImageObject\",\"inLanguage\":\"es\",\"@id\":\"https:\\\/\\\/secure.gravatar.com\\\/avatar\\\/3ea2118a5f7dad2b7138b1187a6b7ee55f160b9968b66013c3a3ef39dd7e5798?s=96&d=mm&r=g\",\"url\":\"https:\\\/\\\/secure.gravatar.com\\\/avatar\\\/3ea2118a5f7dad2b7138b1187a6b7ee55f160b9968b66013c3a3ef39dd7e5798?s=96&d=mm&r=g\",\"contentUrl\":\"https:\\\/\\\/secure.gravatar.com\\\/avatar\\\/3ea2118a5f7dad2b7138b1187a6b7ee55f160b9968b66013c3a3ef39dd7e5798?s=96&d=mm&r=g\",\"caption\":\"Jeanette\"},\"sameAs\":[\"https:\\\/\\\/www.eldiario.net\\\/portal\"],\"url\":\"https:\\\/\\\/www.eldiario.net\\\/portal\\\/author\\\/jeanette\\\/\"}]}<\/script>\n<!-- \/ Yoast SEO plugin. -->","yoast_head_json":{"title":"M\u00e9dicos en emergencia ante inseguridad laboral y salarial - El Diario - Bolivia","robots":{"index":"index","follow":"follow","max-snippet":"max-snippet:-1","max-image-preview":"max-image-preview:large","max-video-preview":"max-video-preview:-1"},"canonical":"https:\/\/www.eldiario.net\/portal\/2021\/06\/20\/medicos-en-emergencia-ante-inseguridad-laboral-y-salarial\/","og_locale":"es_ES","og_type":"article","og_title":"M\u00e9dicos en emergencia ante inseguridad laboral y salarial - El Diario - Bolivia","og_description":"Los m\u00e9dicos del Hospital Municipal La Portada de La Paz se declararon en emergencia ante la falta de insumos m\u00e9dicos, pago de salarios y la inestabilidad laboral que se ha desatado a ra\u00edz de la intenci\u00f3n de aplicar cambios de personal por parte de la gesti\u00f3n del alcalde Iv\u00e1n Arias, seg\u00fan un pronunciamiento difundido por [&hellip;]","og_url":"https:\/\/www.eldiario.net\/portal\/2021\/06\/20\/medicos-en-emergencia-ante-inseguridad-laboral-y-salarial\/","og_site_name":"El Diario - Bolivia","article_publisher":"https:\/\/www.facebook.com\/eldiario.bolivia\/","article_published_time":"2021-06-20T10:17:10+00:00","author":"Jeanette","twitter_card":"summary_large_image","twitter_creator":"@eldiario_net","twitter_site":"@eldiario_net","twitter_misc":{"Escrito por":"Jeanette","Tiempo de lectura":"2 minutos"},"schema":{"@context":"https:\/\/schema.org","@graph":[{"@type":"Article","@id":"https:\/\/www.eldiario.net\/portal\/2021\/06\/20\/medicos-en-emergencia-ante-inseguridad-laboral-y-salarial\/#article","isPartOf":{"@id":"https:\/\/www.eldiario.net\/portal\/2021\/06\/20\/medicos-en-emergencia-ante-inseguridad-laboral-y-salarial\/"},"author":{"name":"Jeanette","@id":"https:\/\/www.eldiario.net\/portal\/#\/schema\/person\/2c57cf2b7a7ae032e449e4c9b1019eac"},"headline":"M\u00e9dicos en emergencia ante inseguridad laboral y salarial","datePublished":"2021-06-20T10:17:10+00:00","mainEntityOfPage":{"@id":"https:\/\/www.eldiario.net\/portal\/2021\/06\/20\/medicos-en-emergencia-ante-inseguridad-laboral-y-salarial\/"},"wordCount":278,"publisher":{"@id":"https:\/\/www.eldiario.net\/portal\/#organization"},"image":{"@id":"https:\/\/www.eldiario.net\/portal\/2021\/06\/20\/medicos-en-emergencia-ante-inseguridad-laboral-y-salarial\/#primaryimage"},"thumbnailUrl":"","articleSection":["Nacional"],"inLanguage":"es"},{"@type":"WebPage","@id":"https:\/\/www.eldiario.net\/portal\/2021\/06\/20\/medicos-en-emergencia-ante-inseguridad-laboral-y-salarial\/","url":"https:\/\/www.eldiario.net\/portal\/2021\/06\/20\/medicos-en-emergencia-ante-inseguridad-laboral-y-salarial\/","name":"M\u00e9dicos en emergencia ante inseguridad laboral y salarial - El Diario - Bolivia","isPartOf":{"@id":"https:\/\/www.eldiario.net\/portal\/#website"},"primaryImageOfPage":{"@id":"https:\/\/www.eldiario.net\/portal\/2021\/06\/20\/medicos-en-emergencia-ante-inseguridad-laboral-y-salarial\/#primaryimage"},"image":{"@id":"https:\/\/www.eldiario.net\/portal\/2021\/06\/20\/medicos-en-emergencia-ante-inseguridad-laboral-y-salarial\/#primaryimage"},"thumbnailUrl":"","datePublished":"2021-06-20T10:17:10+00:00","breadcrumb":{"@id":"https:\/\/www.eldiario.net\/portal\/2021\/06\/20\/medicos-en-emergencia-ante-inseguridad-laboral-y-salarial\/#breadcrumb"},"inLanguage":"es","potentialAction":[{"@type":"ReadAction","target":["https:\/\/www.eldiario.net\/portal\/2021\/06\/20\/medicos-en-emergencia-ante-inseguridad-laboral-y-salarial\/"]}]},{"@type":"ImageObject","inLanguage":"es","@id":"https:\/\/www.eldiario.net\/portal\/2021\/06\/20\/medicos-en-emergencia-ante-inseguridad-laboral-y-salarial\/#primaryimage","url":"","contentUrl":""},{"@type":"BreadcrumbList","@id":"https:\/\/www.eldiario.net\/portal\/2021\/06\/20\/medicos-en-emergencia-ante-inseguridad-laboral-y-salarial\/#breadcrumb","itemListElement":[{"@type":"ListItem","position":1,"name":"Portada","item":"https:\/\/www.eldiario.net\/portal\/"},{"@type":"ListItem","position":2,"name":"M\u00e9dicos en emergencia ante inseguridad laboral y salarial"}]},{"@type":"WebSite","@id":"https:\/\/www.eldiario.net\/portal\/#website","url":"https:\/\/www.eldiario.net\/portal\/","name":"El Diario - Decano de la prensa nacional","description":"El Diario - Decano de la prensa nacional","publisher":{"@id":"https:\/\/www.eldiario.net\/portal\/#organization"},"potentialAction":[{"@type":"SearchAction","target":{"@type":"EntryPoint","urlTemplate":"https:\/\/www.eldiario.net\/portal\/?s={search_term_string}"},"query-input":{"@type":"PropertyValueSpecification","valueRequired":true,"valueName":"search_term_string"}}],"inLanguage":"es"},{"@type":"Organization","@id":"https:\/\/www.eldiario.net\/portal\/#organization","name":"El Diario - Decano de la prensa nacional","url":"https:\/\/www.eldiario.net\/portal\/","logo":{"@type":"ImageObject","inLanguage":"es","@id":"https:\/\/www.eldiario.net\/portal\/#\/schema\/logo\/image\/","url":"https:\/\/www.eldiario.net\/portal\/wp-content\/uploads\/2023\/07\/logo_ED.jpg","contentUrl":"https:\/\/www.eldiario.net\/portal\/wp-content\/uploads\/2023\/07\/logo_ED.jpg","width":272,"height":52,"caption":"El Diario - Decano de la prensa nacional"},"image":{"@id":"https:\/\/www.eldiario.net\/portal\/#\/schema\/logo\/image\/"},"sameAs":["https:\/\/www.facebook.com\/eldiario.bolivia\/","https:\/\/x.com\/eldiario_net"]},{"@type":"Person","@id":"https:\/\/www.eldiario.net\/portal\/#\/schema\/person\/2c57cf2b7a7ae032e449e4c9b1019eac","name":"Jeanette","image":{"@type":"ImageObject","inLanguage":"es","@id":"https:\/\/secure.gravatar.com\/avatar\/3ea2118a5f7dad2b7138b1187a6b7ee55f160b9968b66013c3a3ef39dd7e5798?s=96&d=mm&r=g","url":"https:\/\/secure.gravatar.com\/avatar\/3ea2118a5f7dad2b7138b1187a6b7ee55f160b9968b66013c3a3ef39dd7e5798?s=96&d=mm&r=g","contentUrl":"https:\/\/secure.gravatar.com\/avatar\/3ea2118a5f7dad2b7138b1187a6b7ee55f160b9968b66013c3a3ef39dd7e5798?s=96&d=mm&r=g","caption":"Jeanette"},"sameAs":["https:\/\/www.eldiario.net\/portal"],"url":"https:\/\/www.eldiario.net\/portal\/author\/jeanette\/"}]}},"_links":{"self":[{"href":"https:\/\/www.eldiario.net\/portal\/wp-json\/wp\/v2\/posts\/11619","targetHints":{"allow":["GET"]}}],"collection":[{"href":"https:\/\/www.eldiario.net\/portal\/wp-json\/wp\/v2\/posts"}],"about":[{"href":"https:\/\/www.eldiario.net\/portal\/wp-json\/wp\/v2\/types\/post"}],"author":[{"embeddable":true,"href":"https:\/\/www.eldiario.net\/portal\/wp-json\/wp\/v2\/users\/1"}],"replies":[{"embeddable":true,"href":"https:\/\/www.eldiario.net\/portal\/wp-json\/wp\/v2\/comments?post=11619"}],"version-history":[{"count":0,"href":"https:\/\/www.eldiario.net\/portal\/wp-json\/wp\/v2\/posts\/11619\/revisions"}],"wp:attachment":[{"href":"https:\/\/www.eldiario.net\/portal\/wp-json\/wp\/v2\/media?parent=11619"}],"wp:term":[{"taxonomy":"category","embeddable":true,"href":"https:\/\/www.eldiario.net\/portal\/wp-json\/wp\/v2\/categories?post=11619"},{"taxonomy":"post_tag","embeddable":true,"href":"https:\/\/www.eldiario.net\/portal\/wp-json\/wp\/v2\/tags?post=11619"}],"curies":[{"name":"wp","href":"https:\/\/api.w.org\/{rel}","templated":true}]}}