{"id":115951,"date":"2022-10-11T06:02:24","date_gmt":"2022-10-11T10:02:24","guid":{"rendered":"https:\/\/www.eldiario.net\/portal\/?p=115951"},"modified":"2022-10-11T06:02:24","modified_gmt":"2022-10-11T10:02:24","slug":"ilusion-gusto-o-deseo","status":"publish","type":"post","link":"https:\/\/www.eldiario.net\/portal\/2022\/10\/11\/ilusion-gusto-o-deseo\/","title":{"rendered":"\u00bfIlusi\u00f3n, gusto o deseo?"},"content":{"rendered":"<p>Apoy\u00e1ndome en mi valioso amigo el diccionario, encuentro que ambas palabras, ilusi\u00f3n \u2013 gusto, son sin\u00f3nimos de la palabra deseo, que, de remitirme a sus definiciones, encuentro:<\/p>\n<p>Ilusi\u00f3n. \u201cEsperanza, con o sin fundamento real, de lograr o de que suceda algo que se anhela o se persigue y cuya consecuci\u00f3n parece especialmente atractiva\u201d; \u201cSentimiento de alegr\u00eda y satisfacci\u00f3n que produce la realizaci\u00f3n o la esperanza de conseguir algo que se desea intensamente\u201d. Nota: hasta el momento, de ambas acepciones me agrada m\u00e1s la segunda.<\/p>\n<p>Gusto. \u201cSatisfacci\u00f3n o placer que algo produce en una persona\u201d; \u201cPredilecci\u00f3n, inclinaci\u00f3n, vocaci\u00f3n e inter\u00e9s de un individuo\u201d.<\/p>\n<p>Deseo. \u201cInter\u00e9s o apetencia que una persona tiene por conseguir la posesi\u00f3n o la realizaci\u00f3n de algo\u201d; \u201cCosa que una persona desea\u201d.<\/p>\n<p>De extraer elementos que se destacan en las tres definiciones antes referidas, encontramos las palabras: satisfacci\u00f3n, inter\u00e9s, realizaci\u00f3n.<\/p>\n<p>\u00bfDeseos? Desde lo material, lo espiritual, lo carnal, que pueden \u201cgustar\u201d a todos, pero que est\u00e1n regidos o priorizados por factores econ\u00f3micos y de salud prioritariamente, pero que a la vez se conjugan, por ejemplo: \u201cMe hubiese gustado comprarme unos\u2026 pero ante la situaci\u00f3n grave de salud presentada por\u2026, fue necesario realizar un reordenamiento para la compra de medicamentos\u2026\u201d.<\/p>\n<p>Inter\u00e9s, apetencia, placer que puede variar en el tiempo, pero que, a la vez, tras un esfuerzo de prioridad, darte el gusto en lo personal o a seres queridos &#8211;esposa, hijos(as), padres, hermanos(as), amigos(as)&#8211;, la durabilidad o uso del bien (material) adquirido o entregado sobre todo en el uso que puede ser breve, \u00bfun ramo de flores?; a mediano plazo, \u00bfgraduarse en uno de los subsistemas educativos?, para lo cual fue necesario invertir en la compra de cuadernos, libros, uniforme, que de subir la parada econ\u00f3micamente implicar\u00eda recursos tecnol\u00f3gicos, los cuales denominar\u00eda deseos \u201ccortos\u201d, pero cuya sumatoria, retroalimenta con un alto grado de satisfacci\u00f3n a quienes realizaron un alto esfuerzo en apoyar a una persona, donde inclusive no necesariamente quien satisfizo, no tuvo esa oportunidad.<\/p>\n<p>\u00bfY a largo plazo? En lo material, lo que una vez no pudiste lograr y tras a\u00f1os, lo conseguiste: un viaje, una casita, un t\u00edtulo; en lo espiritual, tu familia unida, gozando de salud, que crece y que se llena de nietos y bisnietos; un matrimonio que perdura, producto de la comunicaci\u00f3n, la confianza, el amor.<\/p>\n<p>Satisfacer deseos no resultan tan sencillo como frotar una l\u00e1mpara y solicitar al genio (*) uno y otro deseo, donde inclusive por el af\u00e1n de que se cumplan sus deseos &#8211;el personaje de Aladino junto a su esposa, piden al genio del anillo, un somn\u00edfero para rescatar al ladr\u00f3n, una vez dormido&#8211; para que \u201c\u2026 a partir de entonces, guardaron la l\u00e1mpara maravillosa a buen recaudo y continuaron siendo tan felices como lo hab\u00edan sido hasta entonces\u201d.<\/p>\n<p>Que por ser un cuento &#8211;narraci\u00f3n breve, oral o escrita, en la que se narra una historia de ficci\u00f3n con un reducido n\u00famero de personajes, una intriga poco desarrollada y un cl\u00edmax y desenlace final r\u00e1pidos&#8211; logra inculcar en los menores \u201csue\u00f1os f\u00e1ciles\u201d de lograr, cuando realmente no es as\u00ed, que, por supuesto, se \u201cjustifica\u201d ante la vida fantasiosa de los ni\u00f1os y ni\u00f1as, que en muchos casos suele ser excluyente, dada las condiciones econ\u00f3micas y de educaci\u00f3n en el seno familiar.<\/p>\n<p>Pero m\u00e1s all\u00e1 de las desigualdades &#8211;que subsisten y seguir\u00e1n subsistiendo, desfavorablemente&#8211; pero que se pueden reducir con mucho esfuerzo, dedicaci\u00f3n, perseverancia, estudios, recuerde que \u201cso\u00f1ar nada cuesta\u201d, sin embargo, satisfacer un deseo s\u00ed (cualquiera sea su naturaleza) y que, de cumplirlo, esa noche dormir\u00e1 feliz, sin la necesidad de una l\u00e1mpara, ni genio.<\/p>\n<p>&nbsp;<\/p>\n<p>(*) Cuento: <em>Aladino y la l\u00e1mpara maravillosa<\/em>, publicado en el libro <em>Las mil y una noches<\/em>.<\/p>\n<p>&nbsp;<\/p>\n<p><em>El autor es Licenciado en Ciencias Pedag\u00f3gicas.<\/em><\/p>\n","protected":false},"excerpt":{"rendered":"<p>Apoy\u00e1ndome en mi valioso amigo el diccionario, encuentro que ambas palabras, ilusi\u00f3n \u2013 gusto, son sin\u00f3nimos de la palabra deseo, que, de remitirme a sus definiciones, encuentro: Ilusi\u00f3n. \u201cEsperanza, con o sin fundamento real, de lograr o de que suceda algo que se anhela o se persigue y cuya consecuci\u00f3n parece especialmente atractiva\u201d; \u201cSentimiento de [&hellip;]<\/p>\n","protected":false},"author":1,"featured_media":30173,"comment_status":"closed","ping_status":"closed","sticky":false,"template":"","format":"standard","meta":{"_acf_changed":false,"footnotes":""},"categories":[9],"tags":[],"class_list":["post-115951","post","type-post","status-publish","format-standard","has-post-thumbnail","category-opinion"],"acf":{"antetitulo":""},"yoast_head":"<!-- This site is optimized with the Yoast SEO plugin v28.4 - https:\/\/yoast.com\/product\/yoast-seo-wordpress\/ -->\n<title>\u00bfIlusi\u00f3n, gusto o deseo? - El Diario - Bolivia<\/title>\n<meta name=\"robots\" content=\"index, follow, max-snippet:-1, max-image-preview:large, max-video-preview:-1\" \/>\n<link rel=\"canonical\" href=\"https:\/\/www.eldiario.net\/portal\/2022\/10\/11\/ilusion-gusto-o-deseo\/\" \/>\n<meta property=\"og:locale\" content=\"es_ES\" \/>\n<meta property=\"og:type\" content=\"article\" \/>\n<meta property=\"og:title\" content=\"\u00bfIlusi\u00f3n, gusto o deseo? - El Diario - Bolivia\" \/>\n<meta property=\"og:description\" content=\"Apoy\u00e1ndome en mi valioso amigo el diccionario, encuentro que ambas palabras, ilusi\u00f3n \u2013 gusto, son sin\u00f3nimos de la palabra deseo, que, de remitirme a sus definiciones, encuentro: Ilusi\u00f3n. \u201cEsperanza, con o sin fundamento real, de lograr o de que suceda algo que se anhela o se persigue y cuya consecuci\u00f3n parece especialmente atractiva\u201d; \u201cSentimiento de [&hellip;]\" \/>\n<meta property=\"og:url\" content=\"https:\/\/www.eldiario.net\/portal\/2022\/10\/11\/ilusion-gusto-o-deseo\/\" \/>\n<meta property=\"og:site_name\" content=\"El Diario - Bolivia\" \/>\n<meta property=\"article:publisher\" content=\"https:\/\/www.facebook.com\/eldiario.bolivia\/\" \/>\n<meta property=\"article:published_time\" content=\"2022-10-11T10:02:24+00:00\" \/>\n<meta name=\"author\" content=\"Jeanette\" \/>\n<meta name=\"twitter:card\" content=\"summary_large_image\" \/>\n<meta name=\"twitter:creator\" content=\"@eldiario_net\" \/>\n<meta name=\"twitter:site\" content=\"@eldiario_net\" \/>\n<meta name=\"twitter:label1\" content=\"Escrito por\" \/>\n\t<meta name=\"twitter:data1\" content=\"Jeanette\" \/>\n\t<meta name=\"twitter:label2\" content=\"Tiempo de lectura\" \/>\n\t<meta name=\"twitter:data2\" content=\"3 minutos\" \/>\n<script type=\"application\/ld+json\" class=\"yoast-schema-graph\">{\"@context\":\"https:\\\/\\\/schema.org\",\"@graph\":[{\"@type\":\"Article\",\"@id\":\"https:\\\/\\\/www.eldiario.net\\\/portal\\\/2022\\\/10\\\/11\\\/ilusion-gusto-o-deseo\\\/#article\",\"isPartOf\":{\"@id\":\"https:\\\/\\\/www.eldiario.net\\\/portal\\\/2022\\\/10\\\/11\\\/ilusion-gusto-o-deseo\\\/\"},\"author\":{\"name\":\"Jeanette\",\"@id\":\"https:\\\/\\\/www.eldiario.net\\\/portal\\\/#\\\/schema\\\/person\\\/2c57cf2b7a7ae032e449e4c9b1019eac\"},\"headline\":\"\u00bfIlusi\u00f3n, gusto o deseo?\",\"datePublished\":\"2022-10-11T10:02:24+00:00\",\"mainEntityOfPage\":{\"@id\":\"https:\\\/\\\/www.eldiario.net\\\/portal\\\/2022\\\/10\\\/11\\\/ilusion-gusto-o-deseo\\\/\"},\"wordCount\":681,\"publisher\":{\"@id\":\"https:\\\/\\\/www.eldiario.net\\\/portal\\\/#organization\"},\"image\":{\"@id\":\"https:\\\/\\\/www.eldiario.net\\\/portal\\\/2022\\\/10\\\/11\\\/ilusion-gusto-o-deseo\\\/#primaryimage\"},\"thumbnailUrl\":\"\",\"articleSection\":[\"Opini\u00f3n\"],\"inLanguage\":\"es\"},{\"@type\":\"WebPage\",\"@id\":\"https:\\\/\\\/www.eldiario.net\\\/portal\\\/2022\\\/10\\\/11\\\/ilusion-gusto-o-deseo\\\/\",\"url\":\"https:\\\/\\\/www.eldiario.net\\\/portal\\\/2022\\\/10\\\/11\\\/ilusion-gusto-o-deseo\\\/\",\"name\":\"\u00bfIlusi\u00f3n, gusto o deseo? - El Diario - Bolivia\",\"isPartOf\":{\"@id\":\"https:\\\/\\\/www.eldiario.net\\\/portal\\\/#website\"},\"primaryImageOfPage\":{\"@id\":\"https:\\\/\\\/www.eldiario.net\\\/portal\\\/2022\\\/10\\\/11\\\/ilusion-gusto-o-deseo\\\/#primaryimage\"},\"image\":{\"@id\":\"https:\\\/\\\/www.eldiario.net\\\/portal\\\/2022\\\/10\\\/11\\\/ilusion-gusto-o-deseo\\\/#primaryimage\"},\"thumbnailUrl\":\"\",\"datePublished\":\"2022-10-11T10:02:24+00:00\",\"breadcrumb\":{\"@id\":\"https:\\\/\\\/www.eldiario.net\\\/portal\\\/2022\\\/10\\\/11\\\/ilusion-gusto-o-deseo\\\/#breadcrumb\"},\"inLanguage\":\"es\",\"potentialAction\":[{\"@type\":\"ReadAction\",\"target\":[\"https:\\\/\\\/www.eldiario.net\\\/portal\\\/2022\\\/10\\\/11\\\/ilusion-gusto-o-deseo\\\/\"]}]},{\"@type\":\"ImageObject\",\"inLanguage\":\"es\",\"@id\":\"https:\\\/\\\/www.eldiario.net\\\/portal\\\/2022\\\/10\\\/11\\\/ilusion-gusto-o-deseo\\\/#primaryimage\",\"url\":\"\",\"contentUrl\":\"\"},{\"@type\":\"BreadcrumbList\",\"@id\":\"https:\\\/\\\/www.eldiario.net\\\/portal\\\/2022\\\/10\\\/11\\\/ilusion-gusto-o-deseo\\\/#breadcrumb\",\"itemListElement\":[{\"@type\":\"ListItem\",\"position\":1,\"name\":\"Portada\",\"item\":\"https:\\\/\\\/www.eldiario.net\\\/portal\\\/\"},{\"@type\":\"ListItem\",\"position\":2,\"name\":\"\u00bfIlusi\u00f3n, gusto o deseo?\"}]},{\"@type\":\"WebSite\",\"@id\":\"https:\\\/\\\/www.eldiario.net\\\/portal\\\/#website\",\"url\":\"https:\\\/\\\/www.eldiario.net\\\/portal\\\/\",\"name\":\"El Diario - Decano de la prensa nacional\",\"description\":\"El Diario - Decano de la prensa nacional\",\"publisher\":{\"@id\":\"https:\\\/\\\/www.eldiario.net\\\/portal\\\/#organization\"},\"potentialAction\":[{\"@type\":\"SearchAction\",\"target\":{\"@type\":\"EntryPoint\",\"urlTemplate\":\"https:\\\/\\\/www.eldiario.net\\\/portal\\\/?s={search_term_string}\"},\"query-input\":{\"@type\":\"PropertyValueSpecification\",\"valueRequired\":true,\"valueName\":\"search_term_string\"}}],\"inLanguage\":\"es\"},{\"@type\":\"Organization\",\"@id\":\"https:\\\/\\\/www.eldiario.net\\\/portal\\\/#organization\",\"name\":\"El Diario - Decano de la prensa nacional\",\"url\":\"https:\\\/\\\/www.eldiario.net\\\/portal\\\/\",\"logo\":{\"@type\":\"ImageObject\",\"inLanguage\":\"es\",\"@id\":\"https:\\\/\\\/www.eldiario.net\\\/portal\\\/#\\\/schema\\\/logo\\\/image\\\/\",\"url\":\"https:\\\/\\\/www.eldiario.net\\\/portal\\\/wp-content\\\/uploads\\\/2023\\\/07\\\/logo_ED.jpg\",\"contentUrl\":\"https:\\\/\\\/www.eldiario.net\\\/portal\\\/wp-content\\\/uploads\\\/2023\\\/07\\\/logo_ED.jpg\",\"width\":272,\"height\":52,\"caption\":\"El Diario - Decano de la prensa nacional\"},\"image\":{\"@id\":\"https:\\\/\\\/www.eldiario.net\\\/portal\\\/#\\\/schema\\\/logo\\\/image\\\/\"},\"sameAs\":[\"https:\\\/\\\/www.facebook.com\\\/eldiario.bolivia\\\/\",\"https:\\\/\\\/x.com\\\/eldiario_net\"]},{\"@type\":\"Person\",\"@id\":\"https:\\\/\\\/www.eldiario.net\\\/portal\\\/#\\\/schema\\\/person\\\/2c57cf2b7a7ae032e449e4c9b1019eac\",\"name\":\"Jeanette\",\"image\":{\"@type\":\"ImageObject\",\"inLanguage\":\"es\",\"@id\":\"https:\\\/\\\/secure.gravatar.com\\\/avatar\\\/3ea2118a5f7dad2b7138b1187a6b7ee55f160b9968b66013c3a3ef39dd7e5798?s=96&d=mm&r=g\",\"url\":\"https:\\\/\\\/secure.gravatar.com\\\/avatar\\\/3ea2118a5f7dad2b7138b1187a6b7ee55f160b9968b66013c3a3ef39dd7e5798?s=96&d=mm&r=g\",\"contentUrl\":\"https:\\\/\\\/secure.gravatar.com\\\/avatar\\\/3ea2118a5f7dad2b7138b1187a6b7ee55f160b9968b66013c3a3ef39dd7e5798?s=96&d=mm&r=g\",\"caption\":\"Jeanette\"},\"sameAs\":[\"https:\\\/\\\/www.eldiario.net\\\/portal\"],\"url\":\"https:\\\/\\\/www.eldiario.net\\\/portal\\\/author\\\/jeanette\\\/\"}]}<\/script>\n<!-- \/ Yoast SEO plugin. -->","yoast_head_json":{"title":"\u00bfIlusi\u00f3n, gusto o deseo? - El Diario - Bolivia","robots":{"index":"index","follow":"follow","max-snippet":"max-snippet:-1","max-image-preview":"max-image-preview:large","max-video-preview":"max-video-preview:-1"},"canonical":"https:\/\/www.eldiario.net\/portal\/2022\/10\/11\/ilusion-gusto-o-deseo\/","og_locale":"es_ES","og_type":"article","og_title":"\u00bfIlusi\u00f3n, gusto o deseo? - El Diario - Bolivia","og_description":"Apoy\u00e1ndome en mi valioso amigo el diccionario, encuentro que ambas palabras, ilusi\u00f3n \u2013 gusto, son sin\u00f3nimos de la palabra deseo, que, de remitirme a sus definiciones, encuentro: Ilusi\u00f3n. \u201cEsperanza, con o sin fundamento real, de lograr o de que suceda algo que se anhela o se persigue y cuya consecuci\u00f3n parece especialmente atractiva\u201d; \u201cSentimiento de [&hellip;]","og_url":"https:\/\/www.eldiario.net\/portal\/2022\/10\/11\/ilusion-gusto-o-deseo\/","og_site_name":"El Diario - Bolivia","article_publisher":"https:\/\/www.facebook.com\/eldiario.bolivia\/","article_published_time":"2022-10-11T10:02:24+00:00","author":"Jeanette","twitter_card":"summary_large_image","twitter_creator":"@eldiario_net","twitter_site":"@eldiario_net","twitter_misc":{"Escrito por":"Jeanette","Tiempo de lectura":"3 minutos"},"schema":{"@context":"https:\/\/schema.org","@graph":[{"@type":"Article","@id":"https:\/\/www.eldiario.net\/portal\/2022\/10\/11\/ilusion-gusto-o-deseo\/#article","isPartOf":{"@id":"https:\/\/www.eldiario.net\/portal\/2022\/10\/11\/ilusion-gusto-o-deseo\/"},"author":{"name":"Jeanette","@id":"https:\/\/www.eldiario.net\/portal\/#\/schema\/person\/2c57cf2b7a7ae032e449e4c9b1019eac"},"headline":"\u00bfIlusi\u00f3n, gusto o deseo?","datePublished":"2022-10-11T10:02:24+00:00","mainEntityOfPage":{"@id":"https:\/\/www.eldiario.net\/portal\/2022\/10\/11\/ilusion-gusto-o-deseo\/"},"wordCount":681,"publisher":{"@id":"https:\/\/www.eldiario.net\/portal\/#organization"},"image":{"@id":"https:\/\/www.eldiario.net\/portal\/2022\/10\/11\/ilusion-gusto-o-deseo\/#primaryimage"},"thumbnailUrl":"","articleSection":["Opini\u00f3n"],"inLanguage":"es"},{"@type":"WebPage","@id":"https:\/\/www.eldiario.net\/portal\/2022\/10\/11\/ilusion-gusto-o-deseo\/","url":"https:\/\/www.eldiario.net\/portal\/2022\/10\/11\/ilusion-gusto-o-deseo\/","name":"\u00bfIlusi\u00f3n, gusto o deseo? - El Diario - Bolivia","isPartOf":{"@id":"https:\/\/www.eldiario.net\/portal\/#website"},"primaryImageOfPage":{"@id":"https:\/\/www.eldiario.net\/portal\/2022\/10\/11\/ilusion-gusto-o-deseo\/#primaryimage"},"image":{"@id":"https:\/\/www.eldiario.net\/portal\/2022\/10\/11\/ilusion-gusto-o-deseo\/#primaryimage"},"thumbnailUrl":"","datePublished":"2022-10-11T10:02:24+00:00","breadcrumb":{"@id":"https:\/\/www.eldiario.net\/portal\/2022\/10\/11\/ilusion-gusto-o-deseo\/#breadcrumb"},"inLanguage":"es","potentialAction":[{"@type":"ReadAction","target":["https:\/\/www.eldiario.net\/portal\/2022\/10\/11\/ilusion-gusto-o-deseo\/"]}]},{"@type":"ImageObject","inLanguage":"es","@id":"https:\/\/www.eldiario.net\/portal\/2022\/10\/11\/ilusion-gusto-o-deseo\/#primaryimage","url":"","contentUrl":""},{"@type":"BreadcrumbList","@id":"https:\/\/www.eldiario.net\/portal\/2022\/10\/11\/ilusion-gusto-o-deseo\/#breadcrumb","itemListElement":[{"@type":"ListItem","position":1,"name":"Portada","item":"https:\/\/www.eldiario.net\/portal\/"},{"@type":"ListItem","position":2,"name":"\u00bfIlusi\u00f3n, gusto o deseo?"}]},{"@type":"WebSite","@id":"https:\/\/www.eldiario.net\/portal\/#website","url":"https:\/\/www.eldiario.net\/portal\/","name":"El Diario - Decano de la prensa nacional","description":"El Diario - Decano de la prensa nacional","publisher":{"@id":"https:\/\/www.eldiario.net\/portal\/#organization"},"potentialAction":[{"@type":"SearchAction","target":{"@type":"EntryPoint","urlTemplate":"https:\/\/www.eldiario.net\/portal\/?s={search_term_string}"},"query-input":{"@type":"PropertyValueSpecification","valueRequired":true,"valueName":"search_term_string"}}],"inLanguage":"es"},{"@type":"Organization","@id":"https:\/\/www.eldiario.net\/portal\/#organization","name":"El Diario - Decano de la prensa nacional","url":"https:\/\/www.eldiario.net\/portal\/","logo":{"@type":"ImageObject","inLanguage":"es","@id":"https:\/\/www.eldiario.net\/portal\/#\/schema\/logo\/image\/","url":"https:\/\/www.eldiario.net\/portal\/wp-content\/uploads\/2023\/07\/logo_ED.jpg","contentUrl":"https:\/\/www.eldiario.net\/portal\/wp-content\/uploads\/2023\/07\/logo_ED.jpg","width":272,"height":52,"caption":"El Diario - Decano de la prensa nacional"},"image":{"@id":"https:\/\/www.eldiario.net\/portal\/#\/schema\/logo\/image\/"},"sameAs":["https:\/\/www.facebook.com\/eldiario.bolivia\/","https:\/\/x.com\/eldiario_net"]},{"@type":"Person","@id":"https:\/\/www.eldiario.net\/portal\/#\/schema\/person\/2c57cf2b7a7ae032e449e4c9b1019eac","name":"Jeanette","image":{"@type":"ImageObject","inLanguage":"es","@id":"https:\/\/secure.gravatar.com\/avatar\/3ea2118a5f7dad2b7138b1187a6b7ee55f160b9968b66013c3a3ef39dd7e5798?s=96&d=mm&r=g","url":"https:\/\/secure.gravatar.com\/avatar\/3ea2118a5f7dad2b7138b1187a6b7ee55f160b9968b66013c3a3ef39dd7e5798?s=96&d=mm&r=g","contentUrl":"https:\/\/secure.gravatar.com\/avatar\/3ea2118a5f7dad2b7138b1187a6b7ee55f160b9968b66013c3a3ef39dd7e5798?s=96&d=mm&r=g","caption":"Jeanette"},"sameAs":["https:\/\/www.eldiario.net\/portal"],"url":"https:\/\/www.eldiario.net\/portal\/author\/jeanette\/"}]}},"_links":{"self":[{"href":"https:\/\/www.eldiario.net\/portal\/wp-json\/wp\/v2\/posts\/115951","targetHints":{"allow":["GET"]}}],"collection":[{"href":"https:\/\/www.eldiario.net\/portal\/wp-json\/wp\/v2\/posts"}],"about":[{"href":"https:\/\/www.eldiario.net\/portal\/wp-json\/wp\/v2\/types\/post"}],"author":[{"embeddable":true,"href":"https:\/\/www.eldiario.net\/portal\/wp-json\/wp\/v2\/users\/1"}],"replies":[{"embeddable":true,"href":"https:\/\/www.eldiario.net\/portal\/wp-json\/wp\/v2\/comments?post=115951"}],"version-history":[{"count":0,"href":"https:\/\/www.eldiario.net\/portal\/wp-json\/wp\/v2\/posts\/115951\/revisions"}],"wp:attachment":[{"href":"https:\/\/www.eldiario.net\/portal\/wp-json\/wp\/v2\/media?parent=115951"}],"wp:term":[{"taxonomy":"category","embeddable":true,"href":"https:\/\/www.eldiario.net\/portal\/wp-json\/wp\/v2\/categories?post=115951"},{"taxonomy":"post_tag","embeddable":true,"href":"https:\/\/www.eldiario.net\/portal\/wp-json\/wp\/v2\/tags?post=115951"}],"curies":[{"name":"wp","href":"https:\/\/api.w.org\/{rel}","templated":true}]}}