{"id":115934,"date":"2022-10-11T05:58:18","date_gmt":"2022-10-11T09:58:18","guid":{"rendered":"https:\/\/www.eldiario.net\/portal\/?p=115934"},"modified":"2022-10-11T05:58:18","modified_gmt":"2022-10-11T09:58:18","slug":"condenan-con-seis-meses-de-reclusion-a-mujer-por-tratos-crueles-a-animales","status":"publish","type":"post","link":"https:\/\/www.eldiario.net\/portal\/2022\/10\/11\/condenan-con-seis-meses-de-reclusion-a-mujer-por-tratos-crueles-a-animales\/","title":{"rendered":"Condenan con seis meses de reclusi\u00f3n a mujer por tratos crueles a animales"},"content":{"rendered":"<p>El Juzgado de Sentencia Penal, Anticorrupci\u00f3n y Violencia hacia la Mujer conden\u00f3 a Mariel S. M. a seis a\u00f1os de privaci\u00f3n de libertad, por ser la autora del delito de tratos crueles contra animales, al promover peleas de gallos que se realizaban en su domicilio.<\/p>\n<p>La sentencia fue dictada en aplicaci\u00f3n del Art. 365 del C\u00f3digo de Procedimiento Penal y la mujer deber\u00e1 cumplir \u00a0reclusi\u00f3n en el Centro Penitenciario de \u00abLa Merced\u00bb.<\/p>\n<p>El c\u00f3mputo de la pena concluir\u00e1 en fecha 1 de diciembre de 2022, sin perjuicio de que por ejecuci\u00f3n penal se tenga como cumplida todo el tiempo que la imputada se encontraba privada de su libertad, inclusive en sede policial por el presente caso, con costas y responsabilidad civil a favor del Estado. La sentencia es recurrible en el plazo de 15 d\u00edas para la imputada como para el Ministerio P\u00fablico.<\/p>\n<p>LOS HECHOS<br \/>\nEl domingo 19 de agosto, personal de la Polic\u00eda Forestal y de Medio Ambiente (Pofoma) enterado de la existencia de un domicilio ubicado en la zona de Iroco (sector Sur de la ciudad de Oruro), donde se estar\u00edan dedicando a la actividad il\u00edcita de peleas de gallos, se dirigi\u00f3 al lugar.<\/p>\n<p>Una vez identificada a la casa, personas que se encontraban en su interior extra\u00f1amente procedieron a darse a la fuga trepando el muro trasero del inmueble.<\/p>\n<p>Al realizar la inspecci\u00f3n se constat\u00f3 que en el interior del inmueble exist\u00edan grader\u00edas alrededor de un c\u00edrculo de pelea, adem\u00e1s de 11 gallos dentro de jaulas y corrales, animales que presentaban lesiones visibles.<\/p>\n<p>Posteriormente, se procedi\u00f3 a la aprehensi\u00f3n de Mariel S.M. de 32 a\u00f1os quien se identific\u00f3 como propietaria del domicilio e indic\u00f3 ser due\u00f1a de los 11 gallos.<\/p>\n<p>De esa manera, se abri\u00f3 el caso por presunta comisi\u00f3n del tipo penal de tratos crueles, tipificado en el Art. 350 del C\u00f3digo de Procedimiento Penal. Asimismo, se procedi\u00f3 al arresto de otras ocho personas con fines investigativos. (Oruro, EL DIARIO con datos de Aplab)<\/p>\n<figure id=\"attachment_115936\" aria-describedby=\"caption-attachment-115936\" style=\"width: 503px\" class=\"wp-caption aligncenter\"><a href=\"https:\/\/www.eldiario.net\/portal\/wp-content\/uploads\/2022\/10\/GALLOS-FOTO-2.jpg\"><img loading=\"lazy\" decoding=\"async\" class=\" wp-image-115936\" src=\"https:\/\/www.eldiario.net\/portal\/wp-content\/uploads\/2022\/10\/GALLOS-FOTO-2-300x160.jpg\" alt=\"\" width=\"503\" height=\"268\" \/><\/a><figcaption id=\"caption-attachment-115936\" class=\"wp-caption-text\">Lugar donde se realizaban las peleas de gallos.<br \/>Foto: Aplab<\/figcaption><\/figure>\n","protected":false},"excerpt":{"rendered":"<p>El Juzgado de Sentencia Penal, Anticorrupci\u00f3n y Violencia hacia la Mujer conden\u00f3 a Mariel S. M. a seis a\u00f1os de privaci\u00f3n de libertad, por ser la autora del delito de tratos crueles contra animales, al promover peleas de gallos que se realizaban en su domicilio. La sentencia fue dictada en aplicaci\u00f3n del Art. 365 del [&hellip;]<\/p>\n","protected":false},"author":1,"featured_media":115935,"comment_status":"closed","ping_status":"closed","sticky":false,"template":"","format":"standard","meta":{"_acf_changed":false,"footnotes":""},"categories":[12],"tags":[],"class_list":["post-115934","post","type-post","status-publish","format-standard","has-post-thumbnail","category-nacional"],"acf":{"antetitulo":""},"yoast_head":"<!-- This site is optimized with the Yoast SEO plugin v28.4 - https:\/\/yoast.com\/product\/yoast-seo-wordpress\/ -->\n<title>Condenan con seis meses de reclusi\u00f3n a mujer por tratos crueles a animales - El Diario - Bolivia<\/title>\n<meta name=\"robots\" content=\"index, follow, max-snippet:-1, max-image-preview:large, max-video-preview:-1\" \/>\n<link rel=\"canonical\" href=\"https:\/\/www.eldiario.net\/portal\/2022\/10\/11\/condenan-con-seis-meses-de-reclusion-a-mujer-por-tratos-crueles-a-animales\/\" \/>\n<meta property=\"og:locale\" content=\"es_ES\" \/>\n<meta property=\"og:type\" content=\"article\" \/>\n<meta property=\"og:title\" content=\"Condenan con seis meses de reclusi\u00f3n a mujer por tratos crueles a animales - El Diario - Bolivia\" \/>\n<meta property=\"og:description\" content=\"El Juzgado de Sentencia Penal, Anticorrupci\u00f3n y Violencia hacia la Mujer conden\u00f3 a Mariel S. M. a seis a\u00f1os de privaci\u00f3n de libertad, por ser la autora del delito de tratos crueles contra animales, al promover peleas de gallos que se realizaban en su domicilio. La sentencia fue dictada en aplicaci\u00f3n del Art. 365 del [&hellip;]\" \/>\n<meta property=\"og:url\" content=\"https:\/\/www.eldiario.net\/portal\/2022\/10\/11\/condenan-con-seis-meses-de-reclusion-a-mujer-por-tratos-crueles-a-animales\/\" \/>\n<meta property=\"og:site_name\" content=\"El Diario - Bolivia\" \/>\n<meta property=\"article:publisher\" content=\"https:\/\/www.facebook.com\/eldiario.bolivia\/\" \/>\n<meta property=\"article:published_time\" content=\"2022-10-11T09:58:18+00:00\" \/>\n<meta property=\"og:image\" content=\"https:\/\/www.eldiario.net\/portal\/wp-content\/uploads\/2022\/10\/GALLOS-FOTO-1.jpg\" \/>\n\t<meta property=\"og:image:width\" content=\"477\" \/>\n\t<meta property=\"og:image:height\" content=\"315\" \/>\n\t<meta property=\"og:image:type\" content=\"image\/jpeg\" \/>\n<meta name=\"author\" content=\"Jeanette\" \/>\n<meta name=\"twitter:card\" content=\"summary_large_image\" \/>\n<meta name=\"twitter:creator\" content=\"@eldiario_net\" \/>\n<meta name=\"twitter:site\" content=\"@eldiario_net\" \/>\n<meta name=\"twitter:label1\" content=\"Escrito por\" \/>\n\t<meta name=\"twitter:data1\" content=\"Jeanette\" \/>\n\t<meta name=\"twitter:label2\" content=\"Tiempo de lectura\" \/>\n\t<meta name=\"twitter:data2\" content=\"2 minutos\" \/>\n<script type=\"application\/ld+json\" class=\"yoast-schema-graph\">{\"@context\":\"https:\\\/\\\/schema.org\",\"@graph\":[{\"@type\":\"Article\",\"@id\":\"https:\\\/\\\/www.eldiario.net\\\/portal\\\/2022\\\/10\\\/11\\\/condenan-con-seis-meses-de-reclusion-a-mujer-por-tratos-crueles-a-animales\\\/#article\",\"isPartOf\":{\"@id\":\"https:\\\/\\\/www.eldiario.net\\\/portal\\\/2022\\\/10\\\/11\\\/condenan-con-seis-meses-de-reclusion-a-mujer-por-tratos-crueles-a-animales\\\/\"},\"author\":{\"name\":\"Jeanette\",\"@id\":\"https:\\\/\\\/www.eldiario.net\\\/portal\\\/#\\\/schema\\\/person\\\/2c57cf2b7a7ae032e449e4c9b1019eac\"},\"headline\":\"Condenan con seis meses de reclusi\u00f3n a mujer por tratos crueles a animales\",\"datePublished\":\"2022-10-11T09:58:18+00:00\",\"mainEntityOfPage\":{\"@id\":\"https:\\\/\\\/www.eldiario.net\\\/portal\\\/2022\\\/10\\\/11\\\/condenan-con-seis-meses-de-reclusion-a-mujer-por-tratos-crueles-a-animales\\\/\"},\"wordCount\":375,\"publisher\":{\"@id\":\"https:\\\/\\\/www.eldiario.net\\\/portal\\\/#organization\"},\"image\":{\"@id\":\"https:\\\/\\\/www.eldiario.net\\\/portal\\\/2022\\\/10\\\/11\\\/condenan-con-seis-meses-de-reclusion-a-mujer-por-tratos-crueles-a-animales\\\/#primaryimage\"},\"thumbnailUrl\":\"https:\\\/\\\/www.eldiario.net\\\/portal\\\/wp-content\\\/uploads\\\/2022\\\/10\\\/GALLOS-FOTO-1.jpg\",\"articleSection\":[\"Nacional\"],\"inLanguage\":\"es\"},{\"@type\":\"WebPage\",\"@id\":\"https:\\\/\\\/www.eldiario.net\\\/portal\\\/2022\\\/10\\\/11\\\/condenan-con-seis-meses-de-reclusion-a-mujer-por-tratos-crueles-a-animales\\\/\",\"url\":\"https:\\\/\\\/www.eldiario.net\\\/portal\\\/2022\\\/10\\\/11\\\/condenan-con-seis-meses-de-reclusion-a-mujer-por-tratos-crueles-a-animales\\\/\",\"name\":\"Condenan con seis meses de reclusi\u00f3n a mujer por tratos crueles a animales - El Diario - Bolivia\",\"isPartOf\":{\"@id\":\"https:\\\/\\\/www.eldiario.net\\\/portal\\\/#website\"},\"primaryImageOfPage\":{\"@id\":\"https:\\\/\\\/www.eldiario.net\\\/portal\\\/2022\\\/10\\\/11\\\/condenan-con-seis-meses-de-reclusion-a-mujer-por-tratos-crueles-a-animales\\\/#primaryimage\"},\"image\":{\"@id\":\"https:\\\/\\\/www.eldiario.net\\\/portal\\\/2022\\\/10\\\/11\\\/condenan-con-seis-meses-de-reclusion-a-mujer-por-tratos-crueles-a-animales\\\/#primaryimage\"},\"thumbnailUrl\":\"https:\\\/\\\/www.eldiario.net\\\/portal\\\/wp-content\\\/uploads\\\/2022\\\/10\\\/GALLOS-FOTO-1.jpg\",\"datePublished\":\"2022-10-11T09:58:18+00:00\",\"breadcrumb\":{\"@id\":\"https:\\\/\\\/www.eldiario.net\\\/portal\\\/2022\\\/10\\\/11\\\/condenan-con-seis-meses-de-reclusion-a-mujer-por-tratos-crueles-a-animales\\\/#breadcrumb\"},\"inLanguage\":\"es\",\"potentialAction\":[{\"@type\":\"ReadAction\",\"target\":[\"https:\\\/\\\/www.eldiario.net\\\/portal\\\/2022\\\/10\\\/11\\\/condenan-con-seis-meses-de-reclusion-a-mujer-por-tratos-crueles-a-animales\\\/\"]}]},{\"@type\":\"ImageObject\",\"inLanguage\":\"es\",\"@id\":\"https:\\\/\\\/www.eldiario.net\\\/portal\\\/2022\\\/10\\\/11\\\/condenan-con-seis-meses-de-reclusion-a-mujer-por-tratos-crueles-a-animales\\\/#primaryimage\",\"url\":\"https:\\\/\\\/www.eldiario.net\\\/portal\\\/wp-content\\\/uploads\\\/2022\\\/10\\\/GALLOS-FOTO-1.jpg\",\"contentUrl\":\"https:\\\/\\\/www.eldiario.net\\\/portal\\\/wp-content\\\/uploads\\\/2022\\\/10\\\/GALLOS-FOTO-1.jpg\",\"width\":477,\"height\":315,\"caption\":\"Inmueble ubicado en la zona Iroco de Oruro. Foto: Aplab\"},{\"@type\":\"BreadcrumbList\",\"@id\":\"https:\\\/\\\/www.eldiario.net\\\/portal\\\/2022\\\/10\\\/11\\\/condenan-con-seis-meses-de-reclusion-a-mujer-por-tratos-crueles-a-animales\\\/#breadcrumb\",\"itemListElement\":[{\"@type\":\"ListItem\",\"position\":1,\"name\":\"Portada\",\"item\":\"https:\\\/\\\/www.eldiario.net\\\/portal\\\/\"},{\"@type\":\"ListItem\",\"position\":2,\"name\":\"Condenan con seis meses de reclusi\u00f3n a mujer por tratos crueles a animales\"}]},{\"@type\":\"WebSite\",\"@id\":\"https:\\\/\\\/www.eldiario.net\\\/portal\\\/#website\",\"url\":\"https:\\\/\\\/www.eldiario.net\\\/portal\\\/\",\"name\":\"El Diario - Decano de la prensa nacional\",\"description\":\"El Diario - Decano de la prensa nacional\",\"publisher\":{\"@id\":\"https:\\\/\\\/www.eldiario.net\\\/portal\\\/#organization\"},\"potentialAction\":[{\"@type\":\"SearchAction\",\"target\":{\"@type\":\"EntryPoint\",\"urlTemplate\":\"https:\\\/\\\/www.eldiario.net\\\/portal\\\/?s={search_term_string}\"},\"query-input\":{\"@type\":\"PropertyValueSpecification\",\"valueRequired\":true,\"valueName\":\"search_term_string\"}}],\"inLanguage\":\"es\"},{\"@type\":\"Organization\",\"@id\":\"https:\\\/\\\/www.eldiario.net\\\/portal\\\/#organization\",\"name\":\"El Diario - Decano de la prensa nacional\",\"url\":\"https:\\\/\\\/www.eldiario.net\\\/portal\\\/\",\"logo\":{\"@type\":\"ImageObject\",\"inLanguage\":\"es\",\"@id\":\"https:\\\/\\\/www.eldiario.net\\\/portal\\\/#\\\/schema\\\/logo\\\/image\\\/\",\"url\":\"https:\\\/\\\/www.eldiario.net\\\/portal\\\/wp-content\\\/uploads\\\/2023\\\/07\\\/logo_ED.jpg\",\"contentUrl\":\"https:\\\/\\\/www.eldiario.net\\\/portal\\\/wp-content\\\/uploads\\\/2023\\\/07\\\/logo_ED.jpg\",\"width\":272,\"height\":52,\"caption\":\"El Diario - Decano de la prensa nacional\"},\"image\":{\"@id\":\"https:\\\/\\\/www.eldiario.net\\\/portal\\\/#\\\/schema\\\/logo\\\/image\\\/\"},\"sameAs\":[\"https:\\\/\\\/www.facebook.com\\\/eldiario.bolivia\\\/\",\"https:\\\/\\\/x.com\\\/eldiario_net\"]},{\"@type\":\"Person\",\"@id\":\"https:\\\/\\\/www.eldiario.net\\\/portal\\\/#\\\/schema\\\/person\\\/2c57cf2b7a7ae032e449e4c9b1019eac\",\"name\":\"Jeanette\",\"image\":{\"@type\":\"ImageObject\",\"inLanguage\":\"es\",\"@id\":\"https:\\\/\\\/secure.gravatar.com\\\/avatar\\\/3ea2118a5f7dad2b7138b1187a6b7ee55f160b9968b66013c3a3ef39dd7e5798?s=96&d=mm&r=g\",\"url\":\"https:\\\/\\\/secure.gravatar.com\\\/avatar\\\/3ea2118a5f7dad2b7138b1187a6b7ee55f160b9968b66013c3a3ef39dd7e5798?s=96&d=mm&r=g\",\"contentUrl\":\"https:\\\/\\\/secure.gravatar.com\\\/avatar\\\/3ea2118a5f7dad2b7138b1187a6b7ee55f160b9968b66013c3a3ef39dd7e5798?s=96&d=mm&r=g\",\"caption\":\"Jeanette\"},\"sameAs\":[\"https:\\\/\\\/www.eldiario.net\\\/portal\"],\"url\":\"https:\\\/\\\/www.eldiario.net\\\/portal\\\/author\\\/jeanette\\\/\"}]}<\/script>\n<!-- \/ Yoast SEO plugin. -->","yoast_head_json":{"title":"Condenan con seis meses de reclusi\u00f3n a mujer por tratos crueles a animales - El Diario - Bolivia","robots":{"index":"index","follow":"follow","max-snippet":"max-snippet:-1","max-image-preview":"max-image-preview:large","max-video-preview":"max-video-preview:-1"},"canonical":"https:\/\/www.eldiario.net\/portal\/2022\/10\/11\/condenan-con-seis-meses-de-reclusion-a-mujer-por-tratos-crueles-a-animales\/","og_locale":"es_ES","og_type":"article","og_title":"Condenan con seis meses de reclusi\u00f3n a mujer por tratos crueles a animales - El Diario - Bolivia","og_description":"El Juzgado de Sentencia Penal, Anticorrupci\u00f3n y Violencia hacia la Mujer conden\u00f3 a Mariel S. M. a seis a\u00f1os de privaci\u00f3n de libertad, por ser la autora del delito de tratos crueles contra animales, al promover peleas de gallos que se realizaban en su domicilio. La sentencia fue dictada en aplicaci\u00f3n del Art. 365 del [&hellip;]","og_url":"https:\/\/www.eldiario.net\/portal\/2022\/10\/11\/condenan-con-seis-meses-de-reclusion-a-mujer-por-tratos-crueles-a-animales\/","og_site_name":"El Diario - Bolivia","article_publisher":"https:\/\/www.facebook.com\/eldiario.bolivia\/","article_published_time":"2022-10-11T09:58:18+00:00","og_image":[{"width":477,"height":315,"url":"https:\/\/www.eldiario.net\/portal\/wp-content\/uploads\/2022\/10\/GALLOS-FOTO-1.jpg","type":"image\/jpeg"}],"author":"Jeanette","twitter_card":"summary_large_image","twitter_creator":"@eldiario_net","twitter_site":"@eldiario_net","twitter_misc":{"Escrito por":"Jeanette","Tiempo de lectura":"2 minutos"},"schema":{"@context":"https:\/\/schema.org","@graph":[{"@type":"Article","@id":"https:\/\/www.eldiario.net\/portal\/2022\/10\/11\/condenan-con-seis-meses-de-reclusion-a-mujer-por-tratos-crueles-a-animales\/#article","isPartOf":{"@id":"https:\/\/www.eldiario.net\/portal\/2022\/10\/11\/condenan-con-seis-meses-de-reclusion-a-mujer-por-tratos-crueles-a-animales\/"},"author":{"name":"Jeanette","@id":"https:\/\/www.eldiario.net\/portal\/#\/schema\/person\/2c57cf2b7a7ae032e449e4c9b1019eac"},"headline":"Condenan con seis meses de reclusi\u00f3n a mujer por tratos crueles a animales","datePublished":"2022-10-11T09:58:18+00:00","mainEntityOfPage":{"@id":"https:\/\/www.eldiario.net\/portal\/2022\/10\/11\/condenan-con-seis-meses-de-reclusion-a-mujer-por-tratos-crueles-a-animales\/"},"wordCount":375,"publisher":{"@id":"https:\/\/www.eldiario.net\/portal\/#organization"},"image":{"@id":"https:\/\/www.eldiario.net\/portal\/2022\/10\/11\/condenan-con-seis-meses-de-reclusion-a-mujer-por-tratos-crueles-a-animales\/#primaryimage"},"thumbnailUrl":"https:\/\/www.eldiario.net\/portal\/wp-content\/uploads\/2022\/10\/GALLOS-FOTO-1.jpg","articleSection":["Nacional"],"inLanguage":"es"},{"@type":"WebPage","@id":"https:\/\/www.eldiario.net\/portal\/2022\/10\/11\/condenan-con-seis-meses-de-reclusion-a-mujer-por-tratos-crueles-a-animales\/","url":"https:\/\/www.eldiario.net\/portal\/2022\/10\/11\/condenan-con-seis-meses-de-reclusion-a-mujer-por-tratos-crueles-a-animales\/","name":"Condenan con seis meses de reclusi\u00f3n a mujer por tratos crueles a animales - El Diario - Bolivia","isPartOf":{"@id":"https:\/\/www.eldiario.net\/portal\/#website"},"primaryImageOfPage":{"@id":"https:\/\/www.eldiario.net\/portal\/2022\/10\/11\/condenan-con-seis-meses-de-reclusion-a-mujer-por-tratos-crueles-a-animales\/#primaryimage"},"image":{"@id":"https:\/\/www.eldiario.net\/portal\/2022\/10\/11\/condenan-con-seis-meses-de-reclusion-a-mujer-por-tratos-crueles-a-animales\/#primaryimage"},"thumbnailUrl":"https:\/\/www.eldiario.net\/portal\/wp-content\/uploads\/2022\/10\/GALLOS-FOTO-1.jpg","datePublished":"2022-10-11T09:58:18+00:00","breadcrumb":{"@id":"https:\/\/www.eldiario.net\/portal\/2022\/10\/11\/condenan-con-seis-meses-de-reclusion-a-mujer-por-tratos-crueles-a-animales\/#breadcrumb"},"inLanguage":"es","potentialAction":[{"@type":"ReadAction","target":["https:\/\/www.eldiario.net\/portal\/2022\/10\/11\/condenan-con-seis-meses-de-reclusion-a-mujer-por-tratos-crueles-a-animales\/"]}]},{"@type":"ImageObject","inLanguage":"es","@id":"https:\/\/www.eldiario.net\/portal\/2022\/10\/11\/condenan-con-seis-meses-de-reclusion-a-mujer-por-tratos-crueles-a-animales\/#primaryimage","url":"https:\/\/www.eldiario.net\/portal\/wp-content\/uploads\/2022\/10\/GALLOS-FOTO-1.jpg","contentUrl":"https:\/\/www.eldiario.net\/portal\/wp-content\/uploads\/2022\/10\/GALLOS-FOTO-1.jpg","width":477,"height":315,"caption":"Inmueble ubicado en la zona Iroco de Oruro. Foto: Aplab"},{"@type":"BreadcrumbList","@id":"https:\/\/www.eldiario.net\/portal\/2022\/10\/11\/condenan-con-seis-meses-de-reclusion-a-mujer-por-tratos-crueles-a-animales\/#breadcrumb","itemListElement":[{"@type":"ListItem","position":1,"name":"Portada","item":"https:\/\/www.eldiario.net\/portal\/"},{"@type":"ListItem","position":2,"name":"Condenan con seis meses de reclusi\u00f3n a mujer por tratos crueles a animales"}]},{"@type":"WebSite","@id":"https:\/\/www.eldiario.net\/portal\/#website","url":"https:\/\/www.eldiario.net\/portal\/","name":"El Diario - Decano de la prensa nacional","description":"El Diario - Decano de la prensa nacional","publisher":{"@id":"https:\/\/www.eldiario.net\/portal\/#organization"},"potentialAction":[{"@type":"SearchAction","target":{"@type":"EntryPoint","urlTemplate":"https:\/\/www.eldiario.net\/portal\/?s={search_term_string}"},"query-input":{"@type":"PropertyValueSpecification","valueRequired":true,"valueName":"search_term_string"}}],"inLanguage":"es"},{"@type":"Organization","@id":"https:\/\/www.eldiario.net\/portal\/#organization","name":"El Diario - Decano de la prensa nacional","url":"https:\/\/www.eldiario.net\/portal\/","logo":{"@type":"ImageObject","inLanguage":"es","@id":"https:\/\/www.eldiario.net\/portal\/#\/schema\/logo\/image\/","url":"https:\/\/www.eldiario.net\/portal\/wp-content\/uploads\/2023\/07\/logo_ED.jpg","contentUrl":"https:\/\/www.eldiario.net\/portal\/wp-content\/uploads\/2023\/07\/logo_ED.jpg","width":272,"height":52,"caption":"El Diario - Decano de la prensa nacional"},"image":{"@id":"https:\/\/www.eldiario.net\/portal\/#\/schema\/logo\/image\/"},"sameAs":["https:\/\/www.facebook.com\/eldiario.bolivia\/","https:\/\/x.com\/eldiario_net"]},{"@type":"Person","@id":"https:\/\/www.eldiario.net\/portal\/#\/schema\/person\/2c57cf2b7a7ae032e449e4c9b1019eac","name":"Jeanette","image":{"@type":"ImageObject","inLanguage":"es","@id":"https:\/\/secure.gravatar.com\/avatar\/3ea2118a5f7dad2b7138b1187a6b7ee55f160b9968b66013c3a3ef39dd7e5798?s=96&d=mm&r=g","url":"https:\/\/secure.gravatar.com\/avatar\/3ea2118a5f7dad2b7138b1187a6b7ee55f160b9968b66013c3a3ef39dd7e5798?s=96&d=mm&r=g","contentUrl":"https:\/\/secure.gravatar.com\/avatar\/3ea2118a5f7dad2b7138b1187a6b7ee55f160b9968b66013c3a3ef39dd7e5798?s=96&d=mm&r=g","caption":"Jeanette"},"sameAs":["https:\/\/www.eldiario.net\/portal"],"url":"https:\/\/www.eldiario.net\/portal\/author\/jeanette\/"}]}},"_links":{"self":[{"href":"https:\/\/www.eldiario.net\/portal\/wp-json\/wp\/v2\/posts\/115934","targetHints":{"allow":["GET"]}}],"collection":[{"href":"https:\/\/www.eldiario.net\/portal\/wp-json\/wp\/v2\/posts"}],"about":[{"href":"https:\/\/www.eldiario.net\/portal\/wp-json\/wp\/v2\/types\/post"}],"author":[{"embeddable":true,"href":"https:\/\/www.eldiario.net\/portal\/wp-json\/wp\/v2\/users\/1"}],"replies":[{"embeddable":true,"href":"https:\/\/www.eldiario.net\/portal\/wp-json\/wp\/v2\/comments?post=115934"}],"version-history":[{"count":0,"href":"https:\/\/www.eldiario.net\/portal\/wp-json\/wp\/v2\/posts\/115934\/revisions"}],"wp:featuredmedia":[{"embeddable":true,"href":"https:\/\/www.eldiario.net\/portal\/wp-json\/wp\/v2\/media\/115935"}],"wp:attachment":[{"href":"https:\/\/www.eldiario.net\/portal\/wp-json\/wp\/v2\/media?parent=115934"}],"wp:term":[{"taxonomy":"category","embeddable":true,"href":"https:\/\/www.eldiario.net\/portal\/wp-json\/wp\/v2\/categories?post=115934"},{"taxonomy":"post_tag","embeddable":true,"href":"https:\/\/www.eldiario.net\/portal\/wp-json\/wp\/v2\/tags?post=115934"}],"curies":[{"name":"wp","href":"https:\/\/api.w.org\/{rel}","templated":true}]}}