{"id":115928,"date":"2022-10-11T05:55:16","date_gmt":"2022-10-11T09:55:16","guid":{"rendered":"https:\/\/www.eldiario.net\/portal\/?p=115928"},"modified":"2022-10-11T05:55:16","modified_gmt":"2022-10-11T09:55:16","slug":"matan-a-nino-de-11-anos-durante-atraco-en-el-alto","status":"publish","type":"post","link":"https:\/\/www.eldiario.net\/portal\/2022\/10\/11\/matan-a-nino-de-11-anos-durante-atraco-en-el-alto\/","title":{"rendered":"Matan a ni\u00f1o de 11 a\u00f1os  durante atraco en El Alto"},"content":{"rendered":"<p>Un ni\u00f1o de 11 a\u00f1os muri\u00f3 de forma violenta, durante un atraco registrado en una vivienda de la zona San Felipe de Seke de la ciudad de El Alto, donde una persona fingi\u00f3 estar muerta para salvarse.<\/p>\n<p>El caso se registr\u00f3 en el domingo. La vivienda donde se report\u00f3 el atraco es de la prima del ni\u00f1o fallecido y que se dedica al negocio de la carnicer\u00eda.<\/p>\n<p>La mujer de 39 a\u00f1os cont\u00f3 que cuando lleg\u00f3 a su casa el domingo, ya observ\u00f3 a una pareja sospechosa por el lugar.<\/p>\n<p>Ingres\u00f3 en su movilidad a su vivienda junto al ni\u00f1o, pero cuando quiso cerrar la puerta, el sujeto us\u00f3 su pie para trabarla.<\/p>\n<p>El sujeto le ped\u00eda que le entregue carne, bajo el argumento de que la expareja de la mujer lo hab\u00eda enviado.<\/p>\n<p>Cuando quiso defenderse, el agresor comenz\u00f3 a forcejear. Sac\u00f3 un arma para amedrentar a la mujer y su primo, dici\u00e9ndoles \u201cal piso, \u00a1ca\u2026!\u201d.<\/p>\n<p>La Polic\u00eda report\u00f3 posteriormente que el agresor utiliz\u00f3 un arma de fogueo, para cometer el delito.<\/p>\n<p>La mujer fue agredida con un fierro. Rog\u00f3 que el malhechor se lleve lo que desear\u00e1 de la vivienda, pero que no les haga da\u00f1o. Pidi\u00f3 por la vida de su primo y le dijo que la mate a ella si era necesario.<\/p>\n<p>Mientras tanto, otra mujer \u2013que era la pareja del atracador- toc\u00f3 la puerta de la casa e ingres\u00f3 a formar parte del crimen. Entr\u00f3 cargada de su beb\u00e9.<\/p>\n<p>Seg\u00fan el relato, el ni\u00f1o fue llevado a una habitaci\u00f3n y su prima a la sala.<\/p>\n<p>La v\u00edctima cont\u00f3 que el agresor la maniat\u00f3 por la espalda, le puso cinta adhesiva en la boca y tambi\u00e9n la apu\u00f1al\u00f3 para reducirla.<\/p>\n<p>El informe m\u00e9dico, en la cl\u00ednica Litoral, se\u00f1ala que la mujer tiene tres heridas punzocortantes, dos en el cuello. La mujer escuch\u00f3 c\u00f3mo golpeaban a su primo. Cree que lo agredieron con el mismo fierro usado con ella. Cont\u00f3 que ella tuvo que hacerse la muerta para sobrevivir.<\/p>\n<p>Escuch\u00f3 cuando la atracadora le pregunt\u00f3 a su pareja qu\u00e9 hab\u00eda hecho con el ni\u00f1o y \u00e9ste respondi\u00f3 que lo hab\u00eda matado. Entonces verificaron tambi\u00e9n los signos vitales de la due\u00f1a de casa, pero ella hac\u00eda el esfuerzo de no respirar para fingir que estaba muerta.<\/p>\n<p>Los atracadores cargaron objetos de valor, desde artefactos, dinero y joyas, en el mismo veh\u00edculo propiedad de la v\u00edctima (Nissan Clipper), para escapar del lugar.<\/p>\n<p>Luego, la mujer logr\u00f3 liberarse los pies y la boca. Cont\u00f3 que con su boca pudo abrir la puerta para pedir ayuda. La primera persona a la cual pidi\u00f3 auxilio, se lo neg\u00f3 y, entonces, acudi\u00f3 a sus vecinos.<\/p>\n<p>Cuando le liberaron las manos, fue a ver a su primo, quien ya estaba sin vida. Estaba ensangrentado, maniatado y con una bolsa negra en la cabeza.\u00a0 Al ni\u00f1o lo mataron en la cama de la habitaci\u00f3n de su prima.<\/p>\n<p>Tras ser alertada, la Polic\u00eda encar\u00f3 la b\u00fasqueda de los atracadores. Los detuvo en la localidad de Morocollo, a pocos minutos de la frontera con Per\u00fa.<\/p>\n<p>El atracador y su pareja, ambos de 25 a\u00f1os de edad, se encuentran aprehendidos y enfrentan cargos por robo agravado e infanticidio.<\/p>\n<p>La mujer v\u00edctima del atraco cont\u00f3 que un d\u00eda antes, el s\u00e1bado, el mismo sujeto toc\u00f3 la puerta de su casa, pero ella le neg\u00f3 la entrada. Afirm\u00f3 que lo ha reconocido, como un familiar de su exesposo, por lo cual cree que la ha estudiado para cometer el crimen.<\/p>\n<p>Como vive sola, para el domingo pidi\u00f3 a sus familiares que le permitan a su primo dormir en su casa el domingo. El ni\u00f1o era hu\u00e9rfano y estaba a cargo del resto de su familia.<\/p>\n","protected":false},"excerpt":{"rendered":"<p>Un ni\u00f1o de 11 a\u00f1os muri\u00f3 de forma violenta, durante un atraco registrado en una vivienda de la zona San Felipe de Seke de la ciudad de El Alto, donde una persona fingi\u00f3 estar muerta para salvarse. El caso se registr\u00f3 en el domingo. La vivienda donde se report\u00f3 el atraco es de la prima [&hellip;]<\/p>\n","protected":false},"author":1,"featured_media":115929,"comment_status":"closed","ping_status":"closed","sticky":false,"template":"","format":"standard","meta":{"_acf_changed":false,"footnotes":""},"categories":[12],"tags":[],"class_list":["post-115928","post","type-post","status-publish","format-standard","has-post-thumbnail","category-nacional"],"acf":{"antetitulo":""},"yoast_head":"<!-- This site is optimized with the Yoast SEO plugin v28.4 - https:\/\/yoast.com\/product\/yoast-seo-wordpress\/ -->\n<title>Matan a ni\u00f1o de 11 a\u00f1os durante atraco en El Alto - El Diario - Bolivia<\/title>\n<meta name=\"robots\" content=\"index, follow, max-snippet:-1, max-image-preview:large, max-video-preview:-1\" \/>\n<link rel=\"canonical\" href=\"https:\/\/www.eldiario.net\/portal\/2022\/10\/11\/matan-a-nino-de-11-anos-durante-atraco-en-el-alto\/\" \/>\n<meta property=\"og:locale\" content=\"es_ES\" \/>\n<meta property=\"og:type\" content=\"article\" \/>\n<meta property=\"og:title\" content=\"Matan a ni\u00f1o de 11 a\u00f1os durante atraco en El Alto - El Diario - Bolivia\" \/>\n<meta property=\"og:description\" content=\"Un ni\u00f1o de 11 a\u00f1os muri\u00f3 de forma violenta, durante un atraco registrado en una vivienda de la zona San Felipe de Seke de la ciudad de El Alto, donde una persona fingi\u00f3 estar muerta para salvarse. El caso se registr\u00f3 en el domingo. La vivienda donde se report\u00f3 el atraco es de la prima [&hellip;]\" \/>\n<meta property=\"og:url\" content=\"https:\/\/www.eldiario.net\/portal\/2022\/10\/11\/matan-a-nino-de-11-anos-durante-atraco-en-el-alto\/\" \/>\n<meta property=\"og:site_name\" content=\"El Diario - Bolivia\" \/>\n<meta property=\"article:publisher\" content=\"https:\/\/www.facebook.com\/eldiario.bolivia\/\" \/>\n<meta property=\"article:published_time\" content=\"2022-10-11T09:55:16+00:00\" \/>\n<meta name=\"author\" content=\"Jeanette\" \/>\n<meta name=\"twitter:card\" content=\"summary_large_image\" \/>\n<meta name=\"twitter:creator\" content=\"@eldiario_net\" \/>\n<meta name=\"twitter:site\" content=\"@eldiario_net\" \/>\n<meta name=\"twitter:label1\" content=\"Escrito por\" \/>\n\t<meta name=\"twitter:data1\" content=\"Jeanette\" \/>\n\t<meta name=\"twitter:label2\" content=\"Tiempo de lectura\" \/>\n\t<meta name=\"twitter:data2\" content=\"3 minutos\" \/>\n<script type=\"application\/ld+json\" class=\"yoast-schema-graph\">{\"@context\":\"https:\\\/\\\/schema.org\",\"@graph\":[{\"@type\":\"Article\",\"@id\":\"https:\\\/\\\/www.eldiario.net\\\/portal\\\/2022\\\/10\\\/11\\\/matan-a-nino-de-11-anos-durante-atraco-en-el-alto\\\/#article\",\"isPartOf\":{\"@id\":\"https:\\\/\\\/www.eldiario.net\\\/portal\\\/2022\\\/10\\\/11\\\/matan-a-nino-de-11-anos-durante-atraco-en-el-alto\\\/\"},\"author\":{\"name\":\"Jeanette\",\"@id\":\"https:\\\/\\\/www.eldiario.net\\\/portal\\\/#\\\/schema\\\/person\\\/2c57cf2b7a7ae032e449e4c9b1019eac\"},\"headline\":\"Matan a ni\u00f1o de 11 a\u00f1os durante atraco en El Alto\",\"datePublished\":\"2022-10-11T09:55:16+00:00\",\"mainEntityOfPage\":{\"@id\":\"https:\\\/\\\/www.eldiario.net\\\/portal\\\/2022\\\/10\\\/11\\\/matan-a-nino-de-11-anos-durante-atraco-en-el-alto\\\/\"},\"wordCount\":663,\"publisher\":{\"@id\":\"https:\\\/\\\/www.eldiario.net\\\/portal\\\/#organization\"},\"image\":{\"@id\":\"https:\\\/\\\/www.eldiario.net\\\/portal\\\/2022\\\/10\\\/11\\\/matan-a-nino-de-11-anos-durante-atraco-en-el-alto\\\/#primaryimage\"},\"thumbnailUrl\":\"\",\"articleSection\":[\"Nacional\"],\"inLanguage\":\"es\"},{\"@type\":\"WebPage\",\"@id\":\"https:\\\/\\\/www.eldiario.net\\\/portal\\\/2022\\\/10\\\/11\\\/matan-a-nino-de-11-anos-durante-atraco-en-el-alto\\\/\",\"url\":\"https:\\\/\\\/www.eldiario.net\\\/portal\\\/2022\\\/10\\\/11\\\/matan-a-nino-de-11-anos-durante-atraco-en-el-alto\\\/\",\"name\":\"Matan a ni\u00f1o de 11 a\u00f1os durante atraco en El Alto - El Diario - Bolivia\",\"isPartOf\":{\"@id\":\"https:\\\/\\\/www.eldiario.net\\\/portal\\\/#website\"},\"primaryImageOfPage\":{\"@id\":\"https:\\\/\\\/www.eldiario.net\\\/portal\\\/2022\\\/10\\\/11\\\/matan-a-nino-de-11-anos-durante-atraco-en-el-alto\\\/#primaryimage\"},\"image\":{\"@id\":\"https:\\\/\\\/www.eldiario.net\\\/portal\\\/2022\\\/10\\\/11\\\/matan-a-nino-de-11-anos-durante-atraco-en-el-alto\\\/#primaryimage\"},\"thumbnailUrl\":\"\",\"datePublished\":\"2022-10-11T09:55:16+00:00\",\"breadcrumb\":{\"@id\":\"https:\\\/\\\/www.eldiario.net\\\/portal\\\/2022\\\/10\\\/11\\\/matan-a-nino-de-11-anos-durante-atraco-en-el-alto\\\/#breadcrumb\"},\"inLanguage\":\"es\",\"potentialAction\":[{\"@type\":\"ReadAction\",\"target\":[\"https:\\\/\\\/www.eldiario.net\\\/portal\\\/2022\\\/10\\\/11\\\/matan-a-nino-de-11-anos-durante-atraco-en-el-alto\\\/\"]}]},{\"@type\":\"ImageObject\",\"inLanguage\":\"es\",\"@id\":\"https:\\\/\\\/www.eldiario.net\\\/portal\\\/2022\\\/10\\\/11\\\/matan-a-nino-de-11-anos-durante-atraco-en-el-alto\\\/#primaryimage\",\"url\":\"\",\"contentUrl\":\"\"},{\"@type\":\"BreadcrumbList\",\"@id\":\"https:\\\/\\\/www.eldiario.net\\\/portal\\\/2022\\\/10\\\/11\\\/matan-a-nino-de-11-anos-durante-atraco-en-el-alto\\\/#breadcrumb\",\"itemListElement\":[{\"@type\":\"ListItem\",\"position\":1,\"name\":\"Portada\",\"item\":\"https:\\\/\\\/www.eldiario.net\\\/portal\\\/\"},{\"@type\":\"ListItem\",\"position\":2,\"name\":\"Matan a ni\u00f1o de 11 a\u00f1os durante atraco en El Alto\"}]},{\"@type\":\"WebSite\",\"@id\":\"https:\\\/\\\/www.eldiario.net\\\/portal\\\/#website\",\"url\":\"https:\\\/\\\/www.eldiario.net\\\/portal\\\/\",\"name\":\"El Diario - Decano de la prensa nacional\",\"description\":\"El Diario - Decano de la prensa nacional\",\"publisher\":{\"@id\":\"https:\\\/\\\/www.eldiario.net\\\/portal\\\/#organization\"},\"potentialAction\":[{\"@type\":\"SearchAction\",\"target\":{\"@type\":\"EntryPoint\",\"urlTemplate\":\"https:\\\/\\\/www.eldiario.net\\\/portal\\\/?s={search_term_string}\"},\"query-input\":{\"@type\":\"PropertyValueSpecification\",\"valueRequired\":true,\"valueName\":\"search_term_string\"}}],\"inLanguage\":\"es\"},{\"@type\":\"Organization\",\"@id\":\"https:\\\/\\\/www.eldiario.net\\\/portal\\\/#organization\",\"name\":\"El Diario - Decano de la prensa nacional\",\"url\":\"https:\\\/\\\/www.eldiario.net\\\/portal\\\/\",\"logo\":{\"@type\":\"ImageObject\",\"inLanguage\":\"es\",\"@id\":\"https:\\\/\\\/www.eldiario.net\\\/portal\\\/#\\\/schema\\\/logo\\\/image\\\/\",\"url\":\"https:\\\/\\\/www.eldiario.net\\\/portal\\\/wp-content\\\/uploads\\\/2023\\\/07\\\/logo_ED.jpg\",\"contentUrl\":\"https:\\\/\\\/www.eldiario.net\\\/portal\\\/wp-content\\\/uploads\\\/2023\\\/07\\\/logo_ED.jpg\",\"width\":272,\"height\":52,\"caption\":\"El Diario - Decano de la prensa nacional\"},\"image\":{\"@id\":\"https:\\\/\\\/www.eldiario.net\\\/portal\\\/#\\\/schema\\\/logo\\\/image\\\/\"},\"sameAs\":[\"https:\\\/\\\/www.facebook.com\\\/eldiario.bolivia\\\/\",\"https:\\\/\\\/x.com\\\/eldiario_net\"]},{\"@type\":\"Person\",\"@id\":\"https:\\\/\\\/www.eldiario.net\\\/portal\\\/#\\\/schema\\\/person\\\/2c57cf2b7a7ae032e449e4c9b1019eac\",\"name\":\"Jeanette\",\"image\":{\"@type\":\"ImageObject\",\"inLanguage\":\"es\",\"@id\":\"https:\\\/\\\/secure.gravatar.com\\\/avatar\\\/3ea2118a5f7dad2b7138b1187a6b7ee55f160b9968b66013c3a3ef39dd7e5798?s=96&d=mm&r=g\",\"url\":\"https:\\\/\\\/secure.gravatar.com\\\/avatar\\\/3ea2118a5f7dad2b7138b1187a6b7ee55f160b9968b66013c3a3ef39dd7e5798?s=96&d=mm&r=g\",\"contentUrl\":\"https:\\\/\\\/secure.gravatar.com\\\/avatar\\\/3ea2118a5f7dad2b7138b1187a6b7ee55f160b9968b66013c3a3ef39dd7e5798?s=96&d=mm&r=g\",\"caption\":\"Jeanette\"},\"sameAs\":[\"https:\\\/\\\/www.eldiario.net\\\/portal\"],\"url\":\"https:\\\/\\\/www.eldiario.net\\\/portal\\\/author\\\/jeanette\\\/\"}]}<\/script>\n<!-- \/ Yoast SEO plugin. -->","yoast_head_json":{"title":"Matan a ni\u00f1o de 11 a\u00f1os durante atraco en El Alto - El Diario - Bolivia","robots":{"index":"index","follow":"follow","max-snippet":"max-snippet:-1","max-image-preview":"max-image-preview:large","max-video-preview":"max-video-preview:-1"},"canonical":"https:\/\/www.eldiario.net\/portal\/2022\/10\/11\/matan-a-nino-de-11-anos-durante-atraco-en-el-alto\/","og_locale":"es_ES","og_type":"article","og_title":"Matan a ni\u00f1o de 11 a\u00f1os durante atraco en El Alto - El Diario - Bolivia","og_description":"Un ni\u00f1o de 11 a\u00f1os muri\u00f3 de forma violenta, durante un atraco registrado en una vivienda de la zona San Felipe de Seke de la ciudad de El Alto, donde una persona fingi\u00f3 estar muerta para salvarse. El caso se registr\u00f3 en el domingo. La vivienda donde se report\u00f3 el atraco es de la prima [&hellip;]","og_url":"https:\/\/www.eldiario.net\/portal\/2022\/10\/11\/matan-a-nino-de-11-anos-durante-atraco-en-el-alto\/","og_site_name":"El Diario - Bolivia","article_publisher":"https:\/\/www.facebook.com\/eldiario.bolivia\/","article_published_time":"2022-10-11T09:55:16+00:00","author":"Jeanette","twitter_card":"summary_large_image","twitter_creator":"@eldiario_net","twitter_site":"@eldiario_net","twitter_misc":{"Escrito por":"Jeanette","Tiempo de lectura":"3 minutos"},"schema":{"@context":"https:\/\/schema.org","@graph":[{"@type":"Article","@id":"https:\/\/www.eldiario.net\/portal\/2022\/10\/11\/matan-a-nino-de-11-anos-durante-atraco-en-el-alto\/#article","isPartOf":{"@id":"https:\/\/www.eldiario.net\/portal\/2022\/10\/11\/matan-a-nino-de-11-anos-durante-atraco-en-el-alto\/"},"author":{"name":"Jeanette","@id":"https:\/\/www.eldiario.net\/portal\/#\/schema\/person\/2c57cf2b7a7ae032e449e4c9b1019eac"},"headline":"Matan a ni\u00f1o de 11 a\u00f1os durante atraco en El Alto","datePublished":"2022-10-11T09:55:16+00:00","mainEntityOfPage":{"@id":"https:\/\/www.eldiario.net\/portal\/2022\/10\/11\/matan-a-nino-de-11-anos-durante-atraco-en-el-alto\/"},"wordCount":663,"publisher":{"@id":"https:\/\/www.eldiario.net\/portal\/#organization"},"image":{"@id":"https:\/\/www.eldiario.net\/portal\/2022\/10\/11\/matan-a-nino-de-11-anos-durante-atraco-en-el-alto\/#primaryimage"},"thumbnailUrl":"","articleSection":["Nacional"],"inLanguage":"es"},{"@type":"WebPage","@id":"https:\/\/www.eldiario.net\/portal\/2022\/10\/11\/matan-a-nino-de-11-anos-durante-atraco-en-el-alto\/","url":"https:\/\/www.eldiario.net\/portal\/2022\/10\/11\/matan-a-nino-de-11-anos-durante-atraco-en-el-alto\/","name":"Matan a ni\u00f1o de 11 a\u00f1os durante atraco en El Alto - El Diario - Bolivia","isPartOf":{"@id":"https:\/\/www.eldiario.net\/portal\/#website"},"primaryImageOfPage":{"@id":"https:\/\/www.eldiario.net\/portal\/2022\/10\/11\/matan-a-nino-de-11-anos-durante-atraco-en-el-alto\/#primaryimage"},"image":{"@id":"https:\/\/www.eldiario.net\/portal\/2022\/10\/11\/matan-a-nino-de-11-anos-durante-atraco-en-el-alto\/#primaryimage"},"thumbnailUrl":"","datePublished":"2022-10-11T09:55:16+00:00","breadcrumb":{"@id":"https:\/\/www.eldiario.net\/portal\/2022\/10\/11\/matan-a-nino-de-11-anos-durante-atraco-en-el-alto\/#breadcrumb"},"inLanguage":"es","potentialAction":[{"@type":"ReadAction","target":["https:\/\/www.eldiario.net\/portal\/2022\/10\/11\/matan-a-nino-de-11-anos-durante-atraco-en-el-alto\/"]}]},{"@type":"ImageObject","inLanguage":"es","@id":"https:\/\/www.eldiario.net\/portal\/2022\/10\/11\/matan-a-nino-de-11-anos-durante-atraco-en-el-alto\/#primaryimage","url":"","contentUrl":""},{"@type":"BreadcrumbList","@id":"https:\/\/www.eldiario.net\/portal\/2022\/10\/11\/matan-a-nino-de-11-anos-durante-atraco-en-el-alto\/#breadcrumb","itemListElement":[{"@type":"ListItem","position":1,"name":"Portada","item":"https:\/\/www.eldiario.net\/portal\/"},{"@type":"ListItem","position":2,"name":"Matan a ni\u00f1o de 11 a\u00f1os durante atraco en El Alto"}]},{"@type":"WebSite","@id":"https:\/\/www.eldiario.net\/portal\/#website","url":"https:\/\/www.eldiario.net\/portal\/","name":"El Diario - Decano de la prensa nacional","description":"El Diario - Decano de la prensa nacional","publisher":{"@id":"https:\/\/www.eldiario.net\/portal\/#organization"},"potentialAction":[{"@type":"SearchAction","target":{"@type":"EntryPoint","urlTemplate":"https:\/\/www.eldiario.net\/portal\/?s={search_term_string}"},"query-input":{"@type":"PropertyValueSpecification","valueRequired":true,"valueName":"search_term_string"}}],"inLanguage":"es"},{"@type":"Organization","@id":"https:\/\/www.eldiario.net\/portal\/#organization","name":"El Diario - Decano de la prensa nacional","url":"https:\/\/www.eldiario.net\/portal\/","logo":{"@type":"ImageObject","inLanguage":"es","@id":"https:\/\/www.eldiario.net\/portal\/#\/schema\/logo\/image\/","url":"https:\/\/www.eldiario.net\/portal\/wp-content\/uploads\/2023\/07\/logo_ED.jpg","contentUrl":"https:\/\/www.eldiario.net\/portal\/wp-content\/uploads\/2023\/07\/logo_ED.jpg","width":272,"height":52,"caption":"El Diario - Decano de la prensa nacional"},"image":{"@id":"https:\/\/www.eldiario.net\/portal\/#\/schema\/logo\/image\/"},"sameAs":["https:\/\/www.facebook.com\/eldiario.bolivia\/","https:\/\/x.com\/eldiario_net"]},{"@type":"Person","@id":"https:\/\/www.eldiario.net\/portal\/#\/schema\/person\/2c57cf2b7a7ae032e449e4c9b1019eac","name":"Jeanette","image":{"@type":"ImageObject","inLanguage":"es","@id":"https:\/\/secure.gravatar.com\/avatar\/3ea2118a5f7dad2b7138b1187a6b7ee55f160b9968b66013c3a3ef39dd7e5798?s=96&d=mm&r=g","url":"https:\/\/secure.gravatar.com\/avatar\/3ea2118a5f7dad2b7138b1187a6b7ee55f160b9968b66013c3a3ef39dd7e5798?s=96&d=mm&r=g","contentUrl":"https:\/\/secure.gravatar.com\/avatar\/3ea2118a5f7dad2b7138b1187a6b7ee55f160b9968b66013c3a3ef39dd7e5798?s=96&d=mm&r=g","caption":"Jeanette"},"sameAs":["https:\/\/www.eldiario.net\/portal"],"url":"https:\/\/www.eldiario.net\/portal\/author\/jeanette\/"}]}},"_links":{"self":[{"href":"https:\/\/www.eldiario.net\/portal\/wp-json\/wp\/v2\/posts\/115928","targetHints":{"allow":["GET"]}}],"collection":[{"href":"https:\/\/www.eldiario.net\/portal\/wp-json\/wp\/v2\/posts"}],"about":[{"href":"https:\/\/www.eldiario.net\/portal\/wp-json\/wp\/v2\/types\/post"}],"author":[{"embeddable":true,"href":"https:\/\/www.eldiario.net\/portal\/wp-json\/wp\/v2\/users\/1"}],"replies":[{"embeddable":true,"href":"https:\/\/www.eldiario.net\/portal\/wp-json\/wp\/v2\/comments?post=115928"}],"version-history":[{"count":0,"href":"https:\/\/www.eldiario.net\/portal\/wp-json\/wp\/v2\/posts\/115928\/revisions"}],"wp:attachment":[{"href":"https:\/\/www.eldiario.net\/portal\/wp-json\/wp\/v2\/media?parent=115928"}],"wp:term":[{"taxonomy":"category","embeddable":true,"href":"https:\/\/www.eldiario.net\/portal\/wp-json\/wp\/v2\/categories?post=115928"},{"taxonomy":"post_tag","embeddable":true,"href":"https:\/\/www.eldiario.net\/portal\/wp-json\/wp\/v2\/tags?post=115928"}],"curies":[{"name":"wp","href":"https:\/\/api.w.org\/{rel}","templated":true}]}}