{"id":115921,"date":"2022-10-11T05:52:31","date_gmt":"2022-10-11T09:52:31","guid":{"rendered":"https:\/\/www.eldiario.net\/portal\/?p=115921"},"modified":"2022-10-11T05:52:31","modified_gmt":"2022-10-11T09:52:31","slug":"sector-pasivo-rinde-homenaje-a-militares-que-capturaron-al-che","status":"publish","type":"post","link":"https:\/\/www.eldiario.net\/portal\/2022\/10\/11\/sector-pasivo-rinde-homenaje-a-militares-que-capturaron-al-che\/","title":{"rendered":"Sector pasivo rinde homenaje a  militares que capturaron al \u201cChe\u201d"},"content":{"rendered":"<p>Con un desfile que inici\u00f3 en la plaza San Francisco y concluy\u00f3 en la plaza Avaroa de La Paz, militares del servicio pasivo rindieron ayer un homenaje a los Benem\u00e9ritos de \u00d1ancahuaz\u00fa, como h\u00e9roes del grupo militar que hace 55 a\u00f1os captur\u00f3 al revolucionario Ernesto \u201cChe\u201d Guevara.<\/p>\n<p>Al paso del desfile, los militares del servicio pasivo fueron vitoreados por los pace\u00f1os. \u201c\u00a1H\u00e9roes! les gritaban mientras eran aplaudidos. El desfile estuvo encabezado por la banda Eduardo Caba.<\/p>\n<p>\u201c55 a\u00f1os han pasado desde que se silenciaron las armas en el sud este boliviano, desde el momento que termin\u00f3 la aventura de un grupo de extranjeros y bolivianos, cuyo objetivo fue tomar el poder e irradiar su nefasta teor\u00eda hacia los pa\u00edses de Sudam\u00e9rica bajo la nefasta consigna de un Vietnam\u201d, dijo el presidente de la Uni\u00f3n de Militares del Servicio Pasivo de las Fuerzas Armadas, general Tom\u00e1s Pe\u00f1a y Lillo.<\/p>\n<p>El general record\u00f3 que esa agresi\u00f3n del comunismo internacional nunca hall\u00f3 eco en el pueblo de Bolivia, simplemente porque se les promet\u00eda una tierra que ya pose\u00edan, una libertad que ya ten\u00edan y una igualdad mentirosa.<\/p>\n<p>\u201c(Su ideolog\u00eda) simplemente nivelaba la pobreza hacia abajo, manteniendo \u00e9lites par\u00e1sitas que no compart\u00edan los sufrimientos de los pobres, jurando una justicia social que en realidad significaba quitar a los que trabajaban para darle a los que nunca trabajaron, pero llegaron\u201d, apunt\u00f3.<\/p>\n<p>Asimismo, en acto especial, el pasado s\u00e1bado, militares del servicio pasivo de Santa Cruz, Cochabamba, Oruro, Potos\u00ed, Chuquisaca, Tarija y Pando rindieron su homenaje a los \u00faltimos benem\u00e9ritos de la Patria que el 8 de octubre de 1967 derroc\u00f3 al grupo comandado por Ernesto Che Guevara en Bolivia.<\/p>\n<p>El coronel en servicio pasivo del Ej\u00e9rcito, Jorge Santistevan, lament\u00f3 que los soldados no hayan sido reconocidos por los \u00faltimos gobiernos, pese a haber allanado el camino a la libertad, democracia y dignidad boliviana.<\/p>\n<p>A\u00f1adi\u00f3 que en el acto de homenaje a los soldados que sobrevivieron, recordaron tambi\u00e9n a los 58 ca\u00eddos en combate hace m\u00e1s de medio siglo.<\/p>\n<p>\u201cEs una historia de mucho hero\u00edsmo y patriotismo que desafortunadamente nuestros gobiernos no lo han reconocido, apenas son reconocidos como benem\u00e9ritos pero sin beneficio alguno\u201d, explic\u00f3.<\/p>\n<p>&nbsp;<\/p>\n<p><strong>DATOS<\/strong><\/p>\n<p>Santistevan record\u00f3 que entre 1966 y 1967 las Fuerzas Armadas lucharon contra el Che, que lleg\u00f3 a Bolivia a instalar una guerrilla o lo que \u00e9l llam\u00f3 \u201cun nuevo orden pol\u00edtico\u201d, sin tomar en cuenta que el pa\u00eds ya hab\u00eda dado saltos cualitativos como la Reforma Agraria.<\/p>\n<p>&nbsp;<\/p>\n<p>\u201cEl Che Guevara fue un cobarde que ingres\u00f3 en forma encubierta, e intent\u00f3 derrocar con las armas al Gobierno, no cont\u00f3 con la entrega al servicio, el amor y patriotismo de nuestros soldados que lo persigui\u00f3 hasta derrotarlo. Ese fat\u00eddico d\u00eda, 8 de octubre con su lema \u201cPatria o Muerte Venceremos\u201d, hoy emulado e impuesto a las Fuerzas Armadas de nuestro pa\u00eds por Evo Morales, cobardemente se entreg\u00f3 a los soldados, olvidando su \u201cPatria o Muerte\u201d y exclamando a gritos \u201cno disparen, soy el che, valgo m\u00e1s vivo que muerto\u201d,\u201d, record\u00f3.<\/p>\n<p>Aclar\u00f3 que al siguiente d\u00eda, despu\u00e9s de un a\u00f1o de combates y varias bajas de ambos bandos, fue ejecutado (no asesinado) por invasor.<\/p>\n","protected":false},"excerpt":{"rendered":"<p>Con un desfile que inici\u00f3 en la plaza San Francisco y concluy\u00f3 en la plaza Avaroa de La Paz, militares del servicio pasivo rindieron ayer un homenaje a los Benem\u00e9ritos de \u00d1ancahuaz\u00fa, como h\u00e9roes del grupo militar que hace 55 a\u00f1os captur\u00f3 al revolucionario Ernesto \u201cChe\u201d Guevara. Al paso del desfile, los militares del servicio [&hellip;]<\/p>\n","protected":false},"author":1,"featured_media":115922,"comment_status":"closed","ping_status":"closed","sticky":false,"template":"","format":"standard","meta":{"_acf_changed":false,"footnotes":""},"categories":[39],"tags":[],"class_list":["post-115921","post","type-post","status-publish","format-standard","has-post-thumbnail","category-sociedad"],"acf":{"antetitulo":""},"yoast_head":"<!-- This site is optimized with the Yoast SEO plugin v28.4 - https:\/\/yoast.com\/product\/yoast-seo-wordpress\/ -->\n<title>Sector pasivo rinde homenaje a militares que capturaron al \u201cChe\u201d - El Diario - Bolivia<\/title>\n<meta name=\"robots\" content=\"index, follow, max-snippet:-1, max-image-preview:large, max-video-preview:-1\" \/>\n<link rel=\"canonical\" href=\"https:\/\/www.eldiario.net\/portal\/2022\/10\/11\/sector-pasivo-rinde-homenaje-a-militares-que-capturaron-al-che\/\" \/>\n<meta property=\"og:locale\" content=\"es_ES\" \/>\n<meta property=\"og:type\" content=\"article\" \/>\n<meta property=\"og:title\" content=\"Sector pasivo rinde homenaje a militares que capturaron al \u201cChe\u201d - El Diario - Bolivia\" \/>\n<meta property=\"og:description\" content=\"Con un desfile que inici\u00f3 en la plaza San Francisco y concluy\u00f3 en la plaza Avaroa de La Paz, militares del servicio pasivo rindieron ayer un homenaje a los Benem\u00e9ritos de \u00d1ancahuaz\u00fa, como h\u00e9roes del grupo militar que hace 55 a\u00f1os captur\u00f3 al revolucionario Ernesto \u201cChe\u201d Guevara. Al paso del desfile, los militares del servicio [&hellip;]\" \/>\n<meta property=\"og:url\" content=\"https:\/\/www.eldiario.net\/portal\/2022\/10\/11\/sector-pasivo-rinde-homenaje-a-militares-que-capturaron-al-che\/\" \/>\n<meta property=\"og:site_name\" content=\"El Diario - Bolivia\" \/>\n<meta property=\"article:publisher\" content=\"https:\/\/www.facebook.com\/eldiario.bolivia\/\" \/>\n<meta property=\"article:published_time\" content=\"2022-10-11T09:52:31+00:00\" \/>\n<meta name=\"author\" content=\"Jeanette\" \/>\n<meta name=\"twitter:card\" content=\"summary_large_image\" \/>\n<meta name=\"twitter:creator\" content=\"@eldiario_net\" \/>\n<meta name=\"twitter:site\" content=\"@eldiario_net\" \/>\n<meta name=\"twitter:label1\" content=\"Escrito por\" \/>\n\t<meta name=\"twitter:data1\" content=\"Jeanette\" \/>\n\t<meta name=\"twitter:label2\" content=\"Tiempo de lectura\" \/>\n\t<meta name=\"twitter:data2\" content=\"3 minutos\" \/>\n<script type=\"application\/ld+json\" class=\"yoast-schema-graph\">{\"@context\":\"https:\\\/\\\/schema.org\",\"@graph\":[{\"@type\":\"Article\",\"@id\":\"https:\\\/\\\/www.eldiario.net\\\/portal\\\/2022\\\/10\\\/11\\\/sector-pasivo-rinde-homenaje-a-militares-que-capturaron-al-che\\\/#article\",\"isPartOf\":{\"@id\":\"https:\\\/\\\/www.eldiario.net\\\/portal\\\/2022\\\/10\\\/11\\\/sector-pasivo-rinde-homenaje-a-militares-que-capturaron-al-che\\\/\"},\"author\":{\"name\":\"Jeanette\",\"@id\":\"https:\\\/\\\/www.eldiario.net\\\/portal\\\/#\\\/schema\\\/person\\\/2c57cf2b7a7ae032e449e4c9b1019eac\"},\"headline\":\"Sector pasivo rinde homenaje a militares que capturaron al \u201cChe\u201d\",\"datePublished\":\"2022-10-11T09:52:31+00:00\",\"mainEntityOfPage\":{\"@id\":\"https:\\\/\\\/www.eldiario.net\\\/portal\\\/2022\\\/10\\\/11\\\/sector-pasivo-rinde-homenaje-a-militares-que-capturaron-al-che\\\/\"},\"wordCount\":563,\"publisher\":{\"@id\":\"https:\\\/\\\/www.eldiario.net\\\/portal\\\/#organization\"},\"image\":{\"@id\":\"https:\\\/\\\/www.eldiario.net\\\/portal\\\/2022\\\/10\\\/11\\\/sector-pasivo-rinde-homenaje-a-militares-que-capturaron-al-che\\\/#primaryimage\"},\"thumbnailUrl\":\"\",\"articleSection\":[\"Sociedad - Seguridad\"],\"inLanguage\":\"es\"},{\"@type\":\"WebPage\",\"@id\":\"https:\\\/\\\/www.eldiario.net\\\/portal\\\/2022\\\/10\\\/11\\\/sector-pasivo-rinde-homenaje-a-militares-que-capturaron-al-che\\\/\",\"url\":\"https:\\\/\\\/www.eldiario.net\\\/portal\\\/2022\\\/10\\\/11\\\/sector-pasivo-rinde-homenaje-a-militares-que-capturaron-al-che\\\/\",\"name\":\"Sector pasivo rinde homenaje a militares que capturaron al \u201cChe\u201d - El Diario - Bolivia\",\"isPartOf\":{\"@id\":\"https:\\\/\\\/www.eldiario.net\\\/portal\\\/#website\"},\"primaryImageOfPage\":{\"@id\":\"https:\\\/\\\/www.eldiario.net\\\/portal\\\/2022\\\/10\\\/11\\\/sector-pasivo-rinde-homenaje-a-militares-que-capturaron-al-che\\\/#primaryimage\"},\"image\":{\"@id\":\"https:\\\/\\\/www.eldiario.net\\\/portal\\\/2022\\\/10\\\/11\\\/sector-pasivo-rinde-homenaje-a-militares-que-capturaron-al-che\\\/#primaryimage\"},\"thumbnailUrl\":\"\",\"datePublished\":\"2022-10-11T09:52:31+00:00\",\"breadcrumb\":{\"@id\":\"https:\\\/\\\/www.eldiario.net\\\/portal\\\/2022\\\/10\\\/11\\\/sector-pasivo-rinde-homenaje-a-militares-que-capturaron-al-che\\\/#breadcrumb\"},\"inLanguage\":\"es\",\"potentialAction\":[{\"@type\":\"ReadAction\",\"target\":[\"https:\\\/\\\/www.eldiario.net\\\/portal\\\/2022\\\/10\\\/11\\\/sector-pasivo-rinde-homenaje-a-militares-que-capturaron-al-che\\\/\"]}]},{\"@type\":\"ImageObject\",\"inLanguage\":\"es\",\"@id\":\"https:\\\/\\\/www.eldiario.net\\\/portal\\\/2022\\\/10\\\/11\\\/sector-pasivo-rinde-homenaje-a-militares-que-capturaron-al-che\\\/#primaryimage\",\"url\":\"\",\"contentUrl\":\"\"},{\"@type\":\"BreadcrumbList\",\"@id\":\"https:\\\/\\\/www.eldiario.net\\\/portal\\\/2022\\\/10\\\/11\\\/sector-pasivo-rinde-homenaje-a-militares-que-capturaron-al-che\\\/#breadcrumb\",\"itemListElement\":[{\"@type\":\"ListItem\",\"position\":1,\"name\":\"Portada\",\"item\":\"https:\\\/\\\/www.eldiario.net\\\/portal\\\/\"},{\"@type\":\"ListItem\",\"position\":2,\"name\":\"Sector pasivo rinde homenaje a militares que capturaron al \u201cChe\u201d\"}]},{\"@type\":\"WebSite\",\"@id\":\"https:\\\/\\\/www.eldiario.net\\\/portal\\\/#website\",\"url\":\"https:\\\/\\\/www.eldiario.net\\\/portal\\\/\",\"name\":\"El Diario - Decano de la prensa nacional\",\"description\":\"El Diario - Decano de la prensa nacional\",\"publisher\":{\"@id\":\"https:\\\/\\\/www.eldiario.net\\\/portal\\\/#organization\"},\"potentialAction\":[{\"@type\":\"SearchAction\",\"target\":{\"@type\":\"EntryPoint\",\"urlTemplate\":\"https:\\\/\\\/www.eldiario.net\\\/portal\\\/?s={search_term_string}\"},\"query-input\":{\"@type\":\"PropertyValueSpecification\",\"valueRequired\":true,\"valueName\":\"search_term_string\"}}],\"inLanguage\":\"es\"},{\"@type\":\"Organization\",\"@id\":\"https:\\\/\\\/www.eldiario.net\\\/portal\\\/#organization\",\"name\":\"El Diario - Decano de la prensa nacional\",\"url\":\"https:\\\/\\\/www.eldiario.net\\\/portal\\\/\",\"logo\":{\"@type\":\"ImageObject\",\"inLanguage\":\"es\",\"@id\":\"https:\\\/\\\/www.eldiario.net\\\/portal\\\/#\\\/schema\\\/logo\\\/image\\\/\",\"url\":\"https:\\\/\\\/www.eldiario.net\\\/portal\\\/wp-content\\\/uploads\\\/2023\\\/07\\\/logo_ED.jpg\",\"contentUrl\":\"https:\\\/\\\/www.eldiario.net\\\/portal\\\/wp-content\\\/uploads\\\/2023\\\/07\\\/logo_ED.jpg\",\"width\":272,\"height\":52,\"caption\":\"El Diario - Decano de la prensa nacional\"},\"image\":{\"@id\":\"https:\\\/\\\/www.eldiario.net\\\/portal\\\/#\\\/schema\\\/logo\\\/image\\\/\"},\"sameAs\":[\"https:\\\/\\\/www.facebook.com\\\/eldiario.bolivia\\\/\",\"https:\\\/\\\/x.com\\\/eldiario_net\"]},{\"@type\":\"Person\",\"@id\":\"https:\\\/\\\/www.eldiario.net\\\/portal\\\/#\\\/schema\\\/person\\\/2c57cf2b7a7ae032e449e4c9b1019eac\",\"name\":\"Jeanette\",\"image\":{\"@type\":\"ImageObject\",\"inLanguage\":\"es\",\"@id\":\"https:\\\/\\\/secure.gravatar.com\\\/avatar\\\/3ea2118a5f7dad2b7138b1187a6b7ee55f160b9968b66013c3a3ef39dd7e5798?s=96&d=mm&r=g\",\"url\":\"https:\\\/\\\/secure.gravatar.com\\\/avatar\\\/3ea2118a5f7dad2b7138b1187a6b7ee55f160b9968b66013c3a3ef39dd7e5798?s=96&d=mm&r=g\",\"contentUrl\":\"https:\\\/\\\/secure.gravatar.com\\\/avatar\\\/3ea2118a5f7dad2b7138b1187a6b7ee55f160b9968b66013c3a3ef39dd7e5798?s=96&d=mm&r=g\",\"caption\":\"Jeanette\"},\"sameAs\":[\"https:\\\/\\\/www.eldiario.net\\\/portal\"],\"url\":\"https:\\\/\\\/www.eldiario.net\\\/portal\\\/author\\\/jeanette\\\/\"}]}<\/script>\n<!-- \/ Yoast SEO plugin. -->","yoast_head_json":{"title":"Sector pasivo rinde homenaje a militares que capturaron al \u201cChe\u201d - El Diario - Bolivia","robots":{"index":"index","follow":"follow","max-snippet":"max-snippet:-1","max-image-preview":"max-image-preview:large","max-video-preview":"max-video-preview:-1"},"canonical":"https:\/\/www.eldiario.net\/portal\/2022\/10\/11\/sector-pasivo-rinde-homenaje-a-militares-que-capturaron-al-che\/","og_locale":"es_ES","og_type":"article","og_title":"Sector pasivo rinde homenaje a militares que capturaron al \u201cChe\u201d - El Diario - Bolivia","og_description":"Con un desfile que inici\u00f3 en la plaza San Francisco y concluy\u00f3 en la plaza Avaroa de La Paz, militares del servicio pasivo rindieron ayer un homenaje a los Benem\u00e9ritos de \u00d1ancahuaz\u00fa, como h\u00e9roes del grupo militar que hace 55 a\u00f1os captur\u00f3 al revolucionario Ernesto \u201cChe\u201d Guevara. Al paso del desfile, los militares del servicio [&hellip;]","og_url":"https:\/\/www.eldiario.net\/portal\/2022\/10\/11\/sector-pasivo-rinde-homenaje-a-militares-que-capturaron-al-che\/","og_site_name":"El Diario - Bolivia","article_publisher":"https:\/\/www.facebook.com\/eldiario.bolivia\/","article_published_time":"2022-10-11T09:52:31+00:00","author":"Jeanette","twitter_card":"summary_large_image","twitter_creator":"@eldiario_net","twitter_site":"@eldiario_net","twitter_misc":{"Escrito por":"Jeanette","Tiempo de lectura":"3 minutos"},"schema":{"@context":"https:\/\/schema.org","@graph":[{"@type":"Article","@id":"https:\/\/www.eldiario.net\/portal\/2022\/10\/11\/sector-pasivo-rinde-homenaje-a-militares-que-capturaron-al-che\/#article","isPartOf":{"@id":"https:\/\/www.eldiario.net\/portal\/2022\/10\/11\/sector-pasivo-rinde-homenaje-a-militares-que-capturaron-al-che\/"},"author":{"name":"Jeanette","@id":"https:\/\/www.eldiario.net\/portal\/#\/schema\/person\/2c57cf2b7a7ae032e449e4c9b1019eac"},"headline":"Sector pasivo rinde homenaje a militares que capturaron al \u201cChe\u201d","datePublished":"2022-10-11T09:52:31+00:00","mainEntityOfPage":{"@id":"https:\/\/www.eldiario.net\/portal\/2022\/10\/11\/sector-pasivo-rinde-homenaje-a-militares-que-capturaron-al-che\/"},"wordCount":563,"publisher":{"@id":"https:\/\/www.eldiario.net\/portal\/#organization"},"image":{"@id":"https:\/\/www.eldiario.net\/portal\/2022\/10\/11\/sector-pasivo-rinde-homenaje-a-militares-que-capturaron-al-che\/#primaryimage"},"thumbnailUrl":"","articleSection":["Sociedad - Seguridad"],"inLanguage":"es"},{"@type":"WebPage","@id":"https:\/\/www.eldiario.net\/portal\/2022\/10\/11\/sector-pasivo-rinde-homenaje-a-militares-que-capturaron-al-che\/","url":"https:\/\/www.eldiario.net\/portal\/2022\/10\/11\/sector-pasivo-rinde-homenaje-a-militares-que-capturaron-al-che\/","name":"Sector pasivo rinde homenaje a militares que capturaron al \u201cChe\u201d - El Diario - Bolivia","isPartOf":{"@id":"https:\/\/www.eldiario.net\/portal\/#website"},"primaryImageOfPage":{"@id":"https:\/\/www.eldiario.net\/portal\/2022\/10\/11\/sector-pasivo-rinde-homenaje-a-militares-que-capturaron-al-che\/#primaryimage"},"image":{"@id":"https:\/\/www.eldiario.net\/portal\/2022\/10\/11\/sector-pasivo-rinde-homenaje-a-militares-que-capturaron-al-che\/#primaryimage"},"thumbnailUrl":"","datePublished":"2022-10-11T09:52:31+00:00","breadcrumb":{"@id":"https:\/\/www.eldiario.net\/portal\/2022\/10\/11\/sector-pasivo-rinde-homenaje-a-militares-que-capturaron-al-che\/#breadcrumb"},"inLanguage":"es","potentialAction":[{"@type":"ReadAction","target":["https:\/\/www.eldiario.net\/portal\/2022\/10\/11\/sector-pasivo-rinde-homenaje-a-militares-que-capturaron-al-che\/"]}]},{"@type":"ImageObject","inLanguage":"es","@id":"https:\/\/www.eldiario.net\/portal\/2022\/10\/11\/sector-pasivo-rinde-homenaje-a-militares-que-capturaron-al-che\/#primaryimage","url":"","contentUrl":""},{"@type":"BreadcrumbList","@id":"https:\/\/www.eldiario.net\/portal\/2022\/10\/11\/sector-pasivo-rinde-homenaje-a-militares-que-capturaron-al-che\/#breadcrumb","itemListElement":[{"@type":"ListItem","position":1,"name":"Portada","item":"https:\/\/www.eldiario.net\/portal\/"},{"@type":"ListItem","position":2,"name":"Sector pasivo rinde homenaje a militares que capturaron al \u201cChe\u201d"}]},{"@type":"WebSite","@id":"https:\/\/www.eldiario.net\/portal\/#website","url":"https:\/\/www.eldiario.net\/portal\/","name":"El Diario - Decano de la prensa nacional","description":"El Diario - Decano de la prensa nacional","publisher":{"@id":"https:\/\/www.eldiario.net\/portal\/#organization"},"potentialAction":[{"@type":"SearchAction","target":{"@type":"EntryPoint","urlTemplate":"https:\/\/www.eldiario.net\/portal\/?s={search_term_string}"},"query-input":{"@type":"PropertyValueSpecification","valueRequired":true,"valueName":"search_term_string"}}],"inLanguage":"es"},{"@type":"Organization","@id":"https:\/\/www.eldiario.net\/portal\/#organization","name":"El Diario - Decano de la prensa nacional","url":"https:\/\/www.eldiario.net\/portal\/","logo":{"@type":"ImageObject","inLanguage":"es","@id":"https:\/\/www.eldiario.net\/portal\/#\/schema\/logo\/image\/","url":"https:\/\/www.eldiario.net\/portal\/wp-content\/uploads\/2023\/07\/logo_ED.jpg","contentUrl":"https:\/\/www.eldiario.net\/portal\/wp-content\/uploads\/2023\/07\/logo_ED.jpg","width":272,"height":52,"caption":"El Diario - Decano de la prensa nacional"},"image":{"@id":"https:\/\/www.eldiario.net\/portal\/#\/schema\/logo\/image\/"},"sameAs":["https:\/\/www.facebook.com\/eldiario.bolivia\/","https:\/\/x.com\/eldiario_net"]},{"@type":"Person","@id":"https:\/\/www.eldiario.net\/portal\/#\/schema\/person\/2c57cf2b7a7ae032e449e4c9b1019eac","name":"Jeanette","image":{"@type":"ImageObject","inLanguage":"es","@id":"https:\/\/secure.gravatar.com\/avatar\/3ea2118a5f7dad2b7138b1187a6b7ee55f160b9968b66013c3a3ef39dd7e5798?s=96&d=mm&r=g","url":"https:\/\/secure.gravatar.com\/avatar\/3ea2118a5f7dad2b7138b1187a6b7ee55f160b9968b66013c3a3ef39dd7e5798?s=96&d=mm&r=g","contentUrl":"https:\/\/secure.gravatar.com\/avatar\/3ea2118a5f7dad2b7138b1187a6b7ee55f160b9968b66013c3a3ef39dd7e5798?s=96&d=mm&r=g","caption":"Jeanette"},"sameAs":["https:\/\/www.eldiario.net\/portal"],"url":"https:\/\/www.eldiario.net\/portal\/author\/jeanette\/"}]}},"_links":{"self":[{"href":"https:\/\/www.eldiario.net\/portal\/wp-json\/wp\/v2\/posts\/115921","targetHints":{"allow":["GET"]}}],"collection":[{"href":"https:\/\/www.eldiario.net\/portal\/wp-json\/wp\/v2\/posts"}],"about":[{"href":"https:\/\/www.eldiario.net\/portal\/wp-json\/wp\/v2\/types\/post"}],"author":[{"embeddable":true,"href":"https:\/\/www.eldiario.net\/portal\/wp-json\/wp\/v2\/users\/1"}],"replies":[{"embeddable":true,"href":"https:\/\/www.eldiario.net\/portal\/wp-json\/wp\/v2\/comments?post=115921"}],"version-history":[{"count":0,"href":"https:\/\/www.eldiario.net\/portal\/wp-json\/wp\/v2\/posts\/115921\/revisions"}],"wp:attachment":[{"href":"https:\/\/www.eldiario.net\/portal\/wp-json\/wp\/v2\/media?parent=115921"}],"wp:term":[{"taxonomy":"category","embeddable":true,"href":"https:\/\/www.eldiario.net\/portal\/wp-json\/wp\/v2\/categories?post=115921"},{"taxonomy":"post_tag","embeddable":true,"href":"https:\/\/www.eldiario.net\/portal\/wp-json\/wp\/v2\/tags?post=115921"}],"curies":[{"name":"wp","href":"https:\/\/api.w.org\/{rel}","templated":true}]}}