{"id":115915,"date":"2022-10-11T05:50:27","date_gmt":"2022-10-11T09:50:27","guid":{"rendered":"https:\/\/www.eldiario.net\/portal\/?p=115915"},"modified":"2022-10-11T05:50:27","modified_gmt":"2022-10-11T09:50:27","slug":"fiscalia-da-paso-a-abrir-mercado-ilegal-de-coca","status":"publish","type":"post","link":"https:\/\/www.eldiario.net\/portal\/2022\/10\/11\/fiscalia-da-paso-a-abrir-mercado-ilegal-de-coca\/","title":{"rendered":"Fiscal\u00eda da paso a abrir  mercado \u201cilegal\u201d de coca"},"content":{"rendered":"<p>Despu\u00e9s que el pasado viernes el Ministerio P\u00fablico desprecint\u00f3 el mercado \u201cilegal\u201d de coca liderado por el dirigente af\u00edn al Movimiento al Socialismo (MAS), Arnold Alanes, los productores retomaron la comercializaci\u00f3n en Villa El Carmen.<\/p>\n<p>M\u00e1s de una veintena de personas, entre vendedores de coca al por mayor y compradores, es lo que se observ\u00f3 la ma\u00f1ana de ayer en el mercado ilegal, que fue tomado el pasado 8 de septiembre por los afiliados a la Asociaci\u00f3n Departamental de Productores de Coca (Adepcoca) de La Paz.<\/p>\n<p>\u201cEstamos retomando las actividades, as\u00ed como ve y con la cantidad de gente que ven, todo es normal\u201d, dijo una de las personas que estaba en el lugar y que fue entrevistada por RTP.<\/p>\n<p>&nbsp;<\/p>\n<p><strong>ITO<\/strong><\/p>\n<p>La tarde del viernes se realiz\u00f3 la Inspecci\u00f3n T\u00e9cnica Ocular (ITO) en el mercado \u201cilegal\u201d. Funcionarios de la Fiscal\u00eda y la Polic\u00eda ingresaron, mientras que los abogados y peritos de la defensa denunciaron que no los dejaron ingresar, se\u00f1alando irregularidades en este caso.<\/p>\n<p>En la oportunidad, los juristas denunciaron que la intenci\u00f3n del desprecinto era abrir las instalaciones del mercado \u201cilegal\u201d.<\/p>\n<p>La abogada Evelyn Coss\u00edo observ\u00f3 que usualmente la Inspecci\u00f3n T\u00e9cnica Ocular es el \u00faltimo actuado, pero en este caso se realiz\u00f3 incluso antes de que declare el dirigente Freddy Machicado, detenido por este caso.<\/p>\n<p>Por este caso se encuentran con detenci\u00f3n preventiva Freddy Machicado y Cesar Apaza, acusados de 12 delitos, entre ellos lesiones graves y leves, adem\u00e1s de atentados contra bienes p\u00fablicos, allanamientos, robo agravados, entre otros.<\/p>\n<p><strong>\u00a0<\/strong><\/p>\n<p><strong>LEY <\/strong><\/p>\n<p>La abogada Evelyn Coss\u00edo, que asesor\u00f3 a Adepcoca, aclar\u00f3 que el mercado liderado por Alanes es \u201cilegal\u201d, porque el art\u00edculo 24 de la Ley 906 reconoce solo a dos mercados: el de Sacaba en Cochabamba y Adepcoca en La Paz, este extremo fue ratificado en el art\u00edculo 23 del reglamento de la Ley General de la Coca.<\/p>\n<p>Aclar\u00f3 que el art\u00edculo 23 del Decreto Supremo 3318 (reglamento de la Ley General de la Coca), establece adem\u00e1s que el \u201cMinisterio de Desarrollo Rural y Tierra es la \u00fanica instancia competente para autorizar, controlar y regular los mercados de coca, a trav\u00e9s de Resoluci\u00f3n Ministerial\u201d.<\/p>\n<p>En ese marco aclar\u00f3 que Adepcoca cuenta con la Resoluci\u00f3n Ministerial 342 en cuya parte resolutiva establece que el \u00fanico centro de hoja de coca va a ser el mercado de Adepcoca de Villa F\u00e1tima, ubicado en la calle Arapata.<\/p>\n<p>\u201cLa Ley 906 deviene de un acuerdo previo que se ha suscrito el 2008, cuando Evo Morales asume como presidente. Este acuerdo ha sido trabajado por tres comisiones. En la comisi\u00f3n 2, numeral 11 habla de Adepcoca se compromete a recibir a los productores de coca de Caranavi, en su mercado legal ubicado en Villa F\u00e1tima, por eso hay antecedentes de que el \u00fanico mercado reconocido legalmente y enmarcado en la Ley 906 y adem\u00e1s respaldada por una Resoluci\u00f3n Ministerial, es el mercado de Villa F\u00e1tima y el hecho de que se permita la apertura de un tercer mercado es totalmente fuera de ley\u201d, aclar\u00f3 la jurista en el programa En Otro Formato del periodista Nicol\u00e1s Sanabria Garr\u00f3n.<\/p>\n<p>No obstante, aclar\u00f3 que los productores de hoja de Caranavi tienen otro tipo de organizaci\u00f3n y quien les otorga el carnet de productor para realizar la comercializaci\u00f3n es el Viceministerio de la Coca.<\/p>\n","protected":false},"excerpt":{"rendered":"<p>Despu\u00e9s que el pasado viernes el Ministerio P\u00fablico desprecint\u00f3 el mercado \u201cilegal\u201d de coca liderado por el dirigente af\u00edn al Movimiento al Socialismo (MAS), Arnold Alanes, los productores retomaron la comercializaci\u00f3n en Villa El Carmen. M\u00e1s de una veintena de personas, entre vendedores de coca al por mayor y compradores, es lo que se observ\u00f3 [&hellip;]<\/p>\n","protected":false},"author":1,"featured_media":115916,"comment_status":"closed","ping_status":"closed","sticky":false,"template":"","format":"standard","meta":{"_acf_changed":false,"footnotes":""},"categories":[39],"tags":[],"class_list":["post-115915","post","type-post","status-publish","format-standard","has-post-thumbnail","category-sociedad"],"acf":{"antetitulo":""},"yoast_head":"<!-- This site is optimized with the Yoast SEO plugin v28.4 - https:\/\/yoast.com\/product\/yoast-seo-wordpress\/ -->\n<title>Fiscal\u00eda da paso a abrir mercado \u201cilegal\u201d de coca - El Diario - Bolivia<\/title>\n<meta name=\"robots\" content=\"index, follow, max-snippet:-1, max-image-preview:large, max-video-preview:-1\" \/>\n<link rel=\"canonical\" href=\"https:\/\/www.eldiario.net\/portal\/2022\/10\/11\/fiscalia-da-paso-a-abrir-mercado-ilegal-de-coca\/\" \/>\n<meta property=\"og:locale\" content=\"es_ES\" \/>\n<meta property=\"og:type\" content=\"article\" \/>\n<meta property=\"og:title\" content=\"Fiscal\u00eda da paso a abrir mercado \u201cilegal\u201d de coca - El Diario - Bolivia\" \/>\n<meta property=\"og:description\" content=\"Despu\u00e9s que el pasado viernes el Ministerio P\u00fablico desprecint\u00f3 el mercado \u201cilegal\u201d de coca liderado por el dirigente af\u00edn al Movimiento al Socialismo (MAS), Arnold Alanes, los productores retomaron la comercializaci\u00f3n en Villa El Carmen. M\u00e1s de una veintena de personas, entre vendedores de coca al por mayor y compradores, es lo que se observ\u00f3 [&hellip;]\" \/>\n<meta property=\"og:url\" content=\"https:\/\/www.eldiario.net\/portal\/2022\/10\/11\/fiscalia-da-paso-a-abrir-mercado-ilegal-de-coca\/\" \/>\n<meta property=\"og:site_name\" content=\"El Diario - Bolivia\" \/>\n<meta property=\"article:publisher\" content=\"https:\/\/www.facebook.com\/eldiario.bolivia\/\" \/>\n<meta property=\"article:published_time\" content=\"2022-10-11T09:50:27+00:00\" \/>\n<meta name=\"author\" content=\"Jeanette\" \/>\n<meta name=\"twitter:card\" content=\"summary_large_image\" \/>\n<meta name=\"twitter:creator\" content=\"@eldiario_net\" \/>\n<meta name=\"twitter:site\" content=\"@eldiario_net\" \/>\n<meta name=\"twitter:label1\" content=\"Escrito por\" \/>\n\t<meta name=\"twitter:data1\" content=\"Jeanette\" \/>\n\t<meta name=\"twitter:label2\" content=\"Tiempo de lectura\" \/>\n\t<meta name=\"twitter:data2\" content=\"3 minutos\" \/>\n<script type=\"application\/ld+json\" class=\"yoast-schema-graph\">{\"@context\":\"https:\\\/\\\/schema.org\",\"@graph\":[{\"@type\":\"Article\",\"@id\":\"https:\\\/\\\/www.eldiario.net\\\/portal\\\/2022\\\/10\\\/11\\\/fiscalia-da-paso-a-abrir-mercado-ilegal-de-coca\\\/#article\",\"isPartOf\":{\"@id\":\"https:\\\/\\\/www.eldiario.net\\\/portal\\\/2022\\\/10\\\/11\\\/fiscalia-da-paso-a-abrir-mercado-ilegal-de-coca\\\/\"},\"author\":{\"name\":\"Jeanette\",\"@id\":\"https:\\\/\\\/www.eldiario.net\\\/portal\\\/#\\\/schema\\\/person\\\/2c57cf2b7a7ae032e449e4c9b1019eac\"},\"headline\":\"Fiscal\u00eda da paso a abrir mercado \u201cilegal\u201d de coca\",\"datePublished\":\"2022-10-11T09:50:27+00:00\",\"mainEntityOfPage\":{\"@id\":\"https:\\\/\\\/www.eldiario.net\\\/portal\\\/2022\\\/10\\\/11\\\/fiscalia-da-paso-a-abrir-mercado-ilegal-de-coca\\\/\"},\"wordCount\":580,\"publisher\":{\"@id\":\"https:\\\/\\\/www.eldiario.net\\\/portal\\\/#organization\"},\"image\":{\"@id\":\"https:\\\/\\\/www.eldiario.net\\\/portal\\\/2022\\\/10\\\/11\\\/fiscalia-da-paso-a-abrir-mercado-ilegal-de-coca\\\/#primaryimage\"},\"thumbnailUrl\":\"\",\"articleSection\":[\"Sociedad - Seguridad\"],\"inLanguage\":\"es\"},{\"@type\":\"WebPage\",\"@id\":\"https:\\\/\\\/www.eldiario.net\\\/portal\\\/2022\\\/10\\\/11\\\/fiscalia-da-paso-a-abrir-mercado-ilegal-de-coca\\\/\",\"url\":\"https:\\\/\\\/www.eldiario.net\\\/portal\\\/2022\\\/10\\\/11\\\/fiscalia-da-paso-a-abrir-mercado-ilegal-de-coca\\\/\",\"name\":\"Fiscal\u00eda da paso a abrir mercado \u201cilegal\u201d de coca - El Diario - Bolivia\",\"isPartOf\":{\"@id\":\"https:\\\/\\\/www.eldiario.net\\\/portal\\\/#website\"},\"primaryImageOfPage\":{\"@id\":\"https:\\\/\\\/www.eldiario.net\\\/portal\\\/2022\\\/10\\\/11\\\/fiscalia-da-paso-a-abrir-mercado-ilegal-de-coca\\\/#primaryimage\"},\"image\":{\"@id\":\"https:\\\/\\\/www.eldiario.net\\\/portal\\\/2022\\\/10\\\/11\\\/fiscalia-da-paso-a-abrir-mercado-ilegal-de-coca\\\/#primaryimage\"},\"thumbnailUrl\":\"\",\"datePublished\":\"2022-10-11T09:50:27+00:00\",\"breadcrumb\":{\"@id\":\"https:\\\/\\\/www.eldiario.net\\\/portal\\\/2022\\\/10\\\/11\\\/fiscalia-da-paso-a-abrir-mercado-ilegal-de-coca\\\/#breadcrumb\"},\"inLanguage\":\"es\",\"potentialAction\":[{\"@type\":\"ReadAction\",\"target\":[\"https:\\\/\\\/www.eldiario.net\\\/portal\\\/2022\\\/10\\\/11\\\/fiscalia-da-paso-a-abrir-mercado-ilegal-de-coca\\\/\"]}]},{\"@type\":\"ImageObject\",\"inLanguage\":\"es\",\"@id\":\"https:\\\/\\\/www.eldiario.net\\\/portal\\\/2022\\\/10\\\/11\\\/fiscalia-da-paso-a-abrir-mercado-ilegal-de-coca\\\/#primaryimage\",\"url\":\"\",\"contentUrl\":\"\"},{\"@type\":\"BreadcrumbList\",\"@id\":\"https:\\\/\\\/www.eldiario.net\\\/portal\\\/2022\\\/10\\\/11\\\/fiscalia-da-paso-a-abrir-mercado-ilegal-de-coca\\\/#breadcrumb\",\"itemListElement\":[{\"@type\":\"ListItem\",\"position\":1,\"name\":\"Portada\",\"item\":\"https:\\\/\\\/www.eldiario.net\\\/portal\\\/\"},{\"@type\":\"ListItem\",\"position\":2,\"name\":\"Fiscal\u00eda da paso a abrir mercado \u201cilegal\u201d de coca\"}]},{\"@type\":\"WebSite\",\"@id\":\"https:\\\/\\\/www.eldiario.net\\\/portal\\\/#website\",\"url\":\"https:\\\/\\\/www.eldiario.net\\\/portal\\\/\",\"name\":\"El Diario - Decano de la prensa nacional\",\"description\":\"El Diario - Decano de la prensa nacional\",\"publisher\":{\"@id\":\"https:\\\/\\\/www.eldiario.net\\\/portal\\\/#organization\"},\"potentialAction\":[{\"@type\":\"SearchAction\",\"target\":{\"@type\":\"EntryPoint\",\"urlTemplate\":\"https:\\\/\\\/www.eldiario.net\\\/portal\\\/?s={search_term_string}\"},\"query-input\":{\"@type\":\"PropertyValueSpecification\",\"valueRequired\":true,\"valueName\":\"search_term_string\"}}],\"inLanguage\":\"es\"},{\"@type\":\"Organization\",\"@id\":\"https:\\\/\\\/www.eldiario.net\\\/portal\\\/#organization\",\"name\":\"El Diario - Decano de la prensa nacional\",\"url\":\"https:\\\/\\\/www.eldiario.net\\\/portal\\\/\",\"logo\":{\"@type\":\"ImageObject\",\"inLanguage\":\"es\",\"@id\":\"https:\\\/\\\/www.eldiario.net\\\/portal\\\/#\\\/schema\\\/logo\\\/image\\\/\",\"url\":\"https:\\\/\\\/www.eldiario.net\\\/portal\\\/wp-content\\\/uploads\\\/2023\\\/07\\\/logo_ED.jpg\",\"contentUrl\":\"https:\\\/\\\/www.eldiario.net\\\/portal\\\/wp-content\\\/uploads\\\/2023\\\/07\\\/logo_ED.jpg\",\"width\":272,\"height\":52,\"caption\":\"El Diario - Decano de la prensa nacional\"},\"image\":{\"@id\":\"https:\\\/\\\/www.eldiario.net\\\/portal\\\/#\\\/schema\\\/logo\\\/image\\\/\"},\"sameAs\":[\"https:\\\/\\\/www.facebook.com\\\/eldiario.bolivia\\\/\",\"https:\\\/\\\/x.com\\\/eldiario_net\"]},{\"@type\":\"Person\",\"@id\":\"https:\\\/\\\/www.eldiario.net\\\/portal\\\/#\\\/schema\\\/person\\\/2c57cf2b7a7ae032e449e4c9b1019eac\",\"name\":\"Jeanette\",\"image\":{\"@type\":\"ImageObject\",\"inLanguage\":\"es\",\"@id\":\"https:\\\/\\\/secure.gravatar.com\\\/avatar\\\/3ea2118a5f7dad2b7138b1187a6b7ee55f160b9968b66013c3a3ef39dd7e5798?s=96&d=mm&r=g\",\"url\":\"https:\\\/\\\/secure.gravatar.com\\\/avatar\\\/3ea2118a5f7dad2b7138b1187a6b7ee55f160b9968b66013c3a3ef39dd7e5798?s=96&d=mm&r=g\",\"contentUrl\":\"https:\\\/\\\/secure.gravatar.com\\\/avatar\\\/3ea2118a5f7dad2b7138b1187a6b7ee55f160b9968b66013c3a3ef39dd7e5798?s=96&d=mm&r=g\",\"caption\":\"Jeanette\"},\"sameAs\":[\"https:\\\/\\\/www.eldiario.net\\\/portal\"],\"url\":\"https:\\\/\\\/www.eldiario.net\\\/portal\\\/author\\\/jeanette\\\/\"}]}<\/script>\n<!-- \/ Yoast SEO plugin. -->","yoast_head_json":{"title":"Fiscal\u00eda da paso a abrir mercado \u201cilegal\u201d de coca - El Diario - Bolivia","robots":{"index":"index","follow":"follow","max-snippet":"max-snippet:-1","max-image-preview":"max-image-preview:large","max-video-preview":"max-video-preview:-1"},"canonical":"https:\/\/www.eldiario.net\/portal\/2022\/10\/11\/fiscalia-da-paso-a-abrir-mercado-ilegal-de-coca\/","og_locale":"es_ES","og_type":"article","og_title":"Fiscal\u00eda da paso a abrir mercado \u201cilegal\u201d de coca - El Diario - Bolivia","og_description":"Despu\u00e9s que el pasado viernes el Ministerio P\u00fablico desprecint\u00f3 el mercado \u201cilegal\u201d de coca liderado por el dirigente af\u00edn al Movimiento al Socialismo (MAS), Arnold Alanes, los productores retomaron la comercializaci\u00f3n en Villa El Carmen. M\u00e1s de una veintena de personas, entre vendedores de coca al por mayor y compradores, es lo que se observ\u00f3 [&hellip;]","og_url":"https:\/\/www.eldiario.net\/portal\/2022\/10\/11\/fiscalia-da-paso-a-abrir-mercado-ilegal-de-coca\/","og_site_name":"El Diario - Bolivia","article_publisher":"https:\/\/www.facebook.com\/eldiario.bolivia\/","article_published_time":"2022-10-11T09:50:27+00:00","author":"Jeanette","twitter_card":"summary_large_image","twitter_creator":"@eldiario_net","twitter_site":"@eldiario_net","twitter_misc":{"Escrito por":"Jeanette","Tiempo de lectura":"3 minutos"},"schema":{"@context":"https:\/\/schema.org","@graph":[{"@type":"Article","@id":"https:\/\/www.eldiario.net\/portal\/2022\/10\/11\/fiscalia-da-paso-a-abrir-mercado-ilegal-de-coca\/#article","isPartOf":{"@id":"https:\/\/www.eldiario.net\/portal\/2022\/10\/11\/fiscalia-da-paso-a-abrir-mercado-ilegal-de-coca\/"},"author":{"name":"Jeanette","@id":"https:\/\/www.eldiario.net\/portal\/#\/schema\/person\/2c57cf2b7a7ae032e449e4c9b1019eac"},"headline":"Fiscal\u00eda da paso a abrir mercado \u201cilegal\u201d de coca","datePublished":"2022-10-11T09:50:27+00:00","mainEntityOfPage":{"@id":"https:\/\/www.eldiario.net\/portal\/2022\/10\/11\/fiscalia-da-paso-a-abrir-mercado-ilegal-de-coca\/"},"wordCount":580,"publisher":{"@id":"https:\/\/www.eldiario.net\/portal\/#organization"},"image":{"@id":"https:\/\/www.eldiario.net\/portal\/2022\/10\/11\/fiscalia-da-paso-a-abrir-mercado-ilegal-de-coca\/#primaryimage"},"thumbnailUrl":"","articleSection":["Sociedad - Seguridad"],"inLanguage":"es"},{"@type":"WebPage","@id":"https:\/\/www.eldiario.net\/portal\/2022\/10\/11\/fiscalia-da-paso-a-abrir-mercado-ilegal-de-coca\/","url":"https:\/\/www.eldiario.net\/portal\/2022\/10\/11\/fiscalia-da-paso-a-abrir-mercado-ilegal-de-coca\/","name":"Fiscal\u00eda da paso a abrir mercado \u201cilegal\u201d de coca - El Diario - Bolivia","isPartOf":{"@id":"https:\/\/www.eldiario.net\/portal\/#website"},"primaryImageOfPage":{"@id":"https:\/\/www.eldiario.net\/portal\/2022\/10\/11\/fiscalia-da-paso-a-abrir-mercado-ilegal-de-coca\/#primaryimage"},"image":{"@id":"https:\/\/www.eldiario.net\/portal\/2022\/10\/11\/fiscalia-da-paso-a-abrir-mercado-ilegal-de-coca\/#primaryimage"},"thumbnailUrl":"","datePublished":"2022-10-11T09:50:27+00:00","breadcrumb":{"@id":"https:\/\/www.eldiario.net\/portal\/2022\/10\/11\/fiscalia-da-paso-a-abrir-mercado-ilegal-de-coca\/#breadcrumb"},"inLanguage":"es","potentialAction":[{"@type":"ReadAction","target":["https:\/\/www.eldiario.net\/portal\/2022\/10\/11\/fiscalia-da-paso-a-abrir-mercado-ilegal-de-coca\/"]}]},{"@type":"ImageObject","inLanguage":"es","@id":"https:\/\/www.eldiario.net\/portal\/2022\/10\/11\/fiscalia-da-paso-a-abrir-mercado-ilegal-de-coca\/#primaryimage","url":"","contentUrl":""},{"@type":"BreadcrumbList","@id":"https:\/\/www.eldiario.net\/portal\/2022\/10\/11\/fiscalia-da-paso-a-abrir-mercado-ilegal-de-coca\/#breadcrumb","itemListElement":[{"@type":"ListItem","position":1,"name":"Portada","item":"https:\/\/www.eldiario.net\/portal\/"},{"@type":"ListItem","position":2,"name":"Fiscal\u00eda da paso a abrir mercado \u201cilegal\u201d de coca"}]},{"@type":"WebSite","@id":"https:\/\/www.eldiario.net\/portal\/#website","url":"https:\/\/www.eldiario.net\/portal\/","name":"El Diario - Decano de la prensa nacional","description":"El Diario - Decano de la prensa nacional","publisher":{"@id":"https:\/\/www.eldiario.net\/portal\/#organization"},"potentialAction":[{"@type":"SearchAction","target":{"@type":"EntryPoint","urlTemplate":"https:\/\/www.eldiario.net\/portal\/?s={search_term_string}"},"query-input":{"@type":"PropertyValueSpecification","valueRequired":true,"valueName":"search_term_string"}}],"inLanguage":"es"},{"@type":"Organization","@id":"https:\/\/www.eldiario.net\/portal\/#organization","name":"El Diario - Decano de la prensa nacional","url":"https:\/\/www.eldiario.net\/portal\/","logo":{"@type":"ImageObject","inLanguage":"es","@id":"https:\/\/www.eldiario.net\/portal\/#\/schema\/logo\/image\/","url":"https:\/\/www.eldiario.net\/portal\/wp-content\/uploads\/2023\/07\/logo_ED.jpg","contentUrl":"https:\/\/www.eldiario.net\/portal\/wp-content\/uploads\/2023\/07\/logo_ED.jpg","width":272,"height":52,"caption":"El Diario - Decano de la prensa nacional"},"image":{"@id":"https:\/\/www.eldiario.net\/portal\/#\/schema\/logo\/image\/"},"sameAs":["https:\/\/www.facebook.com\/eldiario.bolivia\/","https:\/\/x.com\/eldiario_net"]},{"@type":"Person","@id":"https:\/\/www.eldiario.net\/portal\/#\/schema\/person\/2c57cf2b7a7ae032e449e4c9b1019eac","name":"Jeanette","image":{"@type":"ImageObject","inLanguage":"es","@id":"https:\/\/secure.gravatar.com\/avatar\/3ea2118a5f7dad2b7138b1187a6b7ee55f160b9968b66013c3a3ef39dd7e5798?s=96&d=mm&r=g","url":"https:\/\/secure.gravatar.com\/avatar\/3ea2118a5f7dad2b7138b1187a6b7ee55f160b9968b66013c3a3ef39dd7e5798?s=96&d=mm&r=g","contentUrl":"https:\/\/secure.gravatar.com\/avatar\/3ea2118a5f7dad2b7138b1187a6b7ee55f160b9968b66013c3a3ef39dd7e5798?s=96&d=mm&r=g","caption":"Jeanette"},"sameAs":["https:\/\/www.eldiario.net\/portal"],"url":"https:\/\/www.eldiario.net\/portal\/author\/jeanette\/"}]}},"_links":{"self":[{"href":"https:\/\/www.eldiario.net\/portal\/wp-json\/wp\/v2\/posts\/115915","targetHints":{"allow":["GET"]}}],"collection":[{"href":"https:\/\/www.eldiario.net\/portal\/wp-json\/wp\/v2\/posts"}],"about":[{"href":"https:\/\/www.eldiario.net\/portal\/wp-json\/wp\/v2\/types\/post"}],"author":[{"embeddable":true,"href":"https:\/\/www.eldiario.net\/portal\/wp-json\/wp\/v2\/users\/1"}],"replies":[{"embeddable":true,"href":"https:\/\/www.eldiario.net\/portal\/wp-json\/wp\/v2\/comments?post=115915"}],"version-history":[{"count":0,"href":"https:\/\/www.eldiario.net\/portal\/wp-json\/wp\/v2\/posts\/115915\/revisions"}],"wp:attachment":[{"href":"https:\/\/www.eldiario.net\/portal\/wp-json\/wp\/v2\/media?parent=115915"}],"wp:term":[{"taxonomy":"category","embeddable":true,"href":"https:\/\/www.eldiario.net\/portal\/wp-json\/wp\/v2\/categories?post=115915"},{"taxonomy":"post_tag","embeddable":true,"href":"https:\/\/www.eldiario.net\/portal\/wp-json\/wp\/v2\/tags?post=115915"}],"curies":[{"name":"wp","href":"https:\/\/api.w.org\/{rel}","templated":true}]}}