{"id":115912,"date":"2022-10-11T05:49:42","date_gmt":"2022-10-11T09:49:42","guid":{"rendered":"https:\/\/www.eldiario.net\/portal\/?p=115912"},"modified":"2022-10-11T05:49:42","modified_gmt":"2022-10-11T09:49:42","slug":"detencion-preventiva-para-sujeto-que-asesino-a-una-adolescente","status":"publish","type":"post","link":"https:\/\/www.eldiario.net\/portal\/2022\/10\/11\/detencion-preventiva-para-sujeto-que-asesino-a-una-adolescente\/","title":{"rendered":"Detenci\u00f3n preventiva para sujeto  que asesin\u00f3 a una adolescente"},"content":{"rendered":"<p>Carlos D. T., fue enviado con detenci\u00f3n preventiva, por seis meses, al penal de m\u00e1xima seguridad de Chonchocoro, imputado por el feminicidio de Daniela, una adolescente de 17 a\u00f1os que fue asesinada en la comunidad de Cajuata del departamento de La Paz, inform\u00f3 ayer la fiscal Elizabeth Zambrana.<\/p>\n<p>\u201cQuedan actos periciales por realizar de la colecci\u00f3n que se ha hecho en el Instituto de Investigaciones Forenses (IDIF)\u201d, dijo.<\/p>\n<p>Manifest\u00f3 que de las investigaciones previas a la imputaci\u00f3n, el sujeto que se acogi\u00f3 a su derecho de guardar silencio, actu\u00f3 solo en el hecho.<\/p>\n<p>Zambrana aclar\u00f3 que el 3 de octubre de 2022, a las 19.00 horas aproximadamente, Daniela sali\u00f3 con la v\u00edctima, pero no volvi\u00f3 m\u00e1s.<\/p>\n<p>\u201cEl padre no se dio cuenta si regres\u00f3 a su domicilio, al d\u00eda siguiente verifica que no regres\u00f3, entonces recurre al ahora imputado a objeto de preguntarle si sabe algo sobre su hija, \u00e9l le indica que no sabe nada. El progenitor la llama a su expareja, la madre de la v\u00edctima, para decirle que no ha aparecido y si ella sabe algo\u201d, dijo.<\/p>\n<p>Al no tener m\u00e1s noticias de Daniela, su madre fue a la Defensor\u00eda y empezaron la b\u00fasqueda a trav\u00e9s de afiches como persona desaparecida y el ahora imputado colabor\u00f3 con el pap\u00e1 de la v\u00edctima en la b\u00fasqueda. La progenitora junto a su pareja actual iniciaron un recorrido por toda la zona.<\/p>\n<p>\u201cAl hacer el recorrido por el lugar del hecho, por la comunidad de Tojra, en el camino se encuentra con un se\u00f1or quien le dijo que pasada las 11 le ha visto al novio con la v\u00edctima, caminando por ese lado. Van a hacer la b\u00fasqueda y al subir un poco encuentran una casa abandonada en la que estaba el cuerpo. La pareja actual de la madre de la v\u00edctima destapa la calamina y la se\u00f1ora (madre) no pod\u00eda ver el rostro, pero viendo la fisonom\u00eda del cuerpo indica que era su hija. Llama al padre de la v\u00edctima (\u2026) y le dice que tiene que detener al imputado porque estaba con \u00e9l\u201d, relat\u00f3 Zambrana.<\/p>\n<p>Cuando el padre de la v\u00edctima recibi\u00f3 la llamada de su expareja estaba con el imputado que escuch\u00f3 todo y cuando lo quer\u00eda llevar a la Polic\u00eda, se dio a la fuga.<\/p>\n<p>\u201cEl 7 de octubre los comunarios lo aprehenden por el lugar de Tojra, estaba escondido en medio de unos arbustos, luego lo trasladan a Cajuata y despu\u00e9s a Quime y de ah\u00ed hasta El Alto\u201d, precis\u00f3 la representante del Ministerio P\u00fablico.<\/p>\n<p>El abogado de la familia de la v\u00edctima, Freddy Mercado, manifest\u00f3 que el examen forense revel\u00f3 que Daniela muri\u00f3 a causa de una asfixia mec\u00e1nica por estrangulamiento manual, es decir, que el sujeto presion\u00f3 el pecho de la v\u00edctima cuando ella se encontraba en el piso y aprovech\u00f3 para estrangularla.<\/p>\n<p>En medio de llanto, Daniela fue enterrada el s\u00e1bado en su comunidad.<\/p>\n","protected":false},"excerpt":{"rendered":"<p>Carlos D. T., fue enviado con detenci\u00f3n preventiva, por seis meses, al penal de m\u00e1xima seguridad de Chonchocoro, imputado por el feminicidio de Daniela, una adolescente de 17 a\u00f1os que fue asesinada en la comunidad de Cajuata del departamento de La Paz, inform\u00f3 ayer la fiscal Elizabeth Zambrana. \u201cQuedan actos periciales por realizar de la [&hellip;]<\/p>\n","protected":false},"author":1,"featured_media":116040,"comment_status":"closed","ping_status":"closed","sticky":false,"template":"","format":"standard","meta":{"_acf_changed":false,"footnotes":""},"categories":[39],"tags":[],"class_list":["post-115912","post","type-post","status-publish","format-standard","has-post-thumbnail","category-sociedad"],"acf":{"antetitulo":""},"yoast_head":"<!-- This site is optimized with the Yoast SEO plugin v28.4 - https:\/\/yoast.com\/product\/yoast-seo-wordpress\/ -->\n<title>Detenci\u00f3n preventiva para sujeto que asesin\u00f3 a una adolescente - El Diario - Bolivia<\/title>\n<meta name=\"robots\" content=\"index, follow, max-snippet:-1, max-image-preview:large, max-video-preview:-1\" \/>\n<link rel=\"canonical\" href=\"https:\/\/www.eldiario.net\/portal\/2022\/10\/11\/detencion-preventiva-para-sujeto-que-asesino-a-una-adolescente\/\" \/>\n<meta property=\"og:locale\" content=\"es_ES\" \/>\n<meta property=\"og:type\" content=\"article\" \/>\n<meta property=\"og:title\" content=\"Detenci\u00f3n preventiva para sujeto que asesin\u00f3 a una adolescente - El Diario - Bolivia\" \/>\n<meta property=\"og:description\" content=\"Carlos D. T., fue enviado con detenci\u00f3n preventiva, por seis meses, al penal de m\u00e1xima seguridad de Chonchocoro, imputado por el feminicidio de Daniela, una adolescente de 17 a\u00f1os que fue asesinada en la comunidad de Cajuata del departamento de La Paz, inform\u00f3 ayer la fiscal Elizabeth Zambrana. \u201cQuedan actos periciales por realizar de la [&hellip;]\" \/>\n<meta property=\"og:url\" content=\"https:\/\/www.eldiario.net\/portal\/2022\/10\/11\/detencion-preventiva-para-sujeto-que-asesino-a-una-adolescente\/\" \/>\n<meta property=\"og:site_name\" content=\"El Diario - Bolivia\" \/>\n<meta property=\"article:publisher\" content=\"https:\/\/www.facebook.com\/eldiario.bolivia\/\" \/>\n<meta property=\"article:published_time\" content=\"2022-10-11T09:49:42+00:00\" \/>\n<meta property=\"og:image\" content=\"https:\/\/www.eldiario.net\/portal\/wp-content\/uploads\/2022\/10\/DANIELA-FOTO-1.jpeg\" \/>\n\t<meta property=\"og:image:width\" content=\"1600\" \/>\n\t<meta property=\"og:image:height\" content=\"900\" \/>\n\t<meta property=\"og:image:type\" content=\"image\/jpeg\" \/>\n<meta name=\"author\" content=\"Jeanette\" \/>\n<meta name=\"twitter:card\" content=\"summary_large_image\" \/>\n<meta name=\"twitter:creator\" content=\"@eldiario_net\" \/>\n<meta name=\"twitter:site\" content=\"@eldiario_net\" \/>\n<meta name=\"twitter:label1\" content=\"Escrito por\" \/>\n\t<meta name=\"twitter:data1\" content=\"Jeanette\" \/>\n\t<meta name=\"twitter:label2\" content=\"Tiempo de lectura\" \/>\n\t<meta name=\"twitter:data2\" content=\"3 minutos\" \/>\n<script type=\"application\/ld+json\" class=\"yoast-schema-graph\">{\"@context\":\"https:\\\/\\\/schema.org\",\"@graph\":[{\"@type\":\"Article\",\"@id\":\"https:\\\/\\\/www.eldiario.net\\\/portal\\\/2022\\\/10\\\/11\\\/detencion-preventiva-para-sujeto-que-asesino-a-una-adolescente\\\/#article\",\"isPartOf\":{\"@id\":\"https:\\\/\\\/www.eldiario.net\\\/portal\\\/2022\\\/10\\\/11\\\/detencion-preventiva-para-sujeto-que-asesino-a-una-adolescente\\\/\"},\"author\":{\"name\":\"Jeanette\",\"@id\":\"https:\\\/\\\/www.eldiario.net\\\/portal\\\/#\\\/schema\\\/person\\\/2c57cf2b7a7ae032e449e4c9b1019eac\"},\"headline\":\"Detenci\u00f3n preventiva para sujeto que asesin\u00f3 a una adolescente\",\"datePublished\":\"2022-10-11T09:49:42+00:00\",\"mainEntityOfPage\":{\"@id\":\"https:\\\/\\\/www.eldiario.net\\\/portal\\\/2022\\\/10\\\/11\\\/detencion-preventiva-para-sujeto-que-asesino-a-una-adolescente\\\/\"},\"wordCount\":517,\"publisher\":{\"@id\":\"https:\\\/\\\/www.eldiario.net\\\/portal\\\/#organization\"},\"image\":{\"@id\":\"https:\\\/\\\/www.eldiario.net\\\/portal\\\/2022\\\/10\\\/11\\\/detencion-preventiva-para-sujeto-que-asesino-a-una-adolescente\\\/#primaryimage\"},\"thumbnailUrl\":\"https:\\\/\\\/www.eldiario.net\\\/portal\\\/wp-content\\\/uploads\\\/2022\\\/10\\\/DANIELA-FOTO-1.jpeg\",\"articleSection\":[\"Sociedad - Seguridad\"],\"inLanguage\":\"es\"},{\"@type\":\"WebPage\",\"@id\":\"https:\\\/\\\/www.eldiario.net\\\/portal\\\/2022\\\/10\\\/11\\\/detencion-preventiva-para-sujeto-que-asesino-a-una-adolescente\\\/\",\"url\":\"https:\\\/\\\/www.eldiario.net\\\/portal\\\/2022\\\/10\\\/11\\\/detencion-preventiva-para-sujeto-que-asesino-a-una-adolescente\\\/\",\"name\":\"Detenci\u00f3n preventiva para sujeto que asesin\u00f3 a una adolescente - El Diario - Bolivia\",\"isPartOf\":{\"@id\":\"https:\\\/\\\/www.eldiario.net\\\/portal\\\/#website\"},\"primaryImageOfPage\":{\"@id\":\"https:\\\/\\\/www.eldiario.net\\\/portal\\\/2022\\\/10\\\/11\\\/detencion-preventiva-para-sujeto-que-asesino-a-una-adolescente\\\/#primaryimage\"},\"image\":{\"@id\":\"https:\\\/\\\/www.eldiario.net\\\/portal\\\/2022\\\/10\\\/11\\\/detencion-preventiva-para-sujeto-que-asesino-a-una-adolescente\\\/#primaryimage\"},\"thumbnailUrl\":\"https:\\\/\\\/www.eldiario.net\\\/portal\\\/wp-content\\\/uploads\\\/2022\\\/10\\\/DANIELA-FOTO-1.jpeg\",\"datePublished\":\"2022-10-11T09:49:42+00:00\",\"breadcrumb\":{\"@id\":\"https:\\\/\\\/www.eldiario.net\\\/portal\\\/2022\\\/10\\\/11\\\/detencion-preventiva-para-sujeto-que-asesino-a-una-adolescente\\\/#breadcrumb\"},\"inLanguage\":\"es\",\"potentialAction\":[{\"@type\":\"ReadAction\",\"target\":[\"https:\\\/\\\/www.eldiario.net\\\/portal\\\/2022\\\/10\\\/11\\\/detencion-preventiva-para-sujeto-que-asesino-a-una-adolescente\\\/\"]}]},{\"@type\":\"ImageObject\",\"inLanguage\":\"es\",\"@id\":\"https:\\\/\\\/www.eldiario.net\\\/portal\\\/2022\\\/10\\\/11\\\/detencion-preventiva-para-sujeto-que-asesino-a-una-adolescente\\\/#primaryimage\",\"url\":\"https:\\\/\\\/www.eldiario.net\\\/portal\\\/wp-content\\\/uploads\\\/2022\\\/10\\\/DANIELA-FOTO-1.jpeg\",\"contentUrl\":\"https:\\\/\\\/www.eldiario.net\\\/portal\\\/wp-content\\\/uploads\\\/2022\\\/10\\\/DANIELA-FOTO-1.jpeg\",\"width\":1600,\"height\":900},{\"@type\":\"BreadcrumbList\",\"@id\":\"https:\\\/\\\/www.eldiario.net\\\/portal\\\/2022\\\/10\\\/11\\\/detencion-preventiva-para-sujeto-que-asesino-a-una-adolescente\\\/#breadcrumb\",\"itemListElement\":[{\"@type\":\"ListItem\",\"position\":1,\"name\":\"Portada\",\"item\":\"https:\\\/\\\/www.eldiario.net\\\/portal\\\/\"},{\"@type\":\"ListItem\",\"position\":2,\"name\":\"Detenci\u00f3n preventiva para sujeto que asesin\u00f3 a una adolescente\"}]},{\"@type\":\"WebSite\",\"@id\":\"https:\\\/\\\/www.eldiario.net\\\/portal\\\/#website\",\"url\":\"https:\\\/\\\/www.eldiario.net\\\/portal\\\/\",\"name\":\"El Diario - Decano de la prensa nacional\",\"description\":\"El Diario - Decano de la prensa nacional\",\"publisher\":{\"@id\":\"https:\\\/\\\/www.eldiario.net\\\/portal\\\/#organization\"},\"potentialAction\":[{\"@type\":\"SearchAction\",\"target\":{\"@type\":\"EntryPoint\",\"urlTemplate\":\"https:\\\/\\\/www.eldiario.net\\\/portal\\\/?s={search_term_string}\"},\"query-input\":{\"@type\":\"PropertyValueSpecification\",\"valueRequired\":true,\"valueName\":\"search_term_string\"}}],\"inLanguage\":\"es\"},{\"@type\":\"Organization\",\"@id\":\"https:\\\/\\\/www.eldiario.net\\\/portal\\\/#organization\",\"name\":\"El Diario - Decano de la prensa nacional\",\"url\":\"https:\\\/\\\/www.eldiario.net\\\/portal\\\/\",\"logo\":{\"@type\":\"ImageObject\",\"inLanguage\":\"es\",\"@id\":\"https:\\\/\\\/www.eldiario.net\\\/portal\\\/#\\\/schema\\\/logo\\\/image\\\/\",\"url\":\"https:\\\/\\\/www.eldiario.net\\\/portal\\\/wp-content\\\/uploads\\\/2023\\\/07\\\/logo_ED.jpg\",\"contentUrl\":\"https:\\\/\\\/www.eldiario.net\\\/portal\\\/wp-content\\\/uploads\\\/2023\\\/07\\\/logo_ED.jpg\",\"width\":272,\"height\":52,\"caption\":\"El Diario - Decano de la prensa nacional\"},\"image\":{\"@id\":\"https:\\\/\\\/www.eldiario.net\\\/portal\\\/#\\\/schema\\\/logo\\\/image\\\/\"},\"sameAs\":[\"https:\\\/\\\/www.facebook.com\\\/eldiario.bolivia\\\/\",\"https:\\\/\\\/x.com\\\/eldiario_net\"]},{\"@type\":\"Person\",\"@id\":\"https:\\\/\\\/www.eldiario.net\\\/portal\\\/#\\\/schema\\\/person\\\/2c57cf2b7a7ae032e449e4c9b1019eac\",\"name\":\"Jeanette\",\"image\":{\"@type\":\"ImageObject\",\"inLanguage\":\"es\",\"@id\":\"https:\\\/\\\/secure.gravatar.com\\\/avatar\\\/3ea2118a5f7dad2b7138b1187a6b7ee55f160b9968b66013c3a3ef39dd7e5798?s=96&d=mm&r=g\",\"url\":\"https:\\\/\\\/secure.gravatar.com\\\/avatar\\\/3ea2118a5f7dad2b7138b1187a6b7ee55f160b9968b66013c3a3ef39dd7e5798?s=96&d=mm&r=g\",\"contentUrl\":\"https:\\\/\\\/secure.gravatar.com\\\/avatar\\\/3ea2118a5f7dad2b7138b1187a6b7ee55f160b9968b66013c3a3ef39dd7e5798?s=96&d=mm&r=g\",\"caption\":\"Jeanette\"},\"sameAs\":[\"https:\\\/\\\/www.eldiario.net\\\/portal\"],\"url\":\"https:\\\/\\\/www.eldiario.net\\\/portal\\\/author\\\/jeanette\\\/\"}]}<\/script>\n<!-- \/ Yoast SEO plugin. -->","yoast_head_json":{"title":"Detenci\u00f3n preventiva para sujeto que asesin\u00f3 a una adolescente - El Diario - Bolivia","robots":{"index":"index","follow":"follow","max-snippet":"max-snippet:-1","max-image-preview":"max-image-preview:large","max-video-preview":"max-video-preview:-1"},"canonical":"https:\/\/www.eldiario.net\/portal\/2022\/10\/11\/detencion-preventiva-para-sujeto-que-asesino-a-una-adolescente\/","og_locale":"es_ES","og_type":"article","og_title":"Detenci\u00f3n preventiva para sujeto que asesin\u00f3 a una adolescente - El Diario - Bolivia","og_description":"Carlos D. T., fue enviado con detenci\u00f3n preventiva, por seis meses, al penal de m\u00e1xima seguridad de Chonchocoro, imputado por el feminicidio de Daniela, una adolescente de 17 a\u00f1os que fue asesinada en la comunidad de Cajuata del departamento de La Paz, inform\u00f3 ayer la fiscal Elizabeth Zambrana. \u201cQuedan actos periciales por realizar de la [&hellip;]","og_url":"https:\/\/www.eldiario.net\/portal\/2022\/10\/11\/detencion-preventiva-para-sujeto-que-asesino-a-una-adolescente\/","og_site_name":"El Diario - Bolivia","article_publisher":"https:\/\/www.facebook.com\/eldiario.bolivia\/","article_published_time":"2022-10-11T09:49:42+00:00","og_image":[{"width":1600,"height":900,"url":"https:\/\/www.eldiario.net\/portal\/wp-content\/uploads\/2022\/10\/DANIELA-FOTO-1.jpeg","type":"image\/jpeg"}],"author":"Jeanette","twitter_card":"summary_large_image","twitter_creator":"@eldiario_net","twitter_site":"@eldiario_net","twitter_misc":{"Escrito por":"Jeanette","Tiempo de lectura":"3 minutos"},"schema":{"@context":"https:\/\/schema.org","@graph":[{"@type":"Article","@id":"https:\/\/www.eldiario.net\/portal\/2022\/10\/11\/detencion-preventiva-para-sujeto-que-asesino-a-una-adolescente\/#article","isPartOf":{"@id":"https:\/\/www.eldiario.net\/portal\/2022\/10\/11\/detencion-preventiva-para-sujeto-que-asesino-a-una-adolescente\/"},"author":{"name":"Jeanette","@id":"https:\/\/www.eldiario.net\/portal\/#\/schema\/person\/2c57cf2b7a7ae032e449e4c9b1019eac"},"headline":"Detenci\u00f3n preventiva para sujeto que asesin\u00f3 a una adolescente","datePublished":"2022-10-11T09:49:42+00:00","mainEntityOfPage":{"@id":"https:\/\/www.eldiario.net\/portal\/2022\/10\/11\/detencion-preventiva-para-sujeto-que-asesino-a-una-adolescente\/"},"wordCount":517,"publisher":{"@id":"https:\/\/www.eldiario.net\/portal\/#organization"},"image":{"@id":"https:\/\/www.eldiario.net\/portal\/2022\/10\/11\/detencion-preventiva-para-sujeto-que-asesino-a-una-adolescente\/#primaryimage"},"thumbnailUrl":"https:\/\/www.eldiario.net\/portal\/wp-content\/uploads\/2022\/10\/DANIELA-FOTO-1.jpeg","articleSection":["Sociedad - Seguridad"],"inLanguage":"es"},{"@type":"WebPage","@id":"https:\/\/www.eldiario.net\/portal\/2022\/10\/11\/detencion-preventiva-para-sujeto-que-asesino-a-una-adolescente\/","url":"https:\/\/www.eldiario.net\/portal\/2022\/10\/11\/detencion-preventiva-para-sujeto-que-asesino-a-una-adolescente\/","name":"Detenci\u00f3n preventiva para sujeto que asesin\u00f3 a una adolescente - El Diario - Bolivia","isPartOf":{"@id":"https:\/\/www.eldiario.net\/portal\/#website"},"primaryImageOfPage":{"@id":"https:\/\/www.eldiario.net\/portal\/2022\/10\/11\/detencion-preventiva-para-sujeto-que-asesino-a-una-adolescente\/#primaryimage"},"image":{"@id":"https:\/\/www.eldiario.net\/portal\/2022\/10\/11\/detencion-preventiva-para-sujeto-que-asesino-a-una-adolescente\/#primaryimage"},"thumbnailUrl":"https:\/\/www.eldiario.net\/portal\/wp-content\/uploads\/2022\/10\/DANIELA-FOTO-1.jpeg","datePublished":"2022-10-11T09:49:42+00:00","breadcrumb":{"@id":"https:\/\/www.eldiario.net\/portal\/2022\/10\/11\/detencion-preventiva-para-sujeto-que-asesino-a-una-adolescente\/#breadcrumb"},"inLanguage":"es","potentialAction":[{"@type":"ReadAction","target":["https:\/\/www.eldiario.net\/portal\/2022\/10\/11\/detencion-preventiva-para-sujeto-que-asesino-a-una-adolescente\/"]}]},{"@type":"ImageObject","inLanguage":"es","@id":"https:\/\/www.eldiario.net\/portal\/2022\/10\/11\/detencion-preventiva-para-sujeto-que-asesino-a-una-adolescente\/#primaryimage","url":"https:\/\/www.eldiario.net\/portal\/wp-content\/uploads\/2022\/10\/DANIELA-FOTO-1.jpeg","contentUrl":"https:\/\/www.eldiario.net\/portal\/wp-content\/uploads\/2022\/10\/DANIELA-FOTO-1.jpeg","width":1600,"height":900},{"@type":"BreadcrumbList","@id":"https:\/\/www.eldiario.net\/portal\/2022\/10\/11\/detencion-preventiva-para-sujeto-que-asesino-a-una-adolescente\/#breadcrumb","itemListElement":[{"@type":"ListItem","position":1,"name":"Portada","item":"https:\/\/www.eldiario.net\/portal\/"},{"@type":"ListItem","position":2,"name":"Detenci\u00f3n preventiva para sujeto que asesin\u00f3 a una adolescente"}]},{"@type":"WebSite","@id":"https:\/\/www.eldiario.net\/portal\/#website","url":"https:\/\/www.eldiario.net\/portal\/","name":"El Diario - Decano de la prensa nacional","description":"El Diario - Decano de la prensa nacional","publisher":{"@id":"https:\/\/www.eldiario.net\/portal\/#organization"},"potentialAction":[{"@type":"SearchAction","target":{"@type":"EntryPoint","urlTemplate":"https:\/\/www.eldiario.net\/portal\/?s={search_term_string}"},"query-input":{"@type":"PropertyValueSpecification","valueRequired":true,"valueName":"search_term_string"}}],"inLanguage":"es"},{"@type":"Organization","@id":"https:\/\/www.eldiario.net\/portal\/#organization","name":"El Diario - Decano de la prensa nacional","url":"https:\/\/www.eldiario.net\/portal\/","logo":{"@type":"ImageObject","inLanguage":"es","@id":"https:\/\/www.eldiario.net\/portal\/#\/schema\/logo\/image\/","url":"https:\/\/www.eldiario.net\/portal\/wp-content\/uploads\/2023\/07\/logo_ED.jpg","contentUrl":"https:\/\/www.eldiario.net\/portal\/wp-content\/uploads\/2023\/07\/logo_ED.jpg","width":272,"height":52,"caption":"El Diario - Decano de la prensa nacional"},"image":{"@id":"https:\/\/www.eldiario.net\/portal\/#\/schema\/logo\/image\/"},"sameAs":["https:\/\/www.facebook.com\/eldiario.bolivia\/","https:\/\/x.com\/eldiario_net"]},{"@type":"Person","@id":"https:\/\/www.eldiario.net\/portal\/#\/schema\/person\/2c57cf2b7a7ae032e449e4c9b1019eac","name":"Jeanette","image":{"@type":"ImageObject","inLanguage":"es","@id":"https:\/\/secure.gravatar.com\/avatar\/3ea2118a5f7dad2b7138b1187a6b7ee55f160b9968b66013c3a3ef39dd7e5798?s=96&d=mm&r=g","url":"https:\/\/secure.gravatar.com\/avatar\/3ea2118a5f7dad2b7138b1187a6b7ee55f160b9968b66013c3a3ef39dd7e5798?s=96&d=mm&r=g","contentUrl":"https:\/\/secure.gravatar.com\/avatar\/3ea2118a5f7dad2b7138b1187a6b7ee55f160b9968b66013c3a3ef39dd7e5798?s=96&d=mm&r=g","caption":"Jeanette"},"sameAs":["https:\/\/www.eldiario.net\/portal"],"url":"https:\/\/www.eldiario.net\/portal\/author\/jeanette\/"}]}},"_links":{"self":[{"href":"https:\/\/www.eldiario.net\/portal\/wp-json\/wp\/v2\/posts\/115912","targetHints":{"allow":["GET"]}}],"collection":[{"href":"https:\/\/www.eldiario.net\/portal\/wp-json\/wp\/v2\/posts"}],"about":[{"href":"https:\/\/www.eldiario.net\/portal\/wp-json\/wp\/v2\/types\/post"}],"author":[{"embeddable":true,"href":"https:\/\/www.eldiario.net\/portal\/wp-json\/wp\/v2\/users\/1"}],"replies":[{"embeddable":true,"href":"https:\/\/www.eldiario.net\/portal\/wp-json\/wp\/v2\/comments?post=115912"}],"version-history":[{"count":0,"href":"https:\/\/www.eldiario.net\/portal\/wp-json\/wp\/v2\/posts\/115912\/revisions"}],"wp:featuredmedia":[{"embeddable":true,"href":"https:\/\/www.eldiario.net\/portal\/wp-json\/wp\/v2\/media\/116040"}],"wp:attachment":[{"href":"https:\/\/www.eldiario.net\/portal\/wp-json\/wp\/v2\/media?parent=115912"}],"wp:term":[{"taxonomy":"category","embeddable":true,"href":"https:\/\/www.eldiario.net\/portal\/wp-json\/wp\/v2\/categories?post=115912"},{"taxonomy":"post_tag","embeddable":true,"href":"https:\/\/www.eldiario.net\/portal\/wp-json\/wp\/v2\/tags?post=115912"}],"curies":[{"name":"wp","href":"https:\/\/api.w.org\/{rel}","templated":true}]}}