{"id":115910,"date":"2022-10-11T05:48:26","date_gmt":"2022-10-11T09:48:26","guid":{"rendered":"https:\/\/www.eldiario.net\/portal\/?p=115910"},"modified":"2022-10-11T05:48:26","modified_gmt":"2022-10-11T09:48:26","slug":"superavit-comercial-descendio-al-mes-de-agosto","status":"publish","type":"post","link":"https:\/\/www.eldiario.net\/portal\/2022\/10\/11\/superavit-comercial-descendio-al-mes-de-agosto\/","title":{"rendered":"Super\u00e1vit comercial  descendi\u00f3 al mes de agosto"},"content":{"rendered":"<p>En julio de la presente gesti\u00f3n el saldo comercial lleg\u00f3 a 1.287 millones de d\u00f3lares, pero a agost\u00f3 se redujo a 1.102 millones, es decir en m\u00e1s de 100 millones, de acuerdo a los datos estad\u00edsticos oficiales presentados por el Instituto Nacional de Estad\u00edstica (INE) y el Instituto Boliviano de Comercio Exterior (IBCE).<\/p>\n<p>A julio de 2022, el saldo comercial de Bolivia registr\u00f3 un super\u00e1vit de 1.287 millones de d\u00f3lares, monto mayor al registrado a similar per\u00edodo de 2021, cuando alcanz\u00f3 a 1.138 millones de d\u00f3lares. Se destaca la continua recuperaci\u00f3n de la balanza comercial, mostrando al s\u00e9ptimo mes del a\u00f1o, el valor m\u00e1s alto registrado en los \u00faltimos ocho a\u00f1os, se\u00f1ala un bolet\u00edn del INE.<\/p>\n<p>Entre tanto, al octavo mes del a\u00f1o, las exportaciones bolivianas alcanzaron a 9.456 millones de d\u00f3lares por la venta de m\u00e1s de 10 millones de toneladas; mientras que las importaciones del pa\u00eds llegaron a 8.354 millones, inform\u00f3 el IBCE, con datos del Instituto Nacional de Estad\u00edstica (INE).<\/p>\n<p>\u201cLas exportaciones de Bolivia alcanzaron los 9.456 millones de d\u00f3lares entre enero y agosto de 2022, por la venta de m\u00e1s de 10 millones de toneladas, registrando un crecimiento del 35% en el valor y 4% en volumen\u201d, indica un reporte del Instituto Boliviano de Comercio Exterior (IBCE).<\/p>\n<p>Seg\u00fan datos de esa instituci\u00f3n, el sector de hidrocarburos registr\u00f3 un crecimiento del 37% en el valor de sus exportaciones, al alcanzar los 2.120 millones de d\u00f3lares a agosto de 2022.\u00a0 Por otra parte, las ventas externas de minerales registraron un 23% de incremento en valor a llegar a 4.483 millones.<\/p>\n<p>En cuanto a las exportaciones no tradicionales, que tienen el 30% de participaci\u00f3n sobre el total comercializado al mercado externo, incrementaron un 58% en valor; es decir que, al octavo mes de este a\u00f1o, llegaron a 2.851 millones de d\u00f3lares.<\/p>\n<p>En la lista de productos no tradicionales exportados est\u00e1n: soya y derivados, casta\u00f1a, girasol y derivados, carne bovina, joyer\u00eda, madera y manufacturas, az\u00facar, alcohol et\u00edlico, quinua, banana, leche, cueros y manufacturas, frijol, s\u00e9samo, confecciones textiles, ch\u00eda, caf\u00e9 y palmitos.<\/p>\n<p>Alrededor del 52% de las compras externas estuvieron representadas por bienes de capital, suministros industriales y equipos de transporte. La categor\u00eda de combustibles y lubricantes subi\u00f3 un 166% en valor y un 50% en volumen.<\/p>\n","protected":false},"excerpt":{"rendered":"<p>En julio de la presente gesti\u00f3n el saldo comercial lleg\u00f3 a 1.287 millones de d\u00f3lares, pero a agost\u00f3 se redujo a 1.102 millones, es decir en m\u00e1s de 100 millones, de acuerdo a los datos estad\u00edsticos oficiales presentados por el Instituto Nacional de Estad\u00edstica (INE) y el Instituto Boliviano de Comercio Exterior (IBCE). A julio [&hellip;]<\/p>\n","protected":false},"author":1,"featured_media":0,"comment_status":"closed","ping_status":"closed","sticky":false,"template":"","format":"standard","meta":{"_acf_changed":false,"footnotes":""},"categories":[7],"tags":[],"class_list":["post-115910","post","type-post","status-publish","format-standard","category-economia"],"acf":{"antetitulo":""},"yoast_head":"<!-- This site is optimized with the Yoast SEO plugin v28.4 - https:\/\/yoast.com\/product\/yoast-seo-wordpress\/ -->\n<title>Super\u00e1vit comercial descendi\u00f3 al mes de agosto - El Diario - Bolivia<\/title>\n<meta name=\"robots\" content=\"index, follow, max-snippet:-1, max-image-preview:large, max-video-preview:-1\" \/>\n<link rel=\"canonical\" href=\"https:\/\/www.eldiario.net\/portal\/2022\/10\/11\/superavit-comercial-descendio-al-mes-de-agosto\/\" \/>\n<meta property=\"og:locale\" content=\"es_ES\" \/>\n<meta property=\"og:type\" content=\"article\" \/>\n<meta property=\"og:title\" content=\"Super\u00e1vit comercial descendi\u00f3 al mes de agosto - El Diario - Bolivia\" \/>\n<meta property=\"og:description\" content=\"En julio de la presente gesti\u00f3n el saldo comercial lleg\u00f3 a 1.287 millones de d\u00f3lares, pero a agost\u00f3 se redujo a 1.102 millones, es decir en m\u00e1s de 100 millones, de acuerdo a los datos estad\u00edsticos oficiales presentados por el Instituto Nacional de Estad\u00edstica (INE) y el Instituto Boliviano de Comercio Exterior (IBCE). A julio [&hellip;]\" \/>\n<meta property=\"og:url\" content=\"https:\/\/www.eldiario.net\/portal\/2022\/10\/11\/superavit-comercial-descendio-al-mes-de-agosto\/\" \/>\n<meta property=\"og:site_name\" content=\"El Diario - Bolivia\" \/>\n<meta property=\"article:publisher\" content=\"https:\/\/www.facebook.com\/eldiario.bolivia\/\" \/>\n<meta property=\"article:published_time\" content=\"2022-10-11T09:48:26+00:00\" \/>\n<meta name=\"author\" content=\"Jeanette\" \/>\n<meta name=\"twitter:card\" content=\"summary_large_image\" \/>\n<meta name=\"twitter:creator\" content=\"@eldiario_net\" \/>\n<meta name=\"twitter:site\" content=\"@eldiario_net\" \/>\n<meta name=\"twitter:label1\" content=\"Escrito por\" \/>\n\t<meta name=\"twitter:data1\" content=\"Jeanette\" \/>\n\t<meta name=\"twitter:label2\" content=\"Tiempo de lectura\" \/>\n\t<meta name=\"twitter:data2\" content=\"2 minutos\" \/>\n<script type=\"application\/ld+json\" class=\"yoast-schema-graph\">{\"@context\":\"https:\\\/\\\/schema.org\",\"@graph\":[{\"@type\":\"Article\",\"@id\":\"https:\\\/\\\/www.eldiario.net\\\/portal\\\/2022\\\/10\\\/11\\\/superavit-comercial-descendio-al-mes-de-agosto\\\/#article\",\"isPartOf\":{\"@id\":\"https:\\\/\\\/www.eldiario.net\\\/portal\\\/2022\\\/10\\\/11\\\/superavit-comercial-descendio-al-mes-de-agosto\\\/\"},\"author\":{\"name\":\"Jeanette\",\"@id\":\"https:\\\/\\\/www.eldiario.net\\\/portal\\\/#\\\/schema\\\/person\\\/2c57cf2b7a7ae032e449e4c9b1019eac\"},\"headline\":\"Super\u00e1vit comercial descendi\u00f3 al mes de agosto\",\"datePublished\":\"2022-10-11T09:48:26+00:00\",\"mainEntityOfPage\":{\"@id\":\"https:\\\/\\\/www.eldiario.net\\\/portal\\\/2022\\\/10\\\/11\\\/superavit-comercial-descendio-al-mes-de-agosto\\\/\"},\"wordCount\":395,\"publisher\":{\"@id\":\"https:\\\/\\\/www.eldiario.net\\\/portal\\\/#organization\"},\"articleSection\":[\"Econom\u00eda\"],\"inLanguage\":\"es\"},{\"@type\":\"WebPage\",\"@id\":\"https:\\\/\\\/www.eldiario.net\\\/portal\\\/2022\\\/10\\\/11\\\/superavit-comercial-descendio-al-mes-de-agosto\\\/\",\"url\":\"https:\\\/\\\/www.eldiario.net\\\/portal\\\/2022\\\/10\\\/11\\\/superavit-comercial-descendio-al-mes-de-agosto\\\/\",\"name\":\"Super\u00e1vit comercial descendi\u00f3 al mes de agosto - El Diario - Bolivia\",\"isPartOf\":{\"@id\":\"https:\\\/\\\/www.eldiario.net\\\/portal\\\/#website\"},\"datePublished\":\"2022-10-11T09:48:26+00:00\",\"breadcrumb\":{\"@id\":\"https:\\\/\\\/www.eldiario.net\\\/portal\\\/2022\\\/10\\\/11\\\/superavit-comercial-descendio-al-mes-de-agosto\\\/#breadcrumb\"},\"inLanguage\":\"es\",\"potentialAction\":[{\"@type\":\"ReadAction\",\"target\":[\"https:\\\/\\\/www.eldiario.net\\\/portal\\\/2022\\\/10\\\/11\\\/superavit-comercial-descendio-al-mes-de-agosto\\\/\"]}]},{\"@type\":\"BreadcrumbList\",\"@id\":\"https:\\\/\\\/www.eldiario.net\\\/portal\\\/2022\\\/10\\\/11\\\/superavit-comercial-descendio-al-mes-de-agosto\\\/#breadcrumb\",\"itemListElement\":[{\"@type\":\"ListItem\",\"position\":1,\"name\":\"Portada\",\"item\":\"https:\\\/\\\/www.eldiario.net\\\/portal\\\/\"},{\"@type\":\"ListItem\",\"position\":2,\"name\":\"Super\u00e1vit comercial descendi\u00f3 al mes de agosto\"}]},{\"@type\":\"WebSite\",\"@id\":\"https:\\\/\\\/www.eldiario.net\\\/portal\\\/#website\",\"url\":\"https:\\\/\\\/www.eldiario.net\\\/portal\\\/\",\"name\":\"El Diario - Decano de la prensa nacional\",\"description\":\"El Diario - Decano de la prensa nacional\",\"publisher\":{\"@id\":\"https:\\\/\\\/www.eldiario.net\\\/portal\\\/#organization\"},\"potentialAction\":[{\"@type\":\"SearchAction\",\"target\":{\"@type\":\"EntryPoint\",\"urlTemplate\":\"https:\\\/\\\/www.eldiario.net\\\/portal\\\/?s={search_term_string}\"},\"query-input\":{\"@type\":\"PropertyValueSpecification\",\"valueRequired\":true,\"valueName\":\"search_term_string\"}}],\"inLanguage\":\"es\"},{\"@type\":\"Organization\",\"@id\":\"https:\\\/\\\/www.eldiario.net\\\/portal\\\/#organization\",\"name\":\"El Diario - Decano de la prensa nacional\",\"url\":\"https:\\\/\\\/www.eldiario.net\\\/portal\\\/\",\"logo\":{\"@type\":\"ImageObject\",\"inLanguage\":\"es\",\"@id\":\"https:\\\/\\\/www.eldiario.net\\\/portal\\\/#\\\/schema\\\/logo\\\/image\\\/\",\"url\":\"https:\\\/\\\/www.eldiario.net\\\/portal\\\/wp-content\\\/uploads\\\/2023\\\/07\\\/logo_ED.jpg\",\"contentUrl\":\"https:\\\/\\\/www.eldiario.net\\\/portal\\\/wp-content\\\/uploads\\\/2023\\\/07\\\/logo_ED.jpg\",\"width\":272,\"height\":52,\"caption\":\"El Diario - Decano de la prensa nacional\"},\"image\":{\"@id\":\"https:\\\/\\\/www.eldiario.net\\\/portal\\\/#\\\/schema\\\/logo\\\/image\\\/\"},\"sameAs\":[\"https:\\\/\\\/www.facebook.com\\\/eldiario.bolivia\\\/\",\"https:\\\/\\\/x.com\\\/eldiario_net\"]},{\"@type\":\"Person\",\"@id\":\"https:\\\/\\\/www.eldiario.net\\\/portal\\\/#\\\/schema\\\/person\\\/2c57cf2b7a7ae032e449e4c9b1019eac\",\"name\":\"Jeanette\",\"image\":{\"@type\":\"ImageObject\",\"inLanguage\":\"es\",\"@id\":\"https:\\\/\\\/secure.gravatar.com\\\/avatar\\\/3ea2118a5f7dad2b7138b1187a6b7ee55f160b9968b66013c3a3ef39dd7e5798?s=96&d=mm&r=g\",\"url\":\"https:\\\/\\\/secure.gravatar.com\\\/avatar\\\/3ea2118a5f7dad2b7138b1187a6b7ee55f160b9968b66013c3a3ef39dd7e5798?s=96&d=mm&r=g\",\"contentUrl\":\"https:\\\/\\\/secure.gravatar.com\\\/avatar\\\/3ea2118a5f7dad2b7138b1187a6b7ee55f160b9968b66013c3a3ef39dd7e5798?s=96&d=mm&r=g\",\"caption\":\"Jeanette\"},\"sameAs\":[\"https:\\\/\\\/www.eldiario.net\\\/portal\"],\"url\":\"https:\\\/\\\/www.eldiario.net\\\/portal\\\/author\\\/jeanette\\\/\"}]}<\/script>\n<!-- \/ Yoast SEO plugin. -->","yoast_head_json":{"title":"Super\u00e1vit comercial descendi\u00f3 al mes de agosto - El Diario - Bolivia","robots":{"index":"index","follow":"follow","max-snippet":"max-snippet:-1","max-image-preview":"max-image-preview:large","max-video-preview":"max-video-preview:-1"},"canonical":"https:\/\/www.eldiario.net\/portal\/2022\/10\/11\/superavit-comercial-descendio-al-mes-de-agosto\/","og_locale":"es_ES","og_type":"article","og_title":"Super\u00e1vit comercial descendi\u00f3 al mes de agosto - El Diario - Bolivia","og_description":"En julio de la presente gesti\u00f3n el saldo comercial lleg\u00f3 a 1.287 millones de d\u00f3lares, pero a agost\u00f3 se redujo a 1.102 millones, es decir en m\u00e1s de 100 millones, de acuerdo a los datos estad\u00edsticos oficiales presentados por el Instituto Nacional de Estad\u00edstica (INE) y el Instituto Boliviano de Comercio Exterior (IBCE). A julio [&hellip;]","og_url":"https:\/\/www.eldiario.net\/portal\/2022\/10\/11\/superavit-comercial-descendio-al-mes-de-agosto\/","og_site_name":"El Diario - Bolivia","article_publisher":"https:\/\/www.facebook.com\/eldiario.bolivia\/","article_published_time":"2022-10-11T09:48:26+00:00","author":"Jeanette","twitter_card":"summary_large_image","twitter_creator":"@eldiario_net","twitter_site":"@eldiario_net","twitter_misc":{"Escrito por":"Jeanette","Tiempo de lectura":"2 minutos"},"schema":{"@context":"https:\/\/schema.org","@graph":[{"@type":"Article","@id":"https:\/\/www.eldiario.net\/portal\/2022\/10\/11\/superavit-comercial-descendio-al-mes-de-agosto\/#article","isPartOf":{"@id":"https:\/\/www.eldiario.net\/portal\/2022\/10\/11\/superavit-comercial-descendio-al-mes-de-agosto\/"},"author":{"name":"Jeanette","@id":"https:\/\/www.eldiario.net\/portal\/#\/schema\/person\/2c57cf2b7a7ae032e449e4c9b1019eac"},"headline":"Super\u00e1vit comercial descendi\u00f3 al mes de agosto","datePublished":"2022-10-11T09:48:26+00:00","mainEntityOfPage":{"@id":"https:\/\/www.eldiario.net\/portal\/2022\/10\/11\/superavit-comercial-descendio-al-mes-de-agosto\/"},"wordCount":395,"publisher":{"@id":"https:\/\/www.eldiario.net\/portal\/#organization"},"articleSection":["Econom\u00eda"],"inLanguage":"es"},{"@type":"WebPage","@id":"https:\/\/www.eldiario.net\/portal\/2022\/10\/11\/superavit-comercial-descendio-al-mes-de-agosto\/","url":"https:\/\/www.eldiario.net\/portal\/2022\/10\/11\/superavit-comercial-descendio-al-mes-de-agosto\/","name":"Super\u00e1vit comercial descendi\u00f3 al mes de agosto - El Diario - Bolivia","isPartOf":{"@id":"https:\/\/www.eldiario.net\/portal\/#website"},"datePublished":"2022-10-11T09:48:26+00:00","breadcrumb":{"@id":"https:\/\/www.eldiario.net\/portal\/2022\/10\/11\/superavit-comercial-descendio-al-mes-de-agosto\/#breadcrumb"},"inLanguage":"es","potentialAction":[{"@type":"ReadAction","target":["https:\/\/www.eldiario.net\/portal\/2022\/10\/11\/superavit-comercial-descendio-al-mes-de-agosto\/"]}]},{"@type":"BreadcrumbList","@id":"https:\/\/www.eldiario.net\/portal\/2022\/10\/11\/superavit-comercial-descendio-al-mes-de-agosto\/#breadcrumb","itemListElement":[{"@type":"ListItem","position":1,"name":"Portada","item":"https:\/\/www.eldiario.net\/portal\/"},{"@type":"ListItem","position":2,"name":"Super\u00e1vit comercial descendi\u00f3 al mes de agosto"}]},{"@type":"WebSite","@id":"https:\/\/www.eldiario.net\/portal\/#website","url":"https:\/\/www.eldiario.net\/portal\/","name":"El Diario - Decano de la prensa nacional","description":"El Diario - Decano de la prensa nacional","publisher":{"@id":"https:\/\/www.eldiario.net\/portal\/#organization"},"potentialAction":[{"@type":"SearchAction","target":{"@type":"EntryPoint","urlTemplate":"https:\/\/www.eldiario.net\/portal\/?s={search_term_string}"},"query-input":{"@type":"PropertyValueSpecification","valueRequired":true,"valueName":"search_term_string"}}],"inLanguage":"es"},{"@type":"Organization","@id":"https:\/\/www.eldiario.net\/portal\/#organization","name":"El Diario - Decano de la prensa nacional","url":"https:\/\/www.eldiario.net\/portal\/","logo":{"@type":"ImageObject","inLanguage":"es","@id":"https:\/\/www.eldiario.net\/portal\/#\/schema\/logo\/image\/","url":"https:\/\/www.eldiario.net\/portal\/wp-content\/uploads\/2023\/07\/logo_ED.jpg","contentUrl":"https:\/\/www.eldiario.net\/portal\/wp-content\/uploads\/2023\/07\/logo_ED.jpg","width":272,"height":52,"caption":"El Diario - Decano de la prensa nacional"},"image":{"@id":"https:\/\/www.eldiario.net\/portal\/#\/schema\/logo\/image\/"},"sameAs":["https:\/\/www.facebook.com\/eldiario.bolivia\/","https:\/\/x.com\/eldiario_net"]},{"@type":"Person","@id":"https:\/\/www.eldiario.net\/portal\/#\/schema\/person\/2c57cf2b7a7ae032e449e4c9b1019eac","name":"Jeanette","image":{"@type":"ImageObject","inLanguage":"es","@id":"https:\/\/secure.gravatar.com\/avatar\/3ea2118a5f7dad2b7138b1187a6b7ee55f160b9968b66013c3a3ef39dd7e5798?s=96&d=mm&r=g","url":"https:\/\/secure.gravatar.com\/avatar\/3ea2118a5f7dad2b7138b1187a6b7ee55f160b9968b66013c3a3ef39dd7e5798?s=96&d=mm&r=g","contentUrl":"https:\/\/secure.gravatar.com\/avatar\/3ea2118a5f7dad2b7138b1187a6b7ee55f160b9968b66013c3a3ef39dd7e5798?s=96&d=mm&r=g","caption":"Jeanette"},"sameAs":["https:\/\/www.eldiario.net\/portal"],"url":"https:\/\/www.eldiario.net\/portal\/author\/jeanette\/"}]}},"_links":{"self":[{"href":"https:\/\/www.eldiario.net\/portal\/wp-json\/wp\/v2\/posts\/115910","targetHints":{"allow":["GET"]}}],"collection":[{"href":"https:\/\/www.eldiario.net\/portal\/wp-json\/wp\/v2\/posts"}],"about":[{"href":"https:\/\/www.eldiario.net\/portal\/wp-json\/wp\/v2\/types\/post"}],"author":[{"embeddable":true,"href":"https:\/\/www.eldiario.net\/portal\/wp-json\/wp\/v2\/users\/1"}],"replies":[{"embeddable":true,"href":"https:\/\/www.eldiario.net\/portal\/wp-json\/wp\/v2\/comments?post=115910"}],"version-history":[{"count":0,"href":"https:\/\/www.eldiario.net\/portal\/wp-json\/wp\/v2\/posts\/115910\/revisions"}],"wp:attachment":[{"href":"https:\/\/www.eldiario.net\/portal\/wp-json\/wp\/v2\/media?parent=115910"}],"wp:term":[{"taxonomy":"category","embeddable":true,"href":"https:\/\/www.eldiario.net\/portal\/wp-json\/wp\/v2\/categories?post=115910"},{"taxonomy":"post_tag","embeddable":true,"href":"https:\/\/www.eldiario.net\/portal\/wp-json\/wp\/v2\/tags?post=115910"}],"curies":[{"name":"wp","href":"https:\/\/api.w.org\/{rel}","templated":true}]}}