{"id":115904,"date":"2022-10-11T05:46:13","date_gmt":"2022-10-11T09:46:13","guid":{"rendered":"https:\/\/www.eldiario.net\/portal\/?p=115904"},"modified":"2022-10-11T05:46:13","modified_gmt":"2022-10-11T09:46:13","slug":"ypfb-incursionara-en-areas-tradicionales-y-no-tradicionales-para-exploracion","status":"publish","type":"post","link":"https:\/\/www.eldiario.net\/portal\/2022\/10\/11\/ypfb-incursionara-en-areas-tradicionales-y-no-tradicionales-para-exploracion\/","title":{"rendered":"YPFB incursionar\u00e1 en \u00e1reas tradicionales y no tradicionales para exploraci\u00f3n"},"content":{"rendered":"<p>Ante falta de resultados en la exploraci\u00f3n de hidrocarburos, sumada a la ca\u00edda de la producci\u00f3n de gas, el presidente de Yacimientos Petrol\u00edferos Fiscales Bolivianos (YPFB), Armin Dorgathen, dijo que trabajan en proyectos en zonas tradicionales y no tradicionales para encontrar nuevas reservas hidrocarbur\u00edferas, en el marco del Plan de Reactivaci\u00f3n del Upstream (2021 \u2013 2025).<\/p>\n<p>Los expertos expresaron su preocupaci\u00f3n por la ca\u00edda de la producci\u00f3n y la declinaci\u00f3n de los megacampos gas\u00edferos, y que a la fecha YPFB no logra reponer las reservas utilizadas en el mercado interno y externo.<\/p>\n<p>En 2013 lleg\u00f3 a 60 millones de metros c\u00fabicos d\u00eda (MMmcd), y desde el 2014 sigui\u00f3 una tendencia decreciente, hasta llegar a 43 MMmcd en la actualidad, y por ello se tom\u00f3 la decisi\u00f3n de prohibir a las industrias a generar electricidad a partir del gas, y m\u00e1s bien dispone que \u00e9stas se conecten al Servicio Interconectado Nacional (SIN).<\/p>\n<p>La emergencia hasta llega al gas domiciliario, pues en algunas zonas del pa\u00eds se hizo la conexi\u00f3n de los tubos de gas, pero a la fecha no se hizo las acometidas, y una disculpa de YPFB es que no hay material.<\/p>\n<p>Proyectos<\/p>\n<p>Por ello Yacimientos Petrol\u00edferos Fiscales Bolivianos trabaja en proyectos de exploraci\u00f3n en zonas tradicionales y no tradicionales para encontrar nuevas reservas hidrocarbur\u00edfers, en el marco del Plan de Reactivaci\u00f3n del Upstream (2021 \u2013 2025), de acuerdo al presidente de la estatal petrolera Armin Dorgathen.<\/p>\n<p>Uno de esos proyectos es MYC-X1IE, donde est\u00e1 descartado utilizar t\u00e9cnica del \u201cfrancking\u201d. Tiene el objetivo de analizar el potencial de la cuenca del Sub Andino Norte y al momento hay avance de 94% en obras civiles, que comprenden la construcci\u00f3n de la planchada y campamento, en la perspectiva de ampliar la frontera exploratoria en esa regi\u00f3n del pa\u00eds.<\/p>\n<p>Est\u00e1n en desarrollo trabajos de exploraci\u00f3n en varios departamentos, con el objetivo de hallar recursos hidrocarbur\u00edferos.<\/p>\n<p>\u201cHoy estamos realizando trabajos de aerogravimetr\u00eda y magnetometr\u00eda en la regi\u00f3n de Beni, Pando y Norte de La Paz. Vamos a desarrollar algunas l\u00edneas s\u00edsmicas para identificar los recursos convencionales que existen en las \u00e1reas, vamos a perforar varios pozos de investigaci\u00f3n extractiva para poder determinar a calidad de las rocas y las diferentes zonas que tenemos al norte del pa\u00eds. Esto es parte de la exploraci\u00f3n para abrir nuevas cuencas\u201d, destac\u00f3 en Bolivia Tv. El diario y abi<\/p>\n","protected":false},"excerpt":{"rendered":"<p>Ante falta de resultados en la exploraci\u00f3n de hidrocarburos, sumada a la ca\u00edda de la producci\u00f3n de gas, el presidente de Yacimientos Petrol\u00edferos Fiscales Bolivianos (YPFB), Armin Dorgathen, dijo que trabajan en proyectos en zonas tradicionales y no tradicionales para encontrar nuevas reservas hidrocarbur\u00edferas, en el marco del Plan de Reactivaci\u00f3n del Upstream (2021 \u2013 [&hellip;]<\/p>\n","protected":false},"author":1,"featured_media":115905,"comment_status":"closed","ping_status":"closed","sticky":false,"template":"","format":"standard","meta":{"_acf_changed":false,"footnotes":""},"categories":[7],"tags":[],"class_list":["post-115904","post","type-post","status-publish","format-standard","has-post-thumbnail","category-economia"],"acf":{"antetitulo":""},"yoast_head":"<!-- This site is optimized with the Yoast SEO plugin v28.4 - https:\/\/yoast.com\/product\/yoast-seo-wordpress\/ -->\n<title>YPFB incursionar\u00e1 en \u00e1reas tradicionales y no tradicionales para exploraci\u00f3n - El Diario - Bolivia<\/title>\n<meta name=\"robots\" content=\"index, follow, max-snippet:-1, max-image-preview:large, max-video-preview:-1\" \/>\n<link rel=\"canonical\" href=\"https:\/\/www.eldiario.net\/portal\/2022\/10\/11\/ypfb-incursionara-en-areas-tradicionales-y-no-tradicionales-para-exploracion\/\" \/>\n<meta property=\"og:locale\" content=\"es_ES\" \/>\n<meta property=\"og:type\" content=\"article\" \/>\n<meta property=\"og:title\" content=\"YPFB incursionar\u00e1 en \u00e1reas tradicionales y no tradicionales para exploraci\u00f3n - El Diario - Bolivia\" \/>\n<meta property=\"og:description\" content=\"Ante falta de resultados en la exploraci\u00f3n de hidrocarburos, sumada a la ca\u00edda de la producci\u00f3n de gas, el presidente de Yacimientos Petrol\u00edferos Fiscales Bolivianos (YPFB), Armin Dorgathen, dijo que trabajan en proyectos en zonas tradicionales y no tradicionales para encontrar nuevas reservas hidrocarbur\u00edferas, en el marco del Plan de Reactivaci\u00f3n del Upstream (2021 \u2013 [&hellip;]\" \/>\n<meta property=\"og:url\" content=\"https:\/\/www.eldiario.net\/portal\/2022\/10\/11\/ypfb-incursionara-en-areas-tradicionales-y-no-tradicionales-para-exploracion\/\" \/>\n<meta property=\"og:site_name\" content=\"El Diario - Bolivia\" \/>\n<meta property=\"article:publisher\" content=\"https:\/\/www.facebook.com\/eldiario.bolivia\/\" \/>\n<meta property=\"article:published_time\" content=\"2022-10-11T09:46:13+00:00\" \/>\n<meta name=\"author\" content=\"Jeanette\" \/>\n<meta name=\"twitter:card\" content=\"summary_large_image\" \/>\n<meta name=\"twitter:creator\" content=\"@eldiario_net\" \/>\n<meta name=\"twitter:site\" content=\"@eldiario_net\" \/>\n<meta name=\"twitter:label1\" content=\"Escrito por\" \/>\n\t<meta name=\"twitter:data1\" content=\"Jeanette\" \/>\n\t<meta name=\"twitter:label2\" content=\"Tiempo de lectura\" \/>\n\t<meta name=\"twitter:data2\" content=\"2 minutos\" \/>\n<script type=\"application\/ld+json\" class=\"yoast-schema-graph\">{\"@context\":\"https:\\\/\\\/schema.org\",\"@graph\":[{\"@type\":\"Article\",\"@id\":\"https:\\\/\\\/www.eldiario.net\\\/portal\\\/2022\\\/10\\\/11\\\/ypfb-incursionara-en-areas-tradicionales-y-no-tradicionales-para-exploracion\\\/#article\",\"isPartOf\":{\"@id\":\"https:\\\/\\\/www.eldiario.net\\\/portal\\\/2022\\\/10\\\/11\\\/ypfb-incursionara-en-areas-tradicionales-y-no-tradicionales-para-exploracion\\\/\"},\"author\":{\"name\":\"Jeanette\",\"@id\":\"https:\\\/\\\/www.eldiario.net\\\/portal\\\/#\\\/schema\\\/person\\\/2c57cf2b7a7ae032e449e4c9b1019eac\"},\"headline\":\"YPFB incursionar\u00e1 en \u00e1reas tradicionales y no tradicionales para exploraci\u00f3n\",\"datePublished\":\"2022-10-11T09:46:13+00:00\",\"mainEntityOfPage\":{\"@id\":\"https:\\\/\\\/www.eldiario.net\\\/portal\\\/2022\\\/10\\\/11\\\/ypfb-incursionara-en-areas-tradicionales-y-no-tradicionales-para-exploracion\\\/\"},\"wordCount\":428,\"publisher\":{\"@id\":\"https:\\\/\\\/www.eldiario.net\\\/portal\\\/#organization\"},\"image\":{\"@id\":\"https:\\\/\\\/www.eldiario.net\\\/portal\\\/2022\\\/10\\\/11\\\/ypfb-incursionara-en-areas-tradicionales-y-no-tradicionales-para-exploracion\\\/#primaryimage\"},\"thumbnailUrl\":\"\",\"articleSection\":[\"Econom\u00eda\"],\"inLanguage\":\"es\"},{\"@type\":\"WebPage\",\"@id\":\"https:\\\/\\\/www.eldiario.net\\\/portal\\\/2022\\\/10\\\/11\\\/ypfb-incursionara-en-areas-tradicionales-y-no-tradicionales-para-exploracion\\\/\",\"url\":\"https:\\\/\\\/www.eldiario.net\\\/portal\\\/2022\\\/10\\\/11\\\/ypfb-incursionara-en-areas-tradicionales-y-no-tradicionales-para-exploracion\\\/\",\"name\":\"YPFB incursionar\u00e1 en \u00e1reas tradicionales y no tradicionales para exploraci\u00f3n - El Diario - Bolivia\",\"isPartOf\":{\"@id\":\"https:\\\/\\\/www.eldiario.net\\\/portal\\\/#website\"},\"primaryImageOfPage\":{\"@id\":\"https:\\\/\\\/www.eldiario.net\\\/portal\\\/2022\\\/10\\\/11\\\/ypfb-incursionara-en-areas-tradicionales-y-no-tradicionales-para-exploracion\\\/#primaryimage\"},\"image\":{\"@id\":\"https:\\\/\\\/www.eldiario.net\\\/portal\\\/2022\\\/10\\\/11\\\/ypfb-incursionara-en-areas-tradicionales-y-no-tradicionales-para-exploracion\\\/#primaryimage\"},\"thumbnailUrl\":\"\",\"datePublished\":\"2022-10-11T09:46:13+00:00\",\"breadcrumb\":{\"@id\":\"https:\\\/\\\/www.eldiario.net\\\/portal\\\/2022\\\/10\\\/11\\\/ypfb-incursionara-en-areas-tradicionales-y-no-tradicionales-para-exploracion\\\/#breadcrumb\"},\"inLanguage\":\"es\",\"potentialAction\":[{\"@type\":\"ReadAction\",\"target\":[\"https:\\\/\\\/www.eldiario.net\\\/portal\\\/2022\\\/10\\\/11\\\/ypfb-incursionara-en-areas-tradicionales-y-no-tradicionales-para-exploracion\\\/\"]}]},{\"@type\":\"ImageObject\",\"inLanguage\":\"es\",\"@id\":\"https:\\\/\\\/www.eldiario.net\\\/portal\\\/2022\\\/10\\\/11\\\/ypfb-incursionara-en-areas-tradicionales-y-no-tradicionales-para-exploracion\\\/#primaryimage\",\"url\":\"\",\"contentUrl\":\"\"},{\"@type\":\"BreadcrumbList\",\"@id\":\"https:\\\/\\\/www.eldiario.net\\\/portal\\\/2022\\\/10\\\/11\\\/ypfb-incursionara-en-areas-tradicionales-y-no-tradicionales-para-exploracion\\\/#breadcrumb\",\"itemListElement\":[{\"@type\":\"ListItem\",\"position\":1,\"name\":\"Portada\",\"item\":\"https:\\\/\\\/www.eldiario.net\\\/portal\\\/\"},{\"@type\":\"ListItem\",\"position\":2,\"name\":\"YPFB incursionar\u00e1 en \u00e1reas tradicionales y no tradicionales para exploraci\u00f3n\"}]},{\"@type\":\"WebSite\",\"@id\":\"https:\\\/\\\/www.eldiario.net\\\/portal\\\/#website\",\"url\":\"https:\\\/\\\/www.eldiario.net\\\/portal\\\/\",\"name\":\"El Diario - Decano de la prensa nacional\",\"description\":\"El Diario - Decano de la prensa nacional\",\"publisher\":{\"@id\":\"https:\\\/\\\/www.eldiario.net\\\/portal\\\/#organization\"},\"potentialAction\":[{\"@type\":\"SearchAction\",\"target\":{\"@type\":\"EntryPoint\",\"urlTemplate\":\"https:\\\/\\\/www.eldiario.net\\\/portal\\\/?s={search_term_string}\"},\"query-input\":{\"@type\":\"PropertyValueSpecification\",\"valueRequired\":true,\"valueName\":\"search_term_string\"}}],\"inLanguage\":\"es\"},{\"@type\":\"Organization\",\"@id\":\"https:\\\/\\\/www.eldiario.net\\\/portal\\\/#organization\",\"name\":\"El Diario - Decano de la prensa nacional\",\"url\":\"https:\\\/\\\/www.eldiario.net\\\/portal\\\/\",\"logo\":{\"@type\":\"ImageObject\",\"inLanguage\":\"es\",\"@id\":\"https:\\\/\\\/www.eldiario.net\\\/portal\\\/#\\\/schema\\\/logo\\\/image\\\/\",\"url\":\"https:\\\/\\\/www.eldiario.net\\\/portal\\\/wp-content\\\/uploads\\\/2023\\\/07\\\/logo_ED.jpg\",\"contentUrl\":\"https:\\\/\\\/www.eldiario.net\\\/portal\\\/wp-content\\\/uploads\\\/2023\\\/07\\\/logo_ED.jpg\",\"width\":272,\"height\":52,\"caption\":\"El Diario - Decano de la prensa nacional\"},\"image\":{\"@id\":\"https:\\\/\\\/www.eldiario.net\\\/portal\\\/#\\\/schema\\\/logo\\\/image\\\/\"},\"sameAs\":[\"https:\\\/\\\/www.facebook.com\\\/eldiario.bolivia\\\/\",\"https:\\\/\\\/x.com\\\/eldiario_net\"]},{\"@type\":\"Person\",\"@id\":\"https:\\\/\\\/www.eldiario.net\\\/portal\\\/#\\\/schema\\\/person\\\/2c57cf2b7a7ae032e449e4c9b1019eac\",\"name\":\"Jeanette\",\"image\":{\"@type\":\"ImageObject\",\"inLanguage\":\"es\",\"@id\":\"https:\\\/\\\/secure.gravatar.com\\\/avatar\\\/3ea2118a5f7dad2b7138b1187a6b7ee55f160b9968b66013c3a3ef39dd7e5798?s=96&d=mm&r=g\",\"url\":\"https:\\\/\\\/secure.gravatar.com\\\/avatar\\\/3ea2118a5f7dad2b7138b1187a6b7ee55f160b9968b66013c3a3ef39dd7e5798?s=96&d=mm&r=g\",\"contentUrl\":\"https:\\\/\\\/secure.gravatar.com\\\/avatar\\\/3ea2118a5f7dad2b7138b1187a6b7ee55f160b9968b66013c3a3ef39dd7e5798?s=96&d=mm&r=g\",\"caption\":\"Jeanette\"},\"sameAs\":[\"https:\\\/\\\/www.eldiario.net\\\/portal\"],\"url\":\"https:\\\/\\\/www.eldiario.net\\\/portal\\\/author\\\/jeanette\\\/\"}]}<\/script>\n<!-- \/ Yoast SEO plugin. -->","yoast_head_json":{"title":"YPFB incursionar\u00e1 en \u00e1reas tradicionales y no tradicionales para exploraci\u00f3n - El Diario - Bolivia","robots":{"index":"index","follow":"follow","max-snippet":"max-snippet:-1","max-image-preview":"max-image-preview:large","max-video-preview":"max-video-preview:-1"},"canonical":"https:\/\/www.eldiario.net\/portal\/2022\/10\/11\/ypfb-incursionara-en-areas-tradicionales-y-no-tradicionales-para-exploracion\/","og_locale":"es_ES","og_type":"article","og_title":"YPFB incursionar\u00e1 en \u00e1reas tradicionales y no tradicionales para exploraci\u00f3n - El Diario - Bolivia","og_description":"Ante falta de resultados en la exploraci\u00f3n de hidrocarburos, sumada a la ca\u00edda de la producci\u00f3n de gas, el presidente de Yacimientos Petrol\u00edferos Fiscales Bolivianos (YPFB), Armin Dorgathen, dijo que trabajan en proyectos en zonas tradicionales y no tradicionales para encontrar nuevas reservas hidrocarbur\u00edferas, en el marco del Plan de Reactivaci\u00f3n del Upstream (2021 \u2013 [&hellip;]","og_url":"https:\/\/www.eldiario.net\/portal\/2022\/10\/11\/ypfb-incursionara-en-areas-tradicionales-y-no-tradicionales-para-exploracion\/","og_site_name":"El Diario - Bolivia","article_publisher":"https:\/\/www.facebook.com\/eldiario.bolivia\/","article_published_time":"2022-10-11T09:46:13+00:00","author":"Jeanette","twitter_card":"summary_large_image","twitter_creator":"@eldiario_net","twitter_site":"@eldiario_net","twitter_misc":{"Escrito por":"Jeanette","Tiempo de lectura":"2 minutos"},"schema":{"@context":"https:\/\/schema.org","@graph":[{"@type":"Article","@id":"https:\/\/www.eldiario.net\/portal\/2022\/10\/11\/ypfb-incursionara-en-areas-tradicionales-y-no-tradicionales-para-exploracion\/#article","isPartOf":{"@id":"https:\/\/www.eldiario.net\/portal\/2022\/10\/11\/ypfb-incursionara-en-areas-tradicionales-y-no-tradicionales-para-exploracion\/"},"author":{"name":"Jeanette","@id":"https:\/\/www.eldiario.net\/portal\/#\/schema\/person\/2c57cf2b7a7ae032e449e4c9b1019eac"},"headline":"YPFB incursionar\u00e1 en \u00e1reas tradicionales y no tradicionales para exploraci\u00f3n","datePublished":"2022-10-11T09:46:13+00:00","mainEntityOfPage":{"@id":"https:\/\/www.eldiario.net\/portal\/2022\/10\/11\/ypfb-incursionara-en-areas-tradicionales-y-no-tradicionales-para-exploracion\/"},"wordCount":428,"publisher":{"@id":"https:\/\/www.eldiario.net\/portal\/#organization"},"image":{"@id":"https:\/\/www.eldiario.net\/portal\/2022\/10\/11\/ypfb-incursionara-en-areas-tradicionales-y-no-tradicionales-para-exploracion\/#primaryimage"},"thumbnailUrl":"","articleSection":["Econom\u00eda"],"inLanguage":"es"},{"@type":"WebPage","@id":"https:\/\/www.eldiario.net\/portal\/2022\/10\/11\/ypfb-incursionara-en-areas-tradicionales-y-no-tradicionales-para-exploracion\/","url":"https:\/\/www.eldiario.net\/portal\/2022\/10\/11\/ypfb-incursionara-en-areas-tradicionales-y-no-tradicionales-para-exploracion\/","name":"YPFB incursionar\u00e1 en \u00e1reas tradicionales y no tradicionales para exploraci\u00f3n - El Diario - Bolivia","isPartOf":{"@id":"https:\/\/www.eldiario.net\/portal\/#website"},"primaryImageOfPage":{"@id":"https:\/\/www.eldiario.net\/portal\/2022\/10\/11\/ypfb-incursionara-en-areas-tradicionales-y-no-tradicionales-para-exploracion\/#primaryimage"},"image":{"@id":"https:\/\/www.eldiario.net\/portal\/2022\/10\/11\/ypfb-incursionara-en-areas-tradicionales-y-no-tradicionales-para-exploracion\/#primaryimage"},"thumbnailUrl":"","datePublished":"2022-10-11T09:46:13+00:00","breadcrumb":{"@id":"https:\/\/www.eldiario.net\/portal\/2022\/10\/11\/ypfb-incursionara-en-areas-tradicionales-y-no-tradicionales-para-exploracion\/#breadcrumb"},"inLanguage":"es","potentialAction":[{"@type":"ReadAction","target":["https:\/\/www.eldiario.net\/portal\/2022\/10\/11\/ypfb-incursionara-en-areas-tradicionales-y-no-tradicionales-para-exploracion\/"]}]},{"@type":"ImageObject","inLanguage":"es","@id":"https:\/\/www.eldiario.net\/portal\/2022\/10\/11\/ypfb-incursionara-en-areas-tradicionales-y-no-tradicionales-para-exploracion\/#primaryimage","url":"","contentUrl":""},{"@type":"BreadcrumbList","@id":"https:\/\/www.eldiario.net\/portal\/2022\/10\/11\/ypfb-incursionara-en-areas-tradicionales-y-no-tradicionales-para-exploracion\/#breadcrumb","itemListElement":[{"@type":"ListItem","position":1,"name":"Portada","item":"https:\/\/www.eldiario.net\/portal\/"},{"@type":"ListItem","position":2,"name":"YPFB incursionar\u00e1 en \u00e1reas tradicionales y no tradicionales para exploraci\u00f3n"}]},{"@type":"WebSite","@id":"https:\/\/www.eldiario.net\/portal\/#website","url":"https:\/\/www.eldiario.net\/portal\/","name":"El Diario - Decano de la prensa nacional","description":"El Diario - Decano de la prensa nacional","publisher":{"@id":"https:\/\/www.eldiario.net\/portal\/#organization"},"potentialAction":[{"@type":"SearchAction","target":{"@type":"EntryPoint","urlTemplate":"https:\/\/www.eldiario.net\/portal\/?s={search_term_string}"},"query-input":{"@type":"PropertyValueSpecification","valueRequired":true,"valueName":"search_term_string"}}],"inLanguage":"es"},{"@type":"Organization","@id":"https:\/\/www.eldiario.net\/portal\/#organization","name":"El Diario - Decano de la prensa nacional","url":"https:\/\/www.eldiario.net\/portal\/","logo":{"@type":"ImageObject","inLanguage":"es","@id":"https:\/\/www.eldiario.net\/portal\/#\/schema\/logo\/image\/","url":"https:\/\/www.eldiario.net\/portal\/wp-content\/uploads\/2023\/07\/logo_ED.jpg","contentUrl":"https:\/\/www.eldiario.net\/portal\/wp-content\/uploads\/2023\/07\/logo_ED.jpg","width":272,"height":52,"caption":"El Diario - Decano de la prensa nacional"},"image":{"@id":"https:\/\/www.eldiario.net\/portal\/#\/schema\/logo\/image\/"},"sameAs":["https:\/\/www.facebook.com\/eldiario.bolivia\/","https:\/\/x.com\/eldiario_net"]},{"@type":"Person","@id":"https:\/\/www.eldiario.net\/portal\/#\/schema\/person\/2c57cf2b7a7ae032e449e4c9b1019eac","name":"Jeanette","image":{"@type":"ImageObject","inLanguage":"es","@id":"https:\/\/secure.gravatar.com\/avatar\/3ea2118a5f7dad2b7138b1187a6b7ee55f160b9968b66013c3a3ef39dd7e5798?s=96&d=mm&r=g","url":"https:\/\/secure.gravatar.com\/avatar\/3ea2118a5f7dad2b7138b1187a6b7ee55f160b9968b66013c3a3ef39dd7e5798?s=96&d=mm&r=g","contentUrl":"https:\/\/secure.gravatar.com\/avatar\/3ea2118a5f7dad2b7138b1187a6b7ee55f160b9968b66013c3a3ef39dd7e5798?s=96&d=mm&r=g","caption":"Jeanette"},"sameAs":["https:\/\/www.eldiario.net\/portal"],"url":"https:\/\/www.eldiario.net\/portal\/author\/jeanette\/"}]}},"_links":{"self":[{"href":"https:\/\/www.eldiario.net\/portal\/wp-json\/wp\/v2\/posts\/115904","targetHints":{"allow":["GET"]}}],"collection":[{"href":"https:\/\/www.eldiario.net\/portal\/wp-json\/wp\/v2\/posts"}],"about":[{"href":"https:\/\/www.eldiario.net\/portal\/wp-json\/wp\/v2\/types\/post"}],"author":[{"embeddable":true,"href":"https:\/\/www.eldiario.net\/portal\/wp-json\/wp\/v2\/users\/1"}],"replies":[{"embeddable":true,"href":"https:\/\/www.eldiario.net\/portal\/wp-json\/wp\/v2\/comments?post=115904"}],"version-history":[{"count":0,"href":"https:\/\/www.eldiario.net\/portal\/wp-json\/wp\/v2\/posts\/115904\/revisions"}],"wp:attachment":[{"href":"https:\/\/www.eldiario.net\/portal\/wp-json\/wp\/v2\/media?parent=115904"}],"wp:term":[{"taxonomy":"category","embeddable":true,"href":"https:\/\/www.eldiario.net\/portal\/wp-json\/wp\/v2\/categories?post=115904"},{"taxonomy":"post_tag","embeddable":true,"href":"https:\/\/www.eldiario.net\/portal\/wp-json\/wp\/v2\/tags?post=115904"}],"curies":[{"name":"wp","href":"https:\/\/api.w.org\/{rel}","templated":true}]}}