{"id":115900,"date":"2022-10-11T05:45:27","date_gmt":"2022-10-11T09:45:27","guid":{"rendered":"https:\/\/www.eldiario.net\/portal\/?p=115900"},"modified":"2022-10-11T05:45:27","modified_gmt":"2022-10-11T09:45:27","slug":"bolivia-sigue-los-pasos-de-la-innovacion-economica","status":"publish","type":"post","link":"https:\/\/www.eldiario.net\/portal\/2022\/10\/11\/bolivia-sigue-los-pasos-de-la-innovacion-economica\/","title":{"rendered":"Bolivia sigue los pasos de  la innovaci\u00f3n econ\u00f3mica"},"content":{"rendered":"<p>En los \u00faltimos 10 a\u00f1os, la innovaci\u00f3n alcanz\u00f3 un desarrollo sorprendente a nivel mundial, y en pa\u00edses de la regi\u00f3n, as\u00ed como en otras partes del mundo, siguen de cerca las nuevas tendencias, y Bolivia sigue los mismos pasos, y los profesionales ya incursionaron en esta materia, de acuerdo a la reflexi\u00f3n que hizo el experto, Alejandro Gumucio, en el C\u00edrculo de la Uni\u00f3n.<\/p>\n<p>De acuerdo al experto en implementaci\u00f3n de proyectos de transformaci\u00f3n digital en pa\u00edses de Sudam\u00e9rica, Centroam\u00e9rica y \u00c1frica, en los \u00faltimos 10 a\u00f1os se vivi\u00f3 una gran ola de innovaci\u00f3n en el mundo, de la cual Bolivia no fue un pa\u00eds ajeno, porque muchos de sus profesionales dieron los primeros pasos en este proceso, avanzaron y lo siguen haciendo, a pesar de las dificultades.<\/p>\n<p>La afirmaci\u00f3n la realiz\u00f3 el especialista boliviano durante la conferencia \u201cTsunami de innovaci\u00f3n\u201d, organizada por el C\u00edrculo de la Uni\u00f3n, en el marco de sus charlas especializadas, programadas conmemorando su 90 aniversario.<\/p>\n<p>Gumucio se\u00f1al\u00f3 que en Bolivia se realizaron innovaciones disruptivas e incrementales en diferentes \u00e1reas como la de transporte, con la red de telef\u00e9ricos en una ciudad dif\u00edcil de transitar (La Paz); gastronom\u00eda, con restaurantes gourmet que fusionan ingredientes locales (Gustu, Cocina Popular y Mi Chola).<\/p>\n<p>Asimismo, hizo referencia a la innovaci\u00f3n en el sector de energ\u00eda, con la refinaci\u00f3n de diesel a partir de aceite, neum\u00e1ticos y pl\u00e1sticos; y en la industria con la fabricaci\u00f3n de pisos o baldosas ecol\u00f3gicos, en base a caucho reciclado de llantas usadas (Mamut), entre otras.<\/p>\n<p>Tambi\u00e9n mencion\u00f3 la adecuaci\u00f3n al mercado local de aplicaciones tecnol\u00f3gicas y nuevos modelos de negocio que funcionan en el mundo, por ejemplo, el comercio electr\u00f3nico, ventas por whatsapp, Delivery, Uber, Airbnb y m\u00e1s.<\/p>\n<p>Igualmente, el experto record\u00f3 las dos criptos creadas por empresarios bolivianos, con registros en otros pa\u00edses, que ingresaron al mundo financiero Cripto-Blockchain, como son Finka Token y Rolaz Gold Token. La primera resguardada por el valor del ganado y la segunda por proyectos mineros de oro.<\/p>\n<p>Del mismo modo destac\u00f3 la evoluci\u00f3n del ecosistema innovador en Bolivia, que a pesar de ser a\u00fan incipiente, muestra cifras interesantes hasta el a\u00f1o 2022, con el registro en el pa\u00eds de 185 startups, 10 incubadoras y 5 inversores.<\/p>\n<p>Entre estas empresas tecnol\u00f3gicas digitales emergentes, Gumucio nombr\u00f3 a Ultragrupo (de bienes ra\u00edces y de cr\u00e9dito), DeltaX (log\u00edstica de transporte), Koban (servicios financieros digitales, que recientemente recibi\u00f3 un capital de USD 2.3 millones), Munay (plataforma e prestamos digitales para mujeres emprendedoras) y\u00a0 PasanaQ (fintech que digitaliza asociaciones y clubes informales de ahorro colaborativo y que acaba de levantar una ronda de USD 180 mil de capital semilla).<\/p>\n<p>Innovaci\u00f3n<\/p>\n<p>La innovaci\u00f3n es entendida como un proyecto, un proceso o un servicio nuevo de una o un grupo de personas, o una instituci\u00f3n que busca resolver una necesidad o un problema del mercado, empresas o la poblaci\u00f3n del mundo en general. Va m\u00e1s all\u00e1 de adoptar las \u00faltimas tecnolog\u00edas y apunta a gestionar y adaptarse al cambio.<\/p>\n<p>&nbsp;<\/p>\n<p>El especialista explica que existen dos tipos de innovaciones:\u00a0 las \u201cdisruptivas\u201d que se basan en transformar completamente los mercados o industrias, o incluso crear nuevos, como el avance de la rob\u00f3tica, la realidad virtual, la inteligencia artificial y la computaci\u00f3n en la nube; y las \u201cincrementales\u201d que se basan en optimizar los costes o mejorar las caracter\u00edsticas de los productos o servicios ya existentes.<\/p>\n<p>Los factores que aceleraron la innovaci\u00f3n en los \u00faltimos tiempos, en todo el mundo, son el f\u00e1cil acceso a la tecnolog\u00eda, el poder de computo de las computadoras, el acceso a la informaci\u00f3n y comunicaci\u00f3n veloz (Internet).<\/p>\n<p>Valor<\/p>\n<p>Hoy la innovaci\u00f3n tiene un valor estrat\u00e9gico para las empresas, hace que estas se mantengan competitivas, si son veloces innovando o se queden atr\u00e1s si son lentas, adem\u00e1s est\u00e1 haciendo que el mercado sea altamente din\u00e1mico, sostuvo Gumucio.<\/p>\n<p>El adem\u00e1s Gerente de Innovaci\u00f3n y Transformaci\u00f3n Digital de BancoSol explic\u00f3 que para innovar es necesario un cambio de mentalidad, adaptabilidad a la tecnolog\u00eda y apertura al cambio de parte de las empresas, adem\u00e1s de tener una actitud de experimentaci\u00f3n y disponibilidad a fallar.<\/p>\n<p>\u201cLas empresas est\u00e1n acostumbradas, cuando se implementa una iniciativa, a ver cu\u00e1l va a ser el retorno sobre la inversi\u00f3n. En innovaci\u00f3n a veces el retorno se mide por lo que se aprende o por la riqueza de los datos que se van a capturar, y despu\u00e9s se pueden monetizar\u201d, advirti\u00f3 el experto.<\/p>\n<p>Dijo que para la innovaci\u00f3n es tambi\u00e9n importante tomar en cuenta el tema del personal, porque se deben armar equipos multidisciplinarios, con profesionales de diferentes formaciones, incluso sin experiencia, porque \u00e9stos traen otra visi\u00f3n a la mesa, muy \u00fatil para innovar.<\/p>\n","protected":false},"excerpt":{"rendered":"<p>En los \u00faltimos 10 a\u00f1os, la innovaci\u00f3n alcanz\u00f3 un desarrollo sorprendente a nivel mundial, y en pa\u00edses de la regi\u00f3n, as\u00ed como en otras partes del mundo, siguen de cerca las nuevas tendencias, y Bolivia sigue los mismos pasos, y los profesionales ya incursionaron en esta materia, de acuerdo a la reflexi\u00f3n que hizo el [&hellip;]<\/p>\n","protected":false},"author":1,"featured_media":115901,"comment_status":"closed","ping_status":"closed","sticky":false,"template":"","format":"standard","meta":{"_acf_changed":false,"footnotes":""},"categories":[7],"tags":[],"class_list":["post-115900","post","type-post","status-publish","format-standard","has-post-thumbnail","category-economia"],"acf":{"antetitulo":""},"yoast_head":"<!-- This site is optimized with the Yoast SEO plugin v28.4 - https:\/\/yoast.com\/product\/yoast-seo-wordpress\/ -->\n<title>Bolivia sigue los pasos de la innovaci\u00f3n econ\u00f3mica - El Diario - Bolivia<\/title>\n<meta name=\"robots\" content=\"index, follow, max-snippet:-1, max-image-preview:large, max-video-preview:-1\" \/>\n<link rel=\"canonical\" href=\"https:\/\/www.eldiario.net\/portal\/2022\/10\/11\/bolivia-sigue-los-pasos-de-la-innovacion-economica\/\" \/>\n<meta property=\"og:locale\" content=\"es_ES\" \/>\n<meta property=\"og:type\" content=\"article\" \/>\n<meta property=\"og:title\" content=\"Bolivia sigue los pasos de la innovaci\u00f3n econ\u00f3mica - El Diario - Bolivia\" \/>\n<meta property=\"og:description\" content=\"En los \u00faltimos 10 a\u00f1os, la innovaci\u00f3n alcanz\u00f3 un desarrollo sorprendente a nivel mundial, y en pa\u00edses de la regi\u00f3n, as\u00ed como en otras partes del mundo, siguen de cerca las nuevas tendencias, y Bolivia sigue los mismos pasos, y los profesionales ya incursionaron en esta materia, de acuerdo a la reflexi\u00f3n que hizo el [&hellip;]\" \/>\n<meta property=\"og:url\" content=\"https:\/\/www.eldiario.net\/portal\/2022\/10\/11\/bolivia-sigue-los-pasos-de-la-innovacion-economica\/\" \/>\n<meta property=\"og:site_name\" content=\"El Diario - Bolivia\" \/>\n<meta property=\"article:publisher\" content=\"https:\/\/www.facebook.com\/eldiario.bolivia\/\" \/>\n<meta property=\"article:published_time\" content=\"2022-10-11T09:45:27+00:00\" \/>\n<meta name=\"author\" content=\"Jeanette\" \/>\n<meta name=\"twitter:card\" content=\"summary_large_image\" \/>\n<meta name=\"twitter:creator\" content=\"@eldiario_net\" \/>\n<meta name=\"twitter:site\" content=\"@eldiario_net\" \/>\n<meta name=\"twitter:label1\" content=\"Escrito por\" \/>\n\t<meta name=\"twitter:data1\" content=\"Jeanette\" \/>\n\t<meta name=\"twitter:label2\" content=\"Tiempo de lectura\" \/>\n\t<meta name=\"twitter:data2\" content=\"4 minutos\" \/>\n<script type=\"application\/ld+json\" class=\"yoast-schema-graph\">{\"@context\":\"https:\\\/\\\/schema.org\",\"@graph\":[{\"@type\":\"Article\",\"@id\":\"https:\\\/\\\/www.eldiario.net\\\/portal\\\/2022\\\/10\\\/11\\\/bolivia-sigue-los-pasos-de-la-innovacion-economica\\\/#article\",\"isPartOf\":{\"@id\":\"https:\\\/\\\/www.eldiario.net\\\/portal\\\/2022\\\/10\\\/11\\\/bolivia-sigue-los-pasos-de-la-innovacion-economica\\\/\"},\"author\":{\"name\":\"Jeanette\",\"@id\":\"https:\\\/\\\/www.eldiario.net\\\/portal\\\/#\\\/schema\\\/person\\\/2c57cf2b7a7ae032e449e4c9b1019eac\"},\"headline\":\"Bolivia sigue los pasos de la innovaci\u00f3n econ\u00f3mica\",\"datePublished\":\"2022-10-11T09:45:27+00:00\",\"mainEntityOfPage\":{\"@id\":\"https:\\\/\\\/www.eldiario.net\\\/portal\\\/2022\\\/10\\\/11\\\/bolivia-sigue-los-pasos-de-la-innovacion-economica\\\/\"},\"wordCount\":851,\"publisher\":{\"@id\":\"https:\\\/\\\/www.eldiario.net\\\/portal\\\/#organization\"},\"image\":{\"@id\":\"https:\\\/\\\/www.eldiario.net\\\/portal\\\/2022\\\/10\\\/11\\\/bolivia-sigue-los-pasos-de-la-innovacion-economica\\\/#primaryimage\"},\"thumbnailUrl\":\"\",\"articleSection\":[\"Econom\u00eda\"],\"inLanguage\":\"es\"},{\"@type\":\"WebPage\",\"@id\":\"https:\\\/\\\/www.eldiario.net\\\/portal\\\/2022\\\/10\\\/11\\\/bolivia-sigue-los-pasos-de-la-innovacion-economica\\\/\",\"url\":\"https:\\\/\\\/www.eldiario.net\\\/portal\\\/2022\\\/10\\\/11\\\/bolivia-sigue-los-pasos-de-la-innovacion-economica\\\/\",\"name\":\"Bolivia sigue los pasos de la innovaci\u00f3n econ\u00f3mica - El Diario - Bolivia\",\"isPartOf\":{\"@id\":\"https:\\\/\\\/www.eldiario.net\\\/portal\\\/#website\"},\"primaryImageOfPage\":{\"@id\":\"https:\\\/\\\/www.eldiario.net\\\/portal\\\/2022\\\/10\\\/11\\\/bolivia-sigue-los-pasos-de-la-innovacion-economica\\\/#primaryimage\"},\"image\":{\"@id\":\"https:\\\/\\\/www.eldiario.net\\\/portal\\\/2022\\\/10\\\/11\\\/bolivia-sigue-los-pasos-de-la-innovacion-economica\\\/#primaryimage\"},\"thumbnailUrl\":\"\",\"datePublished\":\"2022-10-11T09:45:27+00:00\",\"breadcrumb\":{\"@id\":\"https:\\\/\\\/www.eldiario.net\\\/portal\\\/2022\\\/10\\\/11\\\/bolivia-sigue-los-pasos-de-la-innovacion-economica\\\/#breadcrumb\"},\"inLanguage\":\"es\",\"potentialAction\":[{\"@type\":\"ReadAction\",\"target\":[\"https:\\\/\\\/www.eldiario.net\\\/portal\\\/2022\\\/10\\\/11\\\/bolivia-sigue-los-pasos-de-la-innovacion-economica\\\/\"]}]},{\"@type\":\"ImageObject\",\"inLanguage\":\"es\",\"@id\":\"https:\\\/\\\/www.eldiario.net\\\/portal\\\/2022\\\/10\\\/11\\\/bolivia-sigue-los-pasos-de-la-innovacion-economica\\\/#primaryimage\",\"url\":\"\",\"contentUrl\":\"\"},{\"@type\":\"BreadcrumbList\",\"@id\":\"https:\\\/\\\/www.eldiario.net\\\/portal\\\/2022\\\/10\\\/11\\\/bolivia-sigue-los-pasos-de-la-innovacion-economica\\\/#breadcrumb\",\"itemListElement\":[{\"@type\":\"ListItem\",\"position\":1,\"name\":\"Portada\",\"item\":\"https:\\\/\\\/www.eldiario.net\\\/portal\\\/\"},{\"@type\":\"ListItem\",\"position\":2,\"name\":\"Bolivia sigue los pasos de la innovaci\u00f3n econ\u00f3mica\"}]},{\"@type\":\"WebSite\",\"@id\":\"https:\\\/\\\/www.eldiario.net\\\/portal\\\/#website\",\"url\":\"https:\\\/\\\/www.eldiario.net\\\/portal\\\/\",\"name\":\"El Diario - Decano de la prensa nacional\",\"description\":\"El Diario - Decano de la prensa nacional\",\"publisher\":{\"@id\":\"https:\\\/\\\/www.eldiario.net\\\/portal\\\/#organization\"},\"potentialAction\":[{\"@type\":\"SearchAction\",\"target\":{\"@type\":\"EntryPoint\",\"urlTemplate\":\"https:\\\/\\\/www.eldiario.net\\\/portal\\\/?s={search_term_string}\"},\"query-input\":{\"@type\":\"PropertyValueSpecification\",\"valueRequired\":true,\"valueName\":\"search_term_string\"}}],\"inLanguage\":\"es\"},{\"@type\":\"Organization\",\"@id\":\"https:\\\/\\\/www.eldiario.net\\\/portal\\\/#organization\",\"name\":\"El Diario - Decano de la prensa nacional\",\"url\":\"https:\\\/\\\/www.eldiario.net\\\/portal\\\/\",\"logo\":{\"@type\":\"ImageObject\",\"inLanguage\":\"es\",\"@id\":\"https:\\\/\\\/www.eldiario.net\\\/portal\\\/#\\\/schema\\\/logo\\\/image\\\/\",\"url\":\"https:\\\/\\\/www.eldiario.net\\\/portal\\\/wp-content\\\/uploads\\\/2023\\\/07\\\/logo_ED.jpg\",\"contentUrl\":\"https:\\\/\\\/www.eldiario.net\\\/portal\\\/wp-content\\\/uploads\\\/2023\\\/07\\\/logo_ED.jpg\",\"width\":272,\"height\":52,\"caption\":\"El Diario - Decano de la prensa nacional\"},\"image\":{\"@id\":\"https:\\\/\\\/www.eldiario.net\\\/portal\\\/#\\\/schema\\\/logo\\\/image\\\/\"},\"sameAs\":[\"https:\\\/\\\/www.facebook.com\\\/eldiario.bolivia\\\/\",\"https:\\\/\\\/x.com\\\/eldiario_net\"]},{\"@type\":\"Person\",\"@id\":\"https:\\\/\\\/www.eldiario.net\\\/portal\\\/#\\\/schema\\\/person\\\/2c57cf2b7a7ae032e449e4c9b1019eac\",\"name\":\"Jeanette\",\"image\":{\"@type\":\"ImageObject\",\"inLanguage\":\"es\",\"@id\":\"https:\\\/\\\/secure.gravatar.com\\\/avatar\\\/3ea2118a5f7dad2b7138b1187a6b7ee55f160b9968b66013c3a3ef39dd7e5798?s=96&d=mm&r=g\",\"url\":\"https:\\\/\\\/secure.gravatar.com\\\/avatar\\\/3ea2118a5f7dad2b7138b1187a6b7ee55f160b9968b66013c3a3ef39dd7e5798?s=96&d=mm&r=g\",\"contentUrl\":\"https:\\\/\\\/secure.gravatar.com\\\/avatar\\\/3ea2118a5f7dad2b7138b1187a6b7ee55f160b9968b66013c3a3ef39dd7e5798?s=96&d=mm&r=g\",\"caption\":\"Jeanette\"},\"sameAs\":[\"https:\\\/\\\/www.eldiario.net\\\/portal\"],\"url\":\"https:\\\/\\\/www.eldiario.net\\\/portal\\\/author\\\/jeanette\\\/\"}]}<\/script>\n<!-- \/ Yoast SEO plugin. -->","yoast_head_json":{"title":"Bolivia sigue los pasos de la innovaci\u00f3n econ\u00f3mica - El Diario - Bolivia","robots":{"index":"index","follow":"follow","max-snippet":"max-snippet:-1","max-image-preview":"max-image-preview:large","max-video-preview":"max-video-preview:-1"},"canonical":"https:\/\/www.eldiario.net\/portal\/2022\/10\/11\/bolivia-sigue-los-pasos-de-la-innovacion-economica\/","og_locale":"es_ES","og_type":"article","og_title":"Bolivia sigue los pasos de la innovaci\u00f3n econ\u00f3mica - El Diario - Bolivia","og_description":"En los \u00faltimos 10 a\u00f1os, la innovaci\u00f3n alcanz\u00f3 un desarrollo sorprendente a nivel mundial, y en pa\u00edses de la regi\u00f3n, as\u00ed como en otras partes del mundo, siguen de cerca las nuevas tendencias, y Bolivia sigue los mismos pasos, y los profesionales ya incursionaron en esta materia, de acuerdo a la reflexi\u00f3n que hizo el [&hellip;]","og_url":"https:\/\/www.eldiario.net\/portal\/2022\/10\/11\/bolivia-sigue-los-pasos-de-la-innovacion-economica\/","og_site_name":"El Diario - Bolivia","article_publisher":"https:\/\/www.facebook.com\/eldiario.bolivia\/","article_published_time":"2022-10-11T09:45:27+00:00","author":"Jeanette","twitter_card":"summary_large_image","twitter_creator":"@eldiario_net","twitter_site":"@eldiario_net","twitter_misc":{"Escrito por":"Jeanette","Tiempo de lectura":"4 minutos"},"schema":{"@context":"https:\/\/schema.org","@graph":[{"@type":"Article","@id":"https:\/\/www.eldiario.net\/portal\/2022\/10\/11\/bolivia-sigue-los-pasos-de-la-innovacion-economica\/#article","isPartOf":{"@id":"https:\/\/www.eldiario.net\/portal\/2022\/10\/11\/bolivia-sigue-los-pasos-de-la-innovacion-economica\/"},"author":{"name":"Jeanette","@id":"https:\/\/www.eldiario.net\/portal\/#\/schema\/person\/2c57cf2b7a7ae032e449e4c9b1019eac"},"headline":"Bolivia sigue los pasos de la innovaci\u00f3n econ\u00f3mica","datePublished":"2022-10-11T09:45:27+00:00","mainEntityOfPage":{"@id":"https:\/\/www.eldiario.net\/portal\/2022\/10\/11\/bolivia-sigue-los-pasos-de-la-innovacion-economica\/"},"wordCount":851,"publisher":{"@id":"https:\/\/www.eldiario.net\/portal\/#organization"},"image":{"@id":"https:\/\/www.eldiario.net\/portal\/2022\/10\/11\/bolivia-sigue-los-pasos-de-la-innovacion-economica\/#primaryimage"},"thumbnailUrl":"","articleSection":["Econom\u00eda"],"inLanguage":"es"},{"@type":"WebPage","@id":"https:\/\/www.eldiario.net\/portal\/2022\/10\/11\/bolivia-sigue-los-pasos-de-la-innovacion-economica\/","url":"https:\/\/www.eldiario.net\/portal\/2022\/10\/11\/bolivia-sigue-los-pasos-de-la-innovacion-economica\/","name":"Bolivia sigue los pasos de la innovaci\u00f3n econ\u00f3mica - El Diario - Bolivia","isPartOf":{"@id":"https:\/\/www.eldiario.net\/portal\/#website"},"primaryImageOfPage":{"@id":"https:\/\/www.eldiario.net\/portal\/2022\/10\/11\/bolivia-sigue-los-pasos-de-la-innovacion-economica\/#primaryimage"},"image":{"@id":"https:\/\/www.eldiario.net\/portal\/2022\/10\/11\/bolivia-sigue-los-pasos-de-la-innovacion-economica\/#primaryimage"},"thumbnailUrl":"","datePublished":"2022-10-11T09:45:27+00:00","breadcrumb":{"@id":"https:\/\/www.eldiario.net\/portal\/2022\/10\/11\/bolivia-sigue-los-pasos-de-la-innovacion-economica\/#breadcrumb"},"inLanguage":"es","potentialAction":[{"@type":"ReadAction","target":["https:\/\/www.eldiario.net\/portal\/2022\/10\/11\/bolivia-sigue-los-pasos-de-la-innovacion-economica\/"]}]},{"@type":"ImageObject","inLanguage":"es","@id":"https:\/\/www.eldiario.net\/portal\/2022\/10\/11\/bolivia-sigue-los-pasos-de-la-innovacion-economica\/#primaryimage","url":"","contentUrl":""},{"@type":"BreadcrumbList","@id":"https:\/\/www.eldiario.net\/portal\/2022\/10\/11\/bolivia-sigue-los-pasos-de-la-innovacion-economica\/#breadcrumb","itemListElement":[{"@type":"ListItem","position":1,"name":"Portada","item":"https:\/\/www.eldiario.net\/portal\/"},{"@type":"ListItem","position":2,"name":"Bolivia sigue los pasos de la innovaci\u00f3n econ\u00f3mica"}]},{"@type":"WebSite","@id":"https:\/\/www.eldiario.net\/portal\/#website","url":"https:\/\/www.eldiario.net\/portal\/","name":"El Diario - Decano de la prensa nacional","description":"El Diario - Decano de la prensa nacional","publisher":{"@id":"https:\/\/www.eldiario.net\/portal\/#organization"},"potentialAction":[{"@type":"SearchAction","target":{"@type":"EntryPoint","urlTemplate":"https:\/\/www.eldiario.net\/portal\/?s={search_term_string}"},"query-input":{"@type":"PropertyValueSpecification","valueRequired":true,"valueName":"search_term_string"}}],"inLanguage":"es"},{"@type":"Organization","@id":"https:\/\/www.eldiario.net\/portal\/#organization","name":"El Diario - Decano de la prensa nacional","url":"https:\/\/www.eldiario.net\/portal\/","logo":{"@type":"ImageObject","inLanguage":"es","@id":"https:\/\/www.eldiario.net\/portal\/#\/schema\/logo\/image\/","url":"https:\/\/www.eldiario.net\/portal\/wp-content\/uploads\/2023\/07\/logo_ED.jpg","contentUrl":"https:\/\/www.eldiario.net\/portal\/wp-content\/uploads\/2023\/07\/logo_ED.jpg","width":272,"height":52,"caption":"El Diario - Decano de la prensa nacional"},"image":{"@id":"https:\/\/www.eldiario.net\/portal\/#\/schema\/logo\/image\/"},"sameAs":["https:\/\/www.facebook.com\/eldiario.bolivia\/","https:\/\/x.com\/eldiario_net"]},{"@type":"Person","@id":"https:\/\/www.eldiario.net\/portal\/#\/schema\/person\/2c57cf2b7a7ae032e449e4c9b1019eac","name":"Jeanette","image":{"@type":"ImageObject","inLanguage":"es","@id":"https:\/\/secure.gravatar.com\/avatar\/3ea2118a5f7dad2b7138b1187a6b7ee55f160b9968b66013c3a3ef39dd7e5798?s=96&d=mm&r=g","url":"https:\/\/secure.gravatar.com\/avatar\/3ea2118a5f7dad2b7138b1187a6b7ee55f160b9968b66013c3a3ef39dd7e5798?s=96&d=mm&r=g","contentUrl":"https:\/\/secure.gravatar.com\/avatar\/3ea2118a5f7dad2b7138b1187a6b7ee55f160b9968b66013c3a3ef39dd7e5798?s=96&d=mm&r=g","caption":"Jeanette"},"sameAs":["https:\/\/www.eldiario.net\/portal"],"url":"https:\/\/www.eldiario.net\/portal\/author\/jeanette\/"}]}},"_links":{"self":[{"href":"https:\/\/www.eldiario.net\/portal\/wp-json\/wp\/v2\/posts\/115900","targetHints":{"allow":["GET"]}}],"collection":[{"href":"https:\/\/www.eldiario.net\/portal\/wp-json\/wp\/v2\/posts"}],"about":[{"href":"https:\/\/www.eldiario.net\/portal\/wp-json\/wp\/v2\/types\/post"}],"author":[{"embeddable":true,"href":"https:\/\/www.eldiario.net\/portal\/wp-json\/wp\/v2\/users\/1"}],"replies":[{"embeddable":true,"href":"https:\/\/www.eldiario.net\/portal\/wp-json\/wp\/v2\/comments?post=115900"}],"version-history":[{"count":0,"href":"https:\/\/www.eldiario.net\/portal\/wp-json\/wp\/v2\/posts\/115900\/revisions"}],"wp:attachment":[{"href":"https:\/\/www.eldiario.net\/portal\/wp-json\/wp\/v2\/media?parent=115900"}],"wp:term":[{"taxonomy":"category","embeddable":true,"href":"https:\/\/www.eldiario.net\/portal\/wp-json\/wp\/v2\/categories?post=115900"},{"taxonomy":"post_tag","embeddable":true,"href":"https:\/\/www.eldiario.net\/portal\/wp-json\/wp\/v2\/tags?post=115900"}],"curies":[{"name":"wp","href":"https:\/\/api.w.org\/{rel}","templated":true}]}}