{"id":115894,"date":"2022-10-11T05:42:16","date_gmt":"2022-10-11T09:42:16","guid":{"rendered":"https:\/\/www.eldiario.net\/portal\/?p=115894"},"modified":"2022-10-11T05:42:16","modified_gmt":"2022-10-11T09:42:16","slug":"tse-reitera-que-cabildos-no-tienen-caracter-vinculante","status":"publish","type":"post","link":"https:\/\/www.eldiario.net\/portal\/2022\/10\/11\/tse-reitera-que-cabildos-no-tienen-caracter-vinculante\/","title":{"rendered":"TSE reitera que cabildos no  tienen car\u00e1cter vinculante"},"content":{"rendered":"<p>El presidente del Tribunal Supremo Electoral (TSE), Oscar Hassenteufel, puntualiz\u00f3 que un cabildo no tiene car\u00e1cter vinculante, sin embargo, se deben tomar en cuenta los resultados de estas actividades a trav\u00e9s del dialogo, por tratarse de la expresi\u00f3n de un grupo de la poblaci\u00f3n. Insisti\u00f3 en que se debe buscar un acercamiento entre los sectores interesados para solucionar el tema de la fecha para el Censo.<\/p>\n<p>En declaraciones a medios de prensa, Hassenteufel sostuvo que las normativas vigentes no reconocen un car\u00e1cter vinculante para los cabildos, pero este no es un factor que impida o\u00edr y atender las ideas que se expresan en este tipo de encuentros.<\/p>\n<p>\u201cNo podemos darle un car\u00e1cter vinculante u obligatorio, pero si debemos tomar en cuenta como pa\u00eds, como gobierno, como sociedad, en el conjunto total, se deben tomar en cuenta los resultados de un cabildo porque es la expresi\u00f3n de un grupo. Puede ser grande o peque\u00f1a, esa expresi\u00f3n debe ser tomada en cuenta\u201d, afirm\u00f3.<\/p>\n<p>Sostuvo adem\u00e1s que la forma de atender las disposiciones de un cabildo u otras formas que tiene la poblaci\u00f3n para expresar sus ideas y exigir soluciones debe ser mediante el dialogo, pues es esta la mejor v\u00eda para alcanzar acuerdos que beneficien a todos.<\/p>\n<p>\u201cEl dialogo es el mecanismo adecuado para buscar soluciones, no podemos estar confrontados permanentemente, la democracia significa dialogo discusi\u00f3n, b\u00fasqueda de acuerdos y de consenso, pensando siempre en lo mejor para el pa\u00eds\u201d, refiri\u00f3 la autoridad electoral.<\/p>\n","protected":false},"excerpt":{"rendered":"<p>El presidente del Tribunal Supremo Electoral (TSE), Oscar Hassenteufel, puntualiz\u00f3 que un cabildo no tiene car\u00e1cter vinculante, sin embargo, se deben tomar en cuenta los resultados de estas actividades a trav\u00e9s del dialogo, por tratarse de la expresi\u00f3n de un grupo de la poblaci\u00f3n. Insisti\u00f3 en que se debe buscar un acercamiento entre los sectores [&hellip;]<\/p>\n","protected":false},"author":1,"featured_media":115895,"comment_status":"closed","ping_status":"closed","sticky":false,"template":"","format":"standard","meta":{"_acf_changed":false,"footnotes":""},"categories":[14],"tags":[],"class_list":["post-115894","post","type-post","status-publish","format-standard","has-post-thumbnail","category-politica"],"acf":{"antetitulo":""},"yoast_head":"<!-- This site is optimized with the Yoast SEO plugin v28.4 - https:\/\/yoast.com\/product\/yoast-seo-wordpress\/ -->\n<title>TSE reitera que cabildos no tienen car\u00e1cter vinculante - El Diario - Bolivia<\/title>\n<meta name=\"robots\" content=\"index, follow, max-snippet:-1, max-image-preview:large, max-video-preview:-1\" \/>\n<link rel=\"canonical\" href=\"https:\/\/www.eldiario.net\/portal\/2022\/10\/11\/tse-reitera-que-cabildos-no-tienen-caracter-vinculante\/\" \/>\n<meta property=\"og:locale\" content=\"es_ES\" \/>\n<meta property=\"og:type\" content=\"article\" \/>\n<meta property=\"og:title\" content=\"TSE reitera que cabildos no tienen car\u00e1cter vinculante - El Diario - Bolivia\" \/>\n<meta property=\"og:description\" content=\"El presidente del Tribunal Supremo Electoral (TSE), Oscar Hassenteufel, puntualiz\u00f3 que un cabildo no tiene car\u00e1cter vinculante, sin embargo, se deben tomar en cuenta los resultados de estas actividades a trav\u00e9s del dialogo, por tratarse de la expresi\u00f3n de un grupo de la poblaci\u00f3n. Insisti\u00f3 en que se debe buscar un acercamiento entre los sectores [&hellip;]\" \/>\n<meta property=\"og:url\" content=\"https:\/\/www.eldiario.net\/portal\/2022\/10\/11\/tse-reitera-que-cabildos-no-tienen-caracter-vinculante\/\" \/>\n<meta property=\"og:site_name\" content=\"El Diario - Bolivia\" \/>\n<meta property=\"article:publisher\" content=\"https:\/\/www.facebook.com\/eldiario.bolivia\/\" \/>\n<meta property=\"article:published_time\" content=\"2022-10-11T09:42:16+00:00\" \/>\n<meta property=\"og:image\" content=\"https:\/\/www.eldiario.net\/portal\/wp-content\/uploads\/2022\/10\/HASEN-FOTO.jpg\" \/>\n\t<meta property=\"og:image:width\" content=\"1599\" \/>\n\t<meta property=\"og:image:height\" content=\"1066\" \/>\n\t<meta property=\"og:image:type\" content=\"image\/jpeg\" \/>\n<meta name=\"author\" content=\"Jeanette\" \/>\n<meta name=\"twitter:card\" content=\"summary_large_image\" \/>\n<meta name=\"twitter:creator\" content=\"@eldiario_net\" \/>\n<meta name=\"twitter:site\" content=\"@eldiario_net\" \/>\n<meta name=\"twitter:label1\" content=\"Escrito por\" \/>\n\t<meta name=\"twitter:data1\" content=\"Jeanette\" \/>\n\t<meta name=\"twitter:label2\" content=\"Tiempo de lectura\" \/>\n\t<meta name=\"twitter:data2\" content=\"2 minutos\" \/>\n<script type=\"application\/ld+json\" class=\"yoast-schema-graph\">{\"@context\":\"https:\\\/\\\/schema.org\",\"@graph\":[{\"@type\":\"Article\",\"@id\":\"https:\\\/\\\/www.eldiario.net\\\/portal\\\/2022\\\/10\\\/11\\\/tse-reitera-que-cabildos-no-tienen-caracter-vinculante\\\/#article\",\"isPartOf\":{\"@id\":\"https:\\\/\\\/www.eldiario.net\\\/portal\\\/2022\\\/10\\\/11\\\/tse-reitera-que-cabildos-no-tienen-caracter-vinculante\\\/\"},\"author\":{\"name\":\"Jeanette\",\"@id\":\"https:\\\/\\\/www.eldiario.net\\\/portal\\\/#\\\/schema\\\/person\\\/2c57cf2b7a7ae032e449e4c9b1019eac\"},\"headline\":\"TSE reitera que cabildos no tienen car\u00e1cter vinculante\",\"datePublished\":\"2022-10-11T09:42:16+00:00\",\"mainEntityOfPage\":{\"@id\":\"https:\\\/\\\/www.eldiario.net\\\/portal\\\/2022\\\/10\\\/11\\\/tse-reitera-que-cabildos-no-tienen-caracter-vinculante\\\/\"},\"wordCount\":268,\"publisher\":{\"@id\":\"https:\\\/\\\/www.eldiario.net\\\/portal\\\/#organization\"},\"image\":{\"@id\":\"https:\\\/\\\/www.eldiario.net\\\/portal\\\/2022\\\/10\\\/11\\\/tse-reitera-que-cabildos-no-tienen-caracter-vinculante\\\/#primaryimage\"},\"thumbnailUrl\":\"https:\\\/\\\/www.eldiario.net\\\/portal\\\/wp-content\\\/uploads\\\/2022\\\/10\\\/HASEN-FOTO.jpg\",\"articleSection\":[\"Pol\u00edtica\"],\"inLanguage\":\"es\"},{\"@type\":\"WebPage\",\"@id\":\"https:\\\/\\\/www.eldiario.net\\\/portal\\\/2022\\\/10\\\/11\\\/tse-reitera-que-cabildos-no-tienen-caracter-vinculante\\\/\",\"url\":\"https:\\\/\\\/www.eldiario.net\\\/portal\\\/2022\\\/10\\\/11\\\/tse-reitera-que-cabildos-no-tienen-caracter-vinculante\\\/\",\"name\":\"TSE reitera que cabildos no tienen car\u00e1cter vinculante - El Diario - Bolivia\",\"isPartOf\":{\"@id\":\"https:\\\/\\\/www.eldiario.net\\\/portal\\\/#website\"},\"primaryImageOfPage\":{\"@id\":\"https:\\\/\\\/www.eldiario.net\\\/portal\\\/2022\\\/10\\\/11\\\/tse-reitera-que-cabildos-no-tienen-caracter-vinculante\\\/#primaryimage\"},\"image\":{\"@id\":\"https:\\\/\\\/www.eldiario.net\\\/portal\\\/2022\\\/10\\\/11\\\/tse-reitera-que-cabildos-no-tienen-caracter-vinculante\\\/#primaryimage\"},\"thumbnailUrl\":\"https:\\\/\\\/www.eldiario.net\\\/portal\\\/wp-content\\\/uploads\\\/2022\\\/10\\\/HASEN-FOTO.jpg\",\"datePublished\":\"2022-10-11T09:42:16+00:00\",\"breadcrumb\":{\"@id\":\"https:\\\/\\\/www.eldiario.net\\\/portal\\\/2022\\\/10\\\/11\\\/tse-reitera-que-cabildos-no-tienen-caracter-vinculante\\\/#breadcrumb\"},\"inLanguage\":\"es\",\"potentialAction\":[{\"@type\":\"ReadAction\",\"target\":[\"https:\\\/\\\/www.eldiario.net\\\/portal\\\/2022\\\/10\\\/11\\\/tse-reitera-que-cabildos-no-tienen-caracter-vinculante\\\/\"]}]},{\"@type\":\"ImageObject\",\"inLanguage\":\"es\",\"@id\":\"https:\\\/\\\/www.eldiario.net\\\/portal\\\/2022\\\/10\\\/11\\\/tse-reitera-que-cabildos-no-tienen-caracter-vinculante\\\/#primaryimage\",\"url\":\"https:\\\/\\\/www.eldiario.net\\\/portal\\\/wp-content\\\/uploads\\\/2022\\\/10\\\/HASEN-FOTO.jpg\",\"contentUrl\":\"https:\\\/\\\/www.eldiario.net\\\/portal\\\/wp-content\\\/uploads\\\/2022\\\/10\\\/HASEN-FOTO.jpg\",\"width\":1599,\"height\":1066,\"caption\":\"Oscar Hassenteufel, presidente del TSE CREDITOS \\\/ RRSS\"},{\"@type\":\"BreadcrumbList\",\"@id\":\"https:\\\/\\\/www.eldiario.net\\\/portal\\\/2022\\\/10\\\/11\\\/tse-reitera-que-cabildos-no-tienen-caracter-vinculante\\\/#breadcrumb\",\"itemListElement\":[{\"@type\":\"ListItem\",\"position\":1,\"name\":\"Portada\",\"item\":\"https:\\\/\\\/www.eldiario.net\\\/portal\\\/\"},{\"@type\":\"ListItem\",\"position\":2,\"name\":\"TSE reitera que cabildos no tienen car\u00e1cter vinculante\"}]},{\"@type\":\"WebSite\",\"@id\":\"https:\\\/\\\/www.eldiario.net\\\/portal\\\/#website\",\"url\":\"https:\\\/\\\/www.eldiario.net\\\/portal\\\/\",\"name\":\"El Diario - Decano de la prensa nacional\",\"description\":\"El Diario - Decano de la prensa nacional\",\"publisher\":{\"@id\":\"https:\\\/\\\/www.eldiario.net\\\/portal\\\/#organization\"},\"potentialAction\":[{\"@type\":\"SearchAction\",\"target\":{\"@type\":\"EntryPoint\",\"urlTemplate\":\"https:\\\/\\\/www.eldiario.net\\\/portal\\\/?s={search_term_string}\"},\"query-input\":{\"@type\":\"PropertyValueSpecification\",\"valueRequired\":true,\"valueName\":\"search_term_string\"}}],\"inLanguage\":\"es\"},{\"@type\":\"Organization\",\"@id\":\"https:\\\/\\\/www.eldiario.net\\\/portal\\\/#organization\",\"name\":\"El Diario - Decano de la prensa nacional\",\"url\":\"https:\\\/\\\/www.eldiario.net\\\/portal\\\/\",\"logo\":{\"@type\":\"ImageObject\",\"inLanguage\":\"es\",\"@id\":\"https:\\\/\\\/www.eldiario.net\\\/portal\\\/#\\\/schema\\\/logo\\\/image\\\/\",\"url\":\"https:\\\/\\\/www.eldiario.net\\\/portal\\\/wp-content\\\/uploads\\\/2023\\\/07\\\/logo_ED.jpg\",\"contentUrl\":\"https:\\\/\\\/www.eldiario.net\\\/portal\\\/wp-content\\\/uploads\\\/2023\\\/07\\\/logo_ED.jpg\",\"width\":272,\"height\":52,\"caption\":\"El Diario - Decano de la prensa nacional\"},\"image\":{\"@id\":\"https:\\\/\\\/www.eldiario.net\\\/portal\\\/#\\\/schema\\\/logo\\\/image\\\/\"},\"sameAs\":[\"https:\\\/\\\/www.facebook.com\\\/eldiario.bolivia\\\/\",\"https:\\\/\\\/x.com\\\/eldiario_net\"]},{\"@type\":\"Person\",\"@id\":\"https:\\\/\\\/www.eldiario.net\\\/portal\\\/#\\\/schema\\\/person\\\/2c57cf2b7a7ae032e449e4c9b1019eac\",\"name\":\"Jeanette\",\"image\":{\"@type\":\"ImageObject\",\"inLanguage\":\"es\",\"@id\":\"https:\\\/\\\/secure.gravatar.com\\\/avatar\\\/3ea2118a5f7dad2b7138b1187a6b7ee55f160b9968b66013c3a3ef39dd7e5798?s=96&d=mm&r=g\",\"url\":\"https:\\\/\\\/secure.gravatar.com\\\/avatar\\\/3ea2118a5f7dad2b7138b1187a6b7ee55f160b9968b66013c3a3ef39dd7e5798?s=96&d=mm&r=g\",\"contentUrl\":\"https:\\\/\\\/secure.gravatar.com\\\/avatar\\\/3ea2118a5f7dad2b7138b1187a6b7ee55f160b9968b66013c3a3ef39dd7e5798?s=96&d=mm&r=g\",\"caption\":\"Jeanette\"},\"sameAs\":[\"https:\\\/\\\/www.eldiario.net\\\/portal\"],\"url\":\"https:\\\/\\\/www.eldiario.net\\\/portal\\\/author\\\/jeanette\\\/\"}]}<\/script>\n<!-- \/ Yoast SEO plugin. -->","yoast_head_json":{"title":"TSE reitera que cabildos no tienen car\u00e1cter vinculante - El Diario - Bolivia","robots":{"index":"index","follow":"follow","max-snippet":"max-snippet:-1","max-image-preview":"max-image-preview:large","max-video-preview":"max-video-preview:-1"},"canonical":"https:\/\/www.eldiario.net\/portal\/2022\/10\/11\/tse-reitera-que-cabildos-no-tienen-caracter-vinculante\/","og_locale":"es_ES","og_type":"article","og_title":"TSE reitera que cabildos no tienen car\u00e1cter vinculante - El Diario - Bolivia","og_description":"El presidente del Tribunal Supremo Electoral (TSE), Oscar Hassenteufel, puntualiz\u00f3 que un cabildo no tiene car\u00e1cter vinculante, sin embargo, se deben tomar en cuenta los resultados de estas actividades a trav\u00e9s del dialogo, por tratarse de la expresi\u00f3n de un grupo de la poblaci\u00f3n. Insisti\u00f3 en que se debe buscar un acercamiento entre los sectores [&hellip;]","og_url":"https:\/\/www.eldiario.net\/portal\/2022\/10\/11\/tse-reitera-que-cabildos-no-tienen-caracter-vinculante\/","og_site_name":"El Diario - Bolivia","article_publisher":"https:\/\/www.facebook.com\/eldiario.bolivia\/","article_published_time":"2022-10-11T09:42:16+00:00","og_image":[{"width":1599,"height":1066,"url":"https:\/\/www.eldiario.net\/portal\/wp-content\/uploads\/2022\/10\/HASEN-FOTO.jpg","type":"image\/jpeg"}],"author":"Jeanette","twitter_card":"summary_large_image","twitter_creator":"@eldiario_net","twitter_site":"@eldiario_net","twitter_misc":{"Escrito por":"Jeanette","Tiempo de lectura":"2 minutos"},"schema":{"@context":"https:\/\/schema.org","@graph":[{"@type":"Article","@id":"https:\/\/www.eldiario.net\/portal\/2022\/10\/11\/tse-reitera-que-cabildos-no-tienen-caracter-vinculante\/#article","isPartOf":{"@id":"https:\/\/www.eldiario.net\/portal\/2022\/10\/11\/tse-reitera-que-cabildos-no-tienen-caracter-vinculante\/"},"author":{"name":"Jeanette","@id":"https:\/\/www.eldiario.net\/portal\/#\/schema\/person\/2c57cf2b7a7ae032e449e4c9b1019eac"},"headline":"TSE reitera que cabildos no tienen car\u00e1cter vinculante","datePublished":"2022-10-11T09:42:16+00:00","mainEntityOfPage":{"@id":"https:\/\/www.eldiario.net\/portal\/2022\/10\/11\/tse-reitera-que-cabildos-no-tienen-caracter-vinculante\/"},"wordCount":268,"publisher":{"@id":"https:\/\/www.eldiario.net\/portal\/#organization"},"image":{"@id":"https:\/\/www.eldiario.net\/portal\/2022\/10\/11\/tse-reitera-que-cabildos-no-tienen-caracter-vinculante\/#primaryimage"},"thumbnailUrl":"https:\/\/www.eldiario.net\/portal\/wp-content\/uploads\/2022\/10\/HASEN-FOTO.jpg","articleSection":["Pol\u00edtica"],"inLanguage":"es"},{"@type":"WebPage","@id":"https:\/\/www.eldiario.net\/portal\/2022\/10\/11\/tse-reitera-que-cabildos-no-tienen-caracter-vinculante\/","url":"https:\/\/www.eldiario.net\/portal\/2022\/10\/11\/tse-reitera-que-cabildos-no-tienen-caracter-vinculante\/","name":"TSE reitera que cabildos no tienen car\u00e1cter vinculante - El Diario - Bolivia","isPartOf":{"@id":"https:\/\/www.eldiario.net\/portal\/#website"},"primaryImageOfPage":{"@id":"https:\/\/www.eldiario.net\/portal\/2022\/10\/11\/tse-reitera-que-cabildos-no-tienen-caracter-vinculante\/#primaryimage"},"image":{"@id":"https:\/\/www.eldiario.net\/portal\/2022\/10\/11\/tse-reitera-que-cabildos-no-tienen-caracter-vinculante\/#primaryimage"},"thumbnailUrl":"https:\/\/www.eldiario.net\/portal\/wp-content\/uploads\/2022\/10\/HASEN-FOTO.jpg","datePublished":"2022-10-11T09:42:16+00:00","breadcrumb":{"@id":"https:\/\/www.eldiario.net\/portal\/2022\/10\/11\/tse-reitera-que-cabildos-no-tienen-caracter-vinculante\/#breadcrumb"},"inLanguage":"es","potentialAction":[{"@type":"ReadAction","target":["https:\/\/www.eldiario.net\/portal\/2022\/10\/11\/tse-reitera-que-cabildos-no-tienen-caracter-vinculante\/"]}]},{"@type":"ImageObject","inLanguage":"es","@id":"https:\/\/www.eldiario.net\/portal\/2022\/10\/11\/tse-reitera-que-cabildos-no-tienen-caracter-vinculante\/#primaryimage","url":"https:\/\/www.eldiario.net\/portal\/wp-content\/uploads\/2022\/10\/HASEN-FOTO.jpg","contentUrl":"https:\/\/www.eldiario.net\/portal\/wp-content\/uploads\/2022\/10\/HASEN-FOTO.jpg","width":1599,"height":1066,"caption":"Oscar Hassenteufel, presidente del TSE CREDITOS \/ RRSS"},{"@type":"BreadcrumbList","@id":"https:\/\/www.eldiario.net\/portal\/2022\/10\/11\/tse-reitera-que-cabildos-no-tienen-caracter-vinculante\/#breadcrumb","itemListElement":[{"@type":"ListItem","position":1,"name":"Portada","item":"https:\/\/www.eldiario.net\/portal\/"},{"@type":"ListItem","position":2,"name":"TSE reitera que cabildos no tienen car\u00e1cter vinculante"}]},{"@type":"WebSite","@id":"https:\/\/www.eldiario.net\/portal\/#website","url":"https:\/\/www.eldiario.net\/portal\/","name":"El Diario - Decano de la prensa nacional","description":"El Diario - Decano de la prensa nacional","publisher":{"@id":"https:\/\/www.eldiario.net\/portal\/#organization"},"potentialAction":[{"@type":"SearchAction","target":{"@type":"EntryPoint","urlTemplate":"https:\/\/www.eldiario.net\/portal\/?s={search_term_string}"},"query-input":{"@type":"PropertyValueSpecification","valueRequired":true,"valueName":"search_term_string"}}],"inLanguage":"es"},{"@type":"Organization","@id":"https:\/\/www.eldiario.net\/portal\/#organization","name":"El Diario - Decano de la prensa nacional","url":"https:\/\/www.eldiario.net\/portal\/","logo":{"@type":"ImageObject","inLanguage":"es","@id":"https:\/\/www.eldiario.net\/portal\/#\/schema\/logo\/image\/","url":"https:\/\/www.eldiario.net\/portal\/wp-content\/uploads\/2023\/07\/logo_ED.jpg","contentUrl":"https:\/\/www.eldiario.net\/portal\/wp-content\/uploads\/2023\/07\/logo_ED.jpg","width":272,"height":52,"caption":"El Diario - Decano de la prensa nacional"},"image":{"@id":"https:\/\/www.eldiario.net\/portal\/#\/schema\/logo\/image\/"},"sameAs":["https:\/\/www.facebook.com\/eldiario.bolivia\/","https:\/\/x.com\/eldiario_net"]},{"@type":"Person","@id":"https:\/\/www.eldiario.net\/portal\/#\/schema\/person\/2c57cf2b7a7ae032e449e4c9b1019eac","name":"Jeanette","image":{"@type":"ImageObject","inLanguage":"es","@id":"https:\/\/secure.gravatar.com\/avatar\/3ea2118a5f7dad2b7138b1187a6b7ee55f160b9968b66013c3a3ef39dd7e5798?s=96&d=mm&r=g","url":"https:\/\/secure.gravatar.com\/avatar\/3ea2118a5f7dad2b7138b1187a6b7ee55f160b9968b66013c3a3ef39dd7e5798?s=96&d=mm&r=g","contentUrl":"https:\/\/secure.gravatar.com\/avatar\/3ea2118a5f7dad2b7138b1187a6b7ee55f160b9968b66013c3a3ef39dd7e5798?s=96&d=mm&r=g","caption":"Jeanette"},"sameAs":["https:\/\/www.eldiario.net\/portal"],"url":"https:\/\/www.eldiario.net\/portal\/author\/jeanette\/"}]}},"_links":{"self":[{"href":"https:\/\/www.eldiario.net\/portal\/wp-json\/wp\/v2\/posts\/115894","targetHints":{"allow":["GET"]}}],"collection":[{"href":"https:\/\/www.eldiario.net\/portal\/wp-json\/wp\/v2\/posts"}],"about":[{"href":"https:\/\/www.eldiario.net\/portal\/wp-json\/wp\/v2\/types\/post"}],"author":[{"embeddable":true,"href":"https:\/\/www.eldiario.net\/portal\/wp-json\/wp\/v2\/users\/1"}],"replies":[{"embeddable":true,"href":"https:\/\/www.eldiario.net\/portal\/wp-json\/wp\/v2\/comments?post=115894"}],"version-history":[{"count":0,"href":"https:\/\/www.eldiario.net\/portal\/wp-json\/wp\/v2\/posts\/115894\/revisions"}],"wp:featuredmedia":[{"embeddable":true,"href":"https:\/\/www.eldiario.net\/portal\/wp-json\/wp\/v2\/media\/115895"}],"wp:attachment":[{"href":"https:\/\/www.eldiario.net\/portal\/wp-json\/wp\/v2\/media?parent=115894"}],"wp:term":[{"taxonomy":"category","embeddable":true,"href":"https:\/\/www.eldiario.net\/portal\/wp-json\/wp\/v2\/categories?post=115894"},{"taxonomy":"post_tag","embeddable":true,"href":"https:\/\/www.eldiario.net\/portal\/wp-json\/wp\/v2\/tags?post=115894"}],"curies":[{"name":"wp","href":"https:\/\/api.w.org\/{rel}","templated":true}]}}