{"id":115891,"date":"2022-10-11T05:41:23","date_gmt":"2022-10-11T09:41:23","guid":{"rendered":"https:\/\/www.eldiario.net\/portal\/?p=115891"},"modified":"2022-10-11T05:41:23","modified_gmt":"2022-10-11T09:41:23","slug":"lima-es-blanco-de-duras-criticas-desde-oficialismo-y-oposicion","status":"publish","type":"post","link":"https:\/\/www.eldiario.net\/portal\/2022\/10\/11\/lima-es-blanco-de-duras-criticas-desde-oficialismo-y-oposicion\/","title":{"rendered":"Lima es blanco de duras cr\u00edticas  desde oficialismo y oposici\u00f3n"},"content":{"rendered":"<p>Tras las publicaciones en redes sociales en las que el ministro de Justicia, Iv\u00e1n Lima, expres\u00f3 cr\u00edticas contra el expresidente, Evo Morales, para posteriormente borrarlas, parlamentarios de oficialismo y oposici\u00f3n cuestionaron la actitud de la autoridad y pidieron su alejamiento del cargo.<\/p>\n<p>Para la diputada por el Movimiento al Socialismo (MAS), Gladis Quispe, las expresiones de la autoridad mediante plataformas digitales han demostrado la l\u00ednea pol\u00edtica que se sigue desde esta cartera del Estado, misma que estar\u00eda alejada de los intereses de partido oficialista, motivo por el que pidi\u00f3 su destituci\u00f3n.<\/p>\n<p>\u201cAhora vemos quienes hab\u00edan sido los padrinos de todos estos gestores de oposici\u00f3n, y todav\u00eda salen en defensa del se\u00f1or Mesa, ahora vemos a qu\u00e9 l\u00ednea pertenece el se\u00f1or Lima, no es del instrumento pol\u00edtico, no es de la l\u00ednea del MAS\u201d, reproch\u00f3 la legisladora oficialista.<\/p>\n<p>Por su parte, el diputado por Comunidad Ciudadana, Alberto Astorga, cuestion\u00f3 a Lima por acciones en las que trata de enfrentar al l\u00edder del partido azul para posteriormente retroceder en sus intenciones.<\/p>\n<p>\u201cRecordemos que supuestamente \u00e9l ha filtrado el informe de la CIDH y luego dijo que no habr\u00e1 un juicio de responsabilidades a Morales, ahora hace tuits en los que le dice que es un cobarde y despu\u00e9s los borra\u201d, reproch\u00f3 Astorga.<\/p>\n<p>Afirm\u00f3 que por estas acciones se puede evidenciar el temor de la autoridad a la figura del exmandatario. \u201cCada vez lanza la piedra y luego esconde la mano, eso ya es repetitivo de su parte\u201d, indic\u00f3.<\/p>\n<p>Astorga coincidi\u00f3 con su colega oficialista en que las constantes acciones err\u00e1ticas de la autoridad son motivo suficiente para plantear su alejamiento del cargo<\/p>\n<p>\u201cDemuestra falta de valent\u00eda y credibilidad al no impulsar una justicia imparcial entonces pienso que la autoridad ya deber\u00eda dar un paso al costado. Est\u00e1 demostrando cobard\u00eda e incapacidad\u201d, finaliz\u00f3.<\/p>\n","protected":false},"excerpt":{"rendered":"<p>Tras las publicaciones en redes sociales en las que el ministro de Justicia, Iv\u00e1n Lima, expres\u00f3 cr\u00edticas contra el expresidente, Evo Morales, para posteriormente borrarlas, parlamentarios de oficialismo y oposici\u00f3n cuestionaron la actitud de la autoridad y pidieron su alejamiento del cargo. Para la diputada por el Movimiento al Socialismo (MAS), Gladis Quispe, las expresiones [&hellip;]<\/p>\n","protected":false},"author":1,"featured_media":115892,"comment_status":"closed","ping_status":"closed","sticky":false,"template":"","format":"standard","meta":{"_acf_changed":false,"footnotes":""},"categories":[14],"tags":[],"class_list":["post-115891","post","type-post","status-publish","format-standard","has-post-thumbnail","category-politica"],"acf":{"antetitulo":""},"yoast_head":"<!-- This site is optimized with the Yoast SEO plugin v28.4 - https:\/\/yoast.com\/product\/yoast-seo-wordpress\/ -->\n<title>Lima es blanco de duras cr\u00edticas desde oficialismo y oposici\u00f3n - El Diario - Bolivia<\/title>\n<meta name=\"robots\" content=\"index, follow, max-snippet:-1, max-image-preview:large, max-video-preview:-1\" \/>\n<link rel=\"canonical\" href=\"https:\/\/www.eldiario.net\/portal\/2022\/10\/11\/lima-es-blanco-de-duras-criticas-desde-oficialismo-y-oposicion\/\" \/>\n<meta property=\"og:locale\" content=\"es_ES\" \/>\n<meta property=\"og:type\" content=\"article\" \/>\n<meta property=\"og:title\" content=\"Lima es blanco de duras cr\u00edticas desde oficialismo y oposici\u00f3n - El Diario - Bolivia\" \/>\n<meta property=\"og:description\" content=\"Tras las publicaciones en redes sociales en las que el ministro de Justicia, Iv\u00e1n Lima, expres\u00f3 cr\u00edticas contra el expresidente, Evo Morales, para posteriormente borrarlas, parlamentarios de oficialismo y oposici\u00f3n cuestionaron la actitud de la autoridad y pidieron su alejamiento del cargo. Para la diputada por el Movimiento al Socialismo (MAS), Gladis Quispe, las expresiones [&hellip;]\" \/>\n<meta property=\"og:url\" content=\"https:\/\/www.eldiario.net\/portal\/2022\/10\/11\/lima-es-blanco-de-duras-criticas-desde-oficialismo-y-oposicion\/\" \/>\n<meta property=\"og:site_name\" content=\"El Diario - Bolivia\" \/>\n<meta property=\"article:publisher\" content=\"https:\/\/www.facebook.com\/eldiario.bolivia\/\" \/>\n<meta property=\"article:published_time\" content=\"2022-10-11T09:41:23+00:00\" \/>\n<meta name=\"author\" content=\"Jeanette\" \/>\n<meta name=\"twitter:card\" content=\"summary_large_image\" \/>\n<meta name=\"twitter:creator\" content=\"@eldiario_net\" \/>\n<meta name=\"twitter:site\" content=\"@eldiario_net\" \/>\n<meta name=\"twitter:label1\" content=\"Escrito por\" \/>\n\t<meta name=\"twitter:data1\" content=\"Jeanette\" \/>\n\t<meta name=\"twitter:label2\" content=\"Tiempo de lectura\" \/>\n\t<meta name=\"twitter:data2\" content=\"2 minutos\" \/>\n<script type=\"application\/ld+json\" class=\"yoast-schema-graph\">{\"@context\":\"https:\\\/\\\/schema.org\",\"@graph\":[{\"@type\":\"Article\",\"@id\":\"https:\\\/\\\/www.eldiario.net\\\/portal\\\/2022\\\/10\\\/11\\\/lima-es-blanco-de-duras-criticas-desde-oficialismo-y-oposicion\\\/#article\",\"isPartOf\":{\"@id\":\"https:\\\/\\\/www.eldiario.net\\\/portal\\\/2022\\\/10\\\/11\\\/lima-es-blanco-de-duras-criticas-desde-oficialismo-y-oposicion\\\/\"},\"author\":{\"name\":\"Jeanette\",\"@id\":\"https:\\\/\\\/www.eldiario.net\\\/portal\\\/#\\\/schema\\\/person\\\/2c57cf2b7a7ae032e449e4c9b1019eac\"},\"headline\":\"Lima es blanco de duras cr\u00edticas desde oficialismo y oposici\u00f3n\",\"datePublished\":\"2022-10-11T09:41:23+00:00\",\"mainEntityOfPage\":{\"@id\":\"https:\\\/\\\/www.eldiario.net\\\/portal\\\/2022\\\/10\\\/11\\\/lima-es-blanco-de-duras-criticas-desde-oficialismo-y-oposicion\\\/\"},\"wordCount\":333,\"publisher\":{\"@id\":\"https:\\\/\\\/www.eldiario.net\\\/portal\\\/#organization\"},\"image\":{\"@id\":\"https:\\\/\\\/www.eldiario.net\\\/portal\\\/2022\\\/10\\\/11\\\/lima-es-blanco-de-duras-criticas-desde-oficialismo-y-oposicion\\\/#primaryimage\"},\"thumbnailUrl\":\"\",\"articleSection\":[\"Pol\u00edtica\"],\"inLanguage\":\"es\"},{\"@type\":\"WebPage\",\"@id\":\"https:\\\/\\\/www.eldiario.net\\\/portal\\\/2022\\\/10\\\/11\\\/lima-es-blanco-de-duras-criticas-desde-oficialismo-y-oposicion\\\/\",\"url\":\"https:\\\/\\\/www.eldiario.net\\\/portal\\\/2022\\\/10\\\/11\\\/lima-es-blanco-de-duras-criticas-desde-oficialismo-y-oposicion\\\/\",\"name\":\"Lima es blanco de duras cr\u00edticas desde oficialismo y oposici\u00f3n - El Diario - Bolivia\",\"isPartOf\":{\"@id\":\"https:\\\/\\\/www.eldiario.net\\\/portal\\\/#website\"},\"primaryImageOfPage\":{\"@id\":\"https:\\\/\\\/www.eldiario.net\\\/portal\\\/2022\\\/10\\\/11\\\/lima-es-blanco-de-duras-criticas-desde-oficialismo-y-oposicion\\\/#primaryimage\"},\"image\":{\"@id\":\"https:\\\/\\\/www.eldiario.net\\\/portal\\\/2022\\\/10\\\/11\\\/lima-es-blanco-de-duras-criticas-desde-oficialismo-y-oposicion\\\/#primaryimage\"},\"thumbnailUrl\":\"\",\"datePublished\":\"2022-10-11T09:41:23+00:00\",\"breadcrumb\":{\"@id\":\"https:\\\/\\\/www.eldiario.net\\\/portal\\\/2022\\\/10\\\/11\\\/lima-es-blanco-de-duras-criticas-desde-oficialismo-y-oposicion\\\/#breadcrumb\"},\"inLanguage\":\"es\",\"potentialAction\":[{\"@type\":\"ReadAction\",\"target\":[\"https:\\\/\\\/www.eldiario.net\\\/portal\\\/2022\\\/10\\\/11\\\/lima-es-blanco-de-duras-criticas-desde-oficialismo-y-oposicion\\\/\"]}]},{\"@type\":\"ImageObject\",\"inLanguage\":\"es\",\"@id\":\"https:\\\/\\\/www.eldiario.net\\\/portal\\\/2022\\\/10\\\/11\\\/lima-es-blanco-de-duras-criticas-desde-oficialismo-y-oposicion\\\/#primaryimage\",\"url\":\"\",\"contentUrl\":\"\"},{\"@type\":\"BreadcrumbList\",\"@id\":\"https:\\\/\\\/www.eldiario.net\\\/portal\\\/2022\\\/10\\\/11\\\/lima-es-blanco-de-duras-criticas-desde-oficialismo-y-oposicion\\\/#breadcrumb\",\"itemListElement\":[{\"@type\":\"ListItem\",\"position\":1,\"name\":\"Portada\",\"item\":\"https:\\\/\\\/www.eldiario.net\\\/portal\\\/\"},{\"@type\":\"ListItem\",\"position\":2,\"name\":\"Lima es blanco de duras cr\u00edticas desde oficialismo y oposici\u00f3n\"}]},{\"@type\":\"WebSite\",\"@id\":\"https:\\\/\\\/www.eldiario.net\\\/portal\\\/#website\",\"url\":\"https:\\\/\\\/www.eldiario.net\\\/portal\\\/\",\"name\":\"El Diario - Decano de la prensa nacional\",\"description\":\"El Diario - Decano de la prensa nacional\",\"publisher\":{\"@id\":\"https:\\\/\\\/www.eldiario.net\\\/portal\\\/#organization\"},\"potentialAction\":[{\"@type\":\"SearchAction\",\"target\":{\"@type\":\"EntryPoint\",\"urlTemplate\":\"https:\\\/\\\/www.eldiario.net\\\/portal\\\/?s={search_term_string}\"},\"query-input\":{\"@type\":\"PropertyValueSpecification\",\"valueRequired\":true,\"valueName\":\"search_term_string\"}}],\"inLanguage\":\"es\"},{\"@type\":\"Organization\",\"@id\":\"https:\\\/\\\/www.eldiario.net\\\/portal\\\/#organization\",\"name\":\"El Diario - Decano de la prensa nacional\",\"url\":\"https:\\\/\\\/www.eldiario.net\\\/portal\\\/\",\"logo\":{\"@type\":\"ImageObject\",\"inLanguage\":\"es\",\"@id\":\"https:\\\/\\\/www.eldiario.net\\\/portal\\\/#\\\/schema\\\/logo\\\/image\\\/\",\"url\":\"https:\\\/\\\/www.eldiario.net\\\/portal\\\/wp-content\\\/uploads\\\/2023\\\/07\\\/logo_ED.jpg\",\"contentUrl\":\"https:\\\/\\\/www.eldiario.net\\\/portal\\\/wp-content\\\/uploads\\\/2023\\\/07\\\/logo_ED.jpg\",\"width\":272,\"height\":52,\"caption\":\"El Diario - Decano de la prensa nacional\"},\"image\":{\"@id\":\"https:\\\/\\\/www.eldiario.net\\\/portal\\\/#\\\/schema\\\/logo\\\/image\\\/\"},\"sameAs\":[\"https:\\\/\\\/www.facebook.com\\\/eldiario.bolivia\\\/\",\"https:\\\/\\\/x.com\\\/eldiario_net\"]},{\"@type\":\"Person\",\"@id\":\"https:\\\/\\\/www.eldiario.net\\\/portal\\\/#\\\/schema\\\/person\\\/2c57cf2b7a7ae032e449e4c9b1019eac\",\"name\":\"Jeanette\",\"image\":{\"@type\":\"ImageObject\",\"inLanguage\":\"es\",\"@id\":\"https:\\\/\\\/secure.gravatar.com\\\/avatar\\\/3ea2118a5f7dad2b7138b1187a6b7ee55f160b9968b66013c3a3ef39dd7e5798?s=96&d=mm&r=g\",\"url\":\"https:\\\/\\\/secure.gravatar.com\\\/avatar\\\/3ea2118a5f7dad2b7138b1187a6b7ee55f160b9968b66013c3a3ef39dd7e5798?s=96&d=mm&r=g\",\"contentUrl\":\"https:\\\/\\\/secure.gravatar.com\\\/avatar\\\/3ea2118a5f7dad2b7138b1187a6b7ee55f160b9968b66013c3a3ef39dd7e5798?s=96&d=mm&r=g\",\"caption\":\"Jeanette\"},\"sameAs\":[\"https:\\\/\\\/www.eldiario.net\\\/portal\"],\"url\":\"https:\\\/\\\/www.eldiario.net\\\/portal\\\/author\\\/jeanette\\\/\"}]}<\/script>\n<!-- \/ Yoast SEO plugin. -->","yoast_head_json":{"title":"Lima es blanco de duras cr\u00edticas desde oficialismo y oposici\u00f3n - El Diario - Bolivia","robots":{"index":"index","follow":"follow","max-snippet":"max-snippet:-1","max-image-preview":"max-image-preview:large","max-video-preview":"max-video-preview:-1"},"canonical":"https:\/\/www.eldiario.net\/portal\/2022\/10\/11\/lima-es-blanco-de-duras-criticas-desde-oficialismo-y-oposicion\/","og_locale":"es_ES","og_type":"article","og_title":"Lima es blanco de duras cr\u00edticas desde oficialismo y oposici\u00f3n - El Diario - Bolivia","og_description":"Tras las publicaciones en redes sociales en las que el ministro de Justicia, Iv\u00e1n Lima, expres\u00f3 cr\u00edticas contra el expresidente, Evo Morales, para posteriormente borrarlas, parlamentarios de oficialismo y oposici\u00f3n cuestionaron la actitud de la autoridad y pidieron su alejamiento del cargo. Para la diputada por el Movimiento al Socialismo (MAS), Gladis Quispe, las expresiones [&hellip;]","og_url":"https:\/\/www.eldiario.net\/portal\/2022\/10\/11\/lima-es-blanco-de-duras-criticas-desde-oficialismo-y-oposicion\/","og_site_name":"El Diario - Bolivia","article_publisher":"https:\/\/www.facebook.com\/eldiario.bolivia\/","article_published_time":"2022-10-11T09:41:23+00:00","author":"Jeanette","twitter_card":"summary_large_image","twitter_creator":"@eldiario_net","twitter_site":"@eldiario_net","twitter_misc":{"Escrito por":"Jeanette","Tiempo de lectura":"2 minutos"},"schema":{"@context":"https:\/\/schema.org","@graph":[{"@type":"Article","@id":"https:\/\/www.eldiario.net\/portal\/2022\/10\/11\/lima-es-blanco-de-duras-criticas-desde-oficialismo-y-oposicion\/#article","isPartOf":{"@id":"https:\/\/www.eldiario.net\/portal\/2022\/10\/11\/lima-es-blanco-de-duras-criticas-desde-oficialismo-y-oposicion\/"},"author":{"name":"Jeanette","@id":"https:\/\/www.eldiario.net\/portal\/#\/schema\/person\/2c57cf2b7a7ae032e449e4c9b1019eac"},"headline":"Lima es blanco de duras cr\u00edticas desde oficialismo y oposici\u00f3n","datePublished":"2022-10-11T09:41:23+00:00","mainEntityOfPage":{"@id":"https:\/\/www.eldiario.net\/portal\/2022\/10\/11\/lima-es-blanco-de-duras-criticas-desde-oficialismo-y-oposicion\/"},"wordCount":333,"publisher":{"@id":"https:\/\/www.eldiario.net\/portal\/#organization"},"image":{"@id":"https:\/\/www.eldiario.net\/portal\/2022\/10\/11\/lima-es-blanco-de-duras-criticas-desde-oficialismo-y-oposicion\/#primaryimage"},"thumbnailUrl":"","articleSection":["Pol\u00edtica"],"inLanguage":"es"},{"@type":"WebPage","@id":"https:\/\/www.eldiario.net\/portal\/2022\/10\/11\/lima-es-blanco-de-duras-criticas-desde-oficialismo-y-oposicion\/","url":"https:\/\/www.eldiario.net\/portal\/2022\/10\/11\/lima-es-blanco-de-duras-criticas-desde-oficialismo-y-oposicion\/","name":"Lima es blanco de duras cr\u00edticas desde oficialismo y oposici\u00f3n - El Diario - Bolivia","isPartOf":{"@id":"https:\/\/www.eldiario.net\/portal\/#website"},"primaryImageOfPage":{"@id":"https:\/\/www.eldiario.net\/portal\/2022\/10\/11\/lima-es-blanco-de-duras-criticas-desde-oficialismo-y-oposicion\/#primaryimage"},"image":{"@id":"https:\/\/www.eldiario.net\/portal\/2022\/10\/11\/lima-es-blanco-de-duras-criticas-desde-oficialismo-y-oposicion\/#primaryimage"},"thumbnailUrl":"","datePublished":"2022-10-11T09:41:23+00:00","breadcrumb":{"@id":"https:\/\/www.eldiario.net\/portal\/2022\/10\/11\/lima-es-blanco-de-duras-criticas-desde-oficialismo-y-oposicion\/#breadcrumb"},"inLanguage":"es","potentialAction":[{"@type":"ReadAction","target":["https:\/\/www.eldiario.net\/portal\/2022\/10\/11\/lima-es-blanco-de-duras-criticas-desde-oficialismo-y-oposicion\/"]}]},{"@type":"ImageObject","inLanguage":"es","@id":"https:\/\/www.eldiario.net\/portal\/2022\/10\/11\/lima-es-blanco-de-duras-criticas-desde-oficialismo-y-oposicion\/#primaryimage","url":"","contentUrl":""},{"@type":"BreadcrumbList","@id":"https:\/\/www.eldiario.net\/portal\/2022\/10\/11\/lima-es-blanco-de-duras-criticas-desde-oficialismo-y-oposicion\/#breadcrumb","itemListElement":[{"@type":"ListItem","position":1,"name":"Portada","item":"https:\/\/www.eldiario.net\/portal\/"},{"@type":"ListItem","position":2,"name":"Lima es blanco de duras cr\u00edticas desde oficialismo y oposici\u00f3n"}]},{"@type":"WebSite","@id":"https:\/\/www.eldiario.net\/portal\/#website","url":"https:\/\/www.eldiario.net\/portal\/","name":"El Diario - Decano de la prensa nacional","description":"El Diario - Decano de la prensa nacional","publisher":{"@id":"https:\/\/www.eldiario.net\/portal\/#organization"},"potentialAction":[{"@type":"SearchAction","target":{"@type":"EntryPoint","urlTemplate":"https:\/\/www.eldiario.net\/portal\/?s={search_term_string}"},"query-input":{"@type":"PropertyValueSpecification","valueRequired":true,"valueName":"search_term_string"}}],"inLanguage":"es"},{"@type":"Organization","@id":"https:\/\/www.eldiario.net\/portal\/#organization","name":"El Diario - Decano de la prensa nacional","url":"https:\/\/www.eldiario.net\/portal\/","logo":{"@type":"ImageObject","inLanguage":"es","@id":"https:\/\/www.eldiario.net\/portal\/#\/schema\/logo\/image\/","url":"https:\/\/www.eldiario.net\/portal\/wp-content\/uploads\/2023\/07\/logo_ED.jpg","contentUrl":"https:\/\/www.eldiario.net\/portal\/wp-content\/uploads\/2023\/07\/logo_ED.jpg","width":272,"height":52,"caption":"El Diario - Decano de la prensa nacional"},"image":{"@id":"https:\/\/www.eldiario.net\/portal\/#\/schema\/logo\/image\/"},"sameAs":["https:\/\/www.facebook.com\/eldiario.bolivia\/","https:\/\/x.com\/eldiario_net"]},{"@type":"Person","@id":"https:\/\/www.eldiario.net\/portal\/#\/schema\/person\/2c57cf2b7a7ae032e449e4c9b1019eac","name":"Jeanette","image":{"@type":"ImageObject","inLanguage":"es","@id":"https:\/\/secure.gravatar.com\/avatar\/3ea2118a5f7dad2b7138b1187a6b7ee55f160b9968b66013c3a3ef39dd7e5798?s=96&d=mm&r=g","url":"https:\/\/secure.gravatar.com\/avatar\/3ea2118a5f7dad2b7138b1187a6b7ee55f160b9968b66013c3a3ef39dd7e5798?s=96&d=mm&r=g","contentUrl":"https:\/\/secure.gravatar.com\/avatar\/3ea2118a5f7dad2b7138b1187a6b7ee55f160b9968b66013c3a3ef39dd7e5798?s=96&d=mm&r=g","caption":"Jeanette"},"sameAs":["https:\/\/www.eldiario.net\/portal"],"url":"https:\/\/www.eldiario.net\/portal\/author\/jeanette\/"}]}},"_links":{"self":[{"href":"https:\/\/www.eldiario.net\/portal\/wp-json\/wp\/v2\/posts\/115891","targetHints":{"allow":["GET"]}}],"collection":[{"href":"https:\/\/www.eldiario.net\/portal\/wp-json\/wp\/v2\/posts"}],"about":[{"href":"https:\/\/www.eldiario.net\/portal\/wp-json\/wp\/v2\/types\/post"}],"author":[{"embeddable":true,"href":"https:\/\/www.eldiario.net\/portal\/wp-json\/wp\/v2\/users\/1"}],"replies":[{"embeddable":true,"href":"https:\/\/www.eldiario.net\/portal\/wp-json\/wp\/v2\/comments?post=115891"}],"version-history":[{"count":0,"href":"https:\/\/www.eldiario.net\/portal\/wp-json\/wp\/v2\/posts\/115891\/revisions"}],"wp:attachment":[{"href":"https:\/\/www.eldiario.net\/portal\/wp-json\/wp\/v2\/media?parent=115891"}],"wp:term":[{"taxonomy":"category","embeddable":true,"href":"https:\/\/www.eldiario.net\/portal\/wp-json\/wp\/v2\/categories?post=115891"},{"taxonomy":"post_tag","embeddable":true,"href":"https:\/\/www.eldiario.net\/portal\/wp-json\/wp\/v2\/tags?post=115891"}],"curies":[{"name":"wp","href":"https:\/\/api.w.org\/{rel}","templated":true}]}}