{"id":115887,"date":"2022-10-11T05:39:22","date_gmt":"2022-10-11T09:39:22","guid":{"rendered":"https:\/\/www.eldiario.net\/portal\/?p=115887"},"modified":"2022-10-11T05:39:22","modified_gmt":"2022-10-11T09:39:22","slug":"convocan-a-embajadora-de-bolivia-en-iran-para-explicar-declaraciones","status":"publish","type":"post","link":"https:\/\/www.eldiario.net\/portal\/2022\/10\/11\/convocan-a-embajadora-de-bolivia-en-iran-para-explicar-declaraciones\/","title":{"rendered":"Convocan a embajadora de Bolivia  en Ir\u00e1n para explicar declaraciones"},"content":{"rendered":"<p>Luego de la pol\u00e9mica por las declaraciones de la embajadora del Estado boliviano en la Rep\u00fablica Isl\u00e1mica de Ir\u00e1n, Romina P\u00e9rez, en relaci\u00f3n a las movilizaciones de mujeres en este pa\u00eds, la diplom\u00e1tica se\u00f1al\u00f3 que \u00e9stas fueron sacadas de contexto y manipuladas de manera tendenciosa. Anunci\u00f3 adem\u00e1s que fue convocada por el canciller, Rogelio Mayta, a la ciudad de La Paz para explicar todos los detalles de este impasse.<\/p>\n<p>\u201cEn ning\u00fan momento emit\u00ed posici\u00f3n de mi Gobierno sobre la situaci\u00f3n de Ir\u00e1n en el marco del respeto a la no injerencia y el respeto a la soberan\u00eda que, es pilar fundamental de la pol\u00edtica exterior boliviana. Estoy realizando las gestiones correspondientes a efectos de que el medio que distorsion\u00f3 mis declaraciones rectifique el contenido publicado a efectos de evitar mayores confusiones\u201d, dijo.<\/p>\n<p>Mediante un video, P\u00e9rez asegur\u00f3 no haber realizado ninguna declaraci\u00f3n de condena respecto a las marchas feministas en Ir\u00e1n, hecho que es verificable en los registros audiovisuales captados por medios locales.<\/p>\n<p>En las \u00faltimas horas, desde Canciller\u00eda, se inform\u00f3 que la diplom\u00e1tica fue notificada para hacerse presente en la Sede de Gobierno para informar todos los detalles en relaci\u00f3n a la controversia por sus declaraciones.<\/p>\n<p>\u201cLa representante diplom\u00e1tica fue convocada por el Ministerio de Relaciones Exteriores del Estado Plurinacional de Bolivia a constituirse en la ciudad de La Paz de manera inmediata, con el objetivo de recibir un informe y evaluar las circunstancias\u201d, se inform\u00f3 mediante un comunicado.<\/p>\n","protected":false},"excerpt":{"rendered":"<p>Luego de la pol\u00e9mica por las declaraciones de la embajadora del Estado boliviano en la Rep\u00fablica Isl\u00e1mica de Ir\u00e1n, Romina P\u00e9rez, en relaci\u00f3n a las movilizaciones de mujeres en este pa\u00eds, la diplom\u00e1tica se\u00f1al\u00f3 que \u00e9stas fueron sacadas de contexto y manipuladas de manera tendenciosa. Anunci\u00f3 adem\u00e1s que fue convocada por el canciller, Rogelio Mayta, [&hellip;]<\/p>\n","protected":false},"author":1,"featured_media":115890,"comment_status":"closed","ping_status":"closed","sticky":false,"template":"","format":"standard","meta":{"_acf_changed":false,"footnotes":""},"categories":[14],"tags":[],"class_list":["post-115887","post","type-post","status-publish","format-standard","has-post-thumbnail","category-politica"],"acf":{"antetitulo":""},"yoast_head":"<!-- This site is optimized with the Yoast SEO plugin v28.4 - https:\/\/yoast.com\/product\/yoast-seo-wordpress\/ -->\n<title>Convocan a embajadora de Bolivia en Ir\u00e1n para explicar declaraciones - El Diario - Bolivia<\/title>\n<meta name=\"robots\" content=\"index, follow, max-snippet:-1, max-image-preview:large, max-video-preview:-1\" \/>\n<link rel=\"canonical\" href=\"https:\/\/www.eldiario.net\/portal\/2022\/10\/11\/convocan-a-embajadora-de-bolivia-en-iran-para-explicar-declaraciones\/\" \/>\n<meta property=\"og:locale\" content=\"es_ES\" \/>\n<meta property=\"og:type\" content=\"article\" \/>\n<meta property=\"og:title\" content=\"Convocan a embajadora de Bolivia en Ir\u00e1n para explicar declaraciones - El Diario - Bolivia\" \/>\n<meta property=\"og:description\" content=\"Luego de la pol\u00e9mica por las declaraciones de la embajadora del Estado boliviano en la Rep\u00fablica Isl\u00e1mica de Ir\u00e1n, Romina P\u00e9rez, en relaci\u00f3n a las movilizaciones de mujeres en este pa\u00eds, la diplom\u00e1tica se\u00f1al\u00f3 que \u00e9stas fueron sacadas de contexto y manipuladas de manera tendenciosa. Anunci\u00f3 adem\u00e1s que fue convocada por el canciller, Rogelio Mayta, [&hellip;]\" \/>\n<meta property=\"og:url\" content=\"https:\/\/www.eldiario.net\/portal\/2022\/10\/11\/convocan-a-embajadora-de-bolivia-en-iran-para-explicar-declaraciones\/\" \/>\n<meta property=\"og:site_name\" content=\"El Diario - Bolivia\" \/>\n<meta property=\"article:publisher\" content=\"https:\/\/www.facebook.com\/eldiario.bolivia\/\" \/>\n<meta property=\"article:published_time\" content=\"2022-10-11T09:39:22+00:00\" \/>\n<meta name=\"author\" content=\"Jeanette\" \/>\n<meta name=\"twitter:card\" content=\"summary_large_image\" \/>\n<meta name=\"twitter:creator\" content=\"@eldiario_net\" \/>\n<meta name=\"twitter:site\" content=\"@eldiario_net\" \/>\n<meta name=\"twitter:label1\" content=\"Escrito por\" \/>\n\t<meta name=\"twitter:data1\" content=\"Jeanette\" \/>\n\t<meta name=\"twitter:label2\" content=\"Tiempo de lectura\" \/>\n\t<meta name=\"twitter:data2\" content=\"2 minutos\" \/>\n<script type=\"application\/ld+json\" class=\"yoast-schema-graph\">{\"@context\":\"https:\\\/\\\/schema.org\",\"@graph\":[{\"@type\":\"Article\",\"@id\":\"https:\\\/\\\/www.eldiario.net\\\/portal\\\/2022\\\/10\\\/11\\\/convocan-a-embajadora-de-bolivia-en-iran-para-explicar-declaraciones\\\/#article\",\"isPartOf\":{\"@id\":\"https:\\\/\\\/www.eldiario.net\\\/portal\\\/2022\\\/10\\\/11\\\/convocan-a-embajadora-de-bolivia-en-iran-para-explicar-declaraciones\\\/\"},\"author\":{\"name\":\"Jeanette\",\"@id\":\"https:\\\/\\\/www.eldiario.net\\\/portal\\\/#\\\/schema\\\/person\\\/2c57cf2b7a7ae032e449e4c9b1019eac\"},\"headline\":\"Convocan a embajadora de Bolivia en Ir\u00e1n para explicar declaraciones\",\"datePublished\":\"2022-10-11T09:39:22+00:00\",\"mainEntityOfPage\":{\"@id\":\"https:\\\/\\\/www.eldiario.net\\\/portal\\\/2022\\\/10\\\/11\\\/convocan-a-embajadora-de-bolivia-en-iran-para-explicar-declaraciones\\\/\"},\"wordCount\":274,\"publisher\":{\"@id\":\"https:\\\/\\\/www.eldiario.net\\\/portal\\\/#organization\"},\"image\":{\"@id\":\"https:\\\/\\\/www.eldiario.net\\\/portal\\\/2022\\\/10\\\/11\\\/convocan-a-embajadora-de-bolivia-en-iran-para-explicar-declaraciones\\\/#primaryimage\"},\"thumbnailUrl\":\"\",\"articleSection\":[\"Pol\u00edtica\"],\"inLanguage\":\"es\"},{\"@type\":\"WebPage\",\"@id\":\"https:\\\/\\\/www.eldiario.net\\\/portal\\\/2022\\\/10\\\/11\\\/convocan-a-embajadora-de-bolivia-en-iran-para-explicar-declaraciones\\\/\",\"url\":\"https:\\\/\\\/www.eldiario.net\\\/portal\\\/2022\\\/10\\\/11\\\/convocan-a-embajadora-de-bolivia-en-iran-para-explicar-declaraciones\\\/\",\"name\":\"Convocan a embajadora de Bolivia en Ir\u00e1n para explicar declaraciones - El Diario - Bolivia\",\"isPartOf\":{\"@id\":\"https:\\\/\\\/www.eldiario.net\\\/portal\\\/#website\"},\"primaryImageOfPage\":{\"@id\":\"https:\\\/\\\/www.eldiario.net\\\/portal\\\/2022\\\/10\\\/11\\\/convocan-a-embajadora-de-bolivia-en-iran-para-explicar-declaraciones\\\/#primaryimage\"},\"image\":{\"@id\":\"https:\\\/\\\/www.eldiario.net\\\/portal\\\/2022\\\/10\\\/11\\\/convocan-a-embajadora-de-bolivia-en-iran-para-explicar-declaraciones\\\/#primaryimage\"},\"thumbnailUrl\":\"\",\"datePublished\":\"2022-10-11T09:39:22+00:00\",\"breadcrumb\":{\"@id\":\"https:\\\/\\\/www.eldiario.net\\\/portal\\\/2022\\\/10\\\/11\\\/convocan-a-embajadora-de-bolivia-en-iran-para-explicar-declaraciones\\\/#breadcrumb\"},\"inLanguage\":\"es\",\"potentialAction\":[{\"@type\":\"ReadAction\",\"target\":[\"https:\\\/\\\/www.eldiario.net\\\/portal\\\/2022\\\/10\\\/11\\\/convocan-a-embajadora-de-bolivia-en-iran-para-explicar-declaraciones\\\/\"]}]},{\"@type\":\"ImageObject\",\"inLanguage\":\"es\",\"@id\":\"https:\\\/\\\/www.eldiario.net\\\/portal\\\/2022\\\/10\\\/11\\\/convocan-a-embajadora-de-bolivia-en-iran-para-explicar-declaraciones\\\/#primaryimage\",\"url\":\"\",\"contentUrl\":\"\"},{\"@type\":\"BreadcrumbList\",\"@id\":\"https:\\\/\\\/www.eldiario.net\\\/portal\\\/2022\\\/10\\\/11\\\/convocan-a-embajadora-de-bolivia-en-iran-para-explicar-declaraciones\\\/#breadcrumb\",\"itemListElement\":[{\"@type\":\"ListItem\",\"position\":1,\"name\":\"Portada\",\"item\":\"https:\\\/\\\/www.eldiario.net\\\/portal\\\/\"},{\"@type\":\"ListItem\",\"position\":2,\"name\":\"Convocan a embajadora de Bolivia en Ir\u00e1n para explicar declaraciones\"}]},{\"@type\":\"WebSite\",\"@id\":\"https:\\\/\\\/www.eldiario.net\\\/portal\\\/#website\",\"url\":\"https:\\\/\\\/www.eldiario.net\\\/portal\\\/\",\"name\":\"El Diario - Decano de la prensa nacional\",\"description\":\"El Diario - Decano de la prensa nacional\",\"publisher\":{\"@id\":\"https:\\\/\\\/www.eldiario.net\\\/portal\\\/#organization\"},\"potentialAction\":[{\"@type\":\"SearchAction\",\"target\":{\"@type\":\"EntryPoint\",\"urlTemplate\":\"https:\\\/\\\/www.eldiario.net\\\/portal\\\/?s={search_term_string}\"},\"query-input\":{\"@type\":\"PropertyValueSpecification\",\"valueRequired\":true,\"valueName\":\"search_term_string\"}}],\"inLanguage\":\"es\"},{\"@type\":\"Organization\",\"@id\":\"https:\\\/\\\/www.eldiario.net\\\/portal\\\/#organization\",\"name\":\"El Diario - Decano de la prensa nacional\",\"url\":\"https:\\\/\\\/www.eldiario.net\\\/portal\\\/\",\"logo\":{\"@type\":\"ImageObject\",\"inLanguage\":\"es\",\"@id\":\"https:\\\/\\\/www.eldiario.net\\\/portal\\\/#\\\/schema\\\/logo\\\/image\\\/\",\"url\":\"https:\\\/\\\/www.eldiario.net\\\/portal\\\/wp-content\\\/uploads\\\/2023\\\/07\\\/logo_ED.jpg\",\"contentUrl\":\"https:\\\/\\\/www.eldiario.net\\\/portal\\\/wp-content\\\/uploads\\\/2023\\\/07\\\/logo_ED.jpg\",\"width\":272,\"height\":52,\"caption\":\"El Diario - Decano de la prensa nacional\"},\"image\":{\"@id\":\"https:\\\/\\\/www.eldiario.net\\\/portal\\\/#\\\/schema\\\/logo\\\/image\\\/\"},\"sameAs\":[\"https:\\\/\\\/www.facebook.com\\\/eldiario.bolivia\\\/\",\"https:\\\/\\\/x.com\\\/eldiario_net\"]},{\"@type\":\"Person\",\"@id\":\"https:\\\/\\\/www.eldiario.net\\\/portal\\\/#\\\/schema\\\/person\\\/2c57cf2b7a7ae032e449e4c9b1019eac\",\"name\":\"Jeanette\",\"image\":{\"@type\":\"ImageObject\",\"inLanguage\":\"es\",\"@id\":\"https:\\\/\\\/secure.gravatar.com\\\/avatar\\\/3ea2118a5f7dad2b7138b1187a6b7ee55f160b9968b66013c3a3ef39dd7e5798?s=96&d=mm&r=g\",\"url\":\"https:\\\/\\\/secure.gravatar.com\\\/avatar\\\/3ea2118a5f7dad2b7138b1187a6b7ee55f160b9968b66013c3a3ef39dd7e5798?s=96&d=mm&r=g\",\"contentUrl\":\"https:\\\/\\\/secure.gravatar.com\\\/avatar\\\/3ea2118a5f7dad2b7138b1187a6b7ee55f160b9968b66013c3a3ef39dd7e5798?s=96&d=mm&r=g\",\"caption\":\"Jeanette\"},\"sameAs\":[\"https:\\\/\\\/www.eldiario.net\\\/portal\"],\"url\":\"https:\\\/\\\/www.eldiario.net\\\/portal\\\/author\\\/jeanette\\\/\"}]}<\/script>\n<!-- \/ Yoast SEO plugin. -->","yoast_head_json":{"title":"Convocan a embajadora de Bolivia en Ir\u00e1n para explicar declaraciones - El Diario - Bolivia","robots":{"index":"index","follow":"follow","max-snippet":"max-snippet:-1","max-image-preview":"max-image-preview:large","max-video-preview":"max-video-preview:-1"},"canonical":"https:\/\/www.eldiario.net\/portal\/2022\/10\/11\/convocan-a-embajadora-de-bolivia-en-iran-para-explicar-declaraciones\/","og_locale":"es_ES","og_type":"article","og_title":"Convocan a embajadora de Bolivia en Ir\u00e1n para explicar declaraciones - El Diario - Bolivia","og_description":"Luego de la pol\u00e9mica por las declaraciones de la embajadora del Estado boliviano en la Rep\u00fablica Isl\u00e1mica de Ir\u00e1n, Romina P\u00e9rez, en relaci\u00f3n a las movilizaciones de mujeres en este pa\u00eds, la diplom\u00e1tica se\u00f1al\u00f3 que \u00e9stas fueron sacadas de contexto y manipuladas de manera tendenciosa. Anunci\u00f3 adem\u00e1s que fue convocada por el canciller, Rogelio Mayta, [&hellip;]","og_url":"https:\/\/www.eldiario.net\/portal\/2022\/10\/11\/convocan-a-embajadora-de-bolivia-en-iran-para-explicar-declaraciones\/","og_site_name":"El Diario - Bolivia","article_publisher":"https:\/\/www.facebook.com\/eldiario.bolivia\/","article_published_time":"2022-10-11T09:39:22+00:00","author":"Jeanette","twitter_card":"summary_large_image","twitter_creator":"@eldiario_net","twitter_site":"@eldiario_net","twitter_misc":{"Escrito por":"Jeanette","Tiempo de lectura":"2 minutos"},"schema":{"@context":"https:\/\/schema.org","@graph":[{"@type":"Article","@id":"https:\/\/www.eldiario.net\/portal\/2022\/10\/11\/convocan-a-embajadora-de-bolivia-en-iran-para-explicar-declaraciones\/#article","isPartOf":{"@id":"https:\/\/www.eldiario.net\/portal\/2022\/10\/11\/convocan-a-embajadora-de-bolivia-en-iran-para-explicar-declaraciones\/"},"author":{"name":"Jeanette","@id":"https:\/\/www.eldiario.net\/portal\/#\/schema\/person\/2c57cf2b7a7ae032e449e4c9b1019eac"},"headline":"Convocan a embajadora de Bolivia en Ir\u00e1n para explicar declaraciones","datePublished":"2022-10-11T09:39:22+00:00","mainEntityOfPage":{"@id":"https:\/\/www.eldiario.net\/portal\/2022\/10\/11\/convocan-a-embajadora-de-bolivia-en-iran-para-explicar-declaraciones\/"},"wordCount":274,"publisher":{"@id":"https:\/\/www.eldiario.net\/portal\/#organization"},"image":{"@id":"https:\/\/www.eldiario.net\/portal\/2022\/10\/11\/convocan-a-embajadora-de-bolivia-en-iran-para-explicar-declaraciones\/#primaryimage"},"thumbnailUrl":"","articleSection":["Pol\u00edtica"],"inLanguage":"es"},{"@type":"WebPage","@id":"https:\/\/www.eldiario.net\/portal\/2022\/10\/11\/convocan-a-embajadora-de-bolivia-en-iran-para-explicar-declaraciones\/","url":"https:\/\/www.eldiario.net\/portal\/2022\/10\/11\/convocan-a-embajadora-de-bolivia-en-iran-para-explicar-declaraciones\/","name":"Convocan a embajadora de Bolivia en Ir\u00e1n para explicar declaraciones - El Diario - Bolivia","isPartOf":{"@id":"https:\/\/www.eldiario.net\/portal\/#website"},"primaryImageOfPage":{"@id":"https:\/\/www.eldiario.net\/portal\/2022\/10\/11\/convocan-a-embajadora-de-bolivia-en-iran-para-explicar-declaraciones\/#primaryimage"},"image":{"@id":"https:\/\/www.eldiario.net\/portal\/2022\/10\/11\/convocan-a-embajadora-de-bolivia-en-iran-para-explicar-declaraciones\/#primaryimage"},"thumbnailUrl":"","datePublished":"2022-10-11T09:39:22+00:00","breadcrumb":{"@id":"https:\/\/www.eldiario.net\/portal\/2022\/10\/11\/convocan-a-embajadora-de-bolivia-en-iran-para-explicar-declaraciones\/#breadcrumb"},"inLanguage":"es","potentialAction":[{"@type":"ReadAction","target":["https:\/\/www.eldiario.net\/portal\/2022\/10\/11\/convocan-a-embajadora-de-bolivia-en-iran-para-explicar-declaraciones\/"]}]},{"@type":"ImageObject","inLanguage":"es","@id":"https:\/\/www.eldiario.net\/portal\/2022\/10\/11\/convocan-a-embajadora-de-bolivia-en-iran-para-explicar-declaraciones\/#primaryimage","url":"","contentUrl":""},{"@type":"BreadcrumbList","@id":"https:\/\/www.eldiario.net\/portal\/2022\/10\/11\/convocan-a-embajadora-de-bolivia-en-iran-para-explicar-declaraciones\/#breadcrumb","itemListElement":[{"@type":"ListItem","position":1,"name":"Portada","item":"https:\/\/www.eldiario.net\/portal\/"},{"@type":"ListItem","position":2,"name":"Convocan a embajadora de Bolivia en Ir\u00e1n para explicar declaraciones"}]},{"@type":"WebSite","@id":"https:\/\/www.eldiario.net\/portal\/#website","url":"https:\/\/www.eldiario.net\/portal\/","name":"El Diario - Decano de la prensa nacional","description":"El Diario - Decano de la prensa nacional","publisher":{"@id":"https:\/\/www.eldiario.net\/portal\/#organization"},"potentialAction":[{"@type":"SearchAction","target":{"@type":"EntryPoint","urlTemplate":"https:\/\/www.eldiario.net\/portal\/?s={search_term_string}"},"query-input":{"@type":"PropertyValueSpecification","valueRequired":true,"valueName":"search_term_string"}}],"inLanguage":"es"},{"@type":"Organization","@id":"https:\/\/www.eldiario.net\/portal\/#organization","name":"El Diario - Decano de la prensa nacional","url":"https:\/\/www.eldiario.net\/portal\/","logo":{"@type":"ImageObject","inLanguage":"es","@id":"https:\/\/www.eldiario.net\/portal\/#\/schema\/logo\/image\/","url":"https:\/\/www.eldiario.net\/portal\/wp-content\/uploads\/2023\/07\/logo_ED.jpg","contentUrl":"https:\/\/www.eldiario.net\/portal\/wp-content\/uploads\/2023\/07\/logo_ED.jpg","width":272,"height":52,"caption":"El Diario - Decano de la prensa nacional"},"image":{"@id":"https:\/\/www.eldiario.net\/portal\/#\/schema\/logo\/image\/"},"sameAs":["https:\/\/www.facebook.com\/eldiario.bolivia\/","https:\/\/x.com\/eldiario_net"]},{"@type":"Person","@id":"https:\/\/www.eldiario.net\/portal\/#\/schema\/person\/2c57cf2b7a7ae032e449e4c9b1019eac","name":"Jeanette","image":{"@type":"ImageObject","inLanguage":"es","@id":"https:\/\/secure.gravatar.com\/avatar\/3ea2118a5f7dad2b7138b1187a6b7ee55f160b9968b66013c3a3ef39dd7e5798?s=96&d=mm&r=g","url":"https:\/\/secure.gravatar.com\/avatar\/3ea2118a5f7dad2b7138b1187a6b7ee55f160b9968b66013c3a3ef39dd7e5798?s=96&d=mm&r=g","contentUrl":"https:\/\/secure.gravatar.com\/avatar\/3ea2118a5f7dad2b7138b1187a6b7ee55f160b9968b66013c3a3ef39dd7e5798?s=96&d=mm&r=g","caption":"Jeanette"},"sameAs":["https:\/\/www.eldiario.net\/portal"],"url":"https:\/\/www.eldiario.net\/portal\/author\/jeanette\/"}]}},"_links":{"self":[{"href":"https:\/\/www.eldiario.net\/portal\/wp-json\/wp\/v2\/posts\/115887","targetHints":{"allow":["GET"]}}],"collection":[{"href":"https:\/\/www.eldiario.net\/portal\/wp-json\/wp\/v2\/posts"}],"about":[{"href":"https:\/\/www.eldiario.net\/portal\/wp-json\/wp\/v2\/types\/post"}],"author":[{"embeddable":true,"href":"https:\/\/www.eldiario.net\/portal\/wp-json\/wp\/v2\/users\/1"}],"replies":[{"embeddable":true,"href":"https:\/\/www.eldiario.net\/portal\/wp-json\/wp\/v2\/comments?post=115887"}],"version-history":[{"count":0,"href":"https:\/\/www.eldiario.net\/portal\/wp-json\/wp\/v2\/posts\/115887\/revisions"}],"wp:attachment":[{"href":"https:\/\/www.eldiario.net\/portal\/wp-json\/wp\/v2\/media?parent=115887"}],"wp:term":[{"taxonomy":"category","embeddable":true,"href":"https:\/\/www.eldiario.net\/portal\/wp-json\/wp\/v2\/categories?post=115887"},{"taxonomy":"post_tag","embeddable":true,"href":"https:\/\/www.eldiario.net\/portal\/wp-json\/wp\/v2\/tags?post=115887"}],"curies":[{"name":"wp","href":"https:\/\/api.w.org\/{rel}","templated":true}]}}