{"id":115883,"date":"2022-10-10T07:01:02","date_gmt":"2022-10-10T11:01:02","guid":{"rendered":"https:\/\/www.eldiario.net\/portal\/?p=115883"},"modified":"2022-10-10T07:01:02","modified_gmt":"2022-10-10T11:01:02","slug":"el-nuevo-reloj-de-oneplus-es-oficial-con-pantalla-amoled","status":"publish","type":"post","link":"https:\/\/www.eldiario.net\/portal\/2022\/10\/10\/el-nuevo-reloj-de-oneplus-es-oficial-con-pantalla-amoled\/","title":{"rendered":"El nuevo reloj de OnePlus es oficial con pantalla AMOLED"},"content":{"rendered":"<p>Se trata del OnePlus Nord Watch que cuenta con una pantalla AMOLED de 1,78 pulgadas con una resoluci\u00f3n de 368 x 448 p\u00edxeles, con una bater\u00eda de 230 mAh y con la certificaci\u00f3n IP68 de resistencia al agua.<br \/>\nAhora la firma china que forma parte del grupo BBK Electronics con OPPO y Realme acaba de lanzar su nuevo reloj inteligente barato, el OnePlus Nord Watch.<br \/>\nEl OnePlus Nord Watch es un smartwatch que destaca por contar con una pantalla AMOLED a 60 hercios y con una gran bater\u00eda que promete una autonom\u00eda de hasta 30 d\u00edas.<br \/>\nEl dise\u00f1o del OnePlus Nord Watch en color negro.<br \/>\nEl OnePlus Nord Watch cuenta con una pantalla rectangular fabricada en una aleaci\u00f3n de zinc con unas dimensiones de 4,52 \u00d7 3,72 \u00d7 1,04 cent\u00edmetros y con un peso de 35,6 gramos sin correa y de 52,4 gramos con correa.<br \/>\nEsta pantalla est\u00e1 equipada con un panel AMOLED de 1,78 pulgadas con una resoluci\u00f3n de 368 x 448 p\u00edxeles, con una tasa de refresco de 60 hercios, con una densidad de 326 PPI y con un brillo m\u00e1ximo de 500 nits, m\u00e1s que suficiente para ver la pantalla del reloj a plena luz del sol.<br \/>\nEl OnePlus Nord Watch cuenta con un aceler\u00f3metro que es capaz de detectar autom\u00e1ticamente hasta un total de 105 tipos de actividad deportiva y con una serie de sensores para controlar tu estado de salud como un monitor de frecuencia card\u00edaca y un sensor para medir el nivel de ox\u00edgeno en sangre (SpO2).<br \/>\nGracias a estos sensores vas a poder realizar un seguimiento de la cantidad y calidad de tu sue\u00f1o y de los ciclos menstruales en el caso de las mujeres.<br \/>\nPero, sin lugar a dudas, uno de los puntos fuertes del OnePlus Nord Watch es su autonom\u00eda, ya que est\u00e1 equipado con una bater\u00eda de 230 mAh que promete hasta 30 d\u00edas de uso en standby y hasta 10 d\u00edas de autonom\u00eda con un uso m\u00e1s intenso.<\/p>\n<p>A nivel de conectividad, este nuevo reloj barato de OnePlus cuenta con Bluetooth 5.2 para vincularlo a tu smartphone mediante la app realme Link y carece de GPS integrado, con lo cual tendr\u00e1s que usarlo conjuntamente con el terminal para registrar tus entrenamientos en exterior.<\/p>\n","protected":false},"excerpt":{"rendered":"<p>Se trata del OnePlus Nord Watch que cuenta con una pantalla AMOLED de 1,78 pulgadas con una resoluci\u00f3n de 368 x 448 p\u00edxeles, con una bater\u00eda de 230 mAh y con la certificaci\u00f3n IP68 de resistencia al agua. Ahora la firma china que forma parte del grupo BBK Electronics con OPPO y Realme acaba de [&hellip;]<\/p>\n","protected":false},"author":1,"featured_media":115884,"comment_status":"closed","ping_status":"closed","sticky":false,"template":"","format":"standard","meta":{"_acf_changed":false,"footnotes":""},"categories":[46],"tags":[],"class_list":["post-115883","post","type-post","status-publish","format-standard","has-post-thumbnail","category-ciencia-computacion"],"acf":{"antetitulo":""},"yoast_head":"<!-- This site is optimized with the Yoast SEO plugin v28.4 - https:\/\/yoast.com\/product\/yoast-seo-wordpress\/ -->\n<title>El nuevo reloj de OnePlus es oficial con pantalla AMOLED - El Diario - Bolivia<\/title>\n<meta name=\"robots\" content=\"index, follow, max-snippet:-1, max-image-preview:large, max-video-preview:-1\" \/>\n<link rel=\"canonical\" href=\"https:\/\/www.eldiario.net\/portal\/2022\/10\/10\/el-nuevo-reloj-de-oneplus-es-oficial-con-pantalla-amoled\/\" \/>\n<meta property=\"og:locale\" content=\"es_ES\" \/>\n<meta property=\"og:type\" content=\"article\" \/>\n<meta property=\"og:title\" content=\"El nuevo reloj de OnePlus es oficial con pantalla AMOLED - El Diario - Bolivia\" \/>\n<meta property=\"og:description\" content=\"Se trata del OnePlus Nord Watch que cuenta con una pantalla AMOLED de 1,78 pulgadas con una resoluci\u00f3n de 368 x 448 p\u00edxeles, con una bater\u00eda de 230 mAh y con la certificaci\u00f3n IP68 de resistencia al agua. Ahora la firma china que forma parte del grupo BBK Electronics con OPPO y Realme acaba de [&hellip;]\" \/>\n<meta property=\"og:url\" content=\"https:\/\/www.eldiario.net\/portal\/2022\/10\/10\/el-nuevo-reloj-de-oneplus-es-oficial-con-pantalla-amoled\/\" \/>\n<meta property=\"og:site_name\" content=\"El Diario - Bolivia\" \/>\n<meta property=\"article:publisher\" content=\"https:\/\/www.facebook.com\/eldiario.bolivia\/\" \/>\n<meta property=\"article:published_time\" content=\"2022-10-10T11:01:02+00:00\" \/>\n<meta name=\"author\" content=\"Jeanette\" \/>\n<meta name=\"twitter:card\" content=\"summary_large_image\" \/>\n<meta name=\"twitter:creator\" content=\"@eldiario_net\" \/>\n<meta name=\"twitter:site\" content=\"@eldiario_net\" \/>\n<meta name=\"twitter:label1\" content=\"Escrito por\" \/>\n\t<meta name=\"twitter:data1\" content=\"Jeanette\" \/>\n\t<meta name=\"twitter:label2\" content=\"Tiempo de lectura\" \/>\n\t<meta name=\"twitter:data2\" content=\"2 minutos\" \/>\n<script type=\"application\/ld+json\" class=\"yoast-schema-graph\">{\"@context\":\"https:\\\/\\\/schema.org\",\"@graph\":[{\"@type\":\"Article\",\"@id\":\"https:\\\/\\\/www.eldiario.net\\\/portal\\\/2022\\\/10\\\/10\\\/el-nuevo-reloj-de-oneplus-es-oficial-con-pantalla-amoled\\\/#article\",\"isPartOf\":{\"@id\":\"https:\\\/\\\/www.eldiario.net\\\/portal\\\/2022\\\/10\\\/10\\\/el-nuevo-reloj-de-oneplus-es-oficial-con-pantalla-amoled\\\/\"},\"author\":{\"name\":\"Jeanette\",\"@id\":\"https:\\\/\\\/www.eldiario.net\\\/portal\\\/#\\\/schema\\\/person\\\/2c57cf2b7a7ae032e449e4c9b1019eac\"},\"headline\":\"El nuevo reloj de OnePlus es oficial con pantalla AMOLED\",\"datePublished\":\"2022-10-10T11:01:02+00:00\",\"mainEntityOfPage\":{\"@id\":\"https:\\\/\\\/www.eldiario.net\\\/portal\\\/2022\\\/10\\\/10\\\/el-nuevo-reloj-de-oneplus-es-oficial-con-pantalla-amoled\\\/\"},\"wordCount\":386,\"publisher\":{\"@id\":\"https:\\\/\\\/www.eldiario.net\\\/portal\\\/#organization\"},\"image\":{\"@id\":\"https:\\\/\\\/www.eldiario.net\\\/portal\\\/2022\\\/10\\\/10\\\/el-nuevo-reloj-de-oneplus-es-oficial-con-pantalla-amoled\\\/#primaryimage\"},\"thumbnailUrl\":\"\",\"articleSection\":[\"Ciencia y Computaci\u00f3n\"],\"inLanguage\":\"es\"},{\"@type\":\"WebPage\",\"@id\":\"https:\\\/\\\/www.eldiario.net\\\/portal\\\/2022\\\/10\\\/10\\\/el-nuevo-reloj-de-oneplus-es-oficial-con-pantalla-amoled\\\/\",\"url\":\"https:\\\/\\\/www.eldiario.net\\\/portal\\\/2022\\\/10\\\/10\\\/el-nuevo-reloj-de-oneplus-es-oficial-con-pantalla-amoled\\\/\",\"name\":\"El nuevo reloj de OnePlus es oficial con pantalla AMOLED - El Diario - Bolivia\",\"isPartOf\":{\"@id\":\"https:\\\/\\\/www.eldiario.net\\\/portal\\\/#website\"},\"primaryImageOfPage\":{\"@id\":\"https:\\\/\\\/www.eldiario.net\\\/portal\\\/2022\\\/10\\\/10\\\/el-nuevo-reloj-de-oneplus-es-oficial-con-pantalla-amoled\\\/#primaryimage\"},\"image\":{\"@id\":\"https:\\\/\\\/www.eldiario.net\\\/portal\\\/2022\\\/10\\\/10\\\/el-nuevo-reloj-de-oneplus-es-oficial-con-pantalla-amoled\\\/#primaryimage\"},\"thumbnailUrl\":\"\",\"datePublished\":\"2022-10-10T11:01:02+00:00\",\"breadcrumb\":{\"@id\":\"https:\\\/\\\/www.eldiario.net\\\/portal\\\/2022\\\/10\\\/10\\\/el-nuevo-reloj-de-oneplus-es-oficial-con-pantalla-amoled\\\/#breadcrumb\"},\"inLanguage\":\"es\",\"potentialAction\":[{\"@type\":\"ReadAction\",\"target\":[\"https:\\\/\\\/www.eldiario.net\\\/portal\\\/2022\\\/10\\\/10\\\/el-nuevo-reloj-de-oneplus-es-oficial-con-pantalla-amoled\\\/\"]}]},{\"@type\":\"ImageObject\",\"inLanguage\":\"es\",\"@id\":\"https:\\\/\\\/www.eldiario.net\\\/portal\\\/2022\\\/10\\\/10\\\/el-nuevo-reloj-de-oneplus-es-oficial-con-pantalla-amoled\\\/#primaryimage\",\"url\":\"\",\"contentUrl\":\"\"},{\"@type\":\"BreadcrumbList\",\"@id\":\"https:\\\/\\\/www.eldiario.net\\\/portal\\\/2022\\\/10\\\/10\\\/el-nuevo-reloj-de-oneplus-es-oficial-con-pantalla-amoled\\\/#breadcrumb\",\"itemListElement\":[{\"@type\":\"ListItem\",\"position\":1,\"name\":\"Portada\",\"item\":\"https:\\\/\\\/www.eldiario.net\\\/portal\\\/\"},{\"@type\":\"ListItem\",\"position\":2,\"name\":\"El nuevo reloj de OnePlus es oficial con pantalla AMOLED\"}]},{\"@type\":\"WebSite\",\"@id\":\"https:\\\/\\\/www.eldiario.net\\\/portal\\\/#website\",\"url\":\"https:\\\/\\\/www.eldiario.net\\\/portal\\\/\",\"name\":\"El Diario - Decano de la prensa nacional\",\"description\":\"El Diario - Decano de la prensa nacional\",\"publisher\":{\"@id\":\"https:\\\/\\\/www.eldiario.net\\\/portal\\\/#organization\"},\"potentialAction\":[{\"@type\":\"SearchAction\",\"target\":{\"@type\":\"EntryPoint\",\"urlTemplate\":\"https:\\\/\\\/www.eldiario.net\\\/portal\\\/?s={search_term_string}\"},\"query-input\":{\"@type\":\"PropertyValueSpecification\",\"valueRequired\":true,\"valueName\":\"search_term_string\"}}],\"inLanguage\":\"es\"},{\"@type\":\"Organization\",\"@id\":\"https:\\\/\\\/www.eldiario.net\\\/portal\\\/#organization\",\"name\":\"El Diario - Decano de la prensa nacional\",\"url\":\"https:\\\/\\\/www.eldiario.net\\\/portal\\\/\",\"logo\":{\"@type\":\"ImageObject\",\"inLanguage\":\"es\",\"@id\":\"https:\\\/\\\/www.eldiario.net\\\/portal\\\/#\\\/schema\\\/logo\\\/image\\\/\",\"url\":\"https:\\\/\\\/www.eldiario.net\\\/portal\\\/wp-content\\\/uploads\\\/2023\\\/07\\\/logo_ED.jpg\",\"contentUrl\":\"https:\\\/\\\/www.eldiario.net\\\/portal\\\/wp-content\\\/uploads\\\/2023\\\/07\\\/logo_ED.jpg\",\"width\":272,\"height\":52,\"caption\":\"El Diario - Decano de la prensa nacional\"},\"image\":{\"@id\":\"https:\\\/\\\/www.eldiario.net\\\/portal\\\/#\\\/schema\\\/logo\\\/image\\\/\"},\"sameAs\":[\"https:\\\/\\\/www.facebook.com\\\/eldiario.bolivia\\\/\",\"https:\\\/\\\/x.com\\\/eldiario_net\"]},{\"@type\":\"Person\",\"@id\":\"https:\\\/\\\/www.eldiario.net\\\/portal\\\/#\\\/schema\\\/person\\\/2c57cf2b7a7ae032e449e4c9b1019eac\",\"name\":\"Jeanette\",\"image\":{\"@type\":\"ImageObject\",\"inLanguage\":\"es\",\"@id\":\"https:\\\/\\\/secure.gravatar.com\\\/avatar\\\/3ea2118a5f7dad2b7138b1187a6b7ee55f160b9968b66013c3a3ef39dd7e5798?s=96&d=mm&r=g\",\"url\":\"https:\\\/\\\/secure.gravatar.com\\\/avatar\\\/3ea2118a5f7dad2b7138b1187a6b7ee55f160b9968b66013c3a3ef39dd7e5798?s=96&d=mm&r=g\",\"contentUrl\":\"https:\\\/\\\/secure.gravatar.com\\\/avatar\\\/3ea2118a5f7dad2b7138b1187a6b7ee55f160b9968b66013c3a3ef39dd7e5798?s=96&d=mm&r=g\",\"caption\":\"Jeanette\"},\"sameAs\":[\"https:\\\/\\\/www.eldiario.net\\\/portal\"],\"url\":\"https:\\\/\\\/www.eldiario.net\\\/portal\\\/author\\\/jeanette\\\/\"}]}<\/script>\n<!-- \/ Yoast SEO plugin. -->","yoast_head_json":{"title":"El nuevo reloj de OnePlus es oficial con pantalla AMOLED - El Diario - Bolivia","robots":{"index":"index","follow":"follow","max-snippet":"max-snippet:-1","max-image-preview":"max-image-preview:large","max-video-preview":"max-video-preview:-1"},"canonical":"https:\/\/www.eldiario.net\/portal\/2022\/10\/10\/el-nuevo-reloj-de-oneplus-es-oficial-con-pantalla-amoled\/","og_locale":"es_ES","og_type":"article","og_title":"El nuevo reloj de OnePlus es oficial con pantalla AMOLED - El Diario - Bolivia","og_description":"Se trata del OnePlus Nord Watch que cuenta con una pantalla AMOLED de 1,78 pulgadas con una resoluci\u00f3n de 368 x 448 p\u00edxeles, con una bater\u00eda de 230 mAh y con la certificaci\u00f3n IP68 de resistencia al agua. Ahora la firma china que forma parte del grupo BBK Electronics con OPPO y Realme acaba de [&hellip;]","og_url":"https:\/\/www.eldiario.net\/portal\/2022\/10\/10\/el-nuevo-reloj-de-oneplus-es-oficial-con-pantalla-amoled\/","og_site_name":"El Diario - Bolivia","article_publisher":"https:\/\/www.facebook.com\/eldiario.bolivia\/","article_published_time":"2022-10-10T11:01:02+00:00","author":"Jeanette","twitter_card":"summary_large_image","twitter_creator":"@eldiario_net","twitter_site":"@eldiario_net","twitter_misc":{"Escrito por":"Jeanette","Tiempo de lectura":"2 minutos"},"schema":{"@context":"https:\/\/schema.org","@graph":[{"@type":"Article","@id":"https:\/\/www.eldiario.net\/portal\/2022\/10\/10\/el-nuevo-reloj-de-oneplus-es-oficial-con-pantalla-amoled\/#article","isPartOf":{"@id":"https:\/\/www.eldiario.net\/portal\/2022\/10\/10\/el-nuevo-reloj-de-oneplus-es-oficial-con-pantalla-amoled\/"},"author":{"name":"Jeanette","@id":"https:\/\/www.eldiario.net\/portal\/#\/schema\/person\/2c57cf2b7a7ae032e449e4c9b1019eac"},"headline":"El nuevo reloj de OnePlus es oficial con pantalla AMOLED","datePublished":"2022-10-10T11:01:02+00:00","mainEntityOfPage":{"@id":"https:\/\/www.eldiario.net\/portal\/2022\/10\/10\/el-nuevo-reloj-de-oneplus-es-oficial-con-pantalla-amoled\/"},"wordCount":386,"publisher":{"@id":"https:\/\/www.eldiario.net\/portal\/#organization"},"image":{"@id":"https:\/\/www.eldiario.net\/portal\/2022\/10\/10\/el-nuevo-reloj-de-oneplus-es-oficial-con-pantalla-amoled\/#primaryimage"},"thumbnailUrl":"","articleSection":["Ciencia y Computaci\u00f3n"],"inLanguage":"es"},{"@type":"WebPage","@id":"https:\/\/www.eldiario.net\/portal\/2022\/10\/10\/el-nuevo-reloj-de-oneplus-es-oficial-con-pantalla-amoled\/","url":"https:\/\/www.eldiario.net\/portal\/2022\/10\/10\/el-nuevo-reloj-de-oneplus-es-oficial-con-pantalla-amoled\/","name":"El nuevo reloj de OnePlus es oficial con pantalla AMOLED - El Diario - Bolivia","isPartOf":{"@id":"https:\/\/www.eldiario.net\/portal\/#website"},"primaryImageOfPage":{"@id":"https:\/\/www.eldiario.net\/portal\/2022\/10\/10\/el-nuevo-reloj-de-oneplus-es-oficial-con-pantalla-amoled\/#primaryimage"},"image":{"@id":"https:\/\/www.eldiario.net\/portal\/2022\/10\/10\/el-nuevo-reloj-de-oneplus-es-oficial-con-pantalla-amoled\/#primaryimage"},"thumbnailUrl":"","datePublished":"2022-10-10T11:01:02+00:00","breadcrumb":{"@id":"https:\/\/www.eldiario.net\/portal\/2022\/10\/10\/el-nuevo-reloj-de-oneplus-es-oficial-con-pantalla-amoled\/#breadcrumb"},"inLanguage":"es","potentialAction":[{"@type":"ReadAction","target":["https:\/\/www.eldiario.net\/portal\/2022\/10\/10\/el-nuevo-reloj-de-oneplus-es-oficial-con-pantalla-amoled\/"]}]},{"@type":"ImageObject","inLanguage":"es","@id":"https:\/\/www.eldiario.net\/portal\/2022\/10\/10\/el-nuevo-reloj-de-oneplus-es-oficial-con-pantalla-amoled\/#primaryimage","url":"","contentUrl":""},{"@type":"BreadcrumbList","@id":"https:\/\/www.eldiario.net\/portal\/2022\/10\/10\/el-nuevo-reloj-de-oneplus-es-oficial-con-pantalla-amoled\/#breadcrumb","itemListElement":[{"@type":"ListItem","position":1,"name":"Portada","item":"https:\/\/www.eldiario.net\/portal\/"},{"@type":"ListItem","position":2,"name":"El nuevo reloj de OnePlus es oficial con pantalla AMOLED"}]},{"@type":"WebSite","@id":"https:\/\/www.eldiario.net\/portal\/#website","url":"https:\/\/www.eldiario.net\/portal\/","name":"El Diario - Decano de la prensa nacional","description":"El Diario - Decano de la prensa nacional","publisher":{"@id":"https:\/\/www.eldiario.net\/portal\/#organization"},"potentialAction":[{"@type":"SearchAction","target":{"@type":"EntryPoint","urlTemplate":"https:\/\/www.eldiario.net\/portal\/?s={search_term_string}"},"query-input":{"@type":"PropertyValueSpecification","valueRequired":true,"valueName":"search_term_string"}}],"inLanguage":"es"},{"@type":"Organization","@id":"https:\/\/www.eldiario.net\/portal\/#organization","name":"El Diario - Decano de la prensa nacional","url":"https:\/\/www.eldiario.net\/portal\/","logo":{"@type":"ImageObject","inLanguage":"es","@id":"https:\/\/www.eldiario.net\/portal\/#\/schema\/logo\/image\/","url":"https:\/\/www.eldiario.net\/portal\/wp-content\/uploads\/2023\/07\/logo_ED.jpg","contentUrl":"https:\/\/www.eldiario.net\/portal\/wp-content\/uploads\/2023\/07\/logo_ED.jpg","width":272,"height":52,"caption":"El Diario - Decano de la prensa nacional"},"image":{"@id":"https:\/\/www.eldiario.net\/portal\/#\/schema\/logo\/image\/"},"sameAs":["https:\/\/www.facebook.com\/eldiario.bolivia\/","https:\/\/x.com\/eldiario_net"]},{"@type":"Person","@id":"https:\/\/www.eldiario.net\/portal\/#\/schema\/person\/2c57cf2b7a7ae032e449e4c9b1019eac","name":"Jeanette","image":{"@type":"ImageObject","inLanguage":"es","@id":"https:\/\/secure.gravatar.com\/avatar\/3ea2118a5f7dad2b7138b1187a6b7ee55f160b9968b66013c3a3ef39dd7e5798?s=96&d=mm&r=g","url":"https:\/\/secure.gravatar.com\/avatar\/3ea2118a5f7dad2b7138b1187a6b7ee55f160b9968b66013c3a3ef39dd7e5798?s=96&d=mm&r=g","contentUrl":"https:\/\/secure.gravatar.com\/avatar\/3ea2118a5f7dad2b7138b1187a6b7ee55f160b9968b66013c3a3ef39dd7e5798?s=96&d=mm&r=g","caption":"Jeanette"},"sameAs":["https:\/\/www.eldiario.net\/portal"],"url":"https:\/\/www.eldiario.net\/portal\/author\/jeanette\/"}]}},"_links":{"self":[{"href":"https:\/\/www.eldiario.net\/portal\/wp-json\/wp\/v2\/posts\/115883","targetHints":{"allow":["GET"]}}],"collection":[{"href":"https:\/\/www.eldiario.net\/portal\/wp-json\/wp\/v2\/posts"}],"about":[{"href":"https:\/\/www.eldiario.net\/portal\/wp-json\/wp\/v2\/types\/post"}],"author":[{"embeddable":true,"href":"https:\/\/www.eldiario.net\/portal\/wp-json\/wp\/v2\/users\/1"}],"replies":[{"embeddable":true,"href":"https:\/\/www.eldiario.net\/portal\/wp-json\/wp\/v2\/comments?post=115883"}],"version-history":[{"count":0,"href":"https:\/\/www.eldiario.net\/portal\/wp-json\/wp\/v2\/posts\/115883\/revisions"}],"wp:attachment":[{"href":"https:\/\/www.eldiario.net\/portal\/wp-json\/wp\/v2\/media?parent=115883"}],"wp:term":[{"taxonomy":"category","embeddable":true,"href":"https:\/\/www.eldiario.net\/portal\/wp-json\/wp\/v2\/categories?post=115883"},{"taxonomy":"post_tag","embeddable":true,"href":"https:\/\/www.eldiario.net\/portal\/wp-json\/wp\/v2\/tags?post=115883"}],"curies":[{"name":"wp","href":"https:\/\/api.w.org\/{rel}","templated":true}]}}