{"id":115620,"date":"2022-10-09T06:32:58","date_gmt":"2022-10-09T10:32:58","guid":{"rendered":"https:\/\/www.eldiario.net\/portal\/?p=115620"},"modified":"2022-10-09T06:32:58","modified_gmt":"2022-10-09T10:32:58","slug":"locaciones-del-rodaje-de-la-pelicula-vista-por-ultima-vez","status":"publish","type":"post","link":"https:\/\/www.eldiario.net\/portal\/2022\/10\/09\/locaciones-del-rodaje-de-la-pelicula-vista-por-ultima-vez\/","title":{"rendered":"Locaciones del rodaje de la pel\u00edcula \u201cVista por \u00faltima vez\u201d"},"content":{"rendered":"<p>Vista por \u00faltima vez se film\u00f3 \u00edntegramente en Georgia, espec\u00edficamente en el \u00c1rea Estad\u00edstica Metropolitana de Savannah. Protagonizada por Gerard Butler el rodaje tendr\u00e1 a Peter Holland y Mark Nguyen como camar\u00f3grafos.<br \/>\nAhora, sin m\u00e1s pre\u00e1mbulos, sigamos a Will mientras busca a Lisa en todas las ubicaciones que aparecen en Vista por \u00faltima vez. Sin duda una de las m\u00e1s populares es Peach State, debido a su paisaje diverso.<br \/>\nGeorgia<br \/>\nLa mayor parte de Vista por \u00faltima vez se proyect\u00f3 en el \u00c1rea Estad\u00edstica Metropolitana de Savannah, un \u00e1rea que incluye los condados de Bryan, Chatham y Effingham. El elenco y el equipo establecieron principalmente un campamento en Savannah, la ubicaci\u00f3n central de la regi\u00f3n y la sede del condado de Chatham, donde filmaron varias escenas con fondos adecuados.<br \/>\nEl equipo tambi\u00e9n us\u00f3 las ubicaciones de Bloomingdale, una ciudad a lo largo de la frontera noroeste del condado de Chatham. Seg\u00fan los informes, convirtieron un edificio del departamento de polic\u00eda en la ciudad para grabar secuencias clave. El equipo de filmaci\u00f3n tambi\u00e9n se detuvo en Wilmington Island, un lugar designado por el censo a unos 20 minutos de Savannah.<br \/>\nAlgunas partes de Vista por \u00faltima vez se filmaron en el condado de Effingham, ubicado en el sureste de Georgia. El equipo de producci\u00f3n film\u00f3 varias escenas en Rincon, una ciudad en el condado de Effingham que est\u00e1 a 17 millas de Savannah. Se dice que la gasolinera donde Lisa desaparece en la pel\u00edcula es Texaco Rincon en 1113 North Columbia Avenue en la ciudad.<br \/>\nEl director Brian Goodman concentro el rodaje en el Savannah Metropolitan Statistical, un \u00e1rea que ha albergado la producci\u00f3n de muchas otras pel\u00edculas y programas de televisi\u00f3n, como \u201dForrest Gump\u201d, \u201dBaywatch\u201d, \u201dA Jazzman\u2019s Blues\u201d y \u201dThe Plainville Girl\u201d.<\/p>\n","protected":false},"excerpt":{"rendered":"<p>Vista por \u00faltima vez se film\u00f3 \u00edntegramente en Georgia, espec\u00edficamente en el \u00c1rea Estad\u00edstica Metropolitana de Savannah. Protagonizada por Gerard Butler el rodaje tendr\u00e1 a Peter Holland y Mark Nguyen como camar\u00f3grafos. Ahora, sin m\u00e1s pre\u00e1mbulos, sigamos a Will mientras busca a Lisa en todas las ubicaciones que aparecen en Vista por \u00faltima vez. Sin [&hellip;]<\/p>\n","protected":false},"author":1,"featured_media":0,"comment_status":"closed","ping_status":"closed","sticky":false,"template":"","format":"standard","meta":{"_acf_changed":false,"footnotes":""},"categories":[45],"tags":[],"class_list":["post-115620","post","type-post","status-publish","format-standard","category-cine-mundo"],"acf":{"antetitulo":""},"yoast_head":"<!-- This site is optimized with the Yoast SEO plugin v28.3 - https:\/\/yoast.com\/product\/yoast-seo-wordpress\/ -->\n<title>Locaciones del rodaje de la pel\u00edcula \u201cVista por \u00faltima vez\u201d - El Diario - Bolivia<\/title>\n<meta name=\"robots\" content=\"index, follow, max-snippet:-1, max-image-preview:large, max-video-preview:-1\" \/>\n<link rel=\"canonical\" href=\"https:\/\/www.eldiario.net\/portal\/2022\/10\/09\/locaciones-del-rodaje-de-la-pelicula-vista-por-ultima-vez\/\" \/>\n<meta property=\"og:locale\" content=\"es_ES\" \/>\n<meta property=\"og:type\" content=\"article\" \/>\n<meta property=\"og:title\" content=\"Locaciones del rodaje de la pel\u00edcula \u201cVista por \u00faltima vez\u201d - El Diario - Bolivia\" \/>\n<meta property=\"og:description\" content=\"Vista por \u00faltima vez se film\u00f3 \u00edntegramente en Georgia, espec\u00edficamente en el \u00c1rea Estad\u00edstica Metropolitana de Savannah. Protagonizada por Gerard Butler el rodaje tendr\u00e1 a Peter Holland y Mark Nguyen como camar\u00f3grafos. Ahora, sin m\u00e1s pre\u00e1mbulos, sigamos a Will mientras busca a Lisa en todas las ubicaciones que aparecen en Vista por \u00faltima vez. Sin [&hellip;]\" \/>\n<meta property=\"og:url\" content=\"https:\/\/www.eldiario.net\/portal\/2022\/10\/09\/locaciones-del-rodaje-de-la-pelicula-vista-por-ultima-vez\/\" \/>\n<meta property=\"og:site_name\" content=\"El Diario - Bolivia\" \/>\n<meta property=\"article:publisher\" content=\"https:\/\/www.facebook.com\/eldiario.bolivia\/\" \/>\n<meta property=\"article:published_time\" content=\"2022-10-09T10:32:58+00:00\" \/>\n<meta name=\"author\" content=\"Jeanette\" \/>\n<meta name=\"twitter:card\" content=\"summary_large_image\" \/>\n<meta name=\"twitter:creator\" content=\"@eldiario_net\" \/>\n<meta name=\"twitter:site\" content=\"@eldiario_net\" \/>\n<meta name=\"twitter:label1\" content=\"Escrito por\" \/>\n\t<meta name=\"twitter:data1\" content=\"Jeanette\" \/>\n<script type=\"application\/ld+json\" class=\"yoast-schema-graph\">{\"@context\":\"https:\\\/\\\/schema.org\",\"@graph\":[{\"@type\":\"Article\",\"@id\":\"https:\\\/\\\/www.eldiario.net\\\/portal\\\/2022\\\/10\\\/09\\\/locaciones-del-rodaje-de-la-pelicula-vista-por-ultima-vez\\\/#article\",\"isPartOf\":{\"@id\":\"https:\\\/\\\/www.eldiario.net\\\/portal\\\/2022\\\/10\\\/09\\\/locaciones-del-rodaje-de-la-pelicula-vista-por-ultima-vez\\\/\"},\"author\":{\"name\":\"Jeanette\",\"@id\":\"https:\\\/\\\/www.eldiario.net\\\/portal\\\/#\\\/schema\\\/person\\\/f46445640444750d7d753ccd04ae01b7\"},\"headline\":\"Locaciones del rodaje de la pel\u00edcula \u201cVista por \u00faltima vez\u201d\",\"datePublished\":\"2022-10-09T10:32:58+00:00\",\"mainEntityOfPage\":{\"@id\":\"https:\\\/\\\/www.eldiario.net\\\/portal\\\/2022\\\/10\\\/09\\\/locaciones-del-rodaje-de-la-pelicula-vista-por-ultima-vez\\\/\"},\"wordCount\":320,\"publisher\":{\"@id\":\"https:\\\/\\\/www.eldiario.net\\\/portal\\\/#organization\"},\"articleSection\":[\"Cine Mundo\"],\"inLanguage\":\"es\"},{\"@type\":\"WebPage\",\"@id\":\"https:\\\/\\\/www.eldiario.net\\\/portal\\\/2022\\\/10\\\/09\\\/locaciones-del-rodaje-de-la-pelicula-vista-por-ultima-vez\\\/\",\"url\":\"https:\\\/\\\/www.eldiario.net\\\/portal\\\/2022\\\/10\\\/09\\\/locaciones-del-rodaje-de-la-pelicula-vista-por-ultima-vez\\\/\",\"name\":\"Locaciones del rodaje de la pel\u00edcula \u201cVista por \u00faltima vez\u201d - El Diario - Bolivia\",\"isPartOf\":{\"@id\":\"https:\\\/\\\/www.eldiario.net\\\/portal\\\/#website\"},\"datePublished\":\"2022-10-09T10:32:58+00:00\",\"breadcrumb\":{\"@id\":\"https:\\\/\\\/www.eldiario.net\\\/portal\\\/2022\\\/10\\\/09\\\/locaciones-del-rodaje-de-la-pelicula-vista-por-ultima-vez\\\/#breadcrumb\"},\"inLanguage\":\"es\",\"potentialAction\":[{\"@type\":\"ReadAction\",\"target\":[\"https:\\\/\\\/www.eldiario.net\\\/portal\\\/2022\\\/10\\\/09\\\/locaciones-del-rodaje-de-la-pelicula-vista-por-ultima-vez\\\/\"]}]},{\"@type\":\"BreadcrumbList\",\"@id\":\"https:\\\/\\\/www.eldiario.net\\\/portal\\\/2022\\\/10\\\/09\\\/locaciones-del-rodaje-de-la-pelicula-vista-por-ultima-vez\\\/#breadcrumb\",\"itemListElement\":[{\"@type\":\"ListItem\",\"position\":1,\"name\":\"Portada\",\"item\":\"https:\\\/\\\/www.eldiario.net\\\/portal\\\/\"},{\"@type\":\"ListItem\",\"position\":2,\"name\":\"Locaciones del rodaje de la pel\u00edcula \u201cVista por \u00faltima vez\u201d\"}]},{\"@type\":\"WebSite\",\"@id\":\"https:\\\/\\\/www.eldiario.net\\\/portal\\\/#website\",\"url\":\"https:\\\/\\\/www.eldiario.net\\\/portal\\\/\",\"name\":\"El Diario - Decano de la prensa nacional\",\"description\":\"El Diario - Decano de la prensa nacional\",\"publisher\":{\"@id\":\"https:\\\/\\\/www.eldiario.net\\\/portal\\\/#organization\"},\"potentialAction\":[{\"@type\":\"SearchAction\",\"target\":{\"@type\":\"EntryPoint\",\"urlTemplate\":\"https:\\\/\\\/www.eldiario.net\\\/portal\\\/?s={search_term_string}\"},\"query-input\":{\"@type\":\"PropertyValueSpecification\",\"valueRequired\":true,\"valueName\":\"search_term_string\"}}],\"inLanguage\":\"es\"},{\"@type\":\"Organization\",\"@id\":\"https:\\\/\\\/www.eldiario.net\\\/portal\\\/#organization\",\"name\":\"El Diario - Decano de la prensa nacional\",\"url\":\"https:\\\/\\\/www.eldiario.net\\\/portal\\\/\",\"logo\":{\"@type\":\"ImageObject\",\"inLanguage\":\"es\",\"@id\":\"https:\\\/\\\/www.eldiario.net\\\/portal\\\/#\\\/schema\\\/logo\\\/image\\\/\",\"url\":\"https:\\\/\\\/www.eldiario.net\\\/portal\\\/wp-content\\\/uploads\\\/2023\\\/07\\\/logo_ED.jpg\",\"contentUrl\":\"https:\\\/\\\/www.eldiario.net\\\/portal\\\/wp-content\\\/uploads\\\/2023\\\/07\\\/logo_ED.jpg\",\"width\":272,\"height\":52,\"caption\":\"El Diario - Decano de la prensa nacional\"},\"image\":{\"@id\":\"https:\\\/\\\/www.eldiario.net\\\/portal\\\/#\\\/schema\\\/logo\\\/image\\\/\"},\"sameAs\":[\"https:\\\/\\\/www.facebook.com\\\/eldiario.bolivia\\\/\",\"https:\\\/\\\/x.com\\\/eldiario_net\"]},{\"@type\":\"Person\",\"@id\":\"https:\\\/\\\/www.eldiario.net\\\/portal\\\/#\\\/schema\\\/person\\\/f46445640444750d7d753ccd04ae01b7\",\"name\":\"Jeanette\",\"image\":{\"@type\":\"ImageObject\",\"inLanguage\":\"es\",\"@id\":\"https:\\\/\\\/secure.gravatar.com\\\/avatar\\\/3ea2118a5f7dad2b7138b1187a6b7ee55f160b9968b66013c3a3ef39dd7e5798?s=96&d=mm&r=g\",\"url\":\"https:\\\/\\\/secure.gravatar.com\\\/avatar\\\/3ea2118a5f7dad2b7138b1187a6b7ee55f160b9968b66013c3a3ef39dd7e5798?s=96&d=mm&r=g\",\"contentUrl\":\"https:\\\/\\\/secure.gravatar.com\\\/avatar\\\/3ea2118a5f7dad2b7138b1187a6b7ee55f160b9968b66013c3a3ef39dd7e5798?s=96&d=mm&r=g\",\"caption\":\"Jeanette\"},\"sameAs\":[\"https:\\\/\\\/www.eldiario.net\\\/portal\"],\"url\":\"https:\\\/\\\/www.eldiario.net\\\/portal\\\/author\\\/jeanette\\\/\"}]}<\/script>\n<!-- \/ Yoast SEO plugin. -->","yoast_head_json":{"title":"Locaciones del rodaje de la pel\u00edcula \u201cVista por \u00faltima vez\u201d - El Diario - Bolivia","robots":{"index":"index","follow":"follow","max-snippet":"max-snippet:-1","max-image-preview":"max-image-preview:large","max-video-preview":"max-video-preview:-1"},"canonical":"https:\/\/www.eldiario.net\/portal\/2022\/10\/09\/locaciones-del-rodaje-de-la-pelicula-vista-por-ultima-vez\/","og_locale":"es_ES","og_type":"article","og_title":"Locaciones del rodaje de la pel\u00edcula \u201cVista por \u00faltima vez\u201d - El Diario - Bolivia","og_description":"Vista por \u00faltima vez se film\u00f3 \u00edntegramente en Georgia, espec\u00edficamente en el \u00c1rea Estad\u00edstica Metropolitana de Savannah. Protagonizada por Gerard Butler el rodaje tendr\u00e1 a Peter Holland y Mark Nguyen como camar\u00f3grafos. Ahora, sin m\u00e1s pre\u00e1mbulos, sigamos a Will mientras busca a Lisa en todas las ubicaciones que aparecen en Vista por \u00faltima vez. Sin [&hellip;]","og_url":"https:\/\/www.eldiario.net\/portal\/2022\/10\/09\/locaciones-del-rodaje-de-la-pelicula-vista-por-ultima-vez\/","og_site_name":"El Diario - Bolivia","article_publisher":"https:\/\/www.facebook.com\/eldiario.bolivia\/","article_published_time":"2022-10-09T10:32:58+00:00","author":"Jeanette","twitter_card":"summary_large_image","twitter_creator":"@eldiario_net","twitter_site":"@eldiario_net","twitter_misc":{"Escrito por":"Jeanette"},"schema":{"@context":"https:\/\/schema.org","@graph":[{"@type":"Article","@id":"https:\/\/www.eldiario.net\/portal\/2022\/10\/09\/locaciones-del-rodaje-de-la-pelicula-vista-por-ultima-vez\/#article","isPartOf":{"@id":"https:\/\/www.eldiario.net\/portal\/2022\/10\/09\/locaciones-del-rodaje-de-la-pelicula-vista-por-ultima-vez\/"},"author":{"name":"Jeanette","@id":"https:\/\/www.eldiario.net\/portal\/#\/schema\/person\/f46445640444750d7d753ccd04ae01b7"},"headline":"Locaciones del rodaje de la pel\u00edcula \u201cVista por \u00faltima vez\u201d","datePublished":"2022-10-09T10:32:58+00:00","mainEntityOfPage":{"@id":"https:\/\/www.eldiario.net\/portal\/2022\/10\/09\/locaciones-del-rodaje-de-la-pelicula-vista-por-ultima-vez\/"},"wordCount":320,"publisher":{"@id":"https:\/\/www.eldiario.net\/portal\/#organization"},"articleSection":["Cine Mundo"],"inLanguage":"es"},{"@type":"WebPage","@id":"https:\/\/www.eldiario.net\/portal\/2022\/10\/09\/locaciones-del-rodaje-de-la-pelicula-vista-por-ultima-vez\/","url":"https:\/\/www.eldiario.net\/portal\/2022\/10\/09\/locaciones-del-rodaje-de-la-pelicula-vista-por-ultima-vez\/","name":"Locaciones del rodaje de la pel\u00edcula \u201cVista por \u00faltima vez\u201d - El Diario - Bolivia","isPartOf":{"@id":"https:\/\/www.eldiario.net\/portal\/#website"},"datePublished":"2022-10-09T10:32:58+00:00","breadcrumb":{"@id":"https:\/\/www.eldiario.net\/portal\/2022\/10\/09\/locaciones-del-rodaje-de-la-pelicula-vista-por-ultima-vez\/#breadcrumb"},"inLanguage":"es","potentialAction":[{"@type":"ReadAction","target":["https:\/\/www.eldiario.net\/portal\/2022\/10\/09\/locaciones-del-rodaje-de-la-pelicula-vista-por-ultima-vez\/"]}]},{"@type":"BreadcrumbList","@id":"https:\/\/www.eldiario.net\/portal\/2022\/10\/09\/locaciones-del-rodaje-de-la-pelicula-vista-por-ultima-vez\/#breadcrumb","itemListElement":[{"@type":"ListItem","position":1,"name":"Portada","item":"https:\/\/www.eldiario.net\/portal\/"},{"@type":"ListItem","position":2,"name":"Locaciones del rodaje de la pel\u00edcula \u201cVista por \u00faltima vez\u201d"}]},{"@type":"WebSite","@id":"https:\/\/www.eldiario.net\/portal\/#website","url":"https:\/\/www.eldiario.net\/portal\/","name":"El Diario - Decano de la prensa nacional","description":"El Diario - Decano de la prensa nacional","publisher":{"@id":"https:\/\/www.eldiario.net\/portal\/#organization"},"potentialAction":[{"@type":"SearchAction","target":{"@type":"EntryPoint","urlTemplate":"https:\/\/www.eldiario.net\/portal\/?s={search_term_string}"},"query-input":{"@type":"PropertyValueSpecification","valueRequired":true,"valueName":"search_term_string"}}],"inLanguage":"es"},{"@type":"Organization","@id":"https:\/\/www.eldiario.net\/portal\/#organization","name":"El Diario - Decano de la prensa nacional","url":"https:\/\/www.eldiario.net\/portal\/","logo":{"@type":"ImageObject","inLanguage":"es","@id":"https:\/\/www.eldiario.net\/portal\/#\/schema\/logo\/image\/","url":"https:\/\/www.eldiario.net\/portal\/wp-content\/uploads\/2023\/07\/logo_ED.jpg","contentUrl":"https:\/\/www.eldiario.net\/portal\/wp-content\/uploads\/2023\/07\/logo_ED.jpg","width":272,"height":52,"caption":"El Diario - Decano de la prensa nacional"},"image":{"@id":"https:\/\/www.eldiario.net\/portal\/#\/schema\/logo\/image\/"},"sameAs":["https:\/\/www.facebook.com\/eldiario.bolivia\/","https:\/\/x.com\/eldiario_net"]},{"@type":"Person","@id":"https:\/\/www.eldiario.net\/portal\/#\/schema\/person\/f46445640444750d7d753ccd04ae01b7","name":"Jeanette","image":{"@type":"ImageObject","inLanguage":"es","@id":"https:\/\/secure.gravatar.com\/avatar\/3ea2118a5f7dad2b7138b1187a6b7ee55f160b9968b66013c3a3ef39dd7e5798?s=96&d=mm&r=g","url":"https:\/\/secure.gravatar.com\/avatar\/3ea2118a5f7dad2b7138b1187a6b7ee55f160b9968b66013c3a3ef39dd7e5798?s=96&d=mm&r=g","contentUrl":"https:\/\/secure.gravatar.com\/avatar\/3ea2118a5f7dad2b7138b1187a6b7ee55f160b9968b66013c3a3ef39dd7e5798?s=96&d=mm&r=g","caption":"Jeanette"},"sameAs":["https:\/\/www.eldiario.net\/portal"],"url":"https:\/\/www.eldiario.net\/portal\/author\/jeanette\/"}]}},"_links":{"self":[{"href":"https:\/\/www.eldiario.net\/portal\/wp-json\/wp\/v2\/posts\/115620","targetHints":{"allow":["GET"]}}],"collection":[{"href":"https:\/\/www.eldiario.net\/portal\/wp-json\/wp\/v2\/posts"}],"about":[{"href":"https:\/\/www.eldiario.net\/portal\/wp-json\/wp\/v2\/types\/post"}],"author":[{"embeddable":true,"href":"https:\/\/www.eldiario.net\/portal\/wp-json\/wp\/v2\/users\/1"}],"replies":[{"embeddable":true,"href":"https:\/\/www.eldiario.net\/portal\/wp-json\/wp\/v2\/comments?post=115620"}],"version-history":[{"count":0,"href":"https:\/\/www.eldiario.net\/portal\/wp-json\/wp\/v2\/posts\/115620\/revisions"}],"wp:attachment":[{"href":"https:\/\/www.eldiario.net\/portal\/wp-json\/wp\/v2\/media?parent=115620"}],"wp:term":[{"taxonomy":"category","embeddable":true,"href":"https:\/\/www.eldiario.net\/portal\/wp-json\/wp\/v2\/categories?post=115620"},{"taxonomy":"post_tag","embeddable":true,"href":"https:\/\/www.eldiario.net\/portal\/wp-json\/wp\/v2\/tags?post=115620"}],"curies":[{"name":"wp","href":"https:\/\/api.w.org\/{rel}","templated":true}]}}