{"id":114650,"date":"2022-10-04T06:52:35","date_gmt":"2022-10-04T10:52:35","guid":{"rendered":"https:\/\/www.eldiario.net\/portal\/?p=114650"},"modified":"2022-10-04T06:52:35","modified_gmt":"2022-10-04T10:52:35","slug":"corea-del-norte-lanzo-otro-misil-balistico-que-sobrevolo-parte-del-territorio-nipon","status":"publish","type":"post","link":"https:\/\/www.eldiario.net\/portal\/2022\/10\/04\/corea-del-norte-lanzo-otro-misil-balistico-que-sobrevolo-parte-del-territorio-nipon\/","title":{"rendered":"Corea del Norte lanz\u00f3 otro misil bal\u00edstico  que sobrevol\u00f3 parte del territorio nip\u00f3n"},"content":{"rendered":"<p class=\"v1MsoNormal\">El Ministerio de Defensa de Jap\u00f3n inform\u00f3 ayer que Corea del Norte lanz\u00f3 un misil bal\u00edstico que habr\u00eda ca\u00eddo en el oc\u00e9ano Pac\u00edfico, sobrevolando parte del territorio del pa\u00eds nip\u00f3n, hecho que no ocurr\u00eda desde 2017, hace cinco a\u00f1os.<\/p>\n<p class=\"v1MsoNormal\">El secretario del Gabinete japon\u00e9s, Hirokazu Matsuno, revel\u00f3 que el misil habr\u00eda pasado por la regi\u00f3n de Tohoku -en el norte de la principal isla de Jap\u00f3n- y habr\u00eda aterrizado fuera de la Zona Econ\u00f3mica Exclusiva del pa\u00eds, seg\u00fan inform\u00f3 NHK.<\/p>\n<p class=\"v1MsoNormal\">Por este motivo, el Gobierno japon\u00e9s emiti\u00f3 un aviso sobre el lanzamiento del misil norcoreano a la poblaci\u00f3n de las prefecturas de Hokkaido y Aomori, en el norte del pa\u00eds, instando a los residentes en las regiones afectadas a agacharse y cubrirse inmediatamente para ponerse a salvo.<\/p>\n<p class=\"v1MsoNormal\">Posteriormente, el Ejecutivo comunic\u00f3 que el misil habr\u00eda pasado por encima del pa\u00eds hasta caer en el oc\u00e9ano Pac\u00edfico alrededor de las 07.44 hora local.<\/p>\n<p class=\"v1MsoNormal\">Funcionarios del Gobierno nip\u00f3n anunciaron que llevar\u00e1n a cabo una reuni\u00f3n ministerial del Consejo de Seguridad Nacional para debatir las medidas que tomar\u00e1n en respuesta a Pyongyang.<\/p>\n<p class=\"v1MsoNormal\">Se trata de la primera vez en cinco a\u00f1os, desde 2017, que un misil norcoreano cruza el archipi\u00e9lago japon\u00e9s.<\/p>\n<p class=\"v1MsoNormal\">\n<p class=\"v1MsoNormal\">REPUDIO DE JAP\u00d3N Y COREA DEL SUR<\/p>\n<p class=\"v1MsoNormal\">El presidente de Corea del Sur, Yoon Suk-yeol, confirm\u00f3 el lanzamiento del misil y envi\u00f3 una advertencia a Pionyang.<\/p>\n<p class=\"v1MsoNormal\">\u201cCorea del Norte volvi\u00f3 a lanzar un misil bal\u00edstico de alcance intermedio de unos 4.000 kil\u00f3metros sobre el archipi\u00e9lago japon\u00e9s\u201d, asever\u00f3 Yoon, quien apunt\u00f3 que \u201ctales provocaciones imprudentes se enfrentar\u00e1n a una respuesta del Ej\u00e9rcito surcoreano, aliados y la comunidad internacional\u201d.<\/p>\n<p class=\"v1MsoNormal\">Por otra parte, seg\u00fan inform\u00f3 EFE, el presidente surcoreano inform\u00f3 que el Consejo de Seguridad Nacional se reunir\u00e1 para discutir el lanzamiento.<\/p>\n<p class=\"v1MsoNormal\">Por su parte, el primer ministro de Jap\u00f3n, Fumio Kishida, calific\u00f3 el acto de \u201cbarbarie\u201d y expres\u00f3 su \u201cfirme condena\u201d a Corea del Norte por el mismo.<\/p>\n<p class=\"v1MsoNormal\">El Estado Mayor Conjunto surcoreano (JCS) detall\u00f3, por su parte, que se trat\u00f3 presumiblemente de un \u201cmisil bal\u00edstico de alcance intermedio\u201d lanzado desde la provincia de Jagang, situada al norte del pa\u00eds vecino y colindante con China, en un comunicado.<\/p>\n<p class=\"v1MsoNormal\">\u201cEs un acto de barbarie y expreso mi firme condena a Corea del Norte por ello\u201d, asever\u00f3 Kishida en di\u00e1logo con medios locales. (La Voz)<\/p>\n<p class=\"v1MsoNormal\">\n","protected":false},"excerpt":{"rendered":"<p>El Ministerio de Defensa de Jap\u00f3n inform\u00f3 ayer que Corea del Norte lanz\u00f3 un misil bal\u00edstico que habr\u00eda ca\u00eddo en el oc\u00e9ano Pac\u00edfico, sobrevolando parte del territorio del pa\u00eds nip\u00f3n, hecho que no ocurr\u00eda desde 2017, hace cinco a\u00f1os. El secretario del Gabinete japon\u00e9s, Hirokazu Matsuno, revel\u00f3 que el misil habr\u00eda pasado por la regi\u00f3n [&hellip;]<\/p>\n","protected":false},"author":1,"featured_media":114651,"comment_status":"closed","ping_status":"closed","sticky":false,"template":"","format":"standard","meta":{"_acf_changed":false,"footnotes":""},"categories":[3],"tags":[],"class_list":["post-114650","post","type-post","status-publish","format-standard","has-post-thumbnail","category-internacional"],"acf":{"antetitulo":""},"yoast_head":"<!-- This site is optimized with the Yoast SEO plugin v28.3 - https:\/\/yoast.com\/product\/yoast-seo-wordpress\/ -->\n<title>Corea del Norte lanz\u00f3 otro misil bal\u00edstico que sobrevol\u00f3 parte del territorio nip\u00f3n - El Diario - Bolivia<\/title>\n<meta name=\"robots\" content=\"index, follow, max-snippet:-1, max-image-preview:large, max-video-preview:-1\" \/>\n<link rel=\"canonical\" href=\"https:\/\/www.eldiario.net\/portal\/2022\/10\/04\/corea-del-norte-lanzo-otro-misil-balistico-que-sobrevolo-parte-del-territorio-nipon\/\" \/>\n<meta property=\"og:locale\" content=\"es_ES\" \/>\n<meta property=\"og:type\" content=\"article\" \/>\n<meta property=\"og:title\" content=\"Corea del Norte lanz\u00f3 otro misil bal\u00edstico que sobrevol\u00f3 parte del territorio nip\u00f3n - El Diario - Bolivia\" \/>\n<meta property=\"og:description\" content=\"El Ministerio de Defensa de Jap\u00f3n inform\u00f3 ayer que Corea del Norte lanz\u00f3 un misil bal\u00edstico que habr\u00eda ca\u00eddo en el oc\u00e9ano Pac\u00edfico, sobrevolando parte del territorio del pa\u00eds nip\u00f3n, hecho que no ocurr\u00eda desde 2017, hace cinco a\u00f1os. El secretario del Gabinete japon\u00e9s, Hirokazu Matsuno, revel\u00f3 que el misil habr\u00eda pasado por la regi\u00f3n [&hellip;]\" \/>\n<meta property=\"og:url\" content=\"https:\/\/www.eldiario.net\/portal\/2022\/10\/04\/corea-del-norte-lanzo-otro-misil-balistico-que-sobrevolo-parte-del-territorio-nipon\/\" \/>\n<meta property=\"og:site_name\" content=\"El Diario - Bolivia\" \/>\n<meta property=\"article:publisher\" content=\"https:\/\/www.facebook.com\/eldiario.bolivia\/\" \/>\n<meta property=\"article:published_time\" content=\"2022-10-04T10:52:35+00:00\" \/>\n<meta name=\"author\" content=\"Jeanette\" \/>\n<meta name=\"twitter:card\" content=\"summary_large_image\" \/>\n<meta name=\"twitter:creator\" content=\"@eldiario_net\" \/>\n<meta name=\"twitter:site\" content=\"@eldiario_net\" \/>\n<meta name=\"twitter:label1\" content=\"Escrito por\" \/>\n\t<meta name=\"twitter:data1\" content=\"Jeanette\" \/>\n\t<meta name=\"twitter:label2\" content=\"Tiempo de lectura\" \/>\n\t<meta name=\"twitter:data2\" content=\"2 minutos\" \/>\n<script type=\"application\/ld+json\" class=\"yoast-schema-graph\">{\"@context\":\"https:\\\/\\\/schema.org\",\"@graph\":[{\"@type\":\"Article\",\"@id\":\"https:\\\/\\\/www.eldiario.net\\\/portal\\\/2022\\\/10\\\/04\\\/corea-del-norte-lanzo-otro-misil-balistico-que-sobrevolo-parte-del-territorio-nipon\\\/#article\",\"isPartOf\":{\"@id\":\"https:\\\/\\\/www.eldiario.net\\\/portal\\\/2022\\\/10\\\/04\\\/corea-del-norte-lanzo-otro-misil-balistico-que-sobrevolo-parte-del-territorio-nipon\\\/\"},\"author\":{\"name\":\"Jeanette\",\"@id\":\"https:\\\/\\\/www.eldiario.net\\\/portal\\\/#\\\/schema\\\/person\\\/f46445640444750d7d753ccd04ae01b7\"},\"headline\":\"Corea del Norte lanz\u00f3 otro misil bal\u00edstico que sobrevol\u00f3 parte del territorio nip\u00f3n\",\"datePublished\":\"2022-10-04T10:52:35+00:00\",\"mainEntityOfPage\":{\"@id\":\"https:\\\/\\\/www.eldiario.net\\\/portal\\\/2022\\\/10\\\/04\\\/corea-del-norte-lanzo-otro-misil-balistico-que-sobrevolo-parte-del-territorio-nipon\\\/\"},\"wordCount\":434,\"publisher\":{\"@id\":\"https:\\\/\\\/www.eldiario.net\\\/portal\\\/#organization\"},\"image\":{\"@id\":\"https:\\\/\\\/www.eldiario.net\\\/portal\\\/2022\\\/10\\\/04\\\/corea-del-norte-lanzo-otro-misil-balistico-que-sobrevolo-parte-del-territorio-nipon\\\/#primaryimage\"},\"thumbnailUrl\":\"\",\"articleSection\":[\"Internacional\"],\"inLanguage\":\"es\"},{\"@type\":\"WebPage\",\"@id\":\"https:\\\/\\\/www.eldiario.net\\\/portal\\\/2022\\\/10\\\/04\\\/corea-del-norte-lanzo-otro-misil-balistico-que-sobrevolo-parte-del-territorio-nipon\\\/\",\"url\":\"https:\\\/\\\/www.eldiario.net\\\/portal\\\/2022\\\/10\\\/04\\\/corea-del-norte-lanzo-otro-misil-balistico-que-sobrevolo-parte-del-territorio-nipon\\\/\",\"name\":\"Corea del Norte lanz\u00f3 otro misil bal\u00edstico que sobrevol\u00f3 parte del territorio nip\u00f3n - El Diario - Bolivia\",\"isPartOf\":{\"@id\":\"https:\\\/\\\/www.eldiario.net\\\/portal\\\/#website\"},\"primaryImageOfPage\":{\"@id\":\"https:\\\/\\\/www.eldiario.net\\\/portal\\\/2022\\\/10\\\/04\\\/corea-del-norte-lanzo-otro-misil-balistico-que-sobrevolo-parte-del-territorio-nipon\\\/#primaryimage\"},\"image\":{\"@id\":\"https:\\\/\\\/www.eldiario.net\\\/portal\\\/2022\\\/10\\\/04\\\/corea-del-norte-lanzo-otro-misil-balistico-que-sobrevolo-parte-del-territorio-nipon\\\/#primaryimage\"},\"thumbnailUrl\":\"\",\"datePublished\":\"2022-10-04T10:52:35+00:00\",\"breadcrumb\":{\"@id\":\"https:\\\/\\\/www.eldiario.net\\\/portal\\\/2022\\\/10\\\/04\\\/corea-del-norte-lanzo-otro-misil-balistico-que-sobrevolo-parte-del-territorio-nipon\\\/#breadcrumb\"},\"inLanguage\":\"es\",\"potentialAction\":[{\"@type\":\"ReadAction\",\"target\":[\"https:\\\/\\\/www.eldiario.net\\\/portal\\\/2022\\\/10\\\/04\\\/corea-del-norte-lanzo-otro-misil-balistico-que-sobrevolo-parte-del-territorio-nipon\\\/\"]}]},{\"@type\":\"ImageObject\",\"inLanguage\":\"es\",\"@id\":\"https:\\\/\\\/www.eldiario.net\\\/portal\\\/2022\\\/10\\\/04\\\/corea-del-norte-lanzo-otro-misil-balistico-que-sobrevolo-parte-del-territorio-nipon\\\/#primaryimage\",\"url\":\"\",\"contentUrl\":\"\"},{\"@type\":\"BreadcrumbList\",\"@id\":\"https:\\\/\\\/www.eldiario.net\\\/portal\\\/2022\\\/10\\\/04\\\/corea-del-norte-lanzo-otro-misil-balistico-que-sobrevolo-parte-del-territorio-nipon\\\/#breadcrumb\",\"itemListElement\":[{\"@type\":\"ListItem\",\"position\":1,\"name\":\"Portada\",\"item\":\"https:\\\/\\\/www.eldiario.net\\\/portal\\\/\"},{\"@type\":\"ListItem\",\"position\":2,\"name\":\"Corea del Norte lanz\u00f3 otro misil bal\u00edstico que sobrevol\u00f3 parte del territorio nip\u00f3n\"}]},{\"@type\":\"WebSite\",\"@id\":\"https:\\\/\\\/www.eldiario.net\\\/portal\\\/#website\",\"url\":\"https:\\\/\\\/www.eldiario.net\\\/portal\\\/\",\"name\":\"El Diario - Decano de la prensa nacional\",\"description\":\"El Diario - Decano de la prensa nacional\",\"publisher\":{\"@id\":\"https:\\\/\\\/www.eldiario.net\\\/portal\\\/#organization\"},\"potentialAction\":[{\"@type\":\"SearchAction\",\"target\":{\"@type\":\"EntryPoint\",\"urlTemplate\":\"https:\\\/\\\/www.eldiario.net\\\/portal\\\/?s={search_term_string}\"},\"query-input\":{\"@type\":\"PropertyValueSpecification\",\"valueRequired\":true,\"valueName\":\"search_term_string\"}}],\"inLanguage\":\"es\"},{\"@type\":\"Organization\",\"@id\":\"https:\\\/\\\/www.eldiario.net\\\/portal\\\/#organization\",\"name\":\"El Diario - Decano de la prensa nacional\",\"url\":\"https:\\\/\\\/www.eldiario.net\\\/portal\\\/\",\"logo\":{\"@type\":\"ImageObject\",\"inLanguage\":\"es\",\"@id\":\"https:\\\/\\\/www.eldiario.net\\\/portal\\\/#\\\/schema\\\/logo\\\/image\\\/\",\"url\":\"https:\\\/\\\/www.eldiario.net\\\/portal\\\/wp-content\\\/uploads\\\/2023\\\/07\\\/logo_ED.jpg\",\"contentUrl\":\"https:\\\/\\\/www.eldiario.net\\\/portal\\\/wp-content\\\/uploads\\\/2023\\\/07\\\/logo_ED.jpg\",\"width\":272,\"height\":52,\"caption\":\"El Diario - Decano de la prensa nacional\"},\"image\":{\"@id\":\"https:\\\/\\\/www.eldiario.net\\\/portal\\\/#\\\/schema\\\/logo\\\/image\\\/\"},\"sameAs\":[\"https:\\\/\\\/www.facebook.com\\\/eldiario.bolivia\\\/\",\"https:\\\/\\\/x.com\\\/eldiario_net\"]},{\"@type\":\"Person\",\"@id\":\"https:\\\/\\\/www.eldiario.net\\\/portal\\\/#\\\/schema\\\/person\\\/f46445640444750d7d753ccd04ae01b7\",\"name\":\"Jeanette\",\"image\":{\"@type\":\"ImageObject\",\"inLanguage\":\"es\",\"@id\":\"https:\\\/\\\/secure.gravatar.com\\\/avatar\\\/3ea2118a5f7dad2b7138b1187a6b7ee55f160b9968b66013c3a3ef39dd7e5798?s=96&d=mm&r=g\",\"url\":\"https:\\\/\\\/secure.gravatar.com\\\/avatar\\\/3ea2118a5f7dad2b7138b1187a6b7ee55f160b9968b66013c3a3ef39dd7e5798?s=96&d=mm&r=g\",\"contentUrl\":\"https:\\\/\\\/secure.gravatar.com\\\/avatar\\\/3ea2118a5f7dad2b7138b1187a6b7ee55f160b9968b66013c3a3ef39dd7e5798?s=96&d=mm&r=g\",\"caption\":\"Jeanette\"},\"sameAs\":[\"https:\\\/\\\/www.eldiario.net\\\/portal\"],\"url\":\"https:\\\/\\\/www.eldiario.net\\\/portal\\\/author\\\/jeanette\\\/\"}]}<\/script>\n<!-- \/ Yoast SEO plugin. -->","yoast_head_json":{"title":"Corea del Norte lanz\u00f3 otro misil bal\u00edstico que sobrevol\u00f3 parte del territorio nip\u00f3n - El Diario - Bolivia","robots":{"index":"index","follow":"follow","max-snippet":"max-snippet:-1","max-image-preview":"max-image-preview:large","max-video-preview":"max-video-preview:-1"},"canonical":"https:\/\/www.eldiario.net\/portal\/2022\/10\/04\/corea-del-norte-lanzo-otro-misil-balistico-que-sobrevolo-parte-del-territorio-nipon\/","og_locale":"es_ES","og_type":"article","og_title":"Corea del Norte lanz\u00f3 otro misil bal\u00edstico que sobrevol\u00f3 parte del territorio nip\u00f3n - El Diario - Bolivia","og_description":"El Ministerio de Defensa de Jap\u00f3n inform\u00f3 ayer que Corea del Norte lanz\u00f3 un misil bal\u00edstico que habr\u00eda ca\u00eddo en el oc\u00e9ano Pac\u00edfico, sobrevolando parte del territorio del pa\u00eds nip\u00f3n, hecho que no ocurr\u00eda desde 2017, hace cinco a\u00f1os. El secretario del Gabinete japon\u00e9s, Hirokazu Matsuno, revel\u00f3 que el misil habr\u00eda pasado por la regi\u00f3n [&hellip;]","og_url":"https:\/\/www.eldiario.net\/portal\/2022\/10\/04\/corea-del-norte-lanzo-otro-misil-balistico-que-sobrevolo-parte-del-territorio-nipon\/","og_site_name":"El Diario - Bolivia","article_publisher":"https:\/\/www.facebook.com\/eldiario.bolivia\/","article_published_time":"2022-10-04T10:52:35+00:00","author":"Jeanette","twitter_card":"summary_large_image","twitter_creator":"@eldiario_net","twitter_site":"@eldiario_net","twitter_misc":{"Escrito por":"Jeanette","Tiempo de lectura":"2 minutos"},"schema":{"@context":"https:\/\/schema.org","@graph":[{"@type":"Article","@id":"https:\/\/www.eldiario.net\/portal\/2022\/10\/04\/corea-del-norte-lanzo-otro-misil-balistico-que-sobrevolo-parte-del-territorio-nipon\/#article","isPartOf":{"@id":"https:\/\/www.eldiario.net\/portal\/2022\/10\/04\/corea-del-norte-lanzo-otro-misil-balistico-que-sobrevolo-parte-del-territorio-nipon\/"},"author":{"name":"Jeanette","@id":"https:\/\/www.eldiario.net\/portal\/#\/schema\/person\/f46445640444750d7d753ccd04ae01b7"},"headline":"Corea del Norte lanz\u00f3 otro misil bal\u00edstico que sobrevol\u00f3 parte del territorio nip\u00f3n","datePublished":"2022-10-04T10:52:35+00:00","mainEntityOfPage":{"@id":"https:\/\/www.eldiario.net\/portal\/2022\/10\/04\/corea-del-norte-lanzo-otro-misil-balistico-que-sobrevolo-parte-del-territorio-nipon\/"},"wordCount":434,"publisher":{"@id":"https:\/\/www.eldiario.net\/portal\/#organization"},"image":{"@id":"https:\/\/www.eldiario.net\/portal\/2022\/10\/04\/corea-del-norte-lanzo-otro-misil-balistico-que-sobrevolo-parte-del-territorio-nipon\/#primaryimage"},"thumbnailUrl":"","articleSection":["Internacional"],"inLanguage":"es"},{"@type":"WebPage","@id":"https:\/\/www.eldiario.net\/portal\/2022\/10\/04\/corea-del-norte-lanzo-otro-misil-balistico-que-sobrevolo-parte-del-territorio-nipon\/","url":"https:\/\/www.eldiario.net\/portal\/2022\/10\/04\/corea-del-norte-lanzo-otro-misil-balistico-que-sobrevolo-parte-del-territorio-nipon\/","name":"Corea del Norte lanz\u00f3 otro misil bal\u00edstico que sobrevol\u00f3 parte del territorio nip\u00f3n - El Diario - Bolivia","isPartOf":{"@id":"https:\/\/www.eldiario.net\/portal\/#website"},"primaryImageOfPage":{"@id":"https:\/\/www.eldiario.net\/portal\/2022\/10\/04\/corea-del-norte-lanzo-otro-misil-balistico-que-sobrevolo-parte-del-territorio-nipon\/#primaryimage"},"image":{"@id":"https:\/\/www.eldiario.net\/portal\/2022\/10\/04\/corea-del-norte-lanzo-otro-misil-balistico-que-sobrevolo-parte-del-territorio-nipon\/#primaryimage"},"thumbnailUrl":"","datePublished":"2022-10-04T10:52:35+00:00","breadcrumb":{"@id":"https:\/\/www.eldiario.net\/portal\/2022\/10\/04\/corea-del-norte-lanzo-otro-misil-balistico-que-sobrevolo-parte-del-territorio-nipon\/#breadcrumb"},"inLanguage":"es","potentialAction":[{"@type":"ReadAction","target":["https:\/\/www.eldiario.net\/portal\/2022\/10\/04\/corea-del-norte-lanzo-otro-misil-balistico-que-sobrevolo-parte-del-territorio-nipon\/"]}]},{"@type":"ImageObject","inLanguage":"es","@id":"https:\/\/www.eldiario.net\/portal\/2022\/10\/04\/corea-del-norte-lanzo-otro-misil-balistico-que-sobrevolo-parte-del-territorio-nipon\/#primaryimage","url":"","contentUrl":""},{"@type":"BreadcrumbList","@id":"https:\/\/www.eldiario.net\/portal\/2022\/10\/04\/corea-del-norte-lanzo-otro-misil-balistico-que-sobrevolo-parte-del-territorio-nipon\/#breadcrumb","itemListElement":[{"@type":"ListItem","position":1,"name":"Portada","item":"https:\/\/www.eldiario.net\/portal\/"},{"@type":"ListItem","position":2,"name":"Corea del Norte lanz\u00f3 otro misil bal\u00edstico que sobrevol\u00f3 parte del territorio nip\u00f3n"}]},{"@type":"WebSite","@id":"https:\/\/www.eldiario.net\/portal\/#website","url":"https:\/\/www.eldiario.net\/portal\/","name":"El Diario - Decano de la prensa nacional","description":"El Diario - Decano de la prensa nacional","publisher":{"@id":"https:\/\/www.eldiario.net\/portal\/#organization"},"potentialAction":[{"@type":"SearchAction","target":{"@type":"EntryPoint","urlTemplate":"https:\/\/www.eldiario.net\/portal\/?s={search_term_string}"},"query-input":{"@type":"PropertyValueSpecification","valueRequired":true,"valueName":"search_term_string"}}],"inLanguage":"es"},{"@type":"Organization","@id":"https:\/\/www.eldiario.net\/portal\/#organization","name":"El Diario - Decano de la prensa nacional","url":"https:\/\/www.eldiario.net\/portal\/","logo":{"@type":"ImageObject","inLanguage":"es","@id":"https:\/\/www.eldiario.net\/portal\/#\/schema\/logo\/image\/","url":"https:\/\/www.eldiario.net\/portal\/wp-content\/uploads\/2023\/07\/logo_ED.jpg","contentUrl":"https:\/\/www.eldiario.net\/portal\/wp-content\/uploads\/2023\/07\/logo_ED.jpg","width":272,"height":52,"caption":"El Diario - Decano de la prensa nacional"},"image":{"@id":"https:\/\/www.eldiario.net\/portal\/#\/schema\/logo\/image\/"},"sameAs":["https:\/\/www.facebook.com\/eldiario.bolivia\/","https:\/\/x.com\/eldiario_net"]},{"@type":"Person","@id":"https:\/\/www.eldiario.net\/portal\/#\/schema\/person\/f46445640444750d7d753ccd04ae01b7","name":"Jeanette","image":{"@type":"ImageObject","inLanguage":"es","@id":"https:\/\/secure.gravatar.com\/avatar\/3ea2118a5f7dad2b7138b1187a6b7ee55f160b9968b66013c3a3ef39dd7e5798?s=96&d=mm&r=g","url":"https:\/\/secure.gravatar.com\/avatar\/3ea2118a5f7dad2b7138b1187a6b7ee55f160b9968b66013c3a3ef39dd7e5798?s=96&d=mm&r=g","contentUrl":"https:\/\/secure.gravatar.com\/avatar\/3ea2118a5f7dad2b7138b1187a6b7ee55f160b9968b66013c3a3ef39dd7e5798?s=96&d=mm&r=g","caption":"Jeanette"},"sameAs":["https:\/\/www.eldiario.net\/portal"],"url":"https:\/\/www.eldiario.net\/portal\/author\/jeanette\/"}]}},"_links":{"self":[{"href":"https:\/\/www.eldiario.net\/portal\/wp-json\/wp\/v2\/posts\/114650","targetHints":{"allow":["GET"]}}],"collection":[{"href":"https:\/\/www.eldiario.net\/portal\/wp-json\/wp\/v2\/posts"}],"about":[{"href":"https:\/\/www.eldiario.net\/portal\/wp-json\/wp\/v2\/types\/post"}],"author":[{"embeddable":true,"href":"https:\/\/www.eldiario.net\/portal\/wp-json\/wp\/v2\/users\/1"}],"replies":[{"embeddable":true,"href":"https:\/\/www.eldiario.net\/portal\/wp-json\/wp\/v2\/comments?post=114650"}],"version-history":[{"count":0,"href":"https:\/\/www.eldiario.net\/portal\/wp-json\/wp\/v2\/posts\/114650\/revisions"}],"wp:attachment":[{"href":"https:\/\/www.eldiario.net\/portal\/wp-json\/wp\/v2\/media?parent=114650"}],"wp:term":[{"taxonomy":"category","embeddable":true,"href":"https:\/\/www.eldiario.net\/portal\/wp-json\/wp\/v2\/categories?post=114650"},{"taxonomy":"post_tag","embeddable":true,"href":"https:\/\/www.eldiario.net\/portal\/wp-json\/wp\/v2\/tags?post=114650"}],"curies":[{"name":"wp","href":"https:\/\/api.w.org\/{rel}","templated":true}]}}