{"id":114300,"date":"2022-10-03T05:20:43","date_gmt":"2022-10-03T09:20:43","guid":{"rendered":"https:\/\/www.eldiario.net\/portal\/?p=114300"},"modified":"2022-10-03T05:20:43","modified_gmt":"2022-10-03T09:20:43","slug":"familias-indigenas-ayoreas-pierden-sus-pertenencias-y-huyen-del-fuego","status":"publish","type":"post","link":"https:\/\/www.eldiario.net\/portal\/2022\/10\/03\/familias-indigenas-ayoreas-pierden-sus-pertenencias-y-huyen-del-fuego\/","title":{"rendered":"Familias ind\u00edgenas ayoreas pierden sus pertenencias y huyen del fuego"},"content":{"rendered":"<p>Ocho familias que habitan en la comunidad Tie U\u00f1a, del territorio Tobite, propiedad del pueblo Ayoreo, en Santa Cruz, perdieron todas sus pertenencias por el fuego de los incendios forestales que se registran en la regi\u00f3n, inform\u00f3 el representante de la regi\u00f3n C\u00e9sar Chiqueno Cutamuajay, quien sostuvo que los ind\u00edgenas se vieron obligados a dejar el lugar por la magnitud del siniestro.<br \/>\n\u201cNosotros hemos huido y los dem\u00e1s tambi\u00e9n. Somos varios (ind\u00edgenas) que estamos en el pueblo que es Chochis. Estamos muy preocupados porque se han quemado todas las casas y nosotros hemos huido, porque vos sabes que el fuego es una llama grande y no podemos apagar\u201d, dijo Chiqueno al Observatorio de Derechos de los Pueblos Ind\u00edgenas de Bolivia (ODPIB) dependiente del Centro de Estudios Jur\u00eddicos e Investigaci\u00f3n Social (Cejis).<br \/>\nLa comunidad Tie U\u00f1a forma parte del territorio ind\u00edgena Tobite, que se encuentra en el municipio de Robor\u00e9. Tiene una extensi\u00f3n de 26.103 hect\u00e1reas tituladas en favor del pueblo ind\u00edgena Ayoreo, reconocido en estado de alta vulnerabilidad por la Ley N\u02da 450 y el reciente Decreto Supremo N\u02da 4793.<br \/>\nEl territorio ind\u00edgena Tobit\u00e9 es un uno de los m\u00e1s afectados por los incendios. La publicaci\u00f3n: Incendios en los territorios ind\u00edgenas de las tierras bajas de Bolivia. An\u00e1lisis del per\u00edodo 2010-2020, del CEJIS, menciona que, durante la d\u00e9cada, el territorio ind\u00edgena tuvo una afectaci\u00f3n acumulada por el fuego de 4.136 hect\u00e1reas. De igual forma, los datos recogidos por el Centro de Planificaci\u00f3n Territorial Auton\u00f3mica (CPTA-CEJIS), entre mayo y agosto de 2022, Tobit\u00e9 registr\u00f3 14 focos de calor acumulados; mientras que en los primeros 15 d\u00edas de septiembre, este n\u00famero se increment\u00f3 a 82 focos.<br \/>\nDe acuerdo con los datos brindados por el presidente de la comunidad, el incendio que afect\u00f3 a Tie U\u00f1a habr\u00eda ingresado el 10 de septiembre, aproximadamente, desde el \u00e1rea noroeste, del territorio.<br \/>\nChiqueno indic\u00f3 que las familias ind\u00edgenas lograron escapar del fuego, sin embargo, no pudieron salvar sus pertenencias, as\u00ed como a los animales de crianza y sus sembrad\u00edos. Y si bien los bomberos forestales acudieron en su ayuda, estos no tuvieron la posibilidad llegar hasta la comunidad, debido a que no existen caminos para el ingreso de los veh\u00edculos.<br \/>\n\u201cVos sabes que (el fuego) viene y no para, ventea y viene fuerte. Fue r\u00e1pido porque eran pastizales. Toditos (SIC) las casas, todito nuestro ganado, nuestra ropa (fue quemada). Se murieron toditos (los animales de crianza), las gallinas, las vacas, chanchos se murieron; tambi\u00e9n hab\u00eda yuca, frejol, ma\u00edz, sand\u00eda, todo eso (se perdi\u00f3). Si fuera el camino bonito, los bomberos llegaban, por eso los bomberos tardaron. Llegaron hasta el camino y se fueron. No llegaron donde nosotros vivimos\u201d, mencion\u00f3 la autoridad ind\u00edgena.<br \/>\nAl momento, las poco m\u00e1s de 25 personas que integran la comunidad, entre adultos y ni\u00f1os, se encuentran en la localidad de Chochis, en el municipio de Robor\u00e9, pernoctando en la intemperie, por lo que solicitaron la atenci\u00f3n de las instancias estatales y colaboraci\u00f3n con v\u00edveres y ropa, adem\u00e1s de calaminas para protegerse de las lluvias.<br \/>\n\u201cNo podemos volver a nuestra comunidad, porque no llegan los bomberos para ayudar, porque nosotros estamos pidiendo ayuda igual para el camino. Vos sabes que el camino le da vida a la gente. Ahorita no hay camino. Est\u00e1 cerrado (SIC) la senda\u201d, explic\u00f3 Chiqueno.<br \/>\nEl pueblo ind\u00edgena Ayoreo habita en 33 comunidades en los municipios de Santa Cruz de la Sierra, Cuatro Ca\u00f1adas, Concepci\u00f3n, Pail\u00f3n, Robor\u00e9, San Jos\u00e9, El Carmen Rivero Torrez, Puerto Su\u00e1rez y Puerto Quijarro del departamento de Santa Cruz. Tiene titulados a su favor cuatro territorios: Rinc\u00f3n del Tigre, Tobit\u00e9, Zapoco y Santa Teresita Cimi, los cuales se encuentran amenazados por la ampliaci\u00f3n de la frontera agr\u00edcola y el uso del fuego.<br \/>\nDe acuerdo con la publicaci\u00f3n: Incendios en los territorios ind\u00edgenas de las tierras bajas de Bolivia. An\u00e1lisis del per\u00edodo 2010-2020, en esta d\u00e9cada, los territorios ind\u00edgenas ayoreodes fueron los m\u00e1s afectados con los incendios. En el territorio de Santa Teresita, donde tambi\u00e9n habitan familias ayoreos en aislamiento voluntario, la acumulaci\u00f3n de la superficie quemada fue de 114,866 hect\u00e1reas, cifra que duplica las 77.545 hect\u00e1reas tituladas. En el caso del territorio Zapoc\u00f3, la superficie acumulada de quemas alcanz\u00f3 a 27.462 hect\u00e1reas (63,36 % del total del territorio); y en Rinc\u00f3n del Tigre, el impacto acumulado lleg\u00f3 a 23.825 hect\u00e1reas (24.38 % del territorio).<\/p>\n","protected":false},"excerpt":{"rendered":"<p>Ocho familias que habitan en la comunidad Tie U\u00f1a, del territorio Tobite, propiedad del pueblo Ayoreo, en Santa Cruz, perdieron todas sus pertenencias por el fuego de los incendios forestales que se registran en la regi\u00f3n, inform\u00f3 el representante de la regi\u00f3n C\u00e9sar Chiqueno Cutamuajay, quien sostuvo que los ind\u00edgenas se vieron obligados a dejar [&hellip;]<\/p>\n","protected":false},"author":1,"featured_media":114301,"comment_status":"closed","ping_status":"closed","sticky":false,"template":"","format":"standard","meta":{"_acf_changed":false,"footnotes":""},"categories":[12],"tags":[],"class_list":["post-114300","post","type-post","status-publish","format-standard","has-post-thumbnail","category-nacional"],"acf":{"antetitulo":""},"yoast_head":"<!-- This site is optimized with the Yoast SEO plugin v28.4 - https:\/\/yoast.com\/product\/yoast-seo-wordpress\/ -->\n<title>Familias ind\u00edgenas ayoreas pierden sus pertenencias y huyen del fuego - El Diario - Bolivia<\/title>\n<meta name=\"robots\" content=\"index, follow, max-snippet:-1, max-image-preview:large, max-video-preview:-1\" \/>\n<link rel=\"canonical\" href=\"https:\/\/www.eldiario.net\/portal\/2022\/10\/03\/familias-indigenas-ayoreas-pierden-sus-pertenencias-y-huyen-del-fuego\/\" \/>\n<meta property=\"og:locale\" content=\"es_ES\" \/>\n<meta property=\"og:type\" content=\"article\" \/>\n<meta property=\"og:title\" content=\"Familias ind\u00edgenas ayoreas pierden sus pertenencias y huyen del fuego - El Diario - Bolivia\" \/>\n<meta property=\"og:description\" content=\"Ocho familias que habitan en la comunidad Tie U\u00f1a, del territorio Tobite, propiedad del pueblo Ayoreo, en Santa Cruz, perdieron todas sus pertenencias por el fuego de los incendios forestales que se registran en la regi\u00f3n, inform\u00f3 el representante de la regi\u00f3n C\u00e9sar Chiqueno Cutamuajay, quien sostuvo que los ind\u00edgenas se vieron obligados a dejar [&hellip;]\" \/>\n<meta property=\"og:url\" content=\"https:\/\/www.eldiario.net\/portal\/2022\/10\/03\/familias-indigenas-ayoreas-pierden-sus-pertenencias-y-huyen-del-fuego\/\" \/>\n<meta property=\"og:site_name\" content=\"El Diario - Bolivia\" \/>\n<meta property=\"article:publisher\" content=\"https:\/\/www.facebook.com\/eldiario.bolivia\/\" \/>\n<meta property=\"article:published_time\" content=\"2022-10-03T09:20:43+00:00\" \/>\n<meta name=\"author\" content=\"Jeanette\" \/>\n<meta name=\"twitter:card\" content=\"summary_large_image\" \/>\n<meta name=\"twitter:creator\" content=\"@eldiario_net\" \/>\n<meta name=\"twitter:site\" content=\"@eldiario_net\" \/>\n<meta name=\"twitter:label1\" content=\"Escrito por\" \/>\n\t<meta name=\"twitter:data1\" content=\"Jeanette\" \/>\n\t<meta name=\"twitter:label2\" content=\"Tiempo de lectura\" \/>\n\t<meta name=\"twitter:data2\" content=\"4 minutos\" \/>\n<script type=\"application\/ld+json\" class=\"yoast-schema-graph\">{\"@context\":\"https:\\\/\\\/schema.org\",\"@graph\":[{\"@type\":\"Article\",\"@id\":\"https:\\\/\\\/www.eldiario.net\\\/portal\\\/2022\\\/10\\\/03\\\/familias-indigenas-ayoreas-pierden-sus-pertenencias-y-huyen-del-fuego\\\/#article\",\"isPartOf\":{\"@id\":\"https:\\\/\\\/www.eldiario.net\\\/portal\\\/2022\\\/10\\\/03\\\/familias-indigenas-ayoreas-pierden-sus-pertenencias-y-huyen-del-fuego\\\/\"},\"author\":{\"name\":\"Jeanette\",\"@id\":\"https:\\\/\\\/www.eldiario.net\\\/portal\\\/#\\\/schema\\\/person\\\/f46445640444750d7d753ccd04ae01b7\"},\"headline\":\"Familias ind\u00edgenas ayoreas pierden sus pertenencias y huyen del fuego\",\"datePublished\":\"2022-10-03T09:20:43+00:00\",\"mainEntityOfPage\":{\"@id\":\"https:\\\/\\\/www.eldiario.net\\\/portal\\\/2022\\\/10\\\/03\\\/familias-indigenas-ayoreas-pierden-sus-pertenencias-y-huyen-del-fuego\\\/\"},\"wordCount\":780,\"publisher\":{\"@id\":\"https:\\\/\\\/www.eldiario.net\\\/portal\\\/#organization\"},\"image\":{\"@id\":\"https:\\\/\\\/www.eldiario.net\\\/portal\\\/2022\\\/10\\\/03\\\/familias-indigenas-ayoreas-pierden-sus-pertenencias-y-huyen-del-fuego\\\/#primaryimage\"},\"thumbnailUrl\":\"\",\"articleSection\":[\"Nacional\"],\"inLanguage\":\"es\"},{\"@type\":\"WebPage\",\"@id\":\"https:\\\/\\\/www.eldiario.net\\\/portal\\\/2022\\\/10\\\/03\\\/familias-indigenas-ayoreas-pierden-sus-pertenencias-y-huyen-del-fuego\\\/\",\"url\":\"https:\\\/\\\/www.eldiario.net\\\/portal\\\/2022\\\/10\\\/03\\\/familias-indigenas-ayoreas-pierden-sus-pertenencias-y-huyen-del-fuego\\\/\",\"name\":\"Familias ind\u00edgenas ayoreas pierden sus pertenencias y huyen del fuego - El Diario - Bolivia\",\"isPartOf\":{\"@id\":\"https:\\\/\\\/www.eldiario.net\\\/portal\\\/#website\"},\"primaryImageOfPage\":{\"@id\":\"https:\\\/\\\/www.eldiario.net\\\/portal\\\/2022\\\/10\\\/03\\\/familias-indigenas-ayoreas-pierden-sus-pertenencias-y-huyen-del-fuego\\\/#primaryimage\"},\"image\":{\"@id\":\"https:\\\/\\\/www.eldiario.net\\\/portal\\\/2022\\\/10\\\/03\\\/familias-indigenas-ayoreas-pierden-sus-pertenencias-y-huyen-del-fuego\\\/#primaryimage\"},\"thumbnailUrl\":\"\",\"datePublished\":\"2022-10-03T09:20:43+00:00\",\"breadcrumb\":{\"@id\":\"https:\\\/\\\/www.eldiario.net\\\/portal\\\/2022\\\/10\\\/03\\\/familias-indigenas-ayoreas-pierden-sus-pertenencias-y-huyen-del-fuego\\\/#breadcrumb\"},\"inLanguage\":\"es\",\"potentialAction\":[{\"@type\":\"ReadAction\",\"target\":[\"https:\\\/\\\/www.eldiario.net\\\/portal\\\/2022\\\/10\\\/03\\\/familias-indigenas-ayoreas-pierden-sus-pertenencias-y-huyen-del-fuego\\\/\"]}]},{\"@type\":\"ImageObject\",\"inLanguage\":\"es\",\"@id\":\"https:\\\/\\\/www.eldiario.net\\\/portal\\\/2022\\\/10\\\/03\\\/familias-indigenas-ayoreas-pierden-sus-pertenencias-y-huyen-del-fuego\\\/#primaryimage\",\"url\":\"\",\"contentUrl\":\"\"},{\"@type\":\"BreadcrumbList\",\"@id\":\"https:\\\/\\\/www.eldiario.net\\\/portal\\\/2022\\\/10\\\/03\\\/familias-indigenas-ayoreas-pierden-sus-pertenencias-y-huyen-del-fuego\\\/#breadcrumb\",\"itemListElement\":[{\"@type\":\"ListItem\",\"position\":1,\"name\":\"Portada\",\"item\":\"https:\\\/\\\/www.eldiario.net\\\/portal\\\/\"},{\"@type\":\"ListItem\",\"position\":2,\"name\":\"Familias ind\u00edgenas ayoreas pierden sus pertenencias y huyen del fuego\"}]},{\"@type\":\"WebSite\",\"@id\":\"https:\\\/\\\/www.eldiario.net\\\/portal\\\/#website\",\"url\":\"https:\\\/\\\/www.eldiario.net\\\/portal\\\/\",\"name\":\"El Diario - Decano de la prensa nacional\",\"description\":\"El Diario - Decano de la prensa nacional\",\"publisher\":{\"@id\":\"https:\\\/\\\/www.eldiario.net\\\/portal\\\/#organization\"},\"potentialAction\":[{\"@type\":\"SearchAction\",\"target\":{\"@type\":\"EntryPoint\",\"urlTemplate\":\"https:\\\/\\\/www.eldiario.net\\\/portal\\\/?s={search_term_string}\"},\"query-input\":{\"@type\":\"PropertyValueSpecification\",\"valueRequired\":true,\"valueName\":\"search_term_string\"}}],\"inLanguage\":\"es\"},{\"@type\":\"Organization\",\"@id\":\"https:\\\/\\\/www.eldiario.net\\\/portal\\\/#organization\",\"name\":\"El Diario - Decano de la prensa nacional\",\"url\":\"https:\\\/\\\/www.eldiario.net\\\/portal\\\/\",\"logo\":{\"@type\":\"ImageObject\",\"inLanguage\":\"es\",\"@id\":\"https:\\\/\\\/www.eldiario.net\\\/portal\\\/#\\\/schema\\\/logo\\\/image\\\/\",\"url\":\"https:\\\/\\\/www.eldiario.net\\\/portal\\\/wp-content\\\/uploads\\\/2023\\\/07\\\/logo_ED.jpg\",\"contentUrl\":\"https:\\\/\\\/www.eldiario.net\\\/portal\\\/wp-content\\\/uploads\\\/2023\\\/07\\\/logo_ED.jpg\",\"width\":272,\"height\":52,\"caption\":\"El Diario - Decano de la prensa nacional\"},\"image\":{\"@id\":\"https:\\\/\\\/www.eldiario.net\\\/portal\\\/#\\\/schema\\\/logo\\\/image\\\/\"},\"sameAs\":[\"https:\\\/\\\/www.facebook.com\\\/eldiario.bolivia\\\/\",\"https:\\\/\\\/x.com\\\/eldiario_net\"]},{\"@type\":\"Person\",\"@id\":\"https:\\\/\\\/www.eldiario.net\\\/portal\\\/#\\\/schema\\\/person\\\/f46445640444750d7d753ccd04ae01b7\",\"name\":\"Jeanette\",\"image\":{\"@type\":\"ImageObject\",\"inLanguage\":\"es\",\"@id\":\"https:\\\/\\\/secure.gravatar.com\\\/avatar\\\/3ea2118a5f7dad2b7138b1187a6b7ee55f160b9968b66013c3a3ef39dd7e5798?s=96&d=mm&r=g\",\"url\":\"https:\\\/\\\/secure.gravatar.com\\\/avatar\\\/3ea2118a5f7dad2b7138b1187a6b7ee55f160b9968b66013c3a3ef39dd7e5798?s=96&d=mm&r=g\",\"contentUrl\":\"https:\\\/\\\/secure.gravatar.com\\\/avatar\\\/3ea2118a5f7dad2b7138b1187a6b7ee55f160b9968b66013c3a3ef39dd7e5798?s=96&d=mm&r=g\",\"caption\":\"Jeanette\"},\"sameAs\":[\"https:\\\/\\\/www.eldiario.net\\\/portal\"],\"url\":\"https:\\\/\\\/www.eldiario.net\\\/portal\\\/author\\\/jeanette\\\/\"}]}<\/script>\n<!-- \/ Yoast SEO plugin. -->","yoast_head_json":{"title":"Familias ind\u00edgenas ayoreas pierden sus pertenencias y huyen del fuego - El Diario - Bolivia","robots":{"index":"index","follow":"follow","max-snippet":"max-snippet:-1","max-image-preview":"max-image-preview:large","max-video-preview":"max-video-preview:-1"},"canonical":"https:\/\/www.eldiario.net\/portal\/2022\/10\/03\/familias-indigenas-ayoreas-pierden-sus-pertenencias-y-huyen-del-fuego\/","og_locale":"es_ES","og_type":"article","og_title":"Familias ind\u00edgenas ayoreas pierden sus pertenencias y huyen del fuego - El Diario - Bolivia","og_description":"Ocho familias que habitan en la comunidad Tie U\u00f1a, del territorio Tobite, propiedad del pueblo Ayoreo, en Santa Cruz, perdieron todas sus pertenencias por el fuego de los incendios forestales que se registran en la regi\u00f3n, inform\u00f3 el representante de la regi\u00f3n C\u00e9sar Chiqueno Cutamuajay, quien sostuvo que los ind\u00edgenas se vieron obligados a dejar [&hellip;]","og_url":"https:\/\/www.eldiario.net\/portal\/2022\/10\/03\/familias-indigenas-ayoreas-pierden-sus-pertenencias-y-huyen-del-fuego\/","og_site_name":"El Diario - Bolivia","article_publisher":"https:\/\/www.facebook.com\/eldiario.bolivia\/","article_published_time":"2022-10-03T09:20:43+00:00","author":"Jeanette","twitter_card":"summary_large_image","twitter_creator":"@eldiario_net","twitter_site":"@eldiario_net","twitter_misc":{"Escrito por":"Jeanette","Tiempo de lectura":"4 minutos"},"schema":{"@context":"https:\/\/schema.org","@graph":[{"@type":"Article","@id":"https:\/\/www.eldiario.net\/portal\/2022\/10\/03\/familias-indigenas-ayoreas-pierden-sus-pertenencias-y-huyen-del-fuego\/#article","isPartOf":{"@id":"https:\/\/www.eldiario.net\/portal\/2022\/10\/03\/familias-indigenas-ayoreas-pierden-sus-pertenencias-y-huyen-del-fuego\/"},"author":{"name":"Jeanette","@id":"https:\/\/www.eldiario.net\/portal\/#\/schema\/person\/f46445640444750d7d753ccd04ae01b7"},"headline":"Familias ind\u00edgenas ayoreas pierden sus pertenencias y huyen del fuego","datePublished":"2022-10-03T09:20:43+00:00","mainEntityOfPage":{"@id":"https:\/\/www.eldiario.net\/portal\/2022\/10\/03\/familias-indigenas-ayoreas-pierden-sus-pertenencias-y-huyen-del-fuego\/"},"wordCount":780,"publisher":{"@id":"https:\/\/www.eldiario.net\/portal\/#organization"},"image":{"@id":"https:\/\/www.eldiario.net\/portal\/2022\/10\/03\/familias-indigenas-ayoreas-pierden-sus-pertenencias-y-huyen-del-fuego\/#primaryimage"},"thumbnailUrl":"","articleSection":["Nacional"],"inLanguage":"es"},{"@type":"WebPage","@id":"https:\/\/www.eldiario.net\/portal\/2022\/10\/03\/familias-indigenas-ayoreas-pierden-sus-pertenencias-y-huyen-del-fuego\/","url":"https:\/\/www.eldiario.net\/portal\/2022\/10\/03\/familias-indigenas-ayoreas-pierden-sus-pertenencias-y-huyen-del-fuego\/","name":"Familias ind\u00edgenas ayoreas pierden sus pertenencias y huyen del fuego - El Diario - Bolivia","isPartOf":{"@id":"https:\/\/www.eldiario.net\/portal\/#website"},"primaryImageOfPage":{"@id":"https:\/\/www.eldiario.net\/portal\/2022\/10\/03\/familias-indigenas-ayoreas-pierden-sus-pertenencias-y-huyen-del-fuego\/#primaryimage"},"image":{"@id":"https:\/\/www.eldiario.net\/portal\/2022\/10\/03\/familias-indigenas-ayoreas-pierden-sus-pertenencias-y-huyen-del-fuego\/#primaryimage"},"thumbnailUrl":"","datePublished":"2022-10-03T09:20:43+00:00","breadcrumb":{"@id":"https:\/\/www.eldiario.net\/portal\/2022\/10\/03\/familias-indigenas-ayoreas-pierden-sus-pertenencias-y-huyen-del-fuego\/#breadcrumb"},"inLanguage":"es","potentialAction":[{"@type":"ReadAction","target":["https:\/\/www.eldiario.net\/portal\/2022\/10\/03\/familias-indigenas-ayoreas-pierden-sus-pertenencias-y-huyen-del-fuego\/"]}]},{"@type":"ImageObject","inLanguage":"es","@id":"https:\/\/www.eldiario.net\/portal\/2022\/10\/03\/familias-indigenas-ayoreas-pierden-sus-pertenencias-y-huyen-del-fuego\/#primaryimage","url":"","contentUrl":""},{"@type":"BreadcrumbList","@id":"https:\/\/www.eldiario.net\/portal\/2022\/10\/03\/familias-indigenas-ayoreas-pierden-sus-pertenencias-y-huyen-del-fuego\/#breadcrumb","itemListElement":[{"@type":"ListItem","position":1,"name":"Portada","item":"https:\/\/www.eldiario.net\/portal\/"},{"@type":"ListItem","position":2,"name":"Familias ind\u00edgenas ayoreas pierden sus pertenencias y huyen del fuego"}]},{"@type":"WebSite","@id":"https:\/\/www.eldiario.net\/portal\/#website","url":"https:\/\/www.eldiario.net\/portal\/","name":"El Diario - Decano de la prensa nacional","description":"El Diario - Decano de la prensa nacional","publisher":{"@id":"https:\/\/www.eldiario.net\/portal\/#organization"},"potentialAction":[{"@type":"SearchAction","target":{"@type":"EntryPoint","urlTemplate":"https:\/\/www.eldiario.net\/portal\/?s={search_term_string}"},"query-input":{"@type":"PropertyValueSpecification","valueRequired":true,"valueName":"search_term_string"}}],"inLanguage":"es"},{"@type":"Organization","@id":"https:\/\/www.eldiario.net\/portal\/#organization","name":"El Diario - Decano de la prensa nacional","url":"https:\/\/www.eldiario.net\/portal\/","logo":{"@type":"ImageObject","inLanguage":"es","@id":"https:\/\/www.eldiario.net\/portal\/#\/schema\/logo\/image\/","url":"https:\/\/www.eldiario.net\/portal\/wp-content\/uploads\/2023\/07\/logo_ED.jpg","contentUrl":"https:\/\/www.eldiario.net\/portal\/wp-content\/uploads\/2023\/07\/logo_ED.jpg","width":272,"height":52,"caption":"El Diario - Decano de la prensa nacional"},"image":{"@id":"https:\/\/www.eldiario.net\/portal\/#\/schema\/logo\/image\/"},"sameAs":["https:\/\/www.facebook.com\/eldiario.bolivia\/","https:\/\/x.com\/eldiario_net"]},{"@type":"Person","@id":"https:\/\/www.eldiario.net\/portal\/#\/schema\/person\/f46445640444750d7d753ccd04ae01b7","name":"Jeanette","image":{"@type":"ImageObject","inLanguage":"es","@id":"https:\/\/secure.gravatar.com\/avatar\/3ea2118a5f7dad2b7138b1187a6b7ee55f160b9968b66013c3a3ef39dd7e5798?s=96&d=mm&r=g","url":"https:\/\/secure.gravatar.com\/avatar\/3ea2118a5f7dad2b7138b1187a6b7ee55f160b9968b66013c3a3ef39dd7e5798?s=96&d=mm&r=g","contentUrl":"https:\/\/secure.gravatar.com\/avatar\/3ea2118a5f7dad2b7138b1187a6b7ee55f160b9968b66013c3a3ef39dd7e5798?s=96&d=mm&r=g","caption":"Jeanette"},"sameAs":["https:\/\/www.eldiario.net\/portal"],"url":"https:\/\/www.eldiario.net\/portal\/author\/jeanette\/"}]}},"_links":{"self":[{"href":"https:\/\/www.eldiario.net\/portal\/wp-json\/wp\/v2\/posts\/114300","targetHints":{"allow":["GET"]}}],"collection":[{"href":"https:\/\/www.eldiario.net\/portal\/wp-json\/wp\/v2\/posts"}],"about":[{"href":"https:\/\/www.eldiario.net\/portal\/wp-json\/wp\/v2\/types\/post"}],"author":[{"embeddable":true,"href":"https:\/\/www.eldiario.net\/portal\/wp-json\/wp\/v2\/users\/1"}],"replies":[{"embeddable":true,"href":"https:\/\/www.eldiario.net\/portal\/wp-json\/wp\/v2\/comments?post=114300"}],"version-history":[{"count":0,"href":"https:\/\/www.eldiario.net\/portal\/wp-json\/wp\/v2\/posts\/114300\/revisions"}],"wp:attachment":[{"href":"https:\/\/www.eldiario.net\/portal\/wp-json\/wp\/v2\/media?parent=114300"}],"wp:term":[{"taxonomy":"category","embeddable":true,"href":"https:\/\/www.eldiario.net\/portal\/wp-json\/wp\/v2\/categories?post=114300"},{"taxonomy":"post_tag","embeddable":true,"href":"https:\/\/www.eldiario.net\/portal\/wp-json\/wp\/v2\/tags?post=114300"}],"curies":[{"name":"wp","href":"https:\/\/api.w.org\/{rel}","templated":true}]}}