{"id":11399,"date":"2021-06-19T06:11:58","date_gmt":"2021-06-19T10:11:58","guid":{"rendered":"https:\/\/www.eldiario.net\/portal\/?p=11399"},"modified":"2021-06-19T06:11:58","modified_gmt":"2021-06-19T10:11:58","slug":"fiscalia-busca-encerrar-en-su-domicilio-al-alcalde-de-la-paz","status":"publish","type":"post","link":"https:\/\/www.eldiario.net\/portal\/2021\/06\/19\/fiscalia-busca-encerrar-en-su-domicilio-al-alcalde-de-la-paz\/","title":{"rendered":"Fiscal\u00eda busca encerrar en su  domicilio al Alcalde de La Paz"},"content":{"rendered":"<p>Despu\u00e9s que la jueza Claudia Castro determinara ayer el arraigo del acalde de La Paz, Iv\u00e1n Arias, imputado por el supuesto nombramiento ilegal de un funcionario cuando era ministro de Obras P\u00fablicas, la Fiscal\u00eda anunci\u00f3 que apelaron la decisi\u00f3n porque buscan la detenci\u00f3n domiciliaria del mun\u00edcipe.<br \/>\nEl fiscal del caso, Johan Mu\u00f1oz, explic\u00f3 ayer que solicitar\u00e1n la detenci\u00f3n domiciliaria de Arias, debido a \u201cmitines\u201d y rotura de vidrios que se registraron en el edificio del Ministerio P\u00fablico.<br \/>\n\u201cDebido a las injerencias que se han venido realizando, y ustedes son vivos testigos de que sea un formado mitines dentro de la Fiscal\u00eda, fuera de la Fiscal\u00eda y hasta se han llegado a romper algunos vidrios en el piso cuarto con referencia estas personas, el Ministerio P\u00fablico ha solicitado la aplicaci\u00f3n de una detenci\u00f3n domiciliaria\u201d, asegur\u00f3 Mu\u00f1oz.<br \/>\nEl juzgado Tercero Anticorrupci\u00f3n de La Paz, presidido por la jueza Claudia Castro, orden\u00f3 ayer el arraigo de Arias, adem\u00e1s del pago de fianza de 30.000 bolivianos y la obligaci\u00f3n de marcar un registro biom\u00e9trico cada 15 d\u00edas.<br \/>\n\u201cEn plena lucha de la tercera ola de la covid-19 y la vida de los pace\u00f1os, cuando m\u00e1s se necesita mi labor y desempe\u00f1o en el ejercicio de mi cargo, la justicia ha decidido arraigarme\u201d, dijo Arias en conferencia de prensa, despu\u00e9s de asistir a una audiencia de medidas cautelares.<\/p>\n<p>IMPUTACI\u00d3N<br \/>\nEn abril pasado, la Fiscal\u00eda imput\u00f3 formalmente a Iv\u00e1n Arias por los presuntos delitos de nombramientos ilegales, incumplimiento de deberes, uso indebido de influencias y resoluciones contrarias a la Constituci\u00f3n Pol\u00edtica del Estado (CPE).<br \/>\nLa investigaci\u00f3n se abri\u00f3 a denuncia del Ministerio de Obras P\u00fablicas, porque supuestamente Arias design\u00f3 a un Director General Ejecutivo del Centro de Comunicaciones sin que tenga el t\u00edtulo en Econom\u00eda y Finanzas.<\/p>\n","protected":false},"excerpt":{"rendered":"<p>Despu\u00e9s que la jueza Claudia Castro determinara ayer el arraigo del acalde de La Paz, Iv\u00e1n Arias, imputado por el supuesto nombramiento ilegal de un funcionario cuando era ministro de Obras P\u00fablicas, la Fiscal\u00eda anunci\u00f3 que apelaron la decisi\u00f3n porque buscan la detenci\u00f3n domiciliaria del mun\u00edcipe. El fiscal del caso, Johan Mu\u00f1oz, explic\u00f3 ayer que [&hellip;]<\/p>\n","protected":false},"author":1,"featured_media":11400,"comment_status":"closed","ping_status":"closed","sticky":false,"template":"","format":"standard","meta":{"_acf_changed":false,"footnotes":""},"categories":[39],"tags":[],"class_list":["post-11399","post","type-post","status-publish","format-standard","has-post-thumbnail","category-sociedad"],"acf":{"antetitulo":""},"yoast_head":"<!-- This site is optimized with the Yoast SEO plugin v28.4 - https:\/\/yoast.com\/product\/yoast-seo-wordpress\/ -->\n<title>Fiscal\u00eda busca encerrar en su domicilio al Alcalde de La Paz - El Diario - Bolivia<\/title>\n<meta name=\"robots\" content=\"index, follow, max-snippet:-1, max-image-preview:large, max-video-preview:-1\" \/>\n<link rel=\"canonical\" href=\"https:\/\/www.eldiario.net\/portal\/2021\/06\/19\/fiscalia-busca-encerrar-en-su-domicilio-al-alcalde-de-la-paz\/\" \/>\n<meta property=\"og:locale\" content=\"es_ES\" \/>\n<meta property=\"og:type\" content=\"article\" \/>\n<meta property=\"og:title\" content=\"Fiscal\u00eda busca encerrar en su domicilio al Alcalde de La Paz - El Diario - Bolivia\" \/>\n<meta property=\"og:description\" content=\"Despu\u00e9s que la jueza Claudia Castro determinara ayer el arraigo del acalde de La Paz, Iv\u00e1n Arias, imputado por el supuesto nombramiento ilegal de un funcionario cuando era ministro de Obras P\u00fablicas, la Fiscal\u00eda anunci\u00f3 que apelaron la decisi\u00f3n porque buscan la detenci\u00f3n domiciliaria del mun\u00edcipe. El fiscal del caso, Johan Mu\u00f1oz, explic\u00f3 ayer que [&hellip;]\" \/>\n<meta property=\"og:url\" content=\"https:\/\/www.eldiario.net\/portal\/2021\/06\/19\/fiscalia-busca-encerrar-en-su-domicilio-al-alcalde-de-la-paz\/\" \/>\n<meta property=\"og:site_name\" content=\"El Diario - Bolivia\" \/>\n<meta property=\"article:publisher\" content=\"https:\/\/www.facebook.com\/eldiario.bolivia\/\" \/>\n<meta property=\"article:published_time\" content=\"2021-06-19T10:11:58+00:00\" \/>\n<meta name=\"author\" content=\"Jeanette\" \/>\n<meta name=\"twitter:card\" content=\"summary_large_image\" \/>\n<meta name=\"twitter:creator\" content=\"@eldiario_net\" \/>\n<meta name=\"twitter:site\" content=\"@eldiario_net\" \/>\n<meta name=\"twitter:label1\" content=\"Escrito por\" \/>\n\t<meta name=\"twitter:data1\" content=\"Jeanette\" \/>\n\t<meta name=\"twitter:label2\" content=\"Tiempo de lectura\" \/>\n\t<meta name=\"twitter:data2\" content=\"2 minutos\" \/>\n<script type=\"application\/ld+json\" class=\"yoast-schema-graph\">{\"@context\":\"https:\\\/\\\/schema.org\",\"@graph\":[{\"@type\":\"Article\",\"@id\":\"https:\\\/\\\/www.eldiario.net\\\/portal\\\/2021\\\/06\\\/19\\\/fiscalia-busca-encerrar-en-su-domicilio-al-alcalde-de-la-paz\\\/#article\",\"isPartOf\":{\"@id\":\"https:\\\/\\\/www.eldiario.net\\\/portal\\\/2021\\\/06\\\/19\\\/fiscalia-busca-encerrar-en-su-domicilio-al-alcalde-de-la-paz\\\/\"},\"author\":{\"name\":\"Jeanette\",\"@id\":\"https:\\\/\\\/www.eldiario.net\\\/portal\\\/#\\\/schema\\\/person\\\/f46445640444750d7d753ccd04ae01b7\"},\"headline\":\"Fiscal\u00eda busca encerrar en su domicilio al Alcalde de La Paz\",\"datePublished\":\"2021-06-19T10:11:58+00:00\",\"mainEntityOfPage\":{\"@id\":\"https:\\\/\\\/www.eldiario.net\\\/portal\\\/2021\\\/06\\\/19\\\/fiscalia-busca-encerrar-en-su-domicilio-al-alcalde-de-la-paz\\\/\"},\"wordCount\":336,\"publisher\":{\"@id\":\"https:\\\/\\\/www.eldiario.net\\\/portal\\\/#organization\"},\"image\":{\"@id\":\"https:\\\/\\\/www.eldiario.net\\\/portal\\\/2021\\\/06\\\/19\\\/fiscalia-busca-encerrar-en-su-domicilio-al-alcalde-de-la-paz\\\/#primaryimage\"},\"thumbnailUrl\":\"\",\"articleSection\":[\"Sociedad - Seguridad\"],\"inLanguage\":\"es\"},{\"@type\":\"WebPage\",\"@id\":\"https:\\\/\\\/www.eldiario.net\\\/portal\\\/2021\\\/06\\\/19\\\/fiscalia-busca-encerrar-en-su-domicilio-al-alcalde-de-la-paz\\\/\",\"url\":\"https:\\\/\\\/www.eldiario.net\\\/portal\\\/2021\\\/06\\\/19\\\/fiscalia-busca-encerrar-en-su-domicilio-al-alcalde-de-la-paz\\\/\",\"name\":\"Fiscal\u00eda busca encerrar en su domicilio al Alcalde de La Paz - El Diario - Bolivia\",\"isPartOf\":{\"@id\":\"https:\\\/\\\/www.eldiario.net\\\/portal\\\/#website\"},\"primaryImageOfPage\":{\"@id\":\"https:\\\/\\\/www.eldiario.net\\\/portal\\\/2021\\\/06\\\/19\\\/fiscalia-busca-encerrar-en-su-domicilio-al-alcalde-de-la-paz\\\/#primaryimage\"},\"image\":{\"@id\":\"https:\\\/\\\/www.eldiario.net\\\/portal\\\/2021\\\/06\\\/19\\\/fiscalia-busca-encerrar-en-su-domicilio-al-alcalde-de-la-paz\\\/#primaryimage\"},\"thumbnailUrl\":\"\",\"datePublished\":\"2021-06-19T10:11:58+00:00\",\"breadcrumb\":{\"@id\":\"https:\\\/\\\/www.eldiario.net\\\/portal\\\/2021\\\/06\\\/19\\\/fiscalia-busca-encerrar-en-su-domicilio-al-alcalde-de-la-paz\\\/#breadcrumb\"},\"inLanguage\":\"es\",\"potentialAction\":[{\"@type\":\"ReadAction\",\"target\":[\"https:\\\/\\\/www.eldiario.net\\\/portal\\\/2021\\\/06\\\/19\\\/fiscalia-busca-encerrar-en-su-domicilio-al-alcalde-de-la-paz\\\/\"]}]},{\"@type\":\"ImageObject\",\"inLanguage\":\"es\",\"@id\":\"https:\\\/\\\/www.eldiario.net\\\/portal\\\/2021\\\/06\\\/19\\\/fiscalia-busca-encerrar-en-su-domicilio-al-alcalde-de-la-paz\\\/#primaryimage\",\"url\":\"\",\"contentUrl\":\"\"},{\"@type\":\"BreadcrumbList\",\"@id\":\"https:\\\/\\\/www.eldiario.net\\\/portal\\\/2021\\\/06\\\/19\\\/fiscalia-busca-encerrar-en-su-domicilio-al-alcalde-de-la-paz\\\/#breadcrumb\",\"itemListElement\":[{\"@type\":\"ListItem\",\"position\":1,\"name\":\"Portada\",\"item\":\"https:\\\/\\\/www.eldiario.net\\\/portal\\\/\"},{\"@type\":\"ListItem\",\"position\":2,\"name\":\"Fiscal\u00eda busca encerrar en su domicilio al Alcalde de La Paz\"}]},{\"@type\":\"WebSite\",\"@id\":\"https:\\\/\\\/www.eldiario.net\\\/portal\\\/#website\",\"url\":\"https:\\\/\\\/www.eldiario.net\\\/portal\\\/\",\"name\":\"El Diario - Decano de la prensa nacional\",\"description\":\"El Diario - Decano de la prensa nacional\",\"publisher\":{\"@id\":\"https:\\\/\\\/www.eldiario.net\\\/portal\\\/#organization\"},\"potentialAction\":[{\"@type\":\"SearchAction\",\"target\":{\"@type\":\"EntryPoint\",\"urlTemplate\":\"https:\\\/\\\/www.eldiario.net\\\/portal\\\/?s={search_term_string}\"},\"query-input\":{\"@type\":\"PropertyValueSpecification\",\"valueRequired\":true,\"valueName\":\"search_term_string\"}}],\"inLanguage\":\"es\"},{\"@type\":\"Organization\",\"@id\":\"https:\\\/\\\/www.eldiario.net\\\/portal\\\/#organization\",\"name\":\"El Diario - Decano de la prensa nacional\",\"url\":\"https:\\\/\\\/www.eldiario.net\\\/portal\\\/\",\"logo\":{\"@type\":\"ImageObject\",\"inLanguage\":\"es\",\"@id\":\"https:\\\/\\\/www.eldiario.net\\\/portal\\\/#\\\/schema\\\/logo\\\/image\\\/\",\"url\":\"https:\\\/\\\/www.eldiario.net\\\/portal\\\/wp-content\\\/uploads\\\/2023\\\/07\\\/logo_ED.jpg\",\"contentUrl\":\"https:\\\/\\\/www.eldiario.net\\\/portal\\\/wp-content\\\/uploads\\\/2023\\\/07\\\/logo_ED.jpg\",\"width\":272,\"height\":52,\"caption\":\"El Diario - Decano de la prensa nacional\"},\"image\":{\"@id\":\"https:\\\/\\\/www.eldiario.net\\\/portal\\\/#\\\/schema\\\/logo\\\/image\\\/\"},\"sameAs\":[\"https:\\\/\\\/www.facebook.com\\\/eldiario.bolivia\\\/\",\"https:\\\/\\\/x.com\\\/eldiario_net\"]},{\"@type\":\"Person\",\"@id\":\"https:\\\/\\\/www.eldiario.net\\\/portal\\\/#\\\/schema\\\/person\\\/f46445640444750d7d753ccd04ae01b7\",\"name\":\"Jeanette\",\"image\":{\"@type\":\"ImageObject\",\"inLanguage\":\"es\",\"@id\":\"https:\\\/\\\/secure.gravatar.com\\\/avatar\\\/3ea2118a5f7dad2b7138b1187a6b7ee55f160b9968b66013c3a3ef39dd7e5798?s=96&d=mm&r=g\",\"url\":\"https:\\\/\\\/secure.gravatar.com\\\/avatar\\\/3ea2118a5f7dad2b7138b1187a6b7ee55f160b9968b66013c3a3ef39dd7e5798?s=96&d=mm&r=g\",\"contentUrl\":\"https:\\\/\\\/secure.gravatar.com\\\/avatar\\\/3ea2118a5f7dad2b7138b1187a6b7ee55f160b9968b66013c3a3ef39dd7e5798?s=96&d=mm&r=g\",\"caption\":\"Jeanette\"},\"sameAs\":[\"https:\\\/\\\/www.eldiario.net\\\/portal\"],\"url\":\"https:\\\/\\\/www.eldiario.net\\\/portal\\\/author\\\/jeanette\\\/\"}]}<\/script>\n<!-- \/ Yoast SEO plugin. -->","yoast_head_json":{"title":"Fiscal\u00eda busca encerrar en su domicilio al Alcalde de La Paz - El Diario - Bolivia","robots":{"index":"index","follow":"follow","max-snippet":"max-snippet:-1","max-image-preview":"max-image-preview:large","max-video-preview":"max-video-preview:-1"},"canonical":"https:\/\/www.eldiario.net\/portal\/2021\/06\/19\/fiscalia-busca-encerrar-en-su-domicilio-al-alcalde-de-la-paz\/","og_locale":"es_ES","og_type":"article","og_title":"Fiscal\u00eda busca encerrar en su domicilio al Alcalde de La Paz - El Diario - Bolivia","og_description":"Despu\u00e9s que la jueza Claudia Castro determinara ayer el arraigo del acalde de La Paz, Iv\u00e1n Arias, imputado por el supuesto nombramiento ilegal de un funcionario cuando era ministro de Obras P\u00fablicas, la Fiscal\u00eda anunci\u00f3 que apelaron la decisi\u00f3n porque buscan la detenci\u00f3n domiciliaria del mun\u00edcipe. El fiscal del caso, Johan Mu\u00f1oz, explic\u00f3 ayer que [&hellip;]","og_url":"https:\/\/www.eldiario.net\/portal\/2021\/06\/19\/fiscalia-busca-encerrar-en-su-domicilio-al-alcalde-de-la-paz\/","og_site_name":"El Diario - Bolivia","article_publisher":"https:\/\/www.facebook.com\/eldiario.bolivia\/","article_published_time":"2021-06-19T10:11:58+00:00","author":"Jeanette","twitter_card":"summary_large_image","twitter_creator":"@eldiario_net","twitter_site":"@eldiario_net","twitter_misc":{"Escrito por":"Jeanette","Tiempo de lectura":"2 minutos"},"schema":{"@context":"https:\/\/schema.org","@graph":[{"@type":"Article","@id":"https:\/\/www.eldiario.net\/portal\/2021\/06\/19\/fiscalia-busca-encerrar-en-su-domicilio-al-alcalde-de-la-paz\/#article","isPartOf":{"@id":"https:\/\/www.eldiario.net\/portal\/2021\/06\/19\/fiscalia-busca-encerrar-en-su-domicilio-al-alcalde-de-la-paz\/"},"author":{"name":"Jeanette","@id":"https:\/\/www.eldiario.net\/portal\/#\/schema\/person\/f46445640444750d7d753ccd04ae01b7"},"headline":"Fiscal\u00eda busca encerrar en su domicilio al Alcalde de La Paz","datePublished":"2021-06-19T10:11:58+00:00","mainEntityOfPage":{"@id":"https:\/\/www.eldiario.net\/portal\/2021\/06\/19\/fiscalia-busca-encerrar-en-su-domicilio-al-alcalde-de-la-paz\/"},"wordCount":336,"publisher":{"@id":"https:\/\/www.eldiario.net\/portal\/#organization"},"image":{"@id":"https:\/\/www.eldiario.net\/portal\/2021\/06\/19\/fiscalia-busca-encerrar-en-su-domicilio-al-alcalde-de-la-paz\/#primaryimage"},"thumbnailUrl":"","articleSection":["Sociedad - Seguridad"],"inLanguage":"es"},{"@type":"WebPage","@id":"https:\/\/www.eldiario.net\/portal\/2021\/06\/19\/fiscalia-busca-encerrar-en-su-domicilio-al-alcalde-de-la-paz\/","url":"https:\/\/www.eldiario.net\/portal\/2021\/06\/19\/fiscalia-busca-encerrar-en-su-domicilio-al-alcalde-de-la-paz\/","name":"Fiscal\u00eda busca encerrar en su domicilio al Alcalde de La Paz - El Diario - Bolivia","isPartOf":{"@id":"https:\/\/www.eldiario.net\/portal\/#website"},"primaryImageOfPage":{"@id":"https:\/\/www.eldiario.net\/portal\/2021\/06\/19\/fiscalia-busca-encerrar-en-su-domicilio-al-alcalde-de-la-paz\/#primaryimage"},"image":{"@id":"https:\/\/www.eldiario.net\/portal\/2021\/06\/19\/fiscalia-busca-encerrar-en-su-domicilio-al-alcalde-de-la-paz\/#primaryimage"},"thumbnailUrl":"","datePublished":"2021-06-19T10:11:58+00:00","breadcrumb":{"@id":"https:\/\/www.eldiario.net\/portal\/2021\/06\/19\/fiscalia-busca-encerrar-en-su-domicilio-al-alcalde-de-la-paz\/#breadcrumb"},"inLanguage":"es","potentialAction":[{"@type":"ReadAction","target":["https:\/\/www.eldiario.net\/portal\/2021\/06\/19\/fiscalia-busca-encerrar-en-su-domicilio-al-alcalde-de-la-paz\/"]}]},{"@type":"ImageObject","inLanguage":"es","@id":"https:\/\/www.eldiario.net\/portal\/2021\/06\/19\/fiscalia-busca-encerrar-en-su-domicilio-al-alcalde-de-la-paz\/#primaryimage","url":"","contentUrl":""},{"@type":"BreadcrumbList","@id":"https:\/\/www.eldiario.net\/portal\/2021\/06\/19\/fiscalia-busca-encerrar-en-su-domicilio-al-alcalde-de-la-paz\/#breadcrumb","itemListElement":[{"@type":"ListItem","position":1,"name":"Portada","item":"https:\/\/www.eldiario.net\/portal\/"},{"@type":"ListItem","position":2,"name":"Fiscal\u00eda busca encerrar en su domicilio al Alcalde de La Paz"}]},{"@type":"WebSite","@id":"https:\/\/www.eldiario.net\/portal\/#website","url":"https:\/\/www.eldiario.net\/portal\/","name":"El Diario - Decano de la prensa nacional","description":"El Diario - Decano de la prensa nacional","publisher":{"@id":"https:\/\/www.eldiario.net\/portal\/#organization"},"potentialAction":[{"@type":"SearchAction","target":{"@type":"EntryPoint","urlTemplate":"https:\/\/www.eldiario.net\/portal\/?s={search_term_string}"},"query-input":{"@type":"PropertyValueSpecification","valueRequired":true,"valueName":"search_term_string"}}],"inLanguage":"es"},{"@type":"Organization","@id":"https:\/\/www.eldiario.net\/portal\/#organization","name":"El Diario - Decano de la prensa nacional","url":"https:\/\/www.eldiario.net\/portal\/","logo":{"@type":"ImageObject","inLanguage":"es","@id":"https:\/\/www.eldiario.net\/portal\/#\/schema\/logo\/image\/","url":"https:\/\/www.eldiario.net\/portal\/wp-content\/uploads\/2023\/07\/logo_ED.jpg","contentUrl":"https:\/\/www.eldiario.net\/portal\/wp-content\/uploads\/2023\/07\/logo_ED.jpg","width":272,"height":52,"caption":"El Diario - Decano de la prensa nacional"},"image":{"@id":"https:\/\/www.eldiario.net\/portal\/#\/schema\/logo\/image\/"},"sameAs":["https:\/\/www.facebook.com\/eldiario.bolivia\/","https:\/\/x.com\/eldiario_net"]},{"@type":"Person","@id":"https:\/\/www.eldiario.net\/portal\/#\/schema\/person\/f46445640444750d7d753ccd04ae01b7","name":"Jeanette","image":{"@type":"ImageObject","inLanguage":"es","@id":"https:\/\/secure.gravatar.com\/avatar\/3ea2118a5f7dad2b7138b1187a6b7ee55f160b9968b66013c3a3ef39dd7e5798?s=96&d=mm&r=g","url":"https:\/\/secure.gravatar.com\/avatar\/3ea2118a5f7dad2b7138b1187a6b7ee55f160b9968b66013c3a3ef39dd7e5798?s=96&d=mm&r=g","contentUrl":"https:\/\/secure.gravatar.com\/avatar\/3ea2118a5f7dad2b7138b1187a6b7ee55f160b9968b66013c3a3ef39dd7e5798?s=96&d=mm&r=g","caption":"Jeanette"},"sameAs":["https:\/\/www.eldiario.net\/portal"],"url":"https:\/\/www.eldiario.net\/portal\/author\/jeanette\/"}]}},"_links":{"self":[{"href":"https:\/\/www.eldiario.net\/portal\/wp-json\/wp\/v2\/posts\/11399","targetHints":{"allow":["GET"]}}],"collection":[{"href":"https:\/\/www.eldiario.net\/portal\/wp-json\/wp\/v2\/posts"}],"about":[{"href":"https:\/\/www.eldiario.net\/portal\/wp-json\/wp\/v2\/types\/post"}],"author":[{"embeddable":true,"href":"https:\/\/www.eldiario.net\/portal\/wp-json\/wp\/v2\/users\/1"}],"replies":[{"embeddable":true,"href":"https:\/\/www.eldiario.net\/portal\/wp-json\/wp\/v2\/comments?post=11399"}],"version-history":[{"count":0,"href":"https:\/\/www.eldiario.net\/portal\/wp-json\/wp\/v2\/posts\/11399\/revisions"}],"wp:attachment":[{"href":"https:\/\/www.eldiario.net\/portal\/wp-json\/wp\/v2\/media?parent=11399"}],"wp:term":[{"taxonomy":"category","embeddable":true,"href":"https:\/\/www.eldiario.net\/portal\/wp-json\/wp\/v2\/categories?post=11399"},{"taxonomy":"post_tag","embeddable":true,"href":"https:\/\/www.eldiario.net\/portal\/wp-json\/wp\/v2\/tags?post=11399"}],"curies":[{"name":"wp","href":"https:\/\/api.w.org\/{rel}","templated":true}]}}