{"id":11393,"date":"2021-06-19T06:10:25","date_gmt":"2021-06-19T10:10:25","guid":{"rendered":"https:\/\/www.eldiario.net\/portal\/?p=11393"},"modified":"2021-06-19T06:10:25","modified_gmt":"2021-06-19T10:10:25","slug":"justicia-anuncio-proceso-penal-contra-exministro","status":"publish","type":"post","link":"https:\/\/www.eldiario.net\/portal\/2021\/06\/19\/justicia-anuncio-proceso-penal-contra-exministro\/","title":{"rendered":"Justicia anunci\u00f3 proceso  penal contra exministro"},"content":{"rendered":"<p>Despu\u00e9s de la publicaci\u00f3n de la revista The Intercept, en la que refieren un plan liderado por el exministro de Defensa Fernando L\u00f3pez para presuntamente boicotear la asunci\u00f3n de Luis Arce a la presidencia, el ministro Justicia, Iv\u00e1n Lima, a trav\u00e9s de sus redes sociales, anunci\u00f3 que considera iniciar un proceso penal a los presuntos involucrados.<br \/>\n\u201cUna investigaci\u00f3n de The Intercept revela que los autores del golpe de 2019 pretend\u00edan repetir el atentado contra la CPE (Constituci\u00f3n Pol\u00edtica del Estado) con la intervenci\u00f3n de mercenarios extranjeros. Este caso debe ser llevado a un proceso penal para sancionar con todo el peso de la ley a sus autores\u201d, lee un mensaje en la cuenta de Twitter de esa cartera de Estado.<br \/>\nLima aclar\u00f3 que aunque las grabaciones sin consentimiento no constituyen prueba en el pa\u00eds, \u201clos indicios que representa estas grabaciones (les) obligan a investigar\u201d.<\/p>\n<p>ART\u00cdCULO<br \/>\nEl pasado jueves se public\u00f3 un art\u00edculo en la revista electr\u00f3nica The Intercept en el que, basados en audios, afirman que L\u00f3pez trabaj\u00f3 en un plan que inclu\u00eda la contrataci\u00f3n de mercenarios para impedir que Arce tomara posesi\u00f3n de su actual cargo.<br \/>\n\u201cEn una de las grabaciones filtradas, una persona identificada como el Ministro de Defensa boliviano dijo que estaba \u2018trabajando para evitar la aniquilaci\u00f3n de (su) pa\u00eds\u2019\u201d.<br \/>\n\u201cUn alto funcionario del Gobierno boliviano saliente plane\u00f3 desplegar a cientos de mercenarios de Estados Unidos para anular los resultados de las elecciones de octubre de 2020 en el pa\u00eds sudamericano\u201d, son algunas partes de la publicaci\u00f3n.<\/p>\n<p>AUDIOS<br \/>\nEl comandante de la Polic\u00eda, coronel Jhonny Aguilera, asegur\u00f3 ayer que se tiene la certeza de que la voz del audio es del exministro L\u00f3pez.<br \/>\n\u201cHemos efectuado una comparaci\u00f3n que permite establecer un 99,9 % de correspondencia en los caracteres, vamos a decir tanto de magnetismo de la voz como de las ondas que se han emitido en estas llamadas. Estamos en la certeza de que efectivamente corresponde a la voz de nuestro exministro L\u00f3pez\u201d, dijo Aguilera.<br \/>\nAguilera precis\u00f3 que est\u00e1n tratando de identificar a las otras personas que est\u00e1n en la conversaci\u00f3n con L\u00f3pez y est\u00e1n a la espera de que el Ministerio P\u00fablico disponga las futuras tareas respecto a este tema.<br \/>\nSe conoce que L\u00f3pez sali\u00f3 del pa\u00eds en noviembre de 2019, d\u00edas antes de la asunci\u00f3n de Luis Arce y que presuntamente estuviera en Brasil.<\/p>\n\n","protected":false},"excerpt":{"rendered":"<p>Despu\u00e9s de la publicaci\u00f3n de la revista The Intercept, en la que refieren un plan liderado por el exministro de Defensa Fernando L\u00f3pez para presuntamente boicotear la asunci\u00f3n de Luis Arce a la presidencia, el ministro Justicia, Iv\u00e1n Lima, a trav\u00e9s de sus redes sociales, anunci\u00f3 que considera iniciar un proceso penal a los presuntos [&hellip;]<\/p>\n","protected":false},"author":1,"featured_media":11395,"comment_status":"closed","ping_status":"closed","sticky":false,"template":"","format":"standard","meta":{"_acf_changed":false,"footnotes":""},"categories":[39],"tags":[],"class_list":["post-11393","post","type-post","status-publish","format-standard","has-post-thumbnail","category-sociedad"],"acf":{"antetitulo":""},"yoast_head":"<!-- This site is optimized with the Yoast SEO plugin v28.4 - https:\/\/yoast.com\/product\/yoast-seo-wordpress\/ -->\n<title>Justicia anunci\u00f3 proceso penal contra exministro - El Diario - Bolivia<\/title>\n<meta name=\"robots\" content=\"index, follow, max-snippet:-1, max-image-preview:large, max-video-preview:-1\" \/>\n<link rel=\"canonical\" href=\"https:\/\/www.eldiario.net\/portal\/2021\/06\/19\/justicia-anuncio-proceso-penal-contra-exministro\/\" \/>\n<meta property=\"og:locale\" content=\"es_ES\" \/>\n<meta property=\"og:type\" content=\"article\" \/>\n<meta property=\"og:title\" content=\"Justicia anunci\u00f3 proceso penal contra exministro - El Diario - Bolivia\" \/>\n<meta property=\"og:description\" content=\"Despu\u00e9s de la publicaci\u00f3n de la revista The Intercept, en la que refieren un plan liderado por el exministro de Defensa Fernando L\u00f3pez para presuntamente boicotear la asunci\u00f3n de Luis Arce a la presidencia, el ministro Justicia, Iv\u00e1n Lima, a trav\u00e9s de sus redes sociales, anunci\u00f3 que considera iniciar un proceso penal a los presuntos [&hellip;]\" \/>\n<meta property=\"og:url\" content=\"https:\/\/www.eldiario.net\/portal\/2021\/06\/19\/justicia-anuncio-proceso-penal-contra-exministro\/\" \/>\n<meta property=\"og:site_name\" content=\"El Diario - Bolivia\" \/>\n<meta property=\"article:publisher\" content=\"https:\/\/www.facebook.com\/eldiario.bolivia\/\" \/>\n<meta property=\"article:published_time\" content=\"2021-06-19T10:10:25+00:00\" \/>\n<meta name=\"author\" content=\"Jeanette\" \/>\n<meta name=\"twitter:card\" content=\"summary_large_image\" \/>\n<meta name=\"twitter:creator\" content=\"@eldiario_net\" \/>\n<meta name=\"twitter:site\" content=\"@eldiario_net\" \/>\n<meta name=\"twitter:label1\" content=\"Escrito por\" \/>\n\t<meta name=\"twitter:data1\" content=\"Jeanette\" \/>\n\t<meta name=\"twitter:label2\" content=\"Tiempo de lectura\" \/>\n\t<meta name=\"twitter:data2\" content=\"2 minutos\" \/>\n<script type=\"application\/ld+json\" class=\"yoast-schema-graph\">{\"@context\":\"https:\\\/\\\/schema.org\",\"@graph\":[{\"@type\":\"Article\",\"@id\":\"https:\\\/\\\/www.eldiario.net\\\/portal\\\/2021\\\/06\\\/19\\\/justicia-anuncio-proceso-penal-contra-exministro\\\/#article\",\"isPartOf\":{\"@id\":\"https:\\\/\\\/www.eldiario.net\\\/portal\\\/2021\\\/06\\\/19\\\/justicia-anuncio-proceso-penal-contra-exministro\\\/\"},\"author\":{\"name\":\"Jeanette\",\"@id\":\"https:\\\/\\\/www.eldiario.net\\\/portal\\\/#\\\/schema\\\/person\\\/f46445640444750d7d753ccd04ae01b7\"},\"headline\":\"Justicia anunci\u00f3 proceso penal contra exministro\",\"datePublished\":\"2021-06-19T10:10:25+00:00\",\"mainEntityOfPage\":{\"@id\":\"https:\\\/\\\/www.eldiario.net\\\/portal\\\/2021\\\/06\\\/19\\\/justicia-anuncio-proceso-penal-contra-exministro\\\/\"},\"wordCount\":431,\"publisher\":{\"@id\":\"https:\\\/\\\/www.eldiario.net\\\/portal\\\/#organization\"},\"image\":{\"@id\":\"https:\\\/\\\/www.eldiario.net\\\/portal\\\/2021\\\/06\\\/19\\\/justicia-anuncio-proceso-penal-contra-exministro\\\/#primaryimage\"},\"thumbnailUrl\":\"\",\"articleSection\":[\"Sociedad - Seguridad\"],\"inLanguage\":\"es\"},{\"@type\":\"WebPage\",\"@id\":\"https:\\\/\\\/www.eldiario.net\\\/portal\\\/2021\\\/06\\\/19\\\/justicia-anuncio-proceso-penal-contra-exministro\\\/\",\"url\":\"https:\\\/\\\/www.eldiario.net\\\/portal\\\/2021\\\/06\\\/19\\\/justicia-anuncio-proceso-penal-contra-exministro\\\/\",\"name\":\"Justicia anunci\u00f3 proceso penal contra exministro - El Diario - Bolivia\",\"isPartOf\":{\"@id\":\"https:\\\/\\\/www.eldiario.net\\\/portal\\\/#website\"},\"primaryImageOfPage\":{\"@id\":\"https:\\\/\\\/www.eldiario.net\\\/portal\\\/2021\\\/06\\\/19\\\/justicia-anuncio-proceso-penal-contra-exministro\\\/#primaryimage\"},\"image\":{\"@id\":\"https:\\\/\\\/www.eldiario.net\\\/portal\\\/2021\\\/06\\\/19\\\/justicia-anuncio-proceso-penal-contra-exministro\\\/#primaryimage\"},\"thumbnailUrl\":\"\",\"datePublished\":\"2021-06-19T10:10:25+00:00\",\"breadcrumb\":{\"@id\":\"https:\\\/\\\/www.eldiario.net\\\/portal\\\/2021\\\/06\\\/19\\\/justicia-anuncio-proceso-penal-contra-exministro\\\/#breadcrumb\"},\"inLanguage\":\"es\",\"potentialAction\":[{\"@type\":\"ReadAction\",\"target\":[\"https:\\\/\\\/www.eldiario.net\\\/portal\\\/2021\\\/06\\\/19\\\/justicia-anuncio-proceso-penal-contra-exministro\\\/\"]}]},{\"@type\":\"ImageObject\",\"inLanguage\":\"es\",\"@id\":\"https:\\\/\\\/www.eldiario.net\\\/portal\\\/2021\\\/06\\\/19\\\/justicia-anuncio-proceso-penal-contra-exministro\\\/#primaryimage\",\"url\":\"\",\"contentUrl\":\"\"},{\"@type\":\"BreadcrumbList\",\"@id\":\"https:\\\/\\\/www.eldiario.net\\\/portal\\\/2021\\\/06\\\/19\\\/justicia-anuncio-proceso-penal-contra-exministro\\\/#breadcrumb\",\"itemListElement\":[{\"@type\":\"ListItem\",\"position\":1,\"name\":\"Portada\",\"item\":\"https:\\\/\\\/www.eldiario.net\\\/portal\\\/\"},{\"@type\":\"ListItem\",\"position\":2,\"name\":\"Justicia anunci\u00f3 proceso penal contra exministro\"}]},{\"@type\":\"WebSite\",\"@id\":\"https:\\\/\\\/www.eldiario.net\\\/portal\\\/#website\",\"url\":\"https:\\\/\\\/www.eldiario.net\\\/portal\\\/\",\"name\":\"El Diario - Decano de la prensa nacional\",\"description\":\"El Diario - Decano de la prensa nacional\",\"publisher\":{\"@id\":\"https:\\\/\\\/www.eldiario.net\\\/portal\\\/#organization\"},\"potentialAction\":[{\"@type\":\"SearchAction\",\"target\":{\"@type\":\"EntryPoint\",\"urlTemplate\":\"https:\\\/\\\/www.eldiario.net\\\/portal\\\/?s={search_term_string}\"},\"query-input\":{\"@type\":\"PropertyValueSpecification\",\"valueRequired\":true,\"valueName\":\"search_term_string\"}}],\"inLanguage\":\"es\"},{\"@type\":\"Organization\",\"@id\":\"https:\\\/\\\/www.eldiario.net\\\/portal\\\/#organization\",\"name\":\"El Diario - Decano de la prensa nacional\",\"url\":\"https:\\\/\\\/www.eldiario.net\\\/portal\\\/\",\"logo\":{\"@type\":\"ImageObject\",\"inLanguage\":\"es\",\"@id\":\"https:\\\/\\\/www.eldiario.net\\\/portal\\\/#\\\/schema\\\/logo\\\/image\\\/\",\"url\":\"https:\\\/\\\/www.eldiario.net\\\/portal\\\/wp-content\\\/uploads\\\/2023\\\/07\\\/logo_ED.jpg\",\"contentUrl\":\"https:\\\/\\\/www.eldiario.net\\\/portal\\\/wp-content\\\/uploads\\\/2023\\\/07\\\/logo_ED.jpg\",\"width\":272,\"height\":52,\"caption\":\"El Diario - Decano de la prensa nacional\"},\"image\":{\"@id\":\"https:\\\/\\\/www.eldiario.net\\\/portal\\\/#\\\/schema\\\/logo\\\/image\\\/\"},\"sameAs\":[\"https:\\\/\\\/www.facebook.com\\\/eldiario.bolivia\\\/\",\"https:\\\/\\\/x.com\\\/eldiario_net\"]},{\"@type\":\"Person\",\"@id\":\"https:\\\/\\\/www.eldiario.net\\\/portal\\\/#\\\/schema\\\/person\\\/f46445640444750d7d753ccd04ae01b7\",\"name\":\"Jeanette\",\"image\":{\"@type\":\"ImageObject\",\"inLanguage\":\"es\",\"@id\":\"https:\\\/\\\/secure.gravatar.com\\\/avatar\\\/3ea2118a5f7dad2b7138b1187a6b7ee55f160b9968b66013c3a3ef39dd7e5798?s=96&d=mm&r=g\",\"url\":\"https:\\\/\\\/secure.gravatar.com\\\/avatar\\\/3ea2118a5f7dad2b7138b1187a6b7ee55f160b9968b66013c3a3ef39dd7e5798?s=96&d=mm&r=g\",\"contentUrl\":\"https:\\\/\\\/secure.gravatar.com\\\/avatar\\\/3ea2118a5f7dad2b7138b1187a6b7ee55f160b9968b66013c3a3ef39dd7e5798?s=96&d=mm&r=g\",\"caption\":\"Jeanette\"},\"sameAs\":[\"https:\\\/\\\/www.eldiario.net\\\/portal\"],\"url\":\"https:\\\/\\\/www.eldiario.net\\\/portal\\\/author\\\/jeanette\\\/\"}]}<\/script>\n<!-- \/ Yoast SEO plugin. -->","yoast_head_json":{"title":"Justicia anunci\u00f3 proceso penal contra exministro - El Diario - Bolivia","robots":{"index":"index","follow":"follow","max-snippet":"max-snippet:-1","max-image-preview":"max-image-preview:large","max-video-preview":"max-video-preview:-1"},"canonical":"https:\/\/www.eldiario.net\/portal\/2021\/06\/19\/justicia-anuncio-proceso-penal-contra-exministro\/","og_locale":"es_ES","og_type":"article","og_title":"Justicia anunci\u00f3 proceso penal contra exministro - El Diario - Bolivia","og_description":"Despu\u00e9s de la publicaci\u00f3n de la revista The Intercept, en la que refieren un plan liderado por el exministro de Defensa Fernando L\u00f3pez para presuntamente boicotear la asunci\u00f3n de Luis Arce a la presidencia, el ministro Justicia, Iv\u00e1n Lima, a trav\u00e9s de sus redes sociales, anunci\u00f3 que considera iniciar un proceso penal a los presuntos [&hellip;]","og_url":"https:\/\/www.eldiario.net\/portal\/2021\/06\/19\/justicia-anuncio-proceso-penal-contra-exministro\/","og_site_name":"El Diario - Bolivia","article_publisher":"https:\/\/www.facebook.com\/eldiario.bolivia\/","article_published_time":"2021-06-19T10:10:25+00:00","author":"Jeanette","twitter_card":"summary_large_image","twitter_creator":"@eldiario_net","twitter_site":"@eldiario_net","twitter_misc":{"Escrito por":"Jeanette","Tiempo de lectura":"2 minutos"},"schema":{"@context":"https:\/\/schema.org","@graph":[{"@type":"Article","@id":"https:\/\/www.eldiario.net\/portal\/2021\/06\/19\/justicia-anuncio-proceso-penal-contra-exministro\/#article","isPartOf":{"@id":"https:\/\/www.eldiario.net\/portal\/2021\/06\/19\/justicia-anuncio-proceso-penal-contra-exministro\/"},"author":{"name":"Jeanette","@id":"https:\/\/www.eldiario.net\/portal\/#\/schema\/person\/f46445640444750d7d753ccd04ae01b7"},"headline":"Justicia anunci\u00f3 proceso penal contra exministro","datePublished":"2021-06-19T10:10:25+00:00","mainEntityOfPage":{"@id":"https:\/\/www.eldiario.net\/portal\/2021\/06\/19\/justicia-anuncio-proceso-penal-contra-exministro\/"},"wordCount":431,"publisher":{"@id":"https:\/\/www.eldiario.net\/portal\/#organization"},"image":{"@id":"https:\/\/www.eldiario.net\/portal\/2021\/06\/19\/justicia-anuncio-proceso-penal-contra-exministro\/#primaryimage"},"thumbnailUrl":"","articleSection":["Sociedad - Seguridad"],"inLanguage":"es"},{"@type":"WebPage","@id":"https:\/\/www.eldiario.net\/portal\/2021\/06\/19\/justicia-anuncio-proceso-penal-contra-exministro\/","url":"https:\/\/www.eldiario.net\/portal\/2021\/06\/19\/justicia-anuncio-proceso-penal-contra-exministro\/","name":"Justicia anunci\u00f3 proceso penal contra exministro - El Diario - Bolivia","isPartOf":{"@id":"https:\/\/www.eldiario.net\/portal\/#website"},"primaryImageOfPage":{"@id":"https:\/\/www.eldiario.net\/portal\/2021\/06\/19\/justicia-anuncio-proceso-penal-contra-exministro\/#primaryimage"},"image":{"@id":"https:\/\/www.eldiario.net\/portal\/2021\/06\/19\/justicia-anuncio-proceso-penal-contra-exministro\/#primaryimage"},"thumbnailUrl":"","datePublished":"2021-06-19T10:10:25+00:00","breadcrumb":{"@id":"https:\/\/www.eldiario.net\/portal\/2021\/06\/19\/justicia-anuncio-proceso-penal-contra-exministro\/#breadcrumb"},"inLanguage":"es","potentialAction":[{"@type":"ReadAction","target":["https:\/\/www.eldiario.net\/portal\/2021\/06\/19\/justicia-anuncio-proceso-penal-contra-exministro\/"]}]},{"@type":"ImageObject","inLanguage":"es","@id":"https:\/\/www.eldiario.net\/portal\/2021\/06\/19\/justicia-anuncio-proceso-penal-contra-exministro\/#primaryimage","url":"","contentUrl":""},{"@type":"BreadcrumbList","@id":"https:\/\/www.eldiario.net\/portal\/2021\/06\/19\/justicia-anuncio-proceso-penal-contra-exministro\/#breadcrumb","itemListElement":[{"@type":"ListItem","position":1,"name":"Portada","item":"https:\/\/www.eldiario.net\/portal\/"},{"@type":"ListItem","position":2,"name":"Justicia anunci\u00f3 proceso penal contra exministro"}]},{"@type":"WebSite","@id":"https:\/\/www.eldiario.net\/portal\/#website","url":"https:\/\/www.eldiario.net\/portal\/","name":"El Diario - Decano de la prensa nacional","description":"El Diario - Decano de la prensa nacional","publisher":{"@id":"https:\/\/www.eldiario.net\/portal\/#organization"},"potentialAction":[{"@type":"SearchAction","target":{"@type":"EntryPoint","urlTemplate":"https:\/\/www.eldiario.net\/portal\/?s={search_term_string}"},"query-input":{"@type":"PropertyValueSpecification","valueRequired":true,"valueName":"search_term_string"}}],"inLanguage":"es"},{"@type":"Organization","@id":"https:\/\/www.eldiario.net\/portal\/#organization","name":"El Diario - Decano de la prensa nacional","url":"https:\/\/www.eldiario.net\/portal\/","logo":{"@type":"ImageObject","inLanguage":"es","@id":"https:\/\/www.eldiario.net\/portal\/#\/schema\/logo\/image\/","url":"https:\/\/www.eldiario.net\/portal\/wp-content\/uploads\/2023\/07\/logo_ED.jpg","contentUrl":"https:\/\/www.eldiario.net\/portal\/wp-content\/uploads\/2023\/07\/logo_ED.jpg","width":272,"height":52,"caption":"El Diario - Decano de la prensa nacional"},"image":{"@id":"https:\/\/www.eldiario.net\/portal\/#\/schema\/logo\/image\/"},"sameAs":["https:\/\/www.facebook.com\/eldiario.bolivia\/","https:\/\/x.com\/eldiario_net"]},{"@type":"Person","@id":"https:\/\/www.eldiario.net\/portal\/#\/schema\/person\/f46445640444750d7d753ccd04ae01b7","name":"Jeanette","image":{"@type":"ImageObject","inLanguage":"es","@id":"https:\/\/secure.gravatar.com\/avatar\/3ea2118a5f7dad2b7138b1187a6b7ee55f160b9968b66013c3a3ef39dd7e5798?s=96&d=mm&r=g","url":"https:\/\/secure.gravatar.com\/avatar\/3ea2118a5f7dad2b7138b1187a6b7ee55f160b9968b66013c3a3ef39dd7e5798?s=96&d=mm&r=g","contentUrl":"https:\/\/secure.gravatar.com\/avatar\/3ea2118a5f7dad2b7138b1187a6b7ee55f160b9968b66013c3a3ef39dd7e5798?s=96&d=mm&r=g","caption":"Jeanette"},"sameAs":["https:\/\/www.eldiario.net\/portal"],"url":"https:\/\/www.eldiario.net\/portal\/author\/jeanette\/"}]}},"_links":{"self":[{"href":"https:\/\/www.eldiario.net\/portal\/wp-json\/wp\/v2\/posts\/11393","targetHints":{"allow":["GET"]}}],"collection":[{"href":"https:\/\/www.eldiario.net\/portal\/wp-json\/wp\/v2\/posts"}],"about":[{"href":"https:\/\/www.eldiario.net\/portal\/wp-json\/wp\/v2\/types\/post"}],"author":[{"embeddable":true,"href":"https:\/\/www.eldiario.net\/portal\/wp-json\/wp\/v2\/users\/1"}],"replies":[{"embeddable":true,"href":"https:\/\/www.eldiario.net\/portal\/wp-json\/wp\/v2\/comments?post=11393"}],"version-history":[{"count":0,"href":"https:\/\/www.eldiario.net\/portal\/wp-json\/wp\/v2\/posts\/11393\/revisions"}],"wp:attachment":[{"href":"https:\/\/www.eldiario.net\/portal\/wp-json\/wp\/v2\/media?parent=11393"}],"wp:term":[{"taxonomy":"category","embeddable":true,"href":"https:\/\/www.eldiario.net\/portal\/wp-json\/wp\/v2\/categories?post=11393"},{"taxonomy":"post_tag","embeddable":true,"href":"https:\/\/www.eldiario.net\/portal\/wp-json\/wp\/v2\/tags?post=11393"}],"curies":[{"name":"wp","href":"https:\/\/api.w.org\/{rel}","templated":true}]}}