{"id":11384,"date":"2021-06-19T06:06:16","date_gmt":"2021-06-19T10:06:16","guid":{"rendered":"https:\/\/www.eldiario.net\/portal\/?p=11384"},"modified":"2021-06-19T06:06:16","modified_gmt":"2021-06-19T10:06:16","slug":"gobierno-confirma-que-murillo-continua-detenido","status":"publish","type":"post","link":"https:\/\/www.eldiario.net\/portal\/2021\/06\/19\/gobierno-confirma-que-murillo-continua-detenido\/","title":{"rendered":"Gobierno confirma que  Murillo contin\u00faa detenido"},"content":{"rendered":"<p>El procurador general, Wilfredo Ch\u00e1vez, asegur\u00f3 ayer que el exministro de Gobierno Arturo Murillo contin\u00faa detenido en Estados Unidos y que no consta en documentos que habr\u00eda llegado a un acuerdo para ser testigo protegido.<br \/>\n\u201cEl reporte escrito que se ha hecho llegar a este Procurador es que en primer lugar, la justicia de los Estados Unidos no ha puesto en libertad al se\u00f1or Murillo. \u00c9l sigue detenido, sigue cumpliendo una detenci\u00f3n antes de su juicio, en consecuencia el se\u00f1or Murillo no est\u00e1 libre\u201d, dijo Ch\u00e1vez en conferencia de prensa ayer.<br \/>\nCh\u00e1vez precis\u00f3 que la informaci\u00f3n se corrobor\u00f3 con el juzgado federal del caso y el sistema carcelario de Estados Unidos.<br \/>\n\u201cNo consta en el expediente judicial alguna actuaci\u00f3n con relaci\u00f3n a que (Murillo) haya sido puesto en libertad, tampoco se ha informado sobre que existe un trato cerrado con la Fiscal\u00eda del distrito respectivo con relaci\u00f3n a que \u00e9l estar\u00eda haciendo beneficiado bajo la noticia que dio, que ser\u00eda un testigo protegido\u201d, afirm\u00f3 Ch\u00e1vez.<br \/>\nPor otro lado, Ch\u00e1vez apunt\u00f3 que es posible que Murillo tenga tratativas avanzadas para un acuerdo con la Fiscal\u00eda de Estados Unidos, en base a una inculpaci\u00f3n a cambio de otorgar informaci\u00f3n con el objetivo de reducir su pena.<br \/>\nDesde Estados Unidos, el periodista Junior Arias inform\u00f3 el jueves que la semana pasada, las autoridades judiciales del pa\u00eds norteamericano liberaron al exministro de Gobierno, Arturo Murillo, tras pagar 50.000 d\u00f3lares de una fianza de $us 500.000.<br \/>\nMurillo fue detenido entre el 21 y 22 de mayo, por los delitos de lavado de dinero y sobornos por la compra de armamento no letal entre noviembre de 2019 y abril del 2020. Se estima que en la adquisici\u00f3n del material antidisturbios hay un sobreprecio de $us 2,3 millones.<br \/>\nDentro de este caso est\u00e1n involucrados los due\u00f1os de Bravo Tactical Solution, Luis y Bryan Beckman y el ciudadano estadounidense Philip Lichtenfeld, adem\u00e1s del exjefe de gabinete de Murillo, Sergio M\u00e9ndez.<\/p>\n<figure id=\"attachment_11386\" aria-describedby=\"caption-attachment-11386\" style=\"width: 300px\" class=\"wp-caption aligncenter\"><img loading=\"lazy\" decoding=\"async\" class=\"size-medium wp-image-11386\" src=\"https:\/\/www.eldiario.net\/portal\/wp-content\/uploads\/2021\/06\/PROCURA-300x168.jpg\" alt=\"\" width=\"300\" height=\"168\" \/><figcaption id=\"caption-attachment-11386\" class=\"wp-caption-text\">WILFREDO CH\u00c1VEZ, PROCURADOR GENERAL.<\/figcaption><\/figure>\n","protected":false},"excerpt":{"rendered":"<p>El procurador general, Wilfredo Ch\u00e1vez, asegur\u00f3 ayer que el exministro de Gobierno Arturo Murillo contin\u00faa detenido en Estados Unidos y que no consta en documentos que habr\u00eda llegado a un acuerdo para ser testigo protegido. \u201cEl reporte escrito que se ha hecho llegar a este Procurador es que en primer lugar, la justicia de los [&hellip;]<\/p>\n","protected":false},"author":1,"featured_media":11385,"comment_status":"closed","ping_status":"closed","sticky":false,"template":"","format":"standard","meta":{"_acf_changed":false,"footnotes":""},"categories":[39],"tags":[],"class_list":["post-11384","post","type-post","status-publish","format-standard","has-post-thumbnail","category-sociedad"],"acf":{"antetitulo":""},"yoast_head":"<!-- This site is optimized with the Yoast SEO plugin v28.4 - https:\/\/yoast.com\/product\/yoast-seo-wordpress\/ -->\n<title>Gobierno confirma que Murillo contin\u00faa detenido - El Diario - Bolivia<\/title>\n<meta name=\"robots\" content=\"index, follow, max-snippet:-1, max-image-preview:large, max-video-preview:-1\" \/>\n<link rel=\"canonical\" href=\"https:\/\/www.eldiario.net\/portal\/2021\/06\/19\/gobierno-confirma-que-murillo-continua-detenido\/\" \/>\n<meta property=\"og:locale\" content=\"es_ES\" \/>\n<meta property=\"og:type\" content=\"article\" \/>\n<meta property=\"og:title\" content=\"Gobierno confirma que Murillo contin\u00faa detenido - El Diario - Bolivia\" \/>\n<meta property=\"og:description\" content=\"El procurador general, Wilfredo Ch\u00e1vez, asegur\u00f3 ayer que el exministro de Gobierno Arturo Murillo contin\u00faa detenido en Estados Unidos y que no consta en documentos que habr\u00eda llegado a un acuerdo para ser testigo protegido. \u201cEl reporte escrito que se ha hecho llegar a este Procurador es que en primer lugar, la justicia de los [&hellip;]\" \/>\n<meta property=\"og:url\" content=\"https:\/\/www.eldiario.net\/portal\/2021\/06\/19\/gobierno-confirma-que-murillo-continua-detenido\/\" \/>\n<meta property=\"og:site_name\" content=\"El Diario - Bolivia\" \/>\n<meta property=\"article:publisher\" content=\"https:\/\/www.facebook.com\/eldiario.bolivia\/\" \/>\n<meta property=\"article:published_time\" content=\"2021-06-19T10:06:16+00:00\" \/>\n<meta property=\"og:image\" content=\"https:\/\/www.eldiario.net\/portal\/wp-content\/uploads\/2021\/06\/MURILLO-3.jpg\" \/>\n\t<meta property=\"og:image:width\" content=\"1\" \/>\n\t<meta property=\"og:image:height\" content=\"1\" \/>\n\t<meta property=\"og:image:type\" content=\"image\/jpeg\" \/>\n<meta name=\"author\" content=\"Jeanette\" \/>\n<meta name=\"twitter:card\" content=\"summary_large_image\" \/>\n<meta name=\"twitter:creator\" content=\"@eldiario_net\" \/>\n<meta name=\"twitter:site\" content=\"@eldiario_net\" \/>\n<meta name=\"twitter:label1\" content=\"Escrito por\" \/>\n\t<meta name=\"twitter:data1\" content=\"Jeanette\" \/>\n\t<meta name=\"twitter:label2\" content=\"Tiempo de lectura\" \/>\n\t<meta name=\"twitter:data2\" content=\"2 minutos\" \/>\n<script type=\"application\/ld+json\" class=\"yoast-schema-graph\">{\"@context\":\"https:\\\/\\\/schema.org\",\"@graph\":[{\"@type\":\"Article\",\"@id\":\"https:\\\/\\\/www.eldiario.net\\\/portal\\\/2021\\\/06\\\/19\\\/gobierno-confirma-que-murillo-continua-detenido\\\/#article\",\"isPartOf\":{\"@id\":\"https:\\\/\\\/www.eldiario.net\\\/portal\\\/2021\\\/06\\\/19\\\/gobierno-confirma-que-murillo-continua-detenido\\\/\"},\"author\":{\"name\":\"Jeanette\",\"@id\":\"https:\\\/\\\/www.eldiario.net\\\/portal\\\/#\\\/schema\\\/person\\\/f46445640444750d7d753ccd04ae01b7\"},\"headline\":\"Gobierno confirma que Murillo contin\u00faa detenido\",\"datePublished\":\"2021-06-19T10:06:16+00:00\",\"mainEntityOfPage\":{\"@id\":\"https:\\\/\\\/www.eldiario.net\\\/portal\\\/2021\\\/06\\\/19\\\/gobierno-confirma-que-murillo-continua-detenido\\\/\"},\"wordCount\":361,\"publisher\":{\"@id\":\"https:\\\/\\\/www.eldiario.net\\\/portal\\\/#organization\"},\"image\":{\"@id\":\"https:\\\/\\\/www.eldiario.net\\\/portal\\\/2021\\\/06\\\/19\\\/gobierno-confirma-que-murillo-continua-detenido\\\/#primaryimage\"},\"thumbnailUrl\":\"https:\\\/\\\/www.eldiario.net\\\/portal\\\/wp-content\\\/uploads\\\/2021\\\/06\\\/MURILLO-3.jpg\",\"articleSection\":[\"Sociedad - Seguridad\"],\"inLanguage\":\"es\"},{\"@type\":\"WebPage\",\"@id\":\"https:\\\/\\\/www.eldiario.net\\\/portal\\\/2021\\\/06\\\/19\\\/gobierno-confirma-que-murillo-continua-detenido\\\/\",\"url\":\"https:\\\/\\\/www.eldiario.net\\\/portal\\\/2021\\\/06\\\/19\\\/gobierno-confirma-que-murillo-continua-detenido\\\/\",\"name\":\"Gobierno confirma que Murillo contin\u00faa detenido - El Diario - Bolivia\",\"isPartOf\":{\"@id\":\"https:\\\/\\\/www.eldiario.net\\\/portal\\\/#website\"},\"primaryImageOfPage\":{\"@id\":\"https:\\\/\\\/www.eldiario.net\\\/portal\\\/2021\\\/06\\\/19\\\/gobierno-confirma-que-murillo-continua-detenido\\\/#primaryimage\"},\"image\":{\"@id\":\"https:\\\/\\\/www.eldiario.net\\\/portal\\\/2021\\\/06\\\/19\\\/gobierno-confirma-que-murillo-continua-detenido\\\/#primaryimage\"},\"thumbnailUrl\":\"https:\\\/\\\/www.eldiario.net\\\/portal\\\/wp-content\\\/uploads\\\/2021\\\/06\\\/MURILLO-3.jpg\",\"datePublished\":\"2021-06-19T10:06:16+00:00\",\"breadcrumb\":{\"@id\":\"https:\\\/\\\/www.eldiario.net\\\/portal\\\/2021\\\/06\\\/19\\\/gobierno-confirma-que-murillo-continua-detenido\\\/#breadcrumb\"},\"inLanguage\":\"es\",\"potentialAction\":[{\"@type\":\"ReadAction\",\"target\":[\"https:\\\/\\\/www.eldiario.net\\\/portal\\\/2021\\\/06\\\/19\\\/gobierno-confirma-que-murillo-continua-detenido\\\/\"]}]},{\"@type\":\"ImageObject\",\"inLanguage\":\"es\",\"@id\":\"https:\\\/\\\/www.eldiario.net\\\/portal\\\/2021\\\/06\\\/19\\\/gobierno-confirma-que-murillo-continua-detenido\\\/#primaryimage\",\"url\":\"https:\\\/\\\/www.eldiario.net\\\/portal\\\/wp-content\\\/uploads\\\/2021\\\/06\\\/MURILLO-3.jpg\",\"contentUrl\":\"https:\\\/\\\/www.eldiario.net\\\/portal\\\/wp-content\\\/uploads\\\/2021\\\/06\\\/MURILLO-3.jpg\"},{\"@type\":\"BreadcrumbList\",\"@id\":\"https:\\\/\\\/www.eldiario.net\\\/portal\\\/2021\\\/06\\\/19\\\/gobierno-confirma-que-murillo-continua-detenido\\\/#breadcrumb\",\"itemListElement\":[{\"@type\":\"ListItem\",\"position\":1,\"name\":\"Portada\",\"item\":\"https:\\\/\\\/www.eldiario.net\\\/portal\\\/\"},{\"@type\":\"ListItem\",\"position\":2,\"name\":\"Gobierno confirma que Murillo contin\u00faa detenido\"}]},{\"@type\":\"WebSite\",\"@id\":\"https:\\\/\\\/www.eldiario.net\\\/portal\\\/#website\",\"url\":\"https:\\\/\\\/www.eldiario.net\\\/portal\\\/\",\"name\":\"El Diario - Decano de la prensa nacional\",\"description\":\"El Diario - Decano de la prensa nacional\",\"publisher\":{\"@id\":\"https:\\\/\\\/www.eldiario.net\\\/portal\\\/#organization\"},\"potentialAction\":[{\"@type\":\"SearchAction\",\"target\":{\"@type\":\"EntryPoint\",\"urlTemplate\":\"https:\\\/\\\/www.eldiario.net\\\/portal\\\/?s={search_term_string}\"},\"query-input\":{\"@type\":\"PropertyValueSpecification\",\"valueRequired\":true,\"valueName\":\"search_term_string\"}}],\"inLanguage\":\"es\"},{\"@type\":\"Organization\",\"@id\":\"https:\\\/\\\/www.eldiario.net\\\/portal\\\/#organization\",\"name\":\"El Diario - Decano de la prensa nacional\",\"url\":\"https:\\\/\\\/www.eldiario.net\\\/portal\\\/\",\"logo\":{\"@type\":\"ImageObject\",\"inLanguage\":\"es\",\"@id\":\"https:\\\/\\\/www.eldiario.net\\\/portal\\\/#\\\/schema\\\/logo\\\/image\\\/\",\"url\":\"https:\\\/\\\/www.eldiario.net\\\/portal\\\/wp-content\\\/uploads\\\/2023\\\/07\\\/logo_ED.jpg\",\"contentUrl\":\"https:\\\/\\\/www.eldiario.net\\\/portal\\\/wp-content\\\/uploads\\\/2023\\\/07\\\/logo_ED.jpg\",\"width\":272,\"height\":52,\"caption\":\"El Diario - Decano de la prensa nacional\"},\"image\":{\"@id\":\"https:\\\/\\\/www.eldiario.net\\\/portal\\\/#\\\/schema\\\/logo\\\/image\\\/\"},\"sameAs\":[\"https:\\\/\\\/www.facebook.com\\\/eldiario.bolivia\\\/\",\"https:\\\/\\\/x.com\\\/eldiario_net\"]},{\"@type\":\"Person\",\"@id\":\"https:\\\/\\\/www.eldiario.net\\\/portal\\\/#\\\/schema\\\/person\\\/f46445640444750d7d753ccd04ae01b7\",\"name\":\"Jeanette\",\"image\":{\"@type\":\"ImageObject\",\"inLanguage\":\"es\",\"@id\":\"https:\\\/\\\/secure.gravatar.com\\\/avatar\\\/3ea2118a5f7dad2b7138b1187a6b7ee55f160b9968b66013c3a3ef39dd7e5798?s=96&d=mm&r=g\",\"url\":\"https:\\\/\\\/secure.gravatar.com\\\/avatar\\\/3ea2118a5f7dad2b7138b1187a6b7ee55f160b9968b66013c3a3ef39dd7e5798?s=96&d=mm&r=g\",\"contentUrl\":\"https:\\\/\\\/secure.gravatar.com\\\/avatar\\\/3ea2118a5f7dad2b7138b1187a6b7ee55f160b9968b66013c3a3ef39dd7e5798?s=96&d=mm&r=g\",\"caption\":\"Jeanette\"},\"sameAs\":[\"https:\\\/\\\/www.eldiario.net\\\/portal\"],\"url\":\"https:\\\/\\\/www.eldiario.net\\\/portal\\\/author\\\/jeanette\\\/\"}]}<\/script>\n<!-- \/ Yoast SEO plugin. -->","yoast_head_json":{"title":"Gobierno confirma que Murillo contin\u00faa detenido - El Diario - Bolivia","robots":{"index":"index","follow":"follow","max-snippet":"max-snippet:-1","max-image-preview":"max-image-preview:large","max-video-preview":"max-video-preview:-1"},"canonical":"https:\/\/www.eldiario.net\/portal\/2021\/06\/19\/gobierno-confirma-que-murillo-continua-detenido\/","og_locale":"es_ES","og_type":"article","og_title":"Gobierno confirma que Murillo contin\u00faa detenido - El Diario - Bolivia","og_description":"El procurador general, Wilfredo Ch\u00e1vez, asegur\u00f3 ayer que el exministro de Gobierno Arturo Murillo contin\u00faa detenido en Estados Unidos y que no consta en documentos que habr\u00eda llegado a un acuerdo para ser testigo protegido. \u201cEl reporte escrito que se ha hecho llegar a este Procurador es que en primer lugar, la justicia de los [&hellip;]","og_url":"https:\/\/www.eldiario.net\/portal\/2021\/06\/19\/gobierno-confirma-que-murillo-continua-detenido\/","og_site_name":"El Diario - Bolivia","article_publisher":"https:\/\/www.facebook.com\/eldiario.bolivia\/","article_published_time":"2021-06-19T10:06:16+00:00","og_image":[{"url":"https:\/\/www.eldiario.net\/portal\/wp-content\/uploads\/2021\/06\/MURILLO-3.jpg","width":1,"height":1,"type":"image\/jpeg"}],"author":"Jeanette","twitter_card":"summary_large_image","twitter_creator":"@eldiario_net","twitter_site":"@eldiario_net","twitter_misc":{"Escrito por":"Jeanette","Tiempo de lectura":"2 minutos"},"schema":{"@context":"https:\/\/schema.org","@graph":[{"@type":"Article","@id":"https:\/\/www.eldiario.net\/portal\/2021\/06\/19\/gobierno-confirma-que-murillo-continua-detenido\/#article","isPartOf":{"@id":"https:\/\/www.eldiario.net\/portal\/2021\/06\/19\/gobierno-confirma-que-murillo-continua-detenido\/"},"author":{"name":"Jeanette","@id":"https:\/\/www.eldiario.net\/portal\/#\/schema\/person\/f46445640444750d7d753ccd04ae01b7"},"headline":"Gobierno confirma que Murillo contin\u00faa detenido","datePublished":"2021-06-19T10:06:16+00:00","mainEntityOfPage":{"@id":"https:\/\/www.eldiario.net\/portal\/2021\/06\/19\/gobierno-confirma-que-murillo-continua-detenido\/"},"wordCount":361,"publisher":{"@id":"https:\/\/www.eldiario.net\/portal\/#organization"},"image":{"@id":"https:\/\/www.eldiario.net\/portal\/2021\/06\/19\/gobierno-confirma-que-murillo-continua-detenido\/#primaryimage"},"thumbnailUrl":"https:\/\/www.eldiario.net\/portal\/wp-content\/uploads\/2021\/06\/MURILLO-3.jpg","articleSection":["Sociedad - Seguridad"],"inLanguage":"es"},{"@type":"WebPage","@id":"https:\/\/www.eldiario.net\/portal\/2021\/06\/19\/gobierno-confirma-que-murillo-continua-detenido\/","url":"https:\/\/www.eldiario.net\/portal\/2021\/06\/19\/gobierno-confirma-que-murillo-continua-detenido\/","name":"Gobierno confirma que Murillo contin\u00faa detenido - El Diario - Bolivia","isPartOf":{"@id":"https:\/\/www.eldiario.net\/portal\/#website"},"primaryImageOfPage":{"@id":"https:\/\/www.eldiario.net\/portal\/2021\/06\/19\/gobierno-confirma-que-murillo-continua-detenido\/#primaryimage"},"image":{"@id":"https:\/\/www.eldiario.net\/portal\/2021\/06\/19\/gobierno-confirma-que-murillo-continua-detenido\/#primaryimage"},"thumbnailUrl":"https:\/\/www.eldiario.net\/portal\/wp-content\/uploads\/2021\/06\/MURILLO-3.jpg","datePublished":"2021-06-19T10:06:16+00:00","breadcrumb":{"@id":"https:\/\/www.eldiario.net\/portal\/2021\/06\/19\/gobierno-confirma-que-murillo-continua-detenido\/#breadcrumb"},"inLanguage":"es","potentialAction":[{"@type":"ReadAction","target":["https:\/\/www.eldiario.net\/portal\/2021\/06\/19\/gobierno-confirma-que-murillo-continua-detenido\/"]}]},{"@type":"ImageObject","inLanguage":"es","@id":"https:\/\/www.eldiario.net\/portal\/2021\/06\/19\/gobierno-confirma-que-murillo-continua-detenido\/#primaryimage","url":"https:\/\/www.eldiario.net\/portal\/wp-content\/uploads\/2021\/06\/MURILLO-3.jpg","contentUrl":"https:\/\/www.eldiario.net\/portal\/wp-content\/uploads\/2021\/06\/MURILLO-3.jpg"},{"@type":"BreadcrumbList","@id":"https:\/\/www.eldiario.net\/portal\/2021\/06\/19\/gobierno-confirma-que-murillo-continua-detenido\/#breadcrumb","itemListElement":[{"@type":"ListItem","position":1,"name":"Portada","item":"https:\/\/www.eldiario.net\/portal\/"},{"@type":"ListItem","position":2,"name":"Gobierno confirma que Murillo contin\u00faa detenido"}]},{"@type":"WebSite","@id":"https:\/\/www.eldiario.net\/portal\/#website","url":"https:\/\/www.eldiario.net\/portal\/","name":"El Diario - Decano de la prensa nacional","description":"El Diario - Decano de la prensa nacional","publisher":{"@id":"https:\/\/www.eldiario.net\/portal\/#organization"},"potentialAction":[{"@type":"SearchAction","target":{"@type":"EntryPoint","urlTemplate":"https:\/\/www.eldiario.net\/portal\/?s={search_term_string}"},"query-input":{"@type":"PropertyValueSpecification","valueRequired":true,"valueName":"search_term_string"}}],"inLanguage":"es"},{"@type":"Organization","@id":"https:\/\/www.eldiario.net\/portal\/#organization","name":"El Diario - Decano de la prensa nacional","url":"https:\/\/www.eldiario.net\/portal\/","logo":{"@type":"ImageObject","inLanguage":"es","@id":"https:\/\/www.eldiario.net\/portal\/#\/schema\/logo\/image\/","url":"https:\/\/www.eldiario.net\/portal\/wp-content\/uploads\/2023\/07\/logo_ED.jpg","contentUrl":"https:\/\/www.eldiario.net\/portal\/wp-content\/uploads\/2023\/07\/logo_ED.jpg","width":272,"height":52,"caption":"El Diario - Decano de la prensa nacional"},"image":{"@id":"https:\/\/www.eldiario.net\/portal\/#\/schema\/logo\/image\/"},"sameAs":["https:\/\/www.facebook.com\/eldiario.bolivia\/","https:\/\/x.com\/eldiario_net"]},{"@type":"Person","@id":"https:\/\/www.eldiario.net\/portal\/#\/schema\/person\/f46445640444750d7d753ccd04ae01b7","name":"Jeanette","image":{"@type":"ImageObject","inLanguage":"es","@id":"https:\/\/secure.gravatar.com\/avatar\/3ea2118a5f7dad2b7138b1187a6b7ee55f160b9968b66013c3a3ef39dd7e5798?s=96&d=mm&r=g","url":"https:\/\/secure.gravatar.com\/avatar\/3ea2118a5f7dad2b7138b1187a6b7ee55f160b9968b66013c3a3ef39dd7e5798?s=96&d=mm&r=g","contentUrl":"https:\/\/secure.gravatar.com\/avatar\/3ea2118a5f7dad2b7138b1187a6b7ee55f160b9968b66013c3a3ef39dd7e5798?s=96&d=mm&r=g","caption":"Jeanette"},"sameAs":["https:\/\/www.eldiario.net\/portal"],"url":"https:\/\/www.eldiario.net\/portal\/author\/jeanette\/"}]}},"_links":{"self":[{"href":"https:\/\/www.eldiario.net\/portal\/wp-json\/wp\/v2\/posts\/11384","targetHints":{"allow":["GET"]}}],"collection":[{"href":"https:\/\/www.eldiario.net\/portal\/wp-json\/wp\/v2\/posts"}],"about":[{"href":"https:\/\/www.eldiario.net\/portal\/wp-json\/wp\/v2\/types\/post"}],"author":[{"embeddable":true,"href":"https:\/\/www.eldiario.net\/portal\/wp-json\/wp\/v2\/users\/1"}],"replies":[{"embeddable":true,"href":"https:\/\/www.eldiario.net\/portal\/wp-json\/wp\/v2\/comments?post=11384"}],"version-history":[{"count":0,"href":"https:\/\/www.eldiario.net\/portal\/wp-json\/wp\/v2\/posts\/11384\/revisions"}],"wp:featuredmedia":[{"embeddable":true,"href":"https:\/\/www.eldiario.net\/portal\/wp-json\/wp\/v2\/media\/11385"}],"wp:attachment":[{"href":"https:\/\/www.eldiario.net\/portal\/wp-json\/wp\/v2\/media?parent=11384"}],"wp:term":[{"taxonomy":"category","embeddable":true,"href":"https:\/\/www.eldiario.net\/portal\/wp-json\/wp\/v2\/categories?post=11384"},{"taxonomy":"post_tag","embeddable":true,"href":"https:\/\/www.eldiario.net\/portal\/wp-json\/wp\/v2\/tags?post=11384"}],"curies":[{"name":"wp","href":"https:\/\/api.w.org\/{rel}","templated":true}]}}