{"id":113798,"date":"2022-09-30T05:38:58","date_gmt":"2022-09-30T09:38:58","guid":{"rendered":"https:\/\/www.eldiario.net\/portal\/?p=113798"},"modified":"2022-09-30T05:38:58","modified_gmt":"2022-09-30T09:38:58","slug":"invitan-a-empresarios-a-dialogar-sobre-restriccion-de-gas-para-energia-electrica","status":"publish","type":"post","link":"https:\/\/www.eldiario.net\/portal\/2022\/09\/30\/invitan-a-empresarios-a-dialogar-sobre-restriccion-de-gas-para-energia-electrica\/","title":{"rendered":"Invitan a empresarios a dialogar sobre  restricci\u00f3n de gas para energ\u00eda el\u00e9ctrica"},"content":{"rendered":"<p>Ante los anuncios de p\u00e9rdidas de la industria y la reducci\u00f3n de competitividad, el ministro de Hidrocarburos y Energ\u00eda, Franklin Molina, dijo que se curs\u00f3 invitaci\u00f3n a los empresarios para tratar el tema de la restricci\u00f3n del uso de gas para generar energ\u00eda el\u00e9ctrica, para hoy.<br \/>\nLa autoridad inform\u00f3 que son 20 industrias que formalmente presentaron su solicitud para generar energ\u00eda el\u00e9ctrica a partir del gas, pero tambi\u00e9n se\u00f1al\u00f3 que tienen conocimiento de que 100 empresas estar\u00edan realizando esta actividad de manera ilegal.<br \/>\nReconoci\u00f3 que la ca\u00edda de la producci\u00f3n se viene desde el 2015, y la tendencia no cambi\u00f3 en la presente gesti\u00f3n, por ello desde el a\u00f1o pasado pusieron en pr\u00e1ctica el plan de Upstream, la pasada gesti\u00f3n.<br \/>\nContratos petroleros<br \/>\nEn ese contexto, Inform\u00f3 que se aprobaron en el Senado cinco leyes para la exploraci\u00f3n de hidrocarburos, y Yacimientos Petrol\u00edferos Fiscales Bolivianos (YPFB) deber\u00e1 suscribir los contratos para que operen las empresas.<br \/>\nDijo que la inversi\u00f3n superar\u00e1 los 500 millones de d\u00f3lares, y se espera obtener una renta petrolera de 1.700 millones. Las operaciones permitir\u00e1n generar empleos, as\u00ed como movimiento econ\u00f3mico en las regiones.<br \/>\nLa producci\u00f3n de m\u00e1s de 60 millones de metros c\u00fabicos d\u00eda (MMmcd) registrado en 2013, cay\u00f3 a 43 MMmcd, por lo que no puede aprovechar los precios altos del petr\u00f3leo en el mercado internacional, debido a que no tiene una oferta considerable para los mercados de Brasil y Argentina, con los cuales logr\u00f3 suscribir adendas para bajar los vol\u00famenes de env\u00edos.<br \/>\nAdem\u00e1s, los expertos coinciden, por separado, que la maduraci\u00f3n de los campos hidrocarbur\u00edferos demora entre tres a cinco a\u00f1os. La inversi\u00f3n oscila de 50 millones de d\u00f3lares a m\u00e1s de 200 millones, mucho depender\u00e1 de la profundidad y de la zona.<\/p>\n<p>Reuni\u00f3n<br \/>\nMientras tanto, la reuni\u00f3n para hoy deber\u00e1 tratar el tema del decreto y la afectaci\u00f3n a los industriales, aunque la autoridad asegur\u00f3 que las subvenciones se mantienen en electricidad y gas, y s\u00f3lo se dispone a mejorar la distribuci\u00f3n del combustible.<\/p>\n","protected":false},"excerpt":{"rendered":"<p>Ante los anuncios de p\u00e9rdidas de la industria y la reducci\u00f3n de competitividad, el ministro de Hidrocarburos y Energ\u00eda, Franklin Molina, dijo que se curs\u00f3 invitaci\u00f3n a los empresarios para tratar el tema de la restricci\u00f3n del uso de gas para generar energ\u00eda el\u00e9ctrica, para hoy. La autoridad inform\u00f3 que son 20 industrias que formalmente [&hellip;]<\/p>\n","protected":false},"author":1,"featured_media":113799,"comment_status":"closed","ping_status":"closed","sticky":false,"template":"","format":"standard","meta":{"_acf_changed":false,"footnotes":""},"categories":[7],"tags":[],"class_list":["post-113798","post","type-post","status-publish","format-standard","has-post-thumbnail","category-economia"],"acf":{"antetitulo":""},"yoast_head":"<!-- This site is optimized with the Yoast SEO plugin v28.4 - https:\/\/yoast.com\/product\/yoast-seo-wordpress\/ -->\n<title>Invitan a empresarios a dialogar sobre restricci\u00f3n de gas para energ\u00eda el\u00e9ctrica - El Diario - Bolivia<\/title>\n<meta name=\"robots\" content=\"index, follow, max-snippet:-1, max-image-preview:large, max-video-preview:-1\" \/>\n<link rel=\"canonical\" href=\"https:\/\/www.eldiario.net\/portal\/2022\/09\/30\/invitan-a-empresarios-a-dialogar-sobre-restriccion-de-gas-para-energia-electrica\/\" \/>\n<meta property=\"og:locale\" content=\"es_ES\" \/>\n<meta property=\"og:type\" content=\"article\" \/>\n<meta property=\"og:title\" content=\"Invitan a empresarios a dialogar sobre restricci\u00f3n de gas para energ\u00eda el\u00e9ctrica - El Diario - Bolivia\" \/>\n<meta property=\"og:description\" content=\"Ante los anuncios de p\u00e9rdidas de la industria y la reducci\u00f3n de competitividad, el ministro de Hidrocarburos y Energ\u00eda, Franklin Molina, dijo que se curs\u00f3 invitaci\u00f3n a los empresarios para tratar el tema de la restricci\u00f3n del uso de gas para generar energ\u00eda el\u00e9ctrica, para hoy. La autoridad inform\u00f3 que son 20 industrias que formalmente [&hellip;]\" \/>\n<meta property=\"og:url\" content=\"https:\/\/www.eldiario.net\/portal\/2022\/09\/30\/invitan-a-empresarios-a-dialogar-sobre-restriccion-de-gas-para-energia-electrica\/\" \/>\n<meta property=\"og:site_name\" content=\"El Diario - Bolivia\" \/>\n<meta property=\"article:publisher\" content=\"https:\/\/www.facebook.com\/eldiario.bolivia\/\" \/>\n<meta property=\"article:published_time\" content=\"2022-09-30T09:38:58+00:00\" \/>\n<meta name=\"author\" content=\"Jeanette\" \/>\n<meta name=\"twitter:card\" content=\"summary_large_image\" \/>\n<meta name=\"twitter:creator\" content=\"@eldiario_net\" \/>\n<meta name=\"twitter:site\" content=\"@eldiario_net\" \/>\n<meta name=\"twitter:label1\" content=\"Escrito por\" \/>\n\t<meta name=\"twitter:data1\" content=\"Jeanette\" \/>\n\t<meta name=\"twitter:label2\" content=\"Tiempo de lectura\" \/>\n\t<meta name=\"twitter:data2\" content=\"2 minutos\" \/>\n<script type=\"application\/ld+json\" class=\"yoast-schema-graph\">{\"@context\":\"https:\\\/\\\/schema.org\",\"@graph\":[{\"@type\":\"Article\",\"@id\":\"https:\\\/\\\/www.eldiario.net\\\/portal\\\/2022\\\/09\\\/30\\\/invitan-a-empresarios-a-dialogar-sobre-restriccion-de-gas-para-energia-electrica\\\/#article\",\"isPartOf\":{\"@id\":\"https:\\\/\\\/www.eldiario.net\\\/portal\\\/2022\\\/09\\\/30\\\/invitan-a-empresarios-a-dialogar-sobre-restriccion-de-gas-para-energia-electrica\\\/\"},\"author\":{\"name\":\"Jeanette\",\"@id\":\"https:\\\/\\\/www.eldiario.net\\\/portal\\\/#\\\/schema\\\/person\\\/f46445640444750d7d753ccd04ae01b7\"},\"headline\":\"Invitan a empresarios a dialogar sobre restricci\u00f3n de gas para energ\u00eda el\u00e9ctrica\",\"datePublished\":\"2022-09-30T09:38:58+00:00\",\"mainEntityOfPage\":{\"@id\":\"https:\\\/\\\/www.eldiario.net\\\/portal\\\/2022\\\/09\\\/30\\\/invitan-a-empresarios-a-dialogar-sobre-restriccion-de-gas-para-energia-electrica\\\/\"},\"wordCount\":378,\"publisher\":{\"@id\":\"https:\\\/\\\/www.eldiario.net\\\/portal\\\/#organization\"},\"image\":{\"@id\":\"https:\\\/\\\/www.eldiario.net\\\/portal\\\/2022\\\/09\\\/30\\\/invitan-a-empresarios-a-dialogar-sobre-restriccion-de-gas-para-energia-electrica\\\/#primaryimage\"},\"thumbnailUrl\":\"\",\"articleSection\":[\"Econom\u00eda\"],\"inLanguage\":\"es\"},{\"@type\":\"WebPage\",\"@id\":\"https:\\\/\\\/www.eldiario.net\\\/portal\\\/2022\\\/09\\\/30\\\/invitan-a-empresarios-a-dialogar-sobre-restriccion-de-gas-para-energia-electrica\\\/\",\"url\":\"https:\\\/\\\/www.eldiario.net\\\/portal\\\/2022\\\/09\\\/30\\\/invitan-a-empresarios-a-dialogar-sobre-restriccion-de-gas-para-energia-electrica\\\/\",\"name\":\"Invitan a empresarios a dialogar sobre restricci\u00f3n de gas para energ\u00eda el\u00e9ctrica - El Diario - Bolivia\",\"isPartOf\":{\"@id\":\"https:\\\/\\\/www.eldiario.net\\\/portal\\\/#website\"},\"primaryImageOfPage\":{\"@id\":\"https:\\\/\\\/www.eldiario.net\\\/portal\\\/2022\\\/09\\\/30\\\/invitan-a-empresarios-a-dialogar-sobre-restriccion-de-gas-para-energia-electrica\\\/#primaryimage\"},\"image\":{\"@id\":\"https:\\\/\\\/www.eldiario.net\\\/portal\\\/2022\\\/09\\\/30\\\/invitan-a-empresarios-a-dialogar-sobre-restriccion-de-gas-para-energia-electrica\\\/#primaryimage\"},\"thumbnailUrl\":\"\",\"datePublished\":\"2022-09-30T09:38:58+00:00\",\"breadcrumb\":{\"@id\":\"https:\\\/\\\/www.eldiario.net\\\/portal\\\/2022\\\/09\\\/30\\\/invitan-a-empresarios-a-dialogar-sobre-restriccion-de-gas-para-energia-electrica\\\/#breadcrumb\"},\"inLanguage\":\"es\",\"potentialAction\":[{\"@type\":\"ReadAction\",\"target\":[\"https:\\\/\\\/www.eldiario.net\\\/portal\\\/2022\\\/09\\\/30\\\/invitan-a-empresarios-a-dialogar-sobre-restriccion-de-gas-para-energia-electrica\\\/\"]}]},{\"@type\":\"ImageObject\",\"inLanguage\":\"es\",\"@id\":\"https:\\\/\\\/www.eldiario.net\\\/portal\\\/2022\\\/09\\\/30\\\/invitan-a-empresarios-a-dialogar-sobre-restriccion-de-gas-para-energia-electrica\\\/#primaryimage\",\"url\":\"\",\"contentUrl\":\"\"},{\"@type\":\"BreadcrumbList\",\"@id\":\"https:\\\/\\\/www.eldiario.net\\\/portal\\\/2022\\\/09\\\/30\\\/invitan-a-empresarios-a-dialogar-sobre-restriccion-de-gas-para-energia-electrica\\\/#breadcrumb\",\"itemListElement\":[{\"@type\":\"ListItem\",\"position\":1,\"name\":\"Portada\",\"item\":\"https:\\\/\\\/www.eldiario.net\\\/portal\\\/\"},{\"@type\":\"ListItem\",\"position\":2,\"name\":\"Invitan a empresarios a dialogar sobre restricci\u00f3n de gas para energ\u00eda el\u00e9ctrica\"}]},{\"@type\":\"WebSite\",\"@id\":\"https:\\\/\\\/www.eldiario.net\\\/portal\\\/#website\",\"url\":\"https:\\\/\\\/www.eldiario.net\\\/portal\\\/\",\"name\":\"El Diario - Decano de la prensa nacional\",\"description\":\"El Diario - Decano de la prensa nacional\",\"publisher\":{\"@id\":\"https:\\\/\\\/www.eldiario.net\\\/portal\\\/#organization\"},\"potentialAction\":[{\"@type\":\"SearchAction\",\"target\":{\"@type\":\"EntryPoint\",\"urlTemplate\":\"https:\\\/\\\/www.eldiario.net\\\/portal\\\/?s={search_term_string}\"},\"query-input\":{\"@type\":\"PropertyValueSpecification\",\"valueRequired\":true,\"valueName\":\"search_term_string\"}}],\"inLanguage\":\"es\"},{\"@type\":\"Organization\",\"@id\":\"https:\\\/\\\/www.eldiario.net\\\/portal\\\/#organization\",\"name\":\"El Diario - Decano de la prensa nacional\",\"url\":\"https:\\\/\\\/www.eldiario.net\\\/portal\\\/\",\"logo\":{\"@type\":\"ImageObject\",\"inLanguage\":\"es\",\"@id\":\"https:\\\/\\\/www.eldiario.net\\\/portal\\\/#\\\/schema\\\/logo\\\/image\\\/\",\"url\":\"https:\\\/\\\/www.eldiario.net\\\/portal\\\/wp-content\\\/uploads\\\/2023\\\/07\\\/logo_ED.jpg\",\"contentUrl\":\"https:\\\/\\\/www.eldiario.net\\\/portal\\\/wp-content\\\/uploads\\\/2023\\\/07\\\/logo_ED.jpg\",\"width\":272,\"height\":52,\"caption\":\"El Diario - Decano de la prensa nacional\"},\"image\":{\"@id\":\"https:\\\/\\\/www.eldiario.net\\\/portal\\\/#\\\/schema\\\/logo\\\/image\\\/\"},\"sameAs\":[\"https:\\\/\\\/www.facebook.com\\\/eldiario.bolivia\\\/\",\"https:\\\/\\\/x.com\\\/eldiario_net\"]},{\"@type\":\"Person\",\"@id\":\"https:\\\/\\\/www.eldiario.net\\\/portal\\\/#\\\/schema\\\/person\\\/f46445640444750d7d753ccd04ae01b7\",\"name\":\"Jeanette\",\"image\":{\"@type\":\"ImageObject\",\"inLanguage\":\"es\",\"@id\":\"https:\\\/\\\/secure.gravatar.com\\\/avatar\\\/3ea2118a5f7dad2b7138b1187a6b7ee55f160b9968b66013c3a3ef39dd7e5798?s=96&d=mm&r=g\",\"url\":\"https:\\\/\\\/secure.gravatar.com\\\/avatar\\\/3ea2118a5f7dad2b7138b1187a6b7ee55f160b9968b66013c3a3ef39dd7e5798?s=96&d=mm&r=g\",\"contentUrl\":\"https:\\\/\\\/secure.gravatar.com\\\/avatar\\\/3ea2118a5f7dad2b7138b1187a6b7ee55f160b9968b66013c3a3ef39dd7e5798?s=96&d=mm&r=g\",\"caption\":\"Jeanette\"},\"sameAs\":[\"https:\\\/\\\/www.eldiario.net\\\/portal\"],\"url\":\"https:\\\/\\\/www.eldiario.net\\\/portal\\\/author\\\/jeanette\\\/\"}]}<\/script>\n<!-- \/ Yoast SEO plugin. -->","yoast_head_json":{"title":"Invitan a empresarios a dialogar sobre restricci\u00f3n de gas para energ\u00eda el\u00e9ctrica - El Diario - Bolivia","robots":{"index":"index","follow":"follow","max-snippet":"max-snippet:-1","max-image-preview":"max-image-preview:large","max-video-preview":"max-video-preview:-1"},"canonical":"https:\/\/www.eldiario.net\/portal\/2022\/09\/30\/invitan-a-empresarios-a-dialogar-sobre-restriccion-de-gas-para-energia-electrica\/","og_locale":"es_ES","og_type":"article","og_title":"Invitan a empresarios a dialogar sobre restricci\u00f3n de gas para energ\u00eda el\u00e9ctrica - El Diario - Bolivia","og_description":"Ante los anuncios de p\u00e9rdidas de la industria y la reducci\u00f3n de competitividad, el ministro de Hidrocarburos y Energ\u00eda, Franklin Molina, dijo que se curs\u00f3 invitaci\u00f3n a los empresarios para tratar el tema de la restricci\u00f3n del uso de gas para generar energ\u00eda el\u00e9ctrica, para hoy. La autoridad inform\u00f3 que son 20 industrias que formalmente [&hellip;]","og_url":"https:\/\/www.eldiario.net\/portal\/2022\/09\/30\/invitan-a-empresarios-a-dialogar-sobre-restriccion-de-gas-para-energia-electrica\/","og_site_name":"El Diario - Bolivia","article_publisher":"https:\/\/www.facebook.com\/eldiario.bolivia\/","article_published_time":"2022-09-30T09:38:58+00:00","author":"Jeanette","twitter_card":"summary_large_image","twitter_creator":"@eldiario_net","twitter_site":"@eldiario_net","twitter_misc":{"Escrito por":"Jeanette","Tiempo de lectura":"2 minutos"},"schema":{"@context":"https:\/\/schema.org","@graph":[{"@type":"Article","@id":"https:\/\/www.eldiario.net\/portal\/2022\/09\/30\/invitan-a-empresarios-a-dialogar-sobre-restriccion-de-gas-para-energia-electrica\/#article","isPartOf":{"@id":"https:\/\/www.eldiario.net\/portal\/2022\/09\/30\/invitan-a-empresarios-a-dialogar-sobre-restriccion-de-gas-para-energia-electrica\/"},"author":{"name":"Jeanette","@id":"https:\/\/www.eldiario.net\/portal\/#\/schema\/person\/f46445640444750d7d753ccd04ae01b7"},"headline":"Invitan a empresarios a dialogar sobre restricci\u00f3n de gas para energ\u00eda el\u00e9ctrica","datePublished":"2022-09-30T09:38:58+00:00","mainEntityOfPage":{"@id":"https:\/\/www.eldiario.net\/portal\/2022\/09\/30\/invitan-a-empresarios-a-dialogar-sobre-restriccion-de-gas-para-energia-electrica\/"},"wordCount":378,"publisher":{"@id":"https:\/\/www.eldiario.net\/portal\/#organization"},"image":{"@id":"https:\/\/www.eldiario.net\/portal\/2022\/09\/30\/invitan-a-empresarios-a-dialogar-sobre-restriccion-de-gas-para-energia-electrica\/#primaryimage"},"thumbnailUrl":"","articleSection":["Econom\u00eda"],"inLanguage":"es"},{"@type":"WebPage","@id":"https:\/\/www.eldiario.net\/portal\/2022\/09\/30\/invitan-a-empresarios-a-dialogar-sobre-restriccion-de-gas-para-energia-electrica\/","url":"https:\/\/www.eldiario.net\/portal\/2022\/09\/30\/invitan-a-empresarios-a-dialogar-sobre-restriccion-de-gas-para-energia-electrica\/","name":"Invitan a empresarios a dialogar sobre restricci\u00f3n de gas para energ\u00eda el\u00e9ctrica - El Diario - Bolivia","isPartOf":{"@id":"https:\/\/www.eldiario.net\/portal\/#website"},"primaryImageOfPage":{"@id":"https:\/\/www.eldiario.net\/portal\/2022\/09\/30\/invitan-a-empresarios-a-dialogar-sobre-restriccion-de-gas-para-energia-electrica\/#primaryimage"},"image":{"@id":"https:\/\/www.eldiario.net\/portal\/2022\/09\/30\/invitan-a-empresarios-a-dialogar-sobre-restriccion-de-gas-para-energia-electrica\/#primaryimage"},"thumbnailUrl":"","datePublished":"2022-09-30T09:38:58+00:00","breadcrumb":{"@id":"https:\/\/www.eldiario.net\/portal\/2022\/09\/30\/invitan-a-empresarios-a-dialogar-sobre-restriccion-de-gas-para-energia-electrica\/#breadcrumb"},"inLanguage":"es","potentialAction":[{"@type":"ReadAction","target":["https:\/\/www.eldiario.net\/portal\/2022\/09\/30\/invitan-a-empresarios-a-dialogar-sobre-restriccion-de-gas-para-energia-electrica\/"]}]},{"@type":"ImageObject","inLanguage":"es","@id":"https:\/\/www.eldiario.net\/portal\/2022\/09\/30\/invitan-a-empresarios-a-dialogar-sobre-restriccion-de-gas-para-energia-electrica\/#primaryimage","url":"","contentUrl":""},{"@type":"BreadcrumbList","@id":"https:\/\/www.eldiario.net\/portal\/2022\/09\/30\/invitan-a-empresarios-a-dialogar-sobre-restriccion-de-gas-para-energia-electrica\/#breadcrumb","itemListElement":[{"@type":"ListItem","position":1,"name":"Portada","item":"https:\/\/www.eldiario.net\/portal\/"},{"@type":"ListItem","position":2,"name":"Invitan a empresarios a dialogar sobre restricci\u00f3n de gas para energ\u00eda el\u00e9ctrica"}]},{"@type":"WebSite","@id":"https:\/\/www.eldiario.net\/portal\/#website","url":"https:\/\/www.eldiario.net\/portal\/","name":"El Diario - Decano de la prensa nacional","description":"El Diario - Decano de la prensa nacional","publisher":{"@id":"https:\/\/www.eldiario.net\/portal\/#organization"},"potentialAction":[{"@type":"SearchAction","target":{"@type":"EntryPoint","urlTemplate":"https:\/\/www.eldiario.net\/portal\/?s={search_term_string}"},"query-input":{"@type":"PropertyValueSpecification","valueRequired":true,"valueName":"search_term_string"}}],"inLanguage":"es"},{"@type":"Organization","@id":"https:\/\/www.eldiario.net\/portal\/#organization","name":"El Diario - Decano de la prensa nacional","url":"https:\/\/www.eldiario.net\/portal\/","logo":{"@type":"ImageObject","inLanguage":"es","@id":"https:\/\/www.eldiario.net\/portal\/#\/schema\/logo\/image\/","url":"https:\/\/www.eldiario.net\/portal\/wp-content\/uploads\/2023\/07\/logo_ED.jpg","contentUrl":"https:\/\/www.eldiario.net\/portal\/wp-content\/uploads\/2023\/07\/logo_ED.jpg","width":272,"height":52,"caption":"El Diario - Decano de la prensa nacional"},"image":{"@id":"https:\/\/www.eldiario.net\/portal\/#\/schema\/logo\/image\/"},"sameAs":["https:\/\/www.facebook.com\/eldiario.bolivia\/","https:\/\/x.com\/eldiario_net"]},{"@type":"Person","@id":"https:\/\/www.eldiario.net\/portal\/#\/schema\/person\/f46445640444750d7d753ccd04ae01b7","name":"Jeanette","image":{"@type":"ImageObject","inLanguage":"es","@id":"https:\/\/secure.gravatar.com\/avatar\/3ea2118a5f7dad2b7138b1187a6b7ee55f160b9968b66013c3a3ef39dd7e5798?s=96&d=mm&r=g","url":"https:\/\/secure.gravatar.com\/avatar\/3ea2118a5f7dad2b7138b1187a6b7ee55f160b9968b66013c3a3ef39dd7e5798?s=96&d=mm&r=g","contentUrl":"https:\/\/secure.gravatar.com\/avatar\/3ea2118a5f7dad2b7138b1187a6b7ee55f160b9968b66013c3a3ef39dd7e5798?s=96&d=mm&r=g","caption":"Jeanette"},"sameAs":["https:\/\/www.eldiario.net\/portal"],"url":"https:\/\/www.eldiario.net\/portal\/author\/jeanette\/"}]}},"_links":{"self":[{"href":"https:\/\/www.eldiario.net\/portal\/wp-json\/wp\/v2\/posts\/113798","targetHints":{"allow":["GET"]}}],"collection":[{"href":"https:\/\/www.eldiario.net\/portal\/wp-json\/wp\/v2\/posts"}],"about":[{"href":"https:\/\/www.eldiario.net\/portal\/wp-json\/wp\/v2\/types\/post"}],"author":[{"embeddable":true,"href":"https:\/\/www.eldiario.net\/portal\/wp-json\/wp\/v2\/users\/1"}],"replies":[{"embeddable":true,"href":"https:\/\/www.eldiario.net\/portal\/wp-json\/wp\/v2\/comments?post=113798"}],"version-history":[{"count":0,"href":"https:\/\/www.eldiario.net\/portal\/wp-json\/wp\/v2\/posts\/113798\/revisions"}],"wp:attachment":[{"href":"https:\/\/www.eldiario.net\/portal\/wp-json\/wp\/v2\/media?parent=113798"}],"wp:term":[{"taxonomy":"category","embeddable":true,"href":"https:\/\/www.eldiario.net\/portal\/wp-json\/wp\/v2\/categories?post=113798"},{"taxonomy":"post_tag","embeddable":true,"href":"https:\/\/www.eldiario.net\/portal\/wp-json\/wp\/v2\/tags?post=113798"}],"curies":[{"name":"wp","href":"https:\/\/api.w.org\/{rel}","templated":true}]}}