{"id":113795,"date":"2022-09-30T05:38:18","date_gmt":"2022-09-30T09:38:18","guid":{"rendered":"https:\/\/www.eldiario.net\/portal\/?p=113795"},"modified":"2022-09-30T05:38:18","modified_gmt":"2022-09-30T09:38:18","slug":"outlet-de-viajes-apunta-a-reactivar-turismo-interno","status":"publish","type":"post","link":"https:\/\/www.eldiario.net\/portal\/2022\/09\/30\/outlet-de-viajes-apunta-a-reactivar-turismo-interno\/","title":{"rendered":"Outlet de viajes apunta a reactivar turismo interno"},"content":{"rendered":"<p>Despu\u00e9s de dos a\u00f1os de paralizaci\u00f3n por la pandemia, las agencias de viajes junto a las cadenas hoteleras y entidades bancarias realizar\u00e1n el \u00abOutlet de viajes\u00bb para reactivar el turismo interno nacional. Durante tres d\u00edas los expertos brindar\u00e1n toda la informaci\u00f3n a quienes visiten el campo ferial Chuquiago Marka, este fin de semana.<br \/>\nLa gerente regional de Tropical Tours, Marcela Bascop\u00e9, invit\u00f3 al p\u00fablico pace\u00f1o a visitar el campo ferial este fin de semana, donde representantes de las principales cadenas hoteleras explicar\u00e1n sobre las bondades y los beneficios del outlet, con los precios m\u00e1s bajos del mercado.<br \/>\nLas ofertas llegar\u00e1n un 50% de descuento. \u00abLos viajes son un derecho y no un privilegio\u00bb, dijo Bascop\u00e9.<br \/>\nPor su parte, el representante de la cadena hotelera Palace, Julio Vilaseca, dijo que en la cita estar\u00e1n asesores de primera mano para despejar todas las dudas que tengan los visitantes sobre los viajes y costos.<br \/>\n\u00abLos viajes hacen a la gente y no la gente hace a los viajes\u00bb, apunto a tiempo de indicar que las personas retornar\u00e1n al pa\u00eds con una nueva visi\u00f3n luego de darse unas vacaciones en el exterior.<br \/>\nLos visitantes podr\u00e1n pagar en 10 cuotas el viaje que puedan elegir, debido a que Tropical Tours trabaja en alianza con el BCP.<br \/>\nM\u00e1s de 35 expositores de cadenas hoteleras, l\u00edneas a\u00e9reas, cruceros y operadores de circuitos guiados en Europa, Estados Unidos y Medio Oriente, estar\u00e1n presentes en el Outlet de viajes.<br \/>\nLa feria de viajes, que vuelve despu\u00e9s de dos a\u00f1os de receso, espera la visita de 12.000 personas, quienes podr\u00e1n conocer los paquetes del a\u00f1o para recorrer el mundo, entre los m\u00e1s cotizados est\u00e1n las playas del Caribe.<br \/>\nAdem\u00e1s, las personas que adquieran sus paquetes de viajes dentro del Outlet, tendr\u00e1n la posibilidad de participar en un sorteo de viaje para dos personas al Caribe.<br \/>\nPIE DE FOTO<\/p>\n<p>&nbsp;<\/p>\n","protected":false},"excerpt":{"rendered":"<p>Despu\u00e9s de dos a\u00f1os de paralizaci\u00f3n por la pandemia, las agencias de viajes junto a las cadenas hoteleras y entidades bancarias realizar\u00e1n el \u00abOutlet de viajes\u00bb para reactivar el turismo interno nacional. Durante tres d\u00edas los expertos brindar\u00e1n toda la informaci\u00f3n a quienes visiten el campo ferial Chuquiago Marka, este fin de semana. La gerente [&hellip;]<\/p>\n","protected":false},"author":1,"featured_media":113796,"comment_status":"closed","ping_status":"closed","sticky":false,"template":"","format":"standard","meta":{"_acf_changed":false,"footnotes":""},"categories":[7],"tags":[],"class_list":["post-113795","post","type-post","status-publish","format-standard","has-post-thumbnail","category-economia"],"acf":{"antetitulo":""},"yoast_head":"<!-- This site is optimized with the Yoast SEO plugin v28.4 - https:\/\/yoast.com\/product\/yoast-seo-wordpress\/ -->\n<title>Outlet de viajes apunta a reactivar turismo interno - El Diario - Bolivia<\/title>\n<meta name=\"robots\" content=\"index, follow, max-snippet:-1, max-image-preview:large, max-video-preview:-1\" \/>\n<link rel=\"canonical\" href=\"https:\/\/www.eldiario.net\/portal\/2022\/09\/30\/outlet-de-viajes-apunta-a-reactivar-turismo-interno\/\" \/>\n<meta property=\"og:locale\" content=\"es_ES\" \/>\n<meta property=\"og:type\" content=\"article\" \/>\n<meta property=\"og:title\" content=\"Outlet de viajes apunta a reactivar turismo interno - El Diario - Bolivia\" \/>\n<meta property=\"og:description\" content=\"Despu\u00e9s de dos a\u00f1os de paralizaci\u00f3n por la pandemia, las agencias de viajes junto a las cadenas hoteleras y entidades bancarias realizar\u00e1n el \u00abOutlet de viajes\u00bb para reactivar el turismo interno nacional. Durante tres d\u00edas los expertos brindar\u00e1n toda la informaci\u00f3n a quienes visiten el campo ferial Chuquiago Marka, este fin de semana. La gerente [&hellip;]\" \/>\n<meta property=\"og:url\" content=\"https:\/\/www.eldiario.net\/portal\/2022\/09\/30\/outlet-de-viajes-apunta-a-reactivar-turismo-interno\/\" \/>\n<meta property=\"og:site_name\" content=\"El Diario - Bolivia\" \/>\n<meta property=\"article:publisher\" content=\"https:\/\/www.facebook.com\/eldiario.bolivia\/\" \/>\n<meta property=\"article:published_time\" content=\"2022-09-30T09:38:18+00:00\" \/>\n<meta name=\"author\" content=\"Jeanette\" \/>\n<meta name=\"twitter:card\" content=\"summary_large_image\" \/>\n<meta name=\"twitter:creator\" content=\"@eldiario_net\" \/>\n<meta name=\"twitter:site\" content=\"@eldiario_net\" \/>\n<meta name=\"twitter:label1\" content=\"Escrito por\" \/>\n\t<meta name=\"twitter:data1\" content=\"Jeanette\" \/>\n\t<meta name=\"twitter:label2\" content=\"Tiempo de lectura\" \/>\n\t<meta name=\"twitter:data2\" content=\"2 minutos\" \/>\n<script type=\"application\/ld+json\" class=\"yoast-schema-graph\">{\"@context\":\"https:\\\/\\\/schema.org\",\"@graph\":[{\"@type\":\"Article\",\"@id\":\"https:\\\/\\\/www.eldiario.net\\\/portal\\\/2022\\\/09\\\/30\\\/outlet-de-viajes-apunta-a-reactivar-turismo-interno\\\/#article\",\"isPartOf\":{\"@id\":\"https:\\\/\\\/www.eldiario.net\\\/portal\\\/2022\\\/09\\\/30\\\/outlet-de-viajes-apunta-a-reactivar-turismo-interno\\\/\"},\"author\":{\"name\":\"Jeanette\",\"@id\":\"https:\\\/\\\/www.eldiario.net\\\/portal\\\/#\\\/schema\\\/person\\\/f46445640444750d7d753ccd04ae01b7\"},\"headline\":\"Outlet de viajes apunta a reactivar turismo interno\",\"datePublished\":\"2022-09-30T09:38:18+00:00\",\"mainEntityOfPage\":{\"@id\":\"https:\\\/\\\/www.eldiario.net\\\/portal\\\/2022\\\/09\\\/30\\\/outlet-de-viajes-apunta-a-reactivar-turismo-interno\\\/\"},\"wordCount\":342,\"publisher\":{\"@id\":\"https:\\\/\\\/www.eldiario.net\\\/portal\\\/#organization\"},\"image\":{\"@id\":\"https:\\\/\\\/www.eldiario.net\\\/portal\\\/2022\\\/09\\\/30\\\/outlet-de-viajes-apunta-a-reactivar-turismo-interno\\\/#primaryimage\"},\"thumbnailUrl\":\"\",\"articleSection\":[\"Econom\u00eda\"],\"inLanguage\":\"es\"},{\"@type\":\"WebPage\",\"@id\":\"https:\\\/\\\/www.eldiario.net\\\/portal\\\/2022\\\/09\\\/30\\\/outlet-de-viajes-apunta-a-reactivar-turismo-interno\\\/\",\"url\":\"https:\\\/\\\/www.eldiario.net\\\/portal\\\/2022\\\/09\\\/30\\\/outlet-de-viajes-apunta-a-reactivar-turismo-interno\\\/\",\"name\":\"Outlet de viajes apunta a reactivar turismo interno - El Diario - Bolivia\",\"isPartOf\":{\"@id\":\"https:\\\/\\\/www.eldiario.net\\\/portal\\\/#website\"},\"primaryImageOfPage\":{\"@id\":\"https:\\\/\\\/www.eldiario.net\\\/portal\\\/2022\\\/09\\\/30\\\/outlet-de-viajes-apunta-a-reactivar-turismo-interno\\\/#primaryimage\"},\"image\":{\"@id\":\"https:\\\/\\\/www.eldiario.net\\\/portal\\\/2022\\\/09\\\/30\\\/outlet-de-viajes-apunta-a-reactivar-turismo-interno\\\/#primaryimage\"},\"thumbnailUrl\":\"\",\"datePublished\":\"2022-09-30T09:38:18+00:00\",\"breadcrumb\":{\"@id\":\"https:\\\/\\\/www.eldiario.net\\\/portal\\\/2022\\\/09\\\/30\\\/outlet-de-viajes-apunta-a-reactivar-turismo-interno\\\/#breadcrumb\"},\"inLanguage\":\"es\",\"potentialAction\":[{\"@type\":\"ReadAction\",\"target\":[\"https:\\\/\\\/www.eldiario.net\\\/portal\\\/2022\\\/09\\\/30\\\/outlet-de-viajes-apunta-a-reactivar-turismo-interno\\\/\"]}]},{\"@type\":\"ImageObject\",\"inLanguage\":\"es\",\"@id\":\"https:\\\/\\\/www.eldiario.net\\\/portal\\\/2022\\\/09\\\/30\\\/outlet-de-viajes-apunta-a-reactivar-turismo-interno\\\/#primaryimage\",\"url\":\"\",\"contentUrl\":\"\"},{\"@type\":\"BreadcrumbList\",\"@id\":\"https:\\\/\\\/www.eldiario.net\\\/portal\\\/2022\\\/09\\\/30\\\/outlet-de-viajes-apunta-a-reactivar-turismo-interno\\\/#breadcrumb\",\"itemListElement\":[{\"@type\":\"ListItem\",\"position\":1,\"name\":\"Portada\",\"item\":\"https:\\\/\\\/www.eldiario.net\\\/portal\\\/\"},{\"@type\":\"ListItem\",\"position\":2,\"name\":\"Outlet de viajes apunta a reactivar turismo interno\"}]},{\"@type\":\"WebSite\",\"@id\":\"https:\\\/\\\/www.eldiario.net\\\/portal\\\/#website\",\"url\":\"https:\\\/\\\/www.eldiario.net\\\/portal\\\/\",\"name\":\"El Diario - Decano de la prensa nacional\",\"description\":\"El Diario - Decano de la prensa nacional\",\"publisher\":{\"@id\":\"https:\\\/\\\/www.eldiario.net\\\/portal\\\/#organization\"},\"potentialAction\":[{\"@type\":\"SearchAction\",\"target\":{\"@type\":\"EntryPoint\",\"urlTemplate\":\"https:\\\/\\\/www.eldiario.net\\\/portal\\\/?s={search_term_string}\"},\"query-input\":{\"@type\":\"PropertyValueSpecification\",\"valueRequired\":true,\"valueName\":\"search_term_string\"}}],\"inLanguage\":\"es\"},{\"@type\":\"Organization\",\"@id\":\"https:\\\/\\\/www.eldiario.net\\\/portal\\\/#organization\",\"name\":\"El Diario - Decano de la prensa nacional\",\"url\":\"https:\\\/\\\/www.eldiario.net\\\/portal\\\/\",\"logo\":{\"@type\":\"ImageObject\",\"inLanguage\":\"es\",\"@id\":\"https:\\\/\\\/www.eldiario.net\\\/portal\\\/#\\\/schema\\\/logo\\\/image\\\/\",\"url\":\"https:\\\/\\\/www.eldiario.net\\\/portal\\\/wp-content\\\/uploads\\\/2023\\\/07\\\/logo_ED.jpg\",\"contentUrl\":\"https:\\\/\\\/www.eldiario.net\\\/portal\\\/wp-content\\\/uploads\\\/2023\\\/07\\\/logo_ED.jpg\",\"width\":272,\"height\":52,\"caption\":\"El Diario - Decano de la prensa nacional\"},\"image\":{\"@id\":\"https:\\\/\\\/www.eldiario.net\\\/portal\\\/#\\\/schema\\\/logo\\\/image\\\/\"},\"sameAs\":[\"https:\\\/\\\/www.facebook.com\\\/eldiario.bolivia\\\/\",\"https:\\\/\\\/x.com\\\/eldiario_net\"]},{\"@type\":\"Person\",\"@id\":\"https:\\\/\\\/www.eldiario.net\\\/portal\\\/#\\\/schema\\\/person\\\/f46445640444750d7d753ccd04ae01b7\",\"name\":\"Jeanette\",\"image\":{\"@type\":\"ImageObject\",\"inLanguage\":\"es\",\"@id\":\"https:\\\/\\\/secure.gravatar.com\\\/avatar\\\/3ea2118a5f7dad2b7138b1187a6b7ee55f160b9968b66013c3a3ef39dd7e5798?s=96&d=mm&r=g\",\"url\":\"https:\\\/\\\/secure.gravatar.com\\\/avatar\\\/3ea2118a5f7dad2b7138b1187a6b7ee55f160b9968b66013c3a3ef39dd7e5798?s=96&d=mm&r=g\",\"contentUrl\":\"https:\\\/\\\/secure.gravatar.com\\\/avatar\\\/3ea2118a5f7dad2b7138b1187a6b7ee55f160b9968b66013c3a3ef39dd7e5798?s=96&d=mm&r=g\",\"caption\":\"Jeanette\"},\"sameAs\":[\"https:\\\/\\\/www.eldiario.net\\\/portal\"],\"url\":\"https:\\\/\\\/www.eldiario.net\\\/portal\\\/author\\\/jeanette\\\/\"}]}<\/script>\n<!-- \/ Yoast SEO plugin. -->","yoast_head_json":{"title":"Outlet de viajes apunta a reactivar turismo interno - El Diario - Bolivia","robots":{"index":"index","follow":"follow","max-snippet":"max-snippet:-1","max-image-preview":"max-image-preview:large","max-video-preview":"max-video-preview:-1"},"canonical":"https:\/\/www.eldiario.net\/portal\/2022\/09\/30\/outlet-de-viajes-apunta-a-reactivar-turismo-interno\/","og_locale":"es_ES","og_type":"article","og_title":"Outlet de viajes apunta a reactivar turismo interno - El Diario - Bolivia","og_description":"Despu\u00e9s de dos a\u00f1os de paralizaci\u00f3n por la pandemia, las agencias de viajes junto a las cadenas hoteleras y entidades bancarias realizar\u00e1n el \u00abOutlet de viajes\u00bb para reactivar el turismo interno nacional. Durante tres d\u00edas los expertos brindar\u00e1n toda la informaci\u00f3n a quienes visiten el campo ferial Chuquiago Marka, este fin de semana. La gerente [&hellip;]","og_url":"https:\/\/www.eldiario.net\/portal\/2022\/09\/30\/outlet-de-viajes-apunta-a-reactivar-turismo-interno\/","og_site_name":"El Diario - Bolivia","article_publisher":"https:\/\/www.facebook.com\/eldiario.bolivia\/","article_published_time":"2022-09-30T09:38:18+00:00","author":"Jeanette","twitter_card":"summary_large_image","twitter_creator":"@eldiario_net","twitter_site":"@eldiario_net","twitter_misc":{"Escrito por":"Jeanette","Tiempo de lectura":"2 minutos"},"schema":{"@context":"https:\/\/schema.org","@graph":[{"@type":"Article","@id":"https:\/\/www.eldiario.net\/portal\/2022\/09\/30\/outlet-de-viajes-apunta-a-reactivar-turismo-interno\/#article","isPartOf":{"@id":"https:\/\/www.eldiario.net\/portal\/2022\/09\/30\/outlet-de-viajes-apunta-a-reactivar-turismo-interno\/"},"author":{"name":"Jeanette","@id":"https:\/\/www.eldiario.net\/portal\/#\/schema\/person\/f46445640444750d7d753ccd04ae01b7"},"headline":"Outlet de viajes apunta a reactivar turismo interno","datePublished":"2022-09-30T09:38:18+00:00","mainEntityOfPage":{"@id":"https:\/\/www.eldiario.net\/portal\/2022\/09\/30\/outlet-de-viajes-apunta-a-reactivar-turismo-interno\/"},"wordCount":342,"publisher":{"@id":"https:\/\/www.eldiario.net\/portal\/#organization"},"image":{"@id":"https:\/\/www.eldiario.net\/portal\/2022\/09\/30\/outlet-de-viajes-apunta-a-reactivar-turismo-interno\/#primaryimage"},"thumbnailUrl":"","articleSection":["Econom\u00eda"],"inLanguage":"es"},{"@type":"WebPage","@id":"https:\/\/www.eldiario.net\/portal\/2022\/09\/30\/outlet-de-viajes-apunta-a-reactivar-turismo-interno\/","url":"https:\/\/www.eldiario.net\/portal\/2022\/09\/30\/outlet-de-viajes-apunta-a-reactivar-turismo-interno\/","name":"Outlet de viajes apunta a reactivar turismo interno - El Diario - Bolivia","isPartOf":{"@id":"https:\/\/www.eldiario.net\/portal\/#website"},"primaryImageOfPage":{"@id":"https:\/\/www.eldiario.net\/portal\/2022\/09\/30\/outlet-de-viajes-apunta-a-reactivar-turismo-interno\/#primaryimage"},"image":{"@id":"https:\/\/www.eldiario.net\/portal\/2022\/09\/30\/outlet-de-viajes-apunta-a-reactivar-turismo-interno\/#primaryimage"},"thumbnailUrl":"","datePublished":"2022-09-30T09:38:18+00:00","breadcrumb":{"@id":"https:\/\/www.eldiario.net\/portal\/2022\/09\/30\/outlet-de-viajes-apunta-a-reactivar-turismo-interno\/#breadcrumb"},"inLanguage":"es","potentialAction":[{"@type":"ReadAction","target":["https:\/\/www.eldiario.net\/portal\/2022\/09\/30\/outlet-de-viajes-apunta-a-reactivar-turismo-interno\/"]}]},{"@type":"ImageObject","inLanguage":"es","@id":"https:\/\/www.eldiario.net\/portal\/2022\/09\/30\/outlet-de-viajes-apunta-a-reactivar-turismo-interno\/#primaryimage","url":"","contentUrl":""},{"@type":"BreadcrumbList","@id":"https:\/\/www.eldiario.net\/portal\/2022\/09\/30\/outlet-de-viajes-apunta-a-reactivar-turismo-interno\/#breadcrumb","itemListElement":[{"@type":"ListItem","position":1,"name":"Portada","item":"https:\/\/www.eldiario.net\/portal\/"},{"@type":"ListItem","position":2,"name":"Outlet de viajes apunta a reactivar turismo interno"}]},{"@type":"WebSite","@id":"https:\/\/www.eldiario.net\/portal\/#website","url":"https:\/\/www.eldiario.net\/portal\/","name":"El Diario - Decano de la prensa nacional","description":"El Diario - Decano de la prensa nacional","publisher":{"@id":"https:\/\/www.eldiario.net\/portal\/#organization"},"potentialAction":[{"@type":"SearchAction","target":{"@type":"EntryPoint","urlTemplate":"https:\/\/www.eldiario.net\/portal\/?s={search_term_string}"},"query-input":{"@type":"PropertyValueSpecification","valueRequired":true,"valueName":"search_term_string"}}],"inLanguage":"es"},{"@type":"Organization","@id":"https:\/\/www.eldiario.net\/portal\/#organization","name":"El Diario - Decano de la prensa nacional","url":"https:\/\/www.eldiario.net\/portal\/","logo":{"@type":"ImageObject","inLanguage":"es","@id":"https:\/\/www.eldiario.net\/portal\/#\/schema\/logo\/image\/","url":"https:\/\/www.eldiario.net\/portal\/wp-content\/uploads\/2023\/07\/logo_ED.jpg","contentUrl":"https:\/\/www.eldiario.net\/portal\/wp-content\/uploads\/2023\/07\/logo_ED.jpg","width":272,"height":52,"caption":"El Diario - Decano de la prensa nacional"},"image":{"@id":"https:\/\/www.eldiario.net\/portal\/#\/schema\/logo\/image\/"},"sameAs":["https:\/\/www.facebook.com\/eldiario.bolivia\/","https:\/\/x.com\/eldiario_net"]},{"@type":"Person","@id":"https:\/\/www.eldiario.net\/portal\/#\/schema\/person\/f46445640444750d7d753ccd04ae01b7","name":"Jeanette","image":{"@type":"ImageObject","inLanguage":"es","@id":"https:\/\/secure.gravatar.com\/avatar\/3ea2118a5f7dad2b7138b1187a6b7ee55f160b9968b66013c3a3ef39dd7e5798?s=96&d=mm&r=g","url":"https:\/\/secure.gravatar.com\/avatar\/3ea2118a5f7dad2b7138b1187a6b7ee55f160b9968b66013c3a3ef39dd7e5798?s=96&d=mm&r=g","contentUrl":"https:\/\/secure.gravatar.com\/avatar\/3ea2118a5f7dad2b7138b1187a6b7ee55f160b9968b66013c3a3ef39dd7e5798?s=96&d=mm&r=g","caption":"Jeanette"},"sameAs":["https:\/\/www.eldiario.net\/portal"],"url":"https:\/\/www.eldiario.net\/portal\/author\/jeanette\/"}]}},"_links":{"self":[{"href":"https:\/\/www.eldiario.net\/portal\/wp-json\/wp\/v2\/posts\/113795","targetHints":{"allow":["GET"]}}],"collection":[{"href":"https:\/\/www.eldiario.net\/portal\/wp-json\/wp\/v2\/posts"}],"about":[{"href":"https:\/\/www.eldiario.net\/portal\/wp-json\/wp\/v2\/types\/post"}],"author":[{"embeddable":true,"href":"https:\/\/www.eldiario.net\/portal\/wp-json\/wp\/v2\/users\/1"}],"replies":[{"embeddable":true,"href":"https:\/\/www.eldiario.net\/portal\/wp-json\/wp\/v2\/comments?post=113795"}],"version-history":[{"count":0,"href":"https:\/\/www.eldiario.net\/portal\/wp-json\/wp\/v2\/posts\/113795\/revisions"}],"wp:attachment":[{"href":"https:\/\/www.eldiario.net\/portal\/wp-json\/wp\/v2\/media?parent=113795"}],"wp:term":[{"taxonomy":"category","embeddable":true,"href":"https:\/\/www.eldiario.net\/portal\/wp-json\/wp\/v2\/categories?post=113795"},{"taxonomy":"post_tag","embeddable":true,"href":"https:\/\/www.eldiario.net\/portal\/wp-json\/wp\/v2\/tags?post=113795"}],"curies":[{"name":"wp","href":"https:\/\/api.w.org\/{rel}","templated":true}]}}