{"id":113792,"date":"2022-09-30T05:34:23","date_gmt":"2022-09-30T09:34:23","guid":{"rendered":"https:\/\/www.eldiario.net\/portal\/?p=113792"},"modified":"2022-09-30T05:34:23","modified_gmt":"2022-09-30T09:34:23","slug":"sequias-afectan-a-campesinos-y-ganaderos-de-chuquisaca-y-tarija","status":"publish","type":"post","link":"https:\/\/www.eldiario.net\/portal\/2022\/09\/30\/sequias-afectan-a-campesinos-y-ganaderos-de-chuquisaca-y-tarija\/","title":{"rendered":"Sequ\u00edas afectan a campesinos y  ganaderos de Chuquisaca y Tarija"},"content":{"rendered":"<p>El municipio tarije\u00f1o de Villamontes promulg\u00f3 una ley para declararse en desastre natural y en Huacareta esperan asumir la misma medida luego de la muerte de menos 250 cabezas de ganado por falta de agua.<\/p>\n<p>\u201cHaciendo todo este proceso de declaratoria de desastre de Villamontes, gracias a Dios, ya hemos avanzado en ese tema con la sequ\u00eda. Ya salidos del despacho de la Alcald\u00eda y nos entregan una copia que ya el alcalde ha promulgado una ley municipal 370 de desastre en Villa Montes\u201d, dijo Jorge Dur\u00e1n, ejecutivo de la Central de Campesinos de Villa Montes.<\/p>\n<p>Los productores agr\u00edcolas y ganaderos del municipio de Villamontes registraron\u00a0 una p\u00e9rdida del 80 por ciento de los cultivos y le muerte de m\u00e1s de 1.000 cabezas de ganado vacuno por la falta de lluvias desde marzo.<\/p>\n<p>Con la declaratoria de emergencia, los campesinos esperan que las autoridades locales y nacionales ejecuten un plan de mitigaci\u00f3n para suministrar el l\u00edquido elemento a las poblaciones.<\/p>\n<p>El Chuquisaca, el alcalde de San Pablo de Huacareta, Alfredo Fuentes,\u00a0 report\u00f3 que se perdieron al menos 250 cabezas de ganado y en el municipio de Macharet\u00ed se murieron m\u00e1s 500 ganados; tambi\u00e9n asegur\u00f3 que en Hacaya existen p\u00e9rdidas grandes.<\/p>\n<p>\u201cEn Huacareta estamos tratando de garantizar el agua, aunque sea con cisternas en algunas comunidades. Estamos garantizando para los pobladores de los diferentes distritos, pero tambi\u00e9n tenemos que ver trabajar en proyectos m\u00e1s de temas de agua. Si bien ten\u00edan sistemas de agua pero el problema es que las vertientes se est\u00e1n secando. Ya algunas comunidades tienen sus vertientes secas\u201d, sostuvo Fuentes.<\/p>\n<p>El alcalde de Huacareta anunci\u00f3 que se declarar\u00e1 al municipio en desastre para que la Gobernaci\u00f3n de Chuquisaca y el Viceministerio de Defensa Civil mitiguen el impacto de la sequ\u00eda.<\/p>\n<p>\u201cPido que se cumpla este compromiso que se hizo el 19 de agosto en Monteagudo para dotarnos de m\u00e1quinas para trabajar escavando pozos para precisamente no nos falte agua para nuestro ganado\u201d, resalt\u00f3 la autoridad edil. (Tarija, ANF)<\/p>\n","protected":false},"excerpt":{"rendered":"<p>El municipio tarije\u00f1o de Villamontes promulg\u00f3 una ley para declararse en desastre natural y en Huacareta esperan asumir la misma medida luego de la muerte de menos 250 cabezas de ganado por falta de agua. \u201cHaciendo todo este proceso de declaratoria de desastre de Villamontes, gracias a Dios, ya hemos avanzado en ese tema con [&hellip;]<\/p>\n","protected":false},"author":1,"featured_media":113793,"comment_status":"closed","ping_status":"closed","sticky":false,"template":"","format":"standard","meta":{"_acf_changed":false,"footnotes":""},"categories":[12],"tags":[],"class_list":["post-113792","post","type-post","status-publish","format-standard","has-post-thumbnail","category-nacional"],"acf":{"antetitulo":""},"yoast_head":"<!-- This site is optimized with the Yoast SEO plugin v28.4 - https:\/\/yoast.com\/product\/yoast-seo-wordpress\/ -->\n<title>Sequ\u00edas afectan a campesinos y ganaderos de Chuquisaca y Tarija - El Diario - Bolivia<\/title>\n<meta name=\"robots\" content=\"index, follow, max-snippet:-1, max-image-preview:large, max-video-preview:-1\" \/>\n<link rel=\"canonical\" href=\"https:\/\/www.eldiario.net\/portal\/2022\/09\/30\/sequias-afectan-a-campesinos-y-ganaderos-de-chuquisaca-y-tarija\/\" \/>\n<meta property=\"og:locale\" content=\"es_ES\" \/>\n<meta property=\"og:type\" content=\"article\" \/>\n<meta property=\"og:title\" content=\"Sequ\u00edas afectan a campesinos y ganaderos de Chuquisaca y Tarija - El Diario - Bolivia\" \/>\n<meta property=\"og:description\" content=\"El municipio tarije\u00f1o de Villamontes promulg\u00f3 una ley para declararse en desastre natural y en Huacareta esperan asumir la misma medida luego de la muerte de menos 250 cabezas de ganado por falta de agua. \u201cHaciendo todo este proceso de declaratoria de desastre de Villamontes, gracias a Dios, ya hemos avanzado en ese tema con [&hellip;]\" \/>\n<meta property=\"og:url\" content=\"https:\/\/www.eldiario.net\/portal\/2022\/09\/30\/sequias-afectan-a-campesinos-y-ganaderos-de-chuquisaca-y-tarija\/\" \/>\n<meta property=\"og:site_name\" content=\"El Diario - Bolivia\" \/>\n<meta property=\"article:publisher\" content=\"https:\/\/www.facebook.com\/eldiario.bolivia\/\" \/>\n<meta property=\"article:published_time\" content=\"2022-09-30T09:34:23+00:00\" \/>\n<meta name=\"author\" content=\"Jeanette\" \/>\n<meta name=\"twitter:card\" content=\"summary_large_image\" \/>\n<meta name=\"twitter:creator\" content=\"@eldiario_net\" \/>\n<meta name=\"twitter:site\" content=\"@eldiario_net\" \/>\n<meta name=\"twitter:label1\" content=\"Escrito por\" \/>\n\t<meta name=\"twitter:data1\" content=\"Jeanette\" \/>\n\t<meta name=\"twitter:label2\" content=\"Tiempo de lectura\" \/>\n\t<meta name=\"twitter:data2\" content=\"2 minutos\" \/>\n<script type=\"application\/ld+json\" class=\"yoast-schema-graph\">{\"@context\":\"https:\\\/\\\/schema.org\",\"@graph\":[{\"@type\":\"Article\",\"@id\":\"https:\\\/\\\/www.eldiario.net\\\/portal\\\/2022\\\/09\\\/30\\\/sequias-afectan-a-campesinos-y-ganaderos-de-chuquisaca-y-tarija\\\/#article\",\"isPartOf\":{\"@id\":\"https:\\\/\\\/www.eldiario.net\\\/portal\\\/2022\\\/09\\\/30\\\/sequias-afectan-a-campesinos-y-ganaderos-de-chuquisaca-y-tarija\\\/\"},\"author\":{\"name\":\"Jeanette\",\"@id\":\"https:\\\/\\\/www.eldiario.net\\\/portal\\\/#\\\/schema\\\/person\\\/f46445640444750d7d753ccd04ae01b7\"},\"headline\":\"Sequ\u00edas afectan a campesinos y ganaderos de Chuquisaca y Tarija\",\"datePublished\":\"2022-09-30T09:34:23+00:00\",\"mainEntityOfPage\":{\"@id\":\"https:\\\/\\\/www.eldiario.net\\\/portal\\\/2022\\\/09\\\/30\\\/sequias-afectan-a-campesinos-y-ganaderos-de-chuquisaca-y-tarija\\\/\"},\"wordCount\":353,\"publisher\":{\"@id\":\"https:\\\/\\\/www.eldiario.net\\\/portal\\\/#organization\"},\"image\":{\"@id\":\"https:\\\/\\\/www.eldiario.net\\\/portal\\\/2022\\\/09\\\/30\\\/sequias-afectan-a-campesinos-y-ganaderos-de-chuquisaca-y-tarija\\\/#primaryimage\"},\"thumbnailUrl\":\"\",\"articleSection\":[\"Nacional\"],\"inLanguage\":\"es\"},{\"@type\":\"WebPage\",\"@id\":\"https:\\\/\\\/www.eldiario.net\\\/portal\\\/2022\\\/09\\\/30\\\/sequias-afectan-a-campesinos-y-ganaderos-de-chuquisaca-y-tarija\\\/\",\"url\":\"https:\\\/\\\/www.eldiario.net\\\/portal\\\/2022\\\/09\\\/30\\\/sequias-afectan-a-campesinos-y-ganaderos-de-chuquisaca-y-tarija\\\/\",\"name\":\"Sequ\u00edas afectan a campesinos y ganaderos de Chuquisaca y Tarija - El Diario - Bolivia\",\"isPartOf\":{\"@id\":\"https:\\\/\\\/www.eldiario.net\\\/portal\\\/#website\"},\"primaryImageOfPage\":{\"@id\":\"https:\\\/\\\/www.eldiario.net\\\/portal\\\/2022\\\/09\\\/30\\\/sequias-afectan-a-campesinos-y-ganaderos-de-chuquisaca-y-tarija\\\/#primaryimage\"},\"image\":{\"@id\":\"https:\\\/\\\/www.eldiario.net\\\/portal\\\/2022\\\/09\\\/30\\\/sequias-afectan-a-campesinos-y-ganaderos-de-chuquisaca-y-tarija\\\/#primaryimage\"},\"thumbnailUrl\":\"\",\"datePublished\":\"2022-09-30T09:34:23+00:00\",\"breadcrumb\":{\"@id\":\"https:\\\/\\\/www.eldiario.net\\\/portal\\\/2022\\\/09\\\/30\\\/sequias-afectan-a-campesinos-y-ganaderos-de-chuquisaca-y-tarija\\\/#breadcrumb\"},\"inLanguage\":\"es\",\"potentialAction\":[{\"@type\":\"ReadAction\",\"target\":[\"https:\\\/\\\/www.eldiario.net\\\/portal\\\/2022\\\/09\\\/30\\\/sequias-afectan-a-campesinos-y-ganaderos-de-chuquisaca-y-tarija\\\/\"]}]},{\"@type\":\"ImageObject\",\"inLanguage\":\"es\",\"@id\":\"https:\\\/\\\/www.eldiario.net\\\/portal\\\/2022\\\/09\\\/30\\\/sequias-afectan-a-campesinos-y-ganaderos-de-chuquisaca-y-tarija\\\/#primaryimage\",\"url\":\"\",\"contentUrl\":\"\"},{\"@type\":\"BreadcrumbList\",\"@id\":\"https:\\\/\\\/www.eldiario.net\\\/portal\\\/2022\\\/09\\\/30\\\/sequias-afectan-a-campesinos-y-ganaderos-de-chuquisaca-y-tarija\\\/#breadcrumb\",\"itemListElement\":[{\"@type\":\"ListItem\",\"position\":1,\"name\":\"Portada\",\"item\":\"https:\\\/\\\/www.eldiario.net\\\/portal\\\/\"},{\"@type\":\"ListItem\",\"position\":2,\"name\":\"Sequ\u00edas afectan a campesinos y ganaderos de Chuquisaca y Tarija\"}]},{\"@type\":\"WebSite\",\"@id\":\"https:\\\/\\\/www.eldiario.net\\\/portal\\\/#website\",\"url\":\"https:\\\/\\\/www.eldiario.net\\\/portal\\\/\",\"name\":\"El Diario - Decano de la prensa nacional\",\"description\":\"El Diario - Decano de la prensa nacional\",\"publisher\":{\"@id\":\"https:\\\/\\\/www.eldiario.net\\\/portal\\\/#organization\"},\"potentialAction\":[{\"@type\":\"SearchAction\",\"target\":{\"@type\":\"EntryPoint\",\"urlTemplate\":\"https:\\\/\\\/www.eldiario.net\\\/portal\\\/?s={search_term_string}\"},\"query-input\":{\"@type\":\"PropertyValueSpecification\",\"valueRequired\":true,\"valueName\":\"search_term_string\"}}],\"inLanguage\":\"es\"},{\"@type\":\"Organization\",\"@id\":\"https:\\\/\\\/www.eldiario.net\\\/portal\\\/#organization\",\"name\":\"El Diario - Decano de la prensa nacional\",\"url\":\"https:\\\/\\\/www.eldiario.net\\\/portal\\\/\",\"logo\":{\"@type\":\"ImageObject\",\"inLanguage\":\"es\",\"@id\":\"https:\\\/\\\/www.eldiario.net\\\/portal\\\/#\\\/schema\\\/logo\\\/image\\\/\",\"url\":\"https:\\\/\\\/www.eldiario.net\\\/portal\\\/wp-content\\\/uploads\\\/2023\\\/07\\\/logo_ED.jpg\",\"contentUrl\":\"https:\\\/\\\/www.eldiario.net\\\/portal\\\/wp-content\\\/uploads\\\/2023\\\/07\\\/logo_ED.jpg\",\"width\":272,\"height\":52,\"caption\":\"El Diario - Decano de la prensa nacional\"},\"image\":{\"@id\":\"https:\\\/\\\/www.eldiario.net\\\/portal\\\/#\\\/schema\\\/logo\\\/image\\\/\"},\"sameAs\":[\"https:\\\/\\\/www.facebook.com\\\/eldiario.bolivia\\\/\",\"https:\\\/\\\/x.com\\\/eldiario_net\"]},{\"@type\":\"Person\",\"@id\":\"https:\\\/\\\/www.eldiario.net\\\/portal\\\/#\\\/schema\\\/person\\\/f46445640444750d7d753ccd04ae01b7\",\"name\":\"Jeanette\",\"image\":{\"@type\":\"ImageObject\",\"inLanguage\":\"es\",\"@id\":\"https:\\\/\\\/secure.gravatar.com\\\/avatar\\\/3ea2118a5f7dad2b7138b1187a6b7ee55f160b9968b66013c3a3ef39dd7e5798?s=96&d=mm&r=g\",\"url\":\"https:\\\/\\\/secure.gravatar.com\\\/avatar\\\/3ea2118a5f7dad2b7138b1187a6b7ee55f160b9968b66013c3a3ef39dd7e5798?s=96&d=mm&r=g\",\"contentUrl\":\"https:\\\/\\\/secure.gravatar.com\\\/avatar\\\/3ea2118a5f7dad2b7138b1187a6b7ee55f160b9968b66013c3a3ef39dd7e5798?s=96&d=mm&r=g\",\"caption\":\"Jeanette\"},\"sameAs\":[\"https:\\\/\\\/www.eldiario.net\\\/portal\"],\"url\":\"https:\\\/\\\/www.eldiario.net\\\/portal\\\/author\\\/jeanette\\\/\"}]}<\/script>\n<!-- \/ Yoast SEO plugin. -->","yoast_head_json":{"title":"Sequ\u00edas afectan a campesinos y ganaderos de Chuquisaca y Tarija - El Diario - Bolivia","robots":{"index":"index","follow":"follow","max-snippet":"max-snippet:-1","max-image-preview":"max-image-preview:large","max-video-preview":"max-video-preview:-1"},"canonical":"https:\/\/www.eldiario.net\/portal\/2022\/09\/30\/sequias-afectan-a-campesinos-y-ganaderos-de-chuquisaca-y-tarija\/","og_locale":"es_ES","og_type":"article","og_title":"Sequ\u00edas afectan a campesinos y ganaderos de Chuquisaca y Tarija - El Diario - Bolivia","og_description":"El municipio tarije\u00f1o de Villamontes promulg\u00f3 una ley para declararse en desastre natural y en Huacareta esperan asumir la misma medida luego de la muerte de menos 250 cabezas de ganado por falta de agua. \u201cHaciendo todo este proceso de declaratoria de desastre de Villamontes, gracias a Dios, ya hemos avanzado en ese tema con [&hellip;]","og_url":"https:\/\/www.eldiario.net\/portal\/2022\/09\/30\/sequias-afectan-a-campesinos-y-ganaderos-de-chuquisaca-y-tarija\/","og_site_name":"El Diario - Bolivia","article_publisher":"https:\/\/www.facebook.com\/eldiario.bolivia\/","article_published_time":"2022-09-30T09:34:23+00:00","author":"Jeanette","twitter_card":"summary_large_image","twitter_creator":"@eldiario_net","twitter_site":"@eldiario_net","twitter_misc":{"Escrito por":"Jeanette","Tiempo de lectura":"2 minutos"},"schema":{"@context":"https:\/\/schema.org","@graph":[{"@type":"Article","@id":"https:\/\/www.eldiario.net\/portal\/2022\/09\/30\/sequias-afectan-a-campesinos-y-ganaderos-de-chuquisaca-y-tarija\/#article","isPartOf":{"@id":"https:\/\/www.eldiario.net\/portal\/2022\/09\/30\/sequias-afectan-a-campesinos-y-ganaderos-de-chuquisaca-y-tarija\/"},"author":{"name":"Jeanette","@id":"https:\/\/www.eldiario.net\/portal\/#\/schema\/person\/f46445640444750d7d753ccd04ae01b7"},"headline":"Sequ\u00edas afectan a campesinos y ganaderos de Chuquisaca y Tarija","datePublished":"2022-09-30T09:34:23+00:00","mainEntityOfPage":{"@id":"https:\/\/www.eldiario.net\/portal\/2022\/09\/30\/sequias-afectan-a-campesinos-y-ganaderos-de-chuquisaca-y-tarija\/"},"wordCount":353,"publisher":{"@id":"https:\/\/www.eldiario.net\/portal\/#organization"},"image":{"@id":"https:\/\/www.eldiario.net\/portal\/2022\/09\/30\/sequias-afectan-a-campesinos-y-ganaderos-de-chuquisaca-y-tarija\/#primaryimage"},"thumbnailUrl":"","articleSection":["Nacional"],"inLanguage":"es"},{"@type":"WebPage","@id":"https:\/\/www.eldiario.net\/portal\/2022\/09\/30\/sequias-afectan-a-campesinos-y-ganaderos-de-chuquisaca-y-tarija\/","url":"https:\/\/www.eldiario.net\/portal\/2022\/09\/30\/sequias-afectan-a-campesinos-y-ganaderos-de-chuquisaca-y-tarija\/","name":"Sequ\u00edas afectan a campesinos y ganaderos de Chuquisaca y Tarija - El Diario - Bolivia","isPartOf":{"@id":"https:\/\/www.eldiario.net\/portal\/#website"},"primaryImageOfPage":{"@id":"https:\/\/www.eldiario.net\/portal\/2022\/09\/30\/sequias-afectan-a-campesinos-y-ganaderos-de-chuquisaca-y-tarija\/#primaryimage"},"image":{"@id":"https:\/\/www.eldiario.net\/portal\/2022\/09\/30\/sequias-afectan-a-campesinos-y-ganaderos-de-chuquisaca-y-tarija\/#primaryimage"},"thumbnailUrl":"","datePublished":"2022-09-30T09:34:23+00:00","breadcrumb":{"@id":"https:\/\/www.eldiario.net\/portal\/2022\/09\/30\/sequias-afectan-a-campesinos-y-ganaderos-de-chuquisaca-y-tarija\/#breadcrumb"},"inLanguage":"es","potentialAction":[{"@type":"ReadAction","target":["https:\/\/www.eldiario.net\/portal\/2022\/09\/30\/sequias-afectan-a-campesinos-y-ganaderos-de-chuquisaca-y-tarija\/"]}]},{"@type":"ImageObject","inLanguage":"es","@id":"https:\/\/www.eldiario.net\/portal\/2022\/09\/30\/sequias-afectan-a-campesinos-y-ganaderos-de-chuquisaca-y-tarija\/#primaryimage","url":"","contentUrl":""},{"@type":"BreadcrumbList","@id":"https:\/\/www.eldiario.net\/portal\/2022\/09\/30\/sequias-afectan-a-campesinos-y-ganaderos-de-chuquisaca-y-tarija\/#breadcrumb","itemListElement":[{"@type":"ListItem","position":1,"name":"Portada","item":"https:\/\/www.eldiario.net\/portal\/"},{"@type":"ListItem","position":2,"name":"Sequ\u00edas afectan a campesinos y ganaderos de Chuquisaca y Tarija"}]},{"@type":"WebSite","@id":"https:\/\/www.eldiario.net\/portal\/#website","url":"https:\/\/www.eldiario.net\/portal\/","name":"El Diario - Decano de la prensa nacional","description":"El Diario - Decano de la prensa nacional","publisher":{"@id":"https:\/\/www.eldiario.net\/portal\/#organization"},"potentialAction":[{"@type":"SearchAction","target":{"@type":"EntryPoint","urlTemplate":"https:\/\/www.eldiario.net\/portal\/?s={search_term_string}"},"query-input":{"@type":"PropertyValueSpecification","valueRequired":true,"valueName":"search_term_string"}}],"inLanguage":"es"},{"@type":"Organization","@id":"https:\/\/www.eldiario.net\/portal\/#organization","name":"El Diario - Decano de la prensa nacional","url":"https:\/\/www.eldiario.net\/portal\/","logo":{"@type":"ImageObject","inLanguage":"es","@id":"https:\/\/www.eldiario.net\/portal\/#\/schema\/logo\/image\/","url":"https:\/\/www.eldiario.net\/portal\/wp-content\/uploads\/2023\/07\/logo_ED.jpg","contentUrl":"https:\/\/www.eldiario.net\/portal\/wp-content\/uploads\/2023\/07\/logo_ED.jpg","width":272,"height":52,"caption":"El Diario - Decano de la prensa nacional"},"image":{"@id":"https:\/\/www.eldiario.net\/portal\/#\/schema\/logo\/image\/"},"sameAs":["https:\/\/www.facebook.com\/eldiario.bolivia\/","https:\/\/x.com\/eldiario_net"]},{"@type":"Person","@id":"https:\/\/www.eldiario.net\/portal\/#\/schema\/person\/f46445640444750d7d753ccd04ae01b7","name":"Jeanette","image":{"@type":"ImageObject","inLanguage":"es","@id":"https:\/\/secure.gravatar.com\/avatar\/3ea2118a5f7dad2b7138b1187a6b7ee55f160b9968b66013c3a3ef39dd7e5798?s=96&d=mm&r=g","url":"https:\/\/secure.gravatar.com\/avatar\/3ea2118a5f7dad2b7138b1187a6b7ee55f160b9968b66013c3a3ef39dd7e5798?s=96&d=mm&r=g","contentUrl":"https:\/\/secure.gravatar.com\/avatar\/3ea2118a5f7dad2b7138b1187a6b7ee55f160b9968b66013c3a3ef39dd7e5798?s=96&d=mm&r=g","caption":"Jeanette"},"sameAs":["https:\/\/www.eldiario.net\/portal"],"url":"https:\/\/www.eldiario.net\/portal\/author\/jeanette\/"}]}},"_links":{"self":[{"href":"https:\/\/www.eldiario.net\/portal\/wp-json\/wp\/v2\/posts\/113792","targetHints":{"allow":["GET"]}}],"collection":[{"href":"https:\/\/www.eldiario.net\/portal\/wp-json\/wp\/v2\/posts"}],"about":[{"href":"https:\/\/www.eldiario.net\/portal\/wp-json\/wp\/v2\/types\/post"}],"author":[{"embeddable":true,"href":"https:\/\/www.eldiario.net\/portal\/wp-json\/wp\/v2\/users\/1"}],"replies":[{"embeddable":true,"href":"https:\/\/www.eldiario.net\/portal\/wp-json\/wp\/v2\/comments?post=113792"}],"version-history":[{"count":0,"href":"https:\/\/www.eldiario.net\/portal\/wp-json\/wp\/v2\/posts\/113792\/revisions"}],"wp:attachment":[{"href":"https:\/\/www.eldiario.net\/portal\/wp-json\/wp\/v2\/media?parent=113792"}],"wp:term":[{"taxonomy":"category","embeddable":true,"href":"https:\/\/www.eldiario.net\/portal\/wp-json\/wp\/v2\/categories?post=113792"},{"taxonomy":"post_tag","embeddable":true,"href":"https:\/\/www.eldiario.net\/portal\/wp-json\/wp\/v2\/tags?post=113792"}],"curies":[{"name":"wp","href":"https:\/\/api.w.org\/{rel}","templated":true}]}}