{"id":113789,"date":"2022-09-30T05:33:32","date_gmt":"2022-09-30T09:33:32","guid":{"rendered":"https:\/\/www.eldiario.net\/portal\/?p=113789"},"modified":"2022-09-30T05:33:32","modified_gmt":"2022-09-30T09:33:32","slug":"senado-aprueba-proyecto-de-ley-del-territorio-indigena-multietnico","status":"publish","type":"post","link":"https:\/\/www.eldiario.net\/portal\/2022\/09\/30\/senado-aprueba-proyecto-de-ley-del-territorio-indigena-multietnico\/","title":{"rendered":"Senado aprueba proyecto de ley  del Territorio Ind\u00edgena Multi\u00e9tnico"},"content":{"rendered":"<p>Despu\u00e9s de 12 a\u00f1os, el proyecto de Ley de Creaci\u00f3n de Unidad Territorial del Territorio Ind\u00edgena Multi\u00e9tnico (TIM) del Beni Sur, ubicado entre las Provincias Moxos y Yacuma, fue aprobado la jornada de este mi\u00e9rcoles en la C\u00e1mara de Senadores.<\/p>\n<p>\u201cHan sido muchos a\u00f1os de lucha, ayer se nos aprob\u00f3 la ley en la C\u00e1mara de Senadores, nos da mucha alegr\u00eda porque ha sido la lucha de muchos hermanos, vamos 12 a\u00f1os en esta lucha, han pasado muchos dirigentes que ped\u00edan que se cumpla el sue\u00f1o, aqu\u00ed estamos con mucha emoci\u00f3n, porque muchos l\u00edderes se no han ido, ya partieron (murieron)\u201d, dijo a la ANF la presidenta del Territorio Ind\u00edgena Multi\u00e9tnico, Aurora Limpias.<\/p>\n<p>El TIM se encuentra en la Amazonia Sur de Bolivia; est\u00e1 integrado por los pueblos ind\u00edgenas: Moje\u00f1o Ignaciano, Moje\u00f1o Trinitario, Movina, Chim\u00e1n y Yuracar\u00e9. El territorio comenz\u00f3 su proceso de autonom\u00eda ind\u00edgena hace m\u00e1s de 12 a\u00f1os, en los que vino cumpliendo cada uno de los requisitos que le exige la Ley Marco de Autonom\u00edas.<\/p>\n<p>La presidenta del TIM cont\u00f3 que durante los 12 a\u00f1os \u201chubo mucha burocracia\u201d porque las autoridades cada dos a\u00f1os les ped\u00eda adjuntar un requisito, pasaba otros dos a\u00f1os y les exig\u00edan otro documento, pero al final presentaron todo.<\/p>\n<p>\u201cEsperemos que ahora fue aprobado en el Senado pase r\u00e1pido a la (C\u00e1mara) de Diputados y no haya ninguna observaci\u00f3n para luego pase a ser sancionada para ejercer nuestro autogobierno, mantener nuestra cultura y territorio. Tal vez, en los \u00faltimos d\u00edas de octubre se promulgue el documento\u201d, indic\u00f3 Limpias.<\/p>\n<p>En diciembre de 2020 aprobaron su estatuto auton\u00f3mico mediante normas y procedimientos propios, en el marco de Constituci\u00f3n Pol\u00edtica del Estado (CPE) y la Ley Nro. 1198, que modific\u00f3 la Ley Marco de Autonom\u00edas. El territorio ind\u00edgena siempre ha ejercido su autonom\u00eda, pero a\u00fan faltaba el reconocimiento del Estado.<\/p>\n<p>El proyecto de Ley de TIM consta de siete art\u00edculos, en los que se reconoce al Territorio Ind\u00edgena Multi\u00e9tnico como una entidad territorial aut\u00f3noma y con l\u00edmites geogr\u00e1ficos establecidos para ejercer jurisdicci\u00f3n administrativa y pol\u00edtica de su gobierno ind\u00edgena. (ANF)<\/p>\n","protected":false},"excerpt":{"rendered":"<p>Despu\u00e9s de 12 a\u00f1os, el proyecto de Ley de Creaci\u00f3n de Unidad Territorial del Territorio Ind\u00edgena Multi\u00e9tnico (TIM) del Beni Sur, ubicado entre las Provincias Moxos y Yacuma, fue aprobado la jornada de este mi\u00e9rcoles en la C\u00e1mara de Senadores. \u201cHan sido muchos a\u00f1os de lucha, ayer se nos aprob\u00f3 la ley en la C\u00e1mara [&hellip;]<\/p>\n","protected":false},"author":1,"featured_media":113790,"comment_status":"closed","ping_status":"closed","sticky":false,"template":"","format":"standard","meta":{"_acf_changed":false,"footnotes":""},"categories":[12],"tags":[],"class_list":["post-113789","post","type-post","status-publish","format-standard","has-post-thumbnail","category-nacional"],"acf":{"antetitulo":""},"yoast_head":"<!-- This site is optimized with the Yoast SEO plugin v28.4 - https:\/\/yoast.com\/product\/yoast-seo-wordpress\/ -->\n<title>Senado aprueba proyecto de ley del Territorio Ind\u00edgena Multi\u00e9tnico - El Diario - Bolivia<\/title>\n<meta name=\"robots\" content=\"index, follow, max-snippet:-1, max-image-preview:large, max-video-preview:-1\" \/>\n<link rel=\"canonical\" href=\"https:\/\/www.eldiario.net\/portal\/2022\/09\/30\/senado-aprueba-proyecto-de-ley-del-territorio-indigena-multietnico\/\" \/>\n<meta property=\"og:locale\" content=\"es_ES\" \/>\n<meta property=\"og:type\" content=\"article\" \/>\n<meta property=\"og:title\" content=\"Senado aprueba proyecto de ley del Territorio Ind\u00edgena Multi\u00e9tnico - El Diario - Bolivia\" \/>\n<meta property=\"og:description\" content=\"Despu\u00e9s de 12 a\u00f1os, el proyecto de Ley de Creaci\u00f3n de Unidad Territorial del Territorio Ind\u00edgena Multi\u00e9tnico (TIM) del Beni Sur, ubicado entre las Provincias Moxos y Yacuma, fue aprobado la jornada de este mi\u00e9rcoles en la C\u00e1mara de Senadores. \u201cHan sido muchos a\u00f1os de lucha, ayer se nos aprob\u00f3 la ley en la C\u00e1mara [&hellip;]\" \/>\n<meta property=\"og:url\" content=\"https:\/\/www.eldiario.net\/portal\/2022\/09\/30\/senado-aprueba-proyecto-de-ley-del-territorio-indigena-multietnico\/\" \/>\n<meta property=\"og:site_name\" content=\"El Diario - Bolivia\" \/>\n<meta property=\"article:publisher\" content=\"https:\/\/www.facebook.com\/eldiario.bolivia\/\" \/>\n<meta property=\"article:published_time\" content=\"2022-09-30T09:33:32+00:00\" \/>\n<meta name=\"author\" content=\"Jeanette\" \/>\n<meta name=\"twitter:card\" content=\"summary_large_image\" \/>\n<meta name=\"twitter:creator\" content=\"@eldiario_net\" \/>\n<meta name=\"twitter:site\" content=\"@eldiario_net\" \/>\n<meta name=\"twitter:label1\" content=\"Escrito por\" \/>\n\t<meta name=\"twitter:data1\" content=\"Jeanette\" \/>\n\t<meta name=\"twitter:label2\" content=\"Tiempo de lectura\" \/>\n\t<meta name=\"twitter:data2\" content=\"2 minutos\" \/>\n<script type=\"application\/ld+json\" class=\"yoast-schema-graph\">{\"@context\":\"https:\\\/\\\/schema.org\",\"@graph\":[{\"@type\":\"Article\",\"@id\":\"https:\\\/\\\/www.eldiario.net\\\/portal\\\/2022\\\/09\\\/30\\\/senado-aprueba-proyecto-de-ley-del-territorio-indigena-multietnico\\\/#article\",\"isPartOf\":{\"@id\":\"https:\\\/\\\/www.eldiario.net\\\/portal\\\/2022\\\/09\\\/30\\\/senado-aprueba-proyecto-de-ley-del-territorio-indigena-multietnico\\\/\"},\"author\":{\"name\":\"Jeanette\",\"@id\":\"https:\\\/\\\/www.eldiario.net\\\/portal\\\/#\\\/schema\\\/person\\\/f46445640444750d7d753ccd04ae01b7\"},\"headline\":\"Senado aprueba proyecto de ley del Territorio Ind\u00edgena Multi\u00e9tnico\",\"datePublished\":\"2022-09-30T09:33:32+00:00\",\"mainEntityOfPage\":{\"@id\":\"https:\\\/\\\/www.eldiario.net\\\/portal\\\/2022\\\/09\\\/30\\\/senado-aprueba-proyecto-de-ley-del-territorio-indigena-multietnico\\\/\"},\"wordCount\":400,\"publisher\":{\"@id\":\"https:\\\/\\\/www.eldiario.net\\\/portal\\\/#organization\"},\"image\":{\"@id\":\"https:\\\/\\\/www.eldiario.net\\\/portal\\\/2022\\\/09\\\/30\\\/senado-aprueba-proyecto-de-ley-del-territorio-indigena-multietnico\\\/#primaryimage\"},\"thumbnailUrl\":\"\",\"articleSection\":[\"Nacional\"],\"inLanguage\":\"es\"},{\"@type\":\"WebPage\",\"@id\":\"https:\\\/\\\/www.eldiario.net\\\/portal\\\/2022\\\/09\\\/30\\\/senado-aprueba-proyecto-de-ley-del-territorio-indigena-multietnico\\\/\",\"url\":\"https:\\\/\\\/www.eldiario.net\\\/portal\\\/2022\\\/09\\\/30\\\/senado-aprueba-proyecto-de-ley-del-territorio-indigena-multietnico\\\/\",\"name\":\"Senado aprueba proyecto de ley del Territorio Ind\u00edgena Multi\u00e9tnico - El Diario - Bolivia\",\"isPartOf\":{\"@id\":\"https:\\\/\\\/www.eldiario.net\\\/portal\\\/#website\"},\"primaryImageOfPage\":{\"@id\":\"https:\\\/\\\/www.eldiario.net\\\/portal\\\/2022\\\/09\\\/30\\\/senado-aprueba-proyecto-de-ley-del-territorio-indigena-multietnico\\\/#primaryimage\"},\"image\":{\"@id\":\"https:\\\/\\\/www.eldiario.net\\\/portal\\\/2022\\\/09\\\/30\\\/senado-aprueba-proyecto-de-ley-del-territorio-indigena-multietnico\\\/#primaryimage\"},\"thumbnailUrl\":\"\",\"datePublished\":\"2022-09-30T09:33:32+00:00\",\"breadcrumb\":{\"@id\":\"https:\\\/\\\/www.eldiario.net\\\/portal\\\/2022\\\/09\\\/30\\\/senado-aprueba-proyecto-de-ley-del-territorio-indigena-multietnico\\\/#breadcrumb\"},\"inLanguage\":\"es\",\"potentialAction\":[{\"@type\":\"ReadAction\",\"target\":[\"https:\\\/\\\/www.eldiario.net\\\/portal\\\/2022\\\/09\\\/30\\\/senado-aprueba-proyecto-de-ley-del-territorio-indigena-multietnico\\\/\"]}]},{\"@type\":\"ImageObject\",\"inLanguage\":\"es\",\"@id\":\"https:\\\/\\\/www.eldiario.net\\\/portal\\\/2022\\\/09\\\/30\\\/senado-aprueba-proyecto-de-ley-del-territorio-indigena-multietnico\\\/#primaryimage\",\"url\":\"\",\"contentUrl\":\"\"},{\"@type\":\"BreadcrumbList\",\"@id\":\"https:\\\/\\\/www.eldiario.net\\\/portal\\\/2022\\\/09\\\/30\\\/senado-aprueba-proyecto-de-ley-del-territorio-indigena-multietnico\\\/#breadcrumb\",\"itemListElement\":[{\"@type\":\"ListItem\",\"position\":1,\"name\":\"Portada\",\"item\":\"https:\\\/\\\/www.eldiario.net\\\/portal\\\/\"},{\"@type\":\"ListItem\",\"position\":2,\"name\":\"Senado aprueba proyecto de ley del Territorio Ind\u00edgena Multi\u00e9tnico\"}]},{\"@type\":\"WebSite\",\"@id\":\"https:\\\/\\\/www.eldiario.net\\\/portal\\\/#website\",\"url\":\"https:\\\/\\\/www.eldiario.net\\\/portal\\\/\",\"name\":\"El Diario - Decano de la prensa nacional\",\"description\":\"El Diario - Decano de la prensa nacional\",\"publisher\":{\"@id\":\"https:\\\/\\\/www.eldiario.net\\\/portal\\\/#organization\"},\"potentialAction\":[{\"@type\":\"SearchAction\",\"target\":{\"@type\":\"EntryPoint\",\"urlTemplate\":\"https:\\\/\\\/www.eldiario.net\\\/portal\\\/?s={search_term_string}\"},\"query-input\":{\"@type\":\"PropertyValueSpecification\",\"valueRequired\":true,\"valueName\":\"search_term_string\"}}],\"inLanguage\":\"es\"},{\"@type\":\"Organization\",\"@id\":\"https:\\\/\\\/www.eldiario.net\\\/portal\\\/#organization\",\"name\":\"El Diario - Decano de la prensa nacional\",\"url\":\"https:\\\/\\\/www.eldiario.net\\\/portal\\\/\",\"logo\":{\"@type\":\"ImageObject\",\"inLanguage\":\"es\",\"@id\":\"https:\\\/\\\/www.eldiario.net\\\/portal\\\/#\\\/schema\\\/logo\\\/image\\\/\",\"url\":\"https:\\\/\\\/www.eldiario.net\\\/portal\\\/wp-content\\\/uploads\\\/2023\\\/07\\\/logo_ED.jpg\",\"contentUrl\":\"https:\\\/\\\/www.eldiario.net\\\/portal\\\/wp-content\\\/uploads\\\/2023\\\/07\\\/logo_ED.jpg\",\"width\":272,\"height\":52,\"caption\":\"El Diario - Decano de la prensa nacional\"},\"image\":{\"@id\":\"https:\\\/\\\/www.eldiario.net\\\/portal\\\/#\\\/schema\\\/logo\\\/image\\\/\"},\"sameAs\":[\"https:\\\/\\\/www.facebook.com\\\/eldiario.bolivia\\\/\",\"https:\\\/\\\/x.com\\\/eldiario_net\"]},{\"@type\":\"Person\",\"@id\":\"https:\\\/\\\/www.eldiario.net\\\/portal\\\/#\\\/schema\\\/person\\\/f46445640444750d7d753ccd04ae01b7\",\"name\":\"Jeanette\",\"image\":{\"@type\":\"ImageObject\",\"inLanguage\":\"es\",\"@id\":\"https:\\\/\\\/secure.gravatar.com\\\/avatar\\\/3ea2118a5f7dad2b7138b1187a6b7ee55f160b9968b66013c3a3ef39dd7e5798?s=96&d=mm&r=g\",\"url\":\"https:\\\/\\\/secure.gravatar.com\\\/avatar\\\/3ea2118a5f7dad2b7138b1187a6b7ee55f160b9968b66013c3a3ef39dd7e5798?s=96&d=mm&r=g\",\"contentUrl\":\"https:\\\/\\\/secure.gravatar.com\\\/avatar\\\/3ea2118a5f7dad2b7138b1187a6b7ee55f160b9968b66013c3a3ef39dd7e5798?s=96&d=mm&r=g\",\"caption\":\"Jeanette\"},\"sameAs\":[\"https:\\\/\\\/www.eldiario.net\\\/portal\"],\"url\":\"https:\\\/\\\/www.eldiario.net\\\/portal\\\/author\\\/jeanette\\\/\"}]}<\/script>\n<!-- \/ Yoast SEO plugin. -->","yoast_head_json":{"title":"Senado aprueba proyecto de ley del Territorio Ind\u00edgena Multi\u00e9tnico - El Diario - Bolivia","robots":{"index":"index","follow":"follow","max-snippet":"max-snippet:-1","max-image-preview":"max-image-preview:large","max-video-preview":"max-video-preview:-1"},"canonical":"https:\/\/www.eldiario.net\/portal\/2022\/09\/30\/senado-aprueba-proyecto-de-ley-del-territorio-indigena-multietnico\/","og_locale":"es_ES","og_type":"article","og_title":"Senado aprueba proyecto de ley del Territorio Ind\u00edgena Multi\u00e9tnico - El Diario - Bolivia","og_description":"Despu\u00e9s de 12 a\u00f1os, el proyecto de Ley de Creaci\u00f3n de Unidad Territorial del Territorio Ind\u00edgena Multi\u00e9tnico (TIM) del Beni Sur, ubicado entre las Provincias Moxos y Yacuma, fue aprobado la jornada de este mi\u00e9rcoles en la C\u00e1mara de Senadores. \u201cHan sido muchos a\u00f1os de lucha, ayer se nos aprob\u00f3 la ley en la C\u00e1mara [&hellip;]","og_url":"https:\/\/www.eldiario.net\/portal\/2022\/09\/30\/senado-aprueba-proyecto-de-ley-del-territorio-indigena-multietnico\/","og_site_name":"El Diario - Bolivia","article_publisher":"https:\/\/www.facebook.com\/eldiario.bolivia\/","article_published_time":"2022-09-30T09:33:32+00:00","author":"Jeanette","twitter_card":"summary_large_image","twitter_creator":"@eldiario_net","twitter_site":"@eldiario_net","twitter_misc":{"Escrito por":"Jeanette","Tiempo de lectura":"2 minutos"},"schema":{"@context":"https:\/\/schema.org","@graph":[{"@type":"Article","@id":"https:\/\/www.eldiario.net\/portal\/2022\/09\/30\/senado-aprueba-proyecto-de-ley-del-territorio-indigena-multietnico\/#article","isPartOf":{"@id":"https:\/\/www.eldiario.net\/portal\/2022\/09\/30\/senado-aprueba-proyecto-de-ley-del-territorio-indigena-multietnico\/"},"author":{"name":"Jeanette","@id":"https:\/\/www.eldiario.net\/portal\/#\/schema\/person\/f46445640444750d7d753ccd04ae01b7"},"headline":"Senado aprueba proyecto de ley del Territorio Ind\u00edgena Multi\u00e9tnico","datePublished":"2022-09-30T09:33:32+00:00","mainEntityOfPage":{"@id":"https:\/\/www.eldiario.net\/portal\/2022\/09\/30\/senado-aprueba-proyecto-de-ley-del-territorio-indigena-multietnico\/"},"wordCount":400,"publisher":{"@id":"https:\/\/www.eldiario.net\/portal\/#organization"},"image":{"@id":"https:\/\/www.eldiario.net\/portal\/2022\/09\/30\/senado-aprueba-proyecto-de-ley-del-territorio-indigena-multietnico\/#primaryimage"},"thumbnailUrl":"","articleSection":["Nacional"],"inLanguage":"es"},{"@type":"WebPage","@id":"https:\/\/www.eldiario.net\/portal\/2022\/09\/30\/senado-aprueba-proyecto-de-ley-del-territorio-indigena-multietnico\/","url":"https:\/\/www.eldiario.net\/portal\/2022\/09\/30\/senado-aprueba-proyecto-de-ley-del-territorio-indigena-multietnico\/","name":"Senado aprueba proyecto de ley del Territorio Ind\u00edgena Multi\u00e9tnico - El Diario - Bolivia","isPartOf":{"@id":"https:\/\/www.eldiario.net\/portal\/#website"},"primaryImageOfPage":{"@id":"https:\/\/www.eldiario.net\/portal\/2022\/09\/30\/senado-aprueba-proyecto-de-ley-del-territorio-indigena-multietnico\/#primaryimage"},"image":{"@id":"https:\/\/www.eldiario.net\/portal\/2022\/09\/30\/senado-aprueba-proyecto-de-ley-del-territorio-indigena-multietnico\/#primaryimage"},"thumbnailUrl":"","datePublished":"2022-09-30T09:33:32+00:00","breadcrumb":{"@id":"https:\/\/www.eldiario.net\/portal\/2022\/09\/30\/senado-aprueba-proyecto-de-ley-del-territorio-indigena-multietnico\/#breadcrumb"},"inLanguage":"es","potentialAction":[{"@type":"ReadAction","target":["https:\/\/www.eldiario.net\/portal\/2022\/09\/30\/senado-aprueba-proyecto-de-ley-del-territorio-indigena-multietnico\/"]}]},{"@type":"ImageObject","inLanguage":"es","@id":"https:\/\/www.eldiario.net\/portal\/2022\/09\/30\/senado-aprueba-proyecto-de-ley-del-territorio-indigena-multietnico\/#primaryimage","url":"","contentUrl":""},{"@type":"BreadcrumbList","@id":"https:\/\/www.eldiario.net\/portal\/2022\/09\/30\/senado-aprueba-proyecto-de-ley-del-territorio-indigena-multietnico\/#breadcrumb","itemListElement":[{"@type":"ListItem","position":1,"name":"Portada","item":"https:\/\/www.eldiario.net\/portal\/"},{"@type":"ListItem","position":2,"name":"Senado aprueba proyecto de ley del Territorio Ind\u00edgena Multi\u00e9tnico"}]},{"@type":"WebSite","@id":"https:\/\/www.eldiario.net\/portal\/#website","url":"https:\/\/www.eldiario.net\/portal\/","name":"El Diario - Decano de la prensa nacional","description":"El Diario - Decano de la prensa nacional","publisher":{"@id":"https:\/\/www.eldiario.net\/portal\/#organization"},"potentialAction":[{"@type":"SearchAction","target":{"@type":"EntryPoint","urlTemplate":"https:\/\/www.eldiario.net\/portal\/?s={search_term_string}"},"query-input":{"@type":"PropertyValueSpecification","valueRequired":true,"valueName":"search_term_string"}}],"inLanguage":"es"},{"@type":"Organization","@id":"https:\/\/www.eldiario.net\/portal\/#organization","name":"El Diario - Decano de la prensa nacional","url":"https:\/\/www.eldiario.net\/portal\/","logo":{"@type":"ImageObject","inLanguage":"es","@id":"https:\/\/www.eldiario.net\/portal\/#\/schema\/logo\/image\/","url":"https:\/\/www.eldiario.net\/portal\/wp-content\/uploads\/2023\/07\/logo_ED.jpg","contentUrl":"https:\/\/www.eldiario.net\/portal\/wp-content\/uploads\/2023\/07\/logo_ED.jpg","width":272,"height":52,"caption":"El Diario - Decano de la prensa nacional"},"image":{"@id":"https:\/\/www.eldiario.net\/portal\/#\/schema\/logo\/image\/"},"sameAs":["https:\/\/www.facebook.com\/eldiario.bolivia\/","https:\/\/x.com\/eldiario_net"]},{"@type":"Person","@id":"https:\/\/www.eldiario.net\/portal\/#\/schema\/person\/f46445640444750d7d753ccd04ae01b7","name":"Jeanette","image":{"@type":"ImageObject","inLanguage":"es","@id":"https:\/\/secure.gravatar.com\/avatar\/3ea2118a5f7dad2b7138b1187a6b7ee55f160b9968b66013c3a3ef39dd7e5798?s=96&d=mm&r=g","url":"https:\/\/secure.gravatar.com\/avatar\/3ea2118a5f7dad2b7138b1187a6b7ee55f160b9968b66013c3a3ef39dd7e5798?s=96&d=mm&r=g","contentUrl":"https:\/\/secure.gravatar.com\/avatar\/3ea2118a5f7dad2b7138b1187a6b7ee55f160b9968b66013c3a3ef39dd7e5798?s=96&d=mm&r=g","caption":"Jeanette"},"sameAs":["https:\/\/www.eldiario.net\/portal"],"url":"https:\/\/www.eldiario.net\/portal\/author\/jeanette\/"}]}},"_links":{"self":[{"href":"https:\/\/www.eldiario.net\/portal\/wp-json\/wp\/v2\/posts\/113789","targetHints":{"allow":["GET"]}}],"collection":[{"href":"https:\/\/www.eldiario.net\/portal\/wp-json\/wp\/v2\/posts"}],"about":[{"href":"https:\/\/www.eldiario.net\/portal\/wp-json\/wp\/v2\/types\/post"}],"author":[{"embeddable":true,"href":"https:\/\/www.eldiario.net\/portal\/wp-json\/wp\/v2\/users\/1"}],"replies":[{"embeddable":true,"href":"https:\/\/www.eldiario.net\/portal\/wp-json\/wp\/v2\/comments?post=113789"}],"version-history":[{"count":0,"href":"https:\/\/www.eldiario.net\/portal\/wp-json\/wp\/v2\/posts\/113789\/revisions"}],"wp:attachment":[{"href":"https:\/\/www.eldiario.net\/portal\/wp-json\/wp\/v2\/media?parent=113789"}],"wp:term":[{"taxonomy":"category","embeddable":true,"href":"https:\/\/www.eldiario.net\/portal\/wp-json\/wp\/v2\/categories?post=113789"},{"taxonomy":"post_tag","embeddable":true,"href":"https:\/\/www.eldiario.net\/portal\/wp-json\/wp\/v2\/tags?post=113789"}],"curies":[{"name":"wp","href":"https:\/\/api.w.org\/{rel}","templated":true}]}}