{"id":113785,"date":"2022-09-30T05:32:30","date_gmt":"2022-09-30T09:32:30","guid":{"rendered":"https:\/\/www.eldiario.net\/portal\/?p=113785"},"modified":"2022-09-30T05:32:30","modified_gmt":"2022-09-30T09:32:30","slug":"deforestacion-continua-en-el-bajo-paragua","status":"publish","type":"post","link":"https:\/\/www.eldiario.net\/portal\/2022\/09\/30\/deforestacion-continua-en-el-bajo-paragua\/","title":{"rendered":"Deforestaci\u00f3n contin\u00faa  en el Bajo Paragu\u00e1"},"content":{"rendered":"<p>Que el Bajo Paragu\u00e1 en San Ignacio de Velasco sea un \u00c1rea Protegida Municipal era idealmente una garant\u00eda para su protecci\u00f3n, sin embargo, desde su nombramiento en 2021 nada ni nadie frena los avasallamientos. El Observatorio del Bosque Seco Chiquitano realiz\u00f3 un reciente an\u00e1lisis de la deforestaci\u00f3n y pudo detectar que la superficie desmontada alcanza ya las 213 hect\u00e1reas que incluye una \u00faltima brecha de 7 kil\u00f3metros de longitud y que fue abierta entre el 6 y 11 de julio de 2022.<\/p>\n<p>Los desmontes sistem\u00e1ticos vienen ocurriendo desde noviembre de 2019, cuando se detect\u00f3 el punto A1, que tiene una superficie de deforestaci\u00f3n de 167 hect\u00e1reas. Entre enero y febrero de 2021 se abrieron de forma paralela dos brechas, la A2 con 12,53 hect\u00e1reas, y la A3, con 8,79 hect\u00e1reas de desmonte. A estas tres brechas se suma la A4, que fue abierta este a\u00f1o.<\/p>\n<p>Si vemos con atenci\u00f3n las im\u00e1genes satelitales podemos observar que existen ocho puntos de asentamientos, cuatro que est\u00e1n conectados a las brechas existentes y cuatro m\u00e1s que posiblemente sean el inicio de futuras brechas, ya que se ha podido constatar que han levantado campamentos en cada uno de estos puntos.<\/p>\n<p>En la visita al punto A8, donde la Red Ambiental de Informaci\u00f3n (RAI) tuvo acceso junto a una comitiva de la Gobernaci\u00f3n de Santa Cruz, caciques de 13 comunidades, asamble\u00edstas y c\u00edvicos, pudimos ver una estructura tipo tinglado aparentemente de reciente construcci\u00f3n donde los avasalladores tienen madera aserrada y material combustible.<\/p>\n<p>Toda esta situaci\u00f3n ha llamado la atenci\u00f3n de los caciques de las comunidades ind\u00edgenas chiquitanas, que en su pedido de auxilio han acudido a distintas instancias. Es as\u00ed que en septiembre, despu\u00e9s de varias reuniones con diferentes actores preocupados por lo que sucede en esta regi\u00f3n, se conform\u00f3 una gran comisi\u00f3n encabezada por el Gobernador Luis Fernando Camacho para visitar el \u00e1rea protegida y poder verificar in situ los da\u00f1os que hasta ahora el alcalde Rudy Dorado no atendi\u00f3, a pesar de que el INRA ha revelado en un informe t\u00e9cnico que ese pulm\u00f3n verde es Tierra Fiscal No Disponible y esa instituci\u00f3n no inici\u00f3 ni iniciar\u00e1 procesos de dotaci\u00f3n en esta \u00e1rea protegida, dejando claramente establecido que todos estos intentos de asentamiento, son ilegales.<\/p>\n<p>Frente a la inacci\u00f3n de la Alcald\u00eda de San Ignacio ante los avasallamientos, la Gobernaci\u00f3n de Santa Cruz ha denunciado al alcalde por incumplimiento de deberes. \u201cEl actual alcalde de San Ignacio ha hecho caso omiso a todas las recomendaciones, leyes y reglamentos, incluso a los mandatos de la Constituci\u00f3n Pol\u00edtica del Estado, que dice que los da\u00f1os ambientales son traici\u00f3n a la Patria. Los da\u00f1os ambientales son penales, no son civiles ni administrativos\u201d, expres\u00f3 Jhonny Rojas, secretario de Desarrollo Sostenible y Medio Ambiente de la Gobernaci\u00f3n.<\/p>\n<p>La denuncia est\u00e1 respaldada por un acta firmada el 17 de septiembre de 2022 por los 13 caciques de las comunidades ind\u00edgenas de la zona, los informes t\u00e9cnicos con im\u00e1genes satelitales, fotos, v\u00eddeos y coordenadas emitidos por la Fundaci\u00f3n para la Conservaci\u00f3n del Bosque Chiquitano (FCBC) y por las direcciones de Conservaci\u00f3n del Patrimonio Natural, Ordenamiento Territorial y Recursos Naturales de la Gobernaci\u00f3n de Santa Cruz, y con una resoluci\u00f3n de las m\u00e1ximas autoridades de las comunidades ind\u00edgenas de la zona.<\/p>\n<p>Adem\u00e1s de la denuncia de la Gobernaci\u00f3n de Santa Cruz, la diputada Mar\u00eda Ren\u00e9 \u00c1lvarez, de Creemos, remiti\u00f3 una nota a la Relator\u00eda Especial de Pueblos Ind\u00edgenas de las Naciones Unidas, alertando sobre el aumento de avasallamientos y usurpaci\u00f3n de tierras en el \u00c1rea Protegida Bajo Paragu\u00e1 y su pedido de exhortaci\u00f3n al Estado boliviano sobre la toma de acciones oportunas.<\/p>\n<p>\u201cEstas denuncias ya las venimos recibiendo desde el a\u00f1o pasado. Cuando realizamos una primera inspecci\u00f3n y fuimos emboscados, es por esta raz\u00f3n que ahora fuimos con una comisi\u00f3n m\u00e1s grande, donde tambi\u00e9n se invit\u00f3 al alcalde Rudy Dorado a la ABT y al INRA, que lamentablemente no asistieron\u201d detall\u00f3 la diputada \u00c1lvarez.<\/p>\n<p>De acuerdo a las declaraciones de la parlamentaria, hasta la fecha la ABT solo ha emitido informes donde constatan la deforestaci\u00f3n en esta \u00e1rea protegida, pero hasta la fecha no realizan acciones. \u201cLa pretensi\u00f3n de los avasalladores es constituir 59 comunidades y est\u00e1n avanzando. Seg\u00fan el INRA no puede haber asentamientos humanos dentro del \u00e1rea protegida, pero hay asentamientos, avasallamientos y deforestaci\u00f3n, las pruebas son claras y evidentes, tienen que hacer el desalojo con la fuerza p\u00fablica. No queremos llegar a que haya enfrentamientos, pero lamentablemente las autoridades llamadas por ley como la ABT y Alcald\u00eda, no hacen nada\u201d.<\/p>\n<p>Coincide con estas declaraciones el asamble\u00edsta Rony Justiniano, quien tambi\u00e9n responsabiliza al Gobierno Municipal de San Ignacio de Velasco, por no tomar acciones y no cumplir lo que dice el INRA, para \u00e9l existe una complicidad del alcalde y \u00e9sta es la raz\u00f3n por la que siguen avanzando y no hay sanciones.<\/p>\n<p>\u201cEn la Chiquitan\u00eda llevamos m\u00e1s de ocho a\u00f1os en esta pelea y tenemos todas las de ganar por medio de la ley, pero la ley lamentablemente no funciona para nosotros, el gobierno protege los avasallamientos, hemos hecho muchas denuncias contra este alcalde y contra mucha gente, tenemos m\u00e1s de 2.500 comunidades avasalladas en toda la Chiquitan\u00eda y debemos tener claro que todas las comunidades asentadas despu\u00e9s de 1996, son ilegales. Las hemos denunciado, pero el gobierno ha hecho caso omiso\u201d, detall\u00f3 Jos\u00e9 Serrate, presidente de los Comit\u00e9s C\u00edvicos Provinciales.<\/p>\n<p>Los ind\u00edgenas originarios de la zona quieren ver resultados, as\u00ed lo expres\u00f3 Hortensia G\u00f3mez Pe\u00f1a, cacique de la comunidad ind\u00edgena de Piso Firme quien le pidi\u00f3 al gobernador Fernando Camacho interceder para que esta \u00e1rea protegida no se toque y que se mantendr\u00e1n en vigilia hasta ver acciones concretas.<\/p>\n<p>Para Rolvis P\u00e9rez, cacique de Porvenir, la capital departamental del Asa\u00ed, los ind\u00edgenas originarios son los guardianes de esta \u00e1rea, porque est\u00e1n demostrando que a trav\u00e9s del manejo sostenible de los recursos naturales se beneficia a muchas familias y adem\u00e1s de beneficiar est\u00e1n conservando el \u00e1rea. \u201cEstamos preocupados, hace dos a\u00f1os que venimos batallando con este problema. Nosotros, con el apoyo de algunas instituciones y organizaciones hemos conformado esta \u00e1rea protegida, ha sido un trabajo de muchos a\u00f1os y no puede ser que a estas alturas nos dejen solos. Los avasalladores est\u00e1n mucho m\u00e1s organizados y corremos el riesgo que sigan avanzando, a un minuto del punto A8 (d\u00f3nde lleg\u00f3 la comitiva) empieza el territorio ind\u00edgena del bajo Paragu\u00e1, son 360 mil hect\u00e1reas que no vamos a permitir que las toquen\u201d.<\/p>\n<p>Para conocer la versi\u00f3n del alcalde de San Ignacio de Velasco, Carlos Ruddy Dorado, intentamos comunicarnos varias veces sin respuesta, sin embargo logramos hablar con la ingeniera Lina Z\u00e1rate, de la direcci\u00f3n de Medio Ambiente de ese municipio, quien coment\u00f3 que en julio del a\u00f1o pasado se hizo una primera inspecci\u00f3n, solicitando el apoyo del INRA y la ABT, aquella vez sin respuesta. Para la segunda inspecci\u00f3n, se logr\u00f3 el apoyo de la ABT departamental y el alcalde hizo conocer al INRA sobre estos supuestos avasallamientos. \u201cEl INRA tiene una respuesta que dice que esas \u00e1reas no fueron cedidas a nadie, ya que se trata de un \u00e1rea protegida\u201d, expres\u00f3. (Reportaje fue realizado por la Red Ambiental de Informaci\u00f3n (RAI)-Br\u00fajula Digital)<\/p>\n","protected":false},"excerpt":{"rendered":"<p>Que el Bajo Paragu\u00e1 en San Ignacio de Velasco sea un \u00c1rea Protegida Municipal era idealmente una garant\u00eda para su protecci\u00f3n, sin embargo, desde su nombramiento en 2021 nada ni nadie frena los avasallamientos. El Observatorio del Bosque Seco Chiquitano realiz\u00f3 un reciente an\u00e1lisis de la deforestaci\u00f3n y pudo detectar que la superficie desmontada alcanza [&hellip;]<\/p>\n","protected":false},"author":1,"featured_media":113786,"comment_status":"closed","ping_status":"closed","sticky":false,"template":"","format":"standard","meta":{"_acf_changed":false,"footnotes":""},"categories":[12],"tags":[],"class_list":["post-113785","post","type-post","status-publish","format-standard","has-post-thumbnail","category-nacional"],"acf":{"antetitulo":""},"yoast_head":"<!-- This site is optimized with the Yoast SEO plugin v28.4 - https:\/\/yoast.com\/product\/yoast-seo-wordpress\/ -->\n<title>Deforestaci\u00f3n contin\u00faa en el Bajo Paragu\u00e1 - El Diario - Bolivia<\/title>\n<meta name=\"robots\" content=\"index, follow, max-snippet:-1, max-image-preview:large, max-video-preview:-1\" \/>\n<link rel=\"canonical\" href=\"https:\/\/www.eldiario.net\/portal\/2022\/09\/30\/deforestacion-continua-en-el-bajo-paragua\/\" \/>\n<meta property=\"og:locale\" content=\"es_ES\" \/>\n<meta property=\"og:type\" content=\"article\" \/>\n<meta property=\"og:title\" content=\"Deforestaci\u00f3n contin\u00faa en el Bajo Paragu\u00e1 - El Diario - Bolivia\" \/>\n<meta property=\"og:description\" content=\"Que el Bajo Paragu\u00e1 en San Ignacio de Velasco sea un \u00c1rea Protegida Municipal era idealmente una garant\u00eda para su protecci\u00f3n, sin embargo, desde su nombramiento en 2021 nada ni nadie frena los avasallamientos. El Observatorio del Bosque Seco Chiquitano realiz\u00f3 un reciente an\u00e1lisis de la deforestaci\u00f3n y pudo detectar que la superficie desmontada alcanza [&hellip;]\" \/>\n<meta property=\"og:url\" content=\"https:\/\/www.eldiario.net\/portal\/2022\/09\/30\/deforestacion-continua-en-el-bajo-paragua\/\" \/>\n<meta property=\"og:site_name\" content=\"El Diario - Bolivia\" \/>\n<meta property=\"article:publisher\" content=\"https:\/\/www.facebook.com\/eldiario.bolivia\/\" \/>\n<meta property=\"article:published_time\" content=\"2022-09-30T09:32:30+00:00\" \/>\n<meta property=\"og:image\" content=\"https:\/\/www.eldiario.net\/portal\/wp-content\/uploads\/2022\/09\/paragua-foto.jpg\" \/>\n\t<meta property=\"og:image:width\" content=\"720\" \/>\n\t<meta property=\"og:image:height\" content=\"399\" \/>\n\t<meta property=\"og:image:type\" content=\"image\/jpeg\" \/>\n<meta name=\"author\" content=\"Jeanette\" \/>\n<meta name=\"twitter:card\" content=\"summary_large_image\" \/>\n<meta name=\"twitter:creator\" content=\"@eldiario_net\" \/>\n<meta name=\"twitter:site\" content=\"@eldiario_net\" \/>\n<meta name=\"twitter:label1\" content=\"Escrito por\" \/>\n\t<meta name=\"twitter:data1\" content=\"Jeanette\" \/>\n\t<meta name=\"twitter:label2\" content=\"Tiempo de lectura\" \/>\n\t<meta name=\"twitter:data2\" content=\"6 minutos\" \/>\n<script type=\"application\/ld+json\" class=\"yoast-schema-graph\">{\"@context\":\"https:\\\/\\\/schema.org\",\"@graph\":[{\"@type\":\"Article\",\"@id\":\"https:\\\/\\\/www.eldiario.net\\\/portal\\\/2022\\\/09\\\/30\\\/deforestacion-continua-en-el-bajo-paragua\\\/#article\",\"isPartOf\":{\"@id\":\"https:\\\/\\\/www.eldiario.net\\\/portal\\\/2022\\\/09\\\/30\\\/deforestacion-continua-en-el-bajo-paragua\\\/\"},\"author\":{\"name\":\"Jeanette\",\"@id\":\"https:\\\/\\\/www.eldiario.net\\\/portal\\\/#\\\/schema\\\/person\\\/f46445640444750d7d753ccd04ae01b7\"},\"headline\":\"Deforestaci\u00f3n contin\u00faa en el Bajo Paragu\u00e1\",\"datePublished\":\"2022-09-30T09:32:30+00:00\",\"mainEntityOfPage\":{\"@id\":\"https:\\\/\\\/www.eldiario.net\\\/portal\\\/2022\\\/09\\\/30\\\/deforestacion-continua-en-el-bajo-paragua\\\/\"},\"wordCount\":1292,\"publisher\":{\"@id\":\"https:\\\/\\\/www.eldiario.net\\\/portal\\\/#organization\"},\"image\":{\"@id\":\"https:\\\/\\\/www.eldiario.net\\\/portal\\\/2022\\\/09\\\/30\\\/deforestacion-continua-en-el-bajo-paragua\\\/#primaryimage\"},\"thumbnailUrl\":\"https:\\\/\\\/www.eldiario.net\\\/portal\\\/wp-content\\\/uploads\\\/2022\\\/09\\\/paragua-foto.jpg\",\"articleSection\":[\"Nacional\"],\"inLanguage\":\"es\"},{\"@type\":\"WebPage\",\"@id\":\"https:\\\/\\\/www.eldiario.net\\\/portal\\\/2022\\\/09\\\/30\\\/deforestacion-continua-en-el-bajo-paragua\\\/\",\"url\":\"https:\\\/\\\/www.eldiario.net\\\/portal\\\/2022\\\/09\\\/30\\\/deforestacion-continua-en-el-bajo-paragua\\\/\",\"name\":\"Deforestaci\u00f3n contin\u00faa en el Bajo Paragu\u00e1 - El Diario - Bolivia\",\"isPartOf\":{\"@id\":\"https:\\\/\\\/www.eldiario.net\\\/portal\\\/#website\"},\"primaryImageOfPage\":{\"@id\":\"https:\\\/\\\/www.eldiario.net\\\/portal\\\/2022\\\/09\\\/30\\\/deforestacion-continua-en-el-bajo-paragua\\\/#primaryimage\"},\"image\":{\"@id\":\"https:\\\/\\\/www.eldiario.net\\\/portal\\\/2022\\\/09\\\/30\\\/deforestacion-continua-en-el-bajo-paragua\\\/#primaryimage\"},\"thumbnailUrl\":\"https:\\\/\\\/www.eldiario.net\\\/portal\\\/wp-content\\\/uploads\\\/2022\\\/09\\\/paragua-foto.jpg\",\"datePublished\":\"2022-09-30T09:32:30+00:00\",\"breadcrumb\":{\"@id\":\"https:\\\/\\\/www.eldiario.net\\\/portal\\\/2022\\\/09\\\/30\\\/deforestacion-continua-en-el-bajo-paragua\\\/#breadcrumb\"},\"inLanguage\":\"es\",\"potentialAction\":[{\"@type\":\"ReadAction\",\"target\":[\"https:\\\/\\\/www.eldiario.net\\\/portal\\\/2022\\\/09\\\/30\\\/deforestacion-continua-en-el-bajo-paragua\\\/\"]}]},{\"@type\":\"ImageObject\",\"inLanguage\":\"es\",\"@id\":\"https:\\\/\\\/www.eldiario.net\\\/portal\\\/2022\\\/09\\\/30\\\/deforestacion-continua-en-el-bajo-paragua\\\/#primaryimage\",\"url\":\"https:\\\/\\\/www.eldiario.net\\\/portal\\\/wp-content\\\/uploads\\\/2022\\\/09\\\/paragua-foto.jpg\",\"contentUrl\":\"https:\\\/\\\/www.eldiario.net\\\/portal\\\/wp-content\\\/uploads\\\/2022\\\/09\\\/paragua-foto.jpg\",\"width\":720,\"height\":399,\"caption\":\"Im\u00e1genes satelitales que dan cuenta de la deforestaci\u00f3n. Foto: Br\u00fajula Digital\"},{\"@type\":\"BreadcrumbList\",\"@id\":\"https:\\\/\\\/www.eldiario.net\\\/portal\\\/2022\\\/09\\\/30\\\/deforestacion-continua-en-el-bajo-paragua\\\/#breadcrumb\",\"itemListElement\":[{\"@type\":\"ListItem\",\"position\":1,\"name\":\"Portada\",\"item\":\"https:\\\/\\\/www.eldiario.net\\\/portal\\\/\"},{\"@type\":\"ListItem\",\"position\":2,\"name\":\"Deforestaci\u00f3n contin\u00faa en el Bajo Paragu\u00e1\"}]},{\"@type\":\"WebSite\",\"@id\":\"https:\\\/\\\/www.eldiario.net\\\/portal\\\/#website\",\"url\":\"https:\\\/\\\/www.eldiario.net\\\/portal\\\/\",\"name\":\"El Diario - Decano de la prensa nacional\",\"description\":\"El Diario - Decano de la prensa nacional\",\"publisher\":{\"@id\":\"https:\\\/\\\/www.eldiario.net\\\/portal\\\/#organization\"},\"potentialAction\":[{\"@type\":\"SearchAction\",\"target\":{\"@type\":\"EntryPoint\",\"urlTemplate\":\"https:\\\/\\\/www.eldiario.net\\\/portal\\\/?s={search_term_string}\"},\"query-input\":{\"@type\":\"PropertyValueSpecification\",\"valueRequired\":true,\"valueName\":\"search_term_string\"}}],\"inLanguage\":\"es\"},{\"@type\":\"Organization\",\"@id\":\"https:\\\/\\\/www.eldiario.net\\\/portal\\\/#organization\",\"name\":\"El Diario - Decano de la prensa nacional\",\"url\":\"https:\\\/\\\/www.eldiario.net\\\/portal\\\/\",\"logo\":{\"@type\":\"ImageObject\",\"inLanguage\":\"es\",\"@id\":\"https:\\\/\\\/www.eldiario.net\\\/portal\\\/#\\\/schema\\\/logo\\\/image\\\/\",\"url\":\"https:\\\/\\\/www.eldiario.net\\\/portal\\\/wp-content\\\/uploads\\\/2023\\\/07\\\/logo_ED.jpg\",\"contentUrl\":\"https:\\\/\\\/www.eldiario.net\\\/portal\\\/wp-content\\\/uploads\\\/2023\\\/07\\\/logo_ED.jpg\",\"width\":272,\"height\":52,\"caption\":\"El Diario - Decano de la prensa nacional\"},\"image\":{\"@id\":\"https:\\\/\\\/www.eldiario.net\\\/portal\\\/#\\\/schema\\\/logo\\\/image\\\/\"},\"sameAs\":[\"https:\\\/\\\/www.facebook.com\\\/eldiario.bolivia\\\/\",\"https:\\\/\\\/x.com\\\/eldiario_net\"]},{\"@type\":\"Person\",\"@id\":\"https:\\\/\\\/www.eldiario.net\\\/portal\\\/#\\\/schema\\\/person\\\/f46445640444750d7d753ccd04ae01b7\",\"name\":\"Jeanette\",\"image\":{\"@type\":\"ImageObject\",\"inLanguage\":\"es\",\"@id\":\"https:\\\/\\\/secure.gravatar.com\\\/avatar\\\/3ea2118a5f7dad2b7138b1187a6b7ee55f160b9968b66013c3a3ef39dd7e5798?s=96&d=mm&r=g\",\"url\":\"https:\\\/\\\/secure.gravatar.com\\\/avatar\\\/3ea2118a5f7dad2b7138b1187a6b7ee55f160b9968b66013c3a3ef39dd7e5798?s=96&d=mm&r=g\",\"contentUrl\":\"https:\\\/\\\/secure.gravatar.com\\\/avatar\\\/3ea2118a5f7dad2b7138b1187a6b7ee55f160b9968b66013c3a3ef39dd7e5798?s=96&d=mm&r=g\",\"caption\":\"Jeanette\"},\"sameAs\":[\"https:\\\/\\\/www.eldiario.net\\\/portal\"],\"url\":\"https:\\\/\\\/www.eldiario.net\\\/portal\\\/author\\\/jeanette\\\/\"}]}<\/script>\n<!-- \/ Yoast SEO plugin. -->","yoast_head_json":{"title":"Deforestaci\u00f3n contin\u00faa en el Bajo Paragu\u00e1 - El Diario - Bolivia","robots":{"index":"index","follow":"follow","max-snippet":"max-snippet:-1","max-image-preview":"max-image-preview:large","max-video-preview":"max-video-preview:-1"},"canonical":"https:\/\/www.eldiario.net\/portal\/2022\/09\/30\/deforestacion-continua-en-el-bajo-paragua\/","og_locale":"es_ES","og_type":"article","og_title":"Deforestaci\u00f3n contin\u00faa en el Bajo Paragu\u00e1 - El Diario - Bolivia","og_description":"Que el Bajo Paragu\u00e1 en San Ignacio de Velasco sea un \u00c1rea Protegida Municipal era idealmente una garant\u00eda para su protecci\u00f3n, sin embargo, desde su nombramiento en 2021 nada ni nadie frena los avasallamientos. El Observatorio del Bosque Seco Chiquitano realiz\u00f3 un reciente an\u00e1lisis de la deforestaci\u00f3n y pudo detectar que la superficie desmontada alcanza [&hellip;]","og_url":"https:\/\/www.eldiario.net\/portal\/2022\/09\/30\/deforestacion-continua-en-el-bajo-paragua\/","og_site_name":"El Diario - Bolivia","article_publisher":"https:\/\/www.facebook.com\/eldiario.bolivia\/","article_published_time":"2022-09-30T09:32:30+00:00","og_image":[{"width":720,"height":399,"url":"https:\/\/www.eldiario.net\/portal\/wp-content\/uploads\/2022\/09\/paragua-foto.jpg","type":"image\/jpeg"}],"author":"Jeanette","twitter_card":"summary_large_image","twitter_creator":"@eldiario_net","twitter_site":"@eldiario_net","twitter_misc":{"Escrito por":"Jeanette","Tiempo de lectura":"6 minutos"},"schema":{"@context":"https:\/\/schema.org","@graph":[{"@type":"Article","@id":"https:\/\/www.eldiario.net\/portal\/2022\/09\/30\/deforestacion-continua-en-el-bajo-paragua\/#article","isPartOf":{"@id":"https:\/\/www.eldiario.net\/portal\/2022\/09\/30\/deforestacion-continua-en-el-bajo-paragua\/"},"author":{"name":"Jeanette","@id":"https:\/\/www.eldiario.net\/portal\/#\/schema\/person\/f46445640444750d7d753ccd04ae01b7"},"headline":"Deforestaci\u00f3n contin\u00faa en el Bajo Paragu\u00e1","datePublished":"2022-09-30T09:32:30+00:00","mainEntityOfPage":{"@id":"https:\/\/www.eldiario.net\/portal\/2022\/09\/30\/deforestacion-continua-en-el-bajo-paragua\/"},"wordCount":1292,"publisher":{"@id":"https:\/\/www.eldiario.net\/portal\/#organization"},"image":{"@id":"https:\/\/www.eldiario.net\/portal\/2022\/09\/30\/deforestacion-continua-en-el-bajo-paragua\/#primaryimage"},"thumbnailUrl":"https:\/\/www.eldiario.net\/portal\/wp-content\/uploads\/2022\/09\/paragua-foto.jpg","articleSection":["Nacional"],"inLanguage":"es"},{"@type":"WebPage","@id":"https:\/\/www.eldiario.net\/portal\/2022\/09\/30\/deforestacion-continua-en-el-bajo-paragua\/","url":"https:\/\/www.eldiario.net\/portal\/2022\/09\/30\/deforestacion-continua-en-el-bajo-paragua\/","name":"Deforestaci\u00f3n contin\u00faa en el Bajo Paragu\u00e1 - El Diario - Bolivia","isPartOf":{"@id":"https:\/\/www.eldiario.net\/portal\/#website"},"primaryImageOfPage":{"@id":"https:\/\/www.eldiario.net\/portal\/2022\/09\/30\/deforestacion-continua-en-el-bajo-paragua\/#primaryimage"},"image":{"@id":"https:\/\/www.eldiario.net\/portal\/2022\/09\/30\/deforestacion-continua-en-el-bajo-paragua\/#primaryimage"},"thumbnailUrl":"https:\/\/www.eldiario.net\/portal\/wp-content\/uploads\/2022\/09\/paragua-foto.jpg","datePublished":"2022-09-30T09:32:30+00:00","breadcrumb":{"@id":"https:\/\/www.eldiario.net\/portal\/2022\/09\/30\/deforestacion-continua-en-el-bajo-paragua\/#breadcrumb"},"inLanguage":"es","potentialAction":[{"@type":"ReadAction","target":["https:\/\/www.eldiario.net\/portal\/2022\/09\/30\/deforestacion-continua-en-el-bajo-paragua\/"]}]},{"@type":"ImageObject","inLanguage":"es","@id":"https:\/\/www.eldiario.net\/portal\/2022\/09\/30\/deforestacion-continua-en-el-bajo-paragua\/#primaryimage","url":"https:\/\/www.eldiario.net\/portal\/wp-content\/uploads\/2022\/09\/paragua-foto.jpg","contentUrl":"https:\/\/www.eldiario.net\/portal\/wp-content\/uploads\/2022\/09\/paragua-foto.jpg","width":720,"height":399,"caption":"Im\u00e1genes satelitales que dan cuenta de la deforestaci\u00f3n. Foto: Br\u00fajula Digital"},{"@type":"BreadcrumbList","@id":"https:\/\/www.eldiario.net\/portal\/2022\/09\/30\/deforestacion-continua-en-el-bajo-paragua\/#breadcrumb","itemListElement":[{"@type":"ListItem","position":1,"name":"Portada","item":"https:\/\/www.eldiario.net\/portal\/"},{"@type":"ListItem","position":2,"name":"Deforestaci\u00f3n contin\u00faa en el Bajo Paragu\u00e1"}]},{"@type":"WebSite","@id":"https:\/\/www.eldiario.net\/portal\/#website","url":"https:\/\/www.eldiario.net\/portal\/","name":"El Diario - Decano de la prensa nacional","description":"El Diario - Decano de la prensa nacional","publisher":{"@id":"https:\/\/www.eldiario.net\/portal\/#organization"},"potentialAction":[{"@type":"SearchAction","target":{"@type":"EntryPoint","urlTemplate":"https:\/\/www.eldiario.net\/portal\/?s={search_term_string}"},"query-input":{"@type":"PropertyValueSpecification","valueRequired":true,"valueName":"search_term_string"}}],"inLanguage":"es"},{"@type":"Organization","@id":"https:\/\/www.eldiario.net\/portal\/#organization","name":"El Diario - Decano de la prensa nacional","url":"https:\/\/www.eldiario.net\/portal\/","logo":{"@type":"ImageObject","inLanguage":"es","@id":"https:\/\/www.eldiario.net\/portal\/#\/schema\/logo\/image\/","url":"https:\/\/www.eldiario.net\/portal\/wp-content\/uploads\/2023\/07\/logo_ED.jpg","contentUrl":"https:\/\/www.eldiario.net\/portal\/wp-content\/uploads\/2023\/07\/logo_ED.jpg","width":272,"height":52,"caption":"El Diario - Decano de la prensa nacional"},"image":{"@id":"https:\/\/www.eldiario.net\/portal\/#\/schema\/logo\/image\/"},"sameAs":["https:\/\/www.facebook.com\/eldiario.bolivia\/","https:\/\/x.com\/eldiario_net"]},{"@type":"Person","@id":"https:\/\/www.eldiario.net\/portal\/#\/schema\/person\/f46445640444750d7d753ccd04ae01b7","name":"Jeanette","image":{"@type":"ImageObject","inLanguage":"es","@id":"https:\/\/secure.gravatar.com\/avatar\/3ea2118a5f7dad2b7138b1187a6b7ee55f160b9968b66013c3a3ef39dd7e5798?s=96&d=mm&r=g","url":"https:\/\/secure.gravatar.com\/avatar\/3ea2118a5f7dad2b7138b1187a6b7ee55f160b9968b66013c3a3ef39dd7e5798?s=96&d=mm&r=g","contentUrl":"https:\/\/secure.gravatar.com\/avatar\/3ea2118a5f7dad2b7138b1187a6b7ee55f160b9968b66013c3a3ef39dd7e5798?s=96&d=mm&r=g","caption":"Jeanette"},"sameAs":["https:\/\/www.eldiario.net\/portal"],"url":"https:\/\/www.eldiario.net\/portal\/author\/jeanette\/"}]}},"_links":{"self":[{"href":"https:\/\/www.eldiario.net\/portal\/wp-json\/wp\/v2\/posts\/113785","targetHints":{"allow":["GET"]}}],"collection":[{"href":"https:\/\/www.eldiario.net\/portal\/wp-json\/wp\/v2\/posts"}],"about":[{"href":"https:\/\/www.eldiario.net\/portal\/wp-json\/wp\/v2\/types\/post"}],"author":[{"embeddable":true,"href":"https:\/\/www.eldiario.net\/portal\/wp-json\/wp\/v2\/users\/1"}],"replies":[{"embeddable":true,"href":"https:\/\/www.eldiario.net\/portal\/wp-json\/wp\/v2\/comments?post=113785"}],"version-history":[{"count":0,"href":"https:\/\/www.eldiario.net\/portal\/wp-json\/wp\/v2\/posts\/113785\/revisions"}],"wp:featuredmedia":[{"embeddable":true,"href":"https:\/\/www.eldiario.net\/portal\/wp-json\/wp\/v2\/media\/113786"}],"wp:attachment":[{"href":"https:\/\/www.eldiario.net\/portal\/wp-json\/wp\/v2\/media?parent=113785"}],"wp:term":[{"taxonomy":"category","embeddable":true,"href":"https:\/\/www.eldiario.net\/portal\/wp-json\/wp\/v2\/categories?post=113785"},{"taxonomy":"post_tag","embeddable":true,"href":"https:\/\/www.eldiario.net\/portal\/wp-json\/wp\/v2\/tags?post=113785"}],"curies":[{"name":"wp","href":"https:\/\/api.w.org\/{rel}","templated":true}]}}