{"id":11378,"date":"2021-06-19T06:02:49","date_gmt":"2021-06-19T10:02:49","guid":{"rendered":"https:\/\/www.eldiario.net\/portal\/?p=11378"},"modified":"2021-06-19T06:02:49","modified_gmt":"2021-06-19T10:02:49","slug":"intendencia-decomisa-70-kilos-de-salchichas-en-mal-estado","status":"publish","type":"post","link":"https:\/\/www.eldiario.net\/portal\/2021\/06\/19\/intendencia-decomisa-70-kilos-de-salchichas-en-mal-estado\/","title":{"rendered":"Intendencia decomisa 70 kilos  de salchichas en mal estado"},"content":{"rendered":"<p>En dos d\u00edas de operativos, la Intendencia Municipal de la ciudad de El Alto decomis\u00f3 m\u00e1s de 70 kilos de salchichas en mal estado y sin registro sanitario, adem\u00e1s se procedi\u00f3 a la clausura de cuatro friales y carnicer\u00edas.<br \/>\nDe acuerdo con la autoridad, el intendente mayor Miguel Rocabado, estos operativos ser\u00e1n m\u00e1s intensos en estos d\u00edas, porque se acerca la noche de San Juan para que la poblaci\u00f3n pueda adquirir los mismos con todas las garant\u00edas de salud que se requiere.<br \/>\nDe esta manera, en la oportunidad y en los d\u00edas jueves y viernes se ha logrado realizar un control estricto a aquellos negocios donde expenden salchichas, chorizos y los aderezos para en la noche del 23 de junio. En la mayor\u00eda de estos friales y algunas carnicer\u00edas se ha podido establecer que estos productos se vend\u00edan en mal estado.<br \/>\n\u201cHemos podido realizar un operativo en diferentes zonas donde se han intervenido varios friales en el lugar. Se ha procedido a la clausura de estos negocios y el decomiso de varios productos que estaban en mal estado, que ten\u00edan la fecha de vencimiento de salchichas y chorizos desde hace un mes, y algunos que no ten\u00edan registro sanitario, la fecha de vencimiento estaba alterada de manera dolosa\u201d, inform\u00f3 el mayor Rocabado.<br \/>\nLa autoridad advirti\u00f3 que estos controles ser\u00e1n con mayor intensidad en estos d\u00edas pr\u00f3ximos a la noche de San Juan, para lo cual se tiene planificado distribuir personal de la Intendencia Municipal en los 14 distritos de la urbe alte\u00f1a.<br \/>\nEn cuanto a los fuegos artificiales, de la misma manera est\u00e1 prohibida su venta, debido a que representan un peligro para la integridad f\u00edsica de los menores de edad y la salud de los mismos.<br \/>\nEn relaci\u00f3n a este tema, los controles ser\u00e1n en las ferias barriales y los mercados zonales; el decomiso de estos productos ser\u00e1 inmediato, de acuerdo a las normas municipales.<br \/>\nLa venta de le\u00f1a o madera para la realizaci\u00f3n de fogatas tambi\u00e9n est\u00e1n prohibidas, tema en el cual el control ser\u00e1 riguroso, porque su utilizaci\u00f3n en la noche de San Juan representa la contaminaci\u00f3n ambiental, adem\u00e1s de ser imprudentes cuando estamos atravesando un cr\u00edtico virus; un aire limpio es esencial.<br \/>\n\u201cPara el control de la venta de todos estos productos contaremos con personal desplegado en todos aquellos lugares que se exponen, como mercados y otros lugares, por lo que advertimos a las personas que intenten comercializar todo lo prohibido, que ser\u00e1n decomisados y de la misma manera pedimos a la ciudadan\u00eda a denunciar todas anormalidades que se est\u00e9 intentando efectuar con la venta de estos productos prohibidos\u201d, advirti\u00f3 el intendente Rocabado.<\/p>\n","protected":false},"excerpt":{"rendered":"<p>En dos d\u00edas de operativos, la Intendencia Municipal de la ciudad de El Alto decomis\u00f3 m\u00e1s de 70 kilos de salchichas en mal estado y sin registro sanitario, adem\u00e1s se procedi\u00f3 a la clausura de cuatro friales y carnicer\u00edas. De acuerdo con la autoridad, el intendente mayor Miguel Rocabado, estos operativos ser\u00e1n m\u00e1s intensos en [&hellip;]<\/p>\n","protected":false},"author":1,"featured_media":11379,"comment_status":"closed","ping_status":"closed","sticky":false,"template":"","format":"standard","meta":{"_acf_changed":false,"footnotes":""},"categories":[12],"tags":[],"class_list":["post-11378","post","type-post","status-publish","format-standard","has-post-thumbnail","category-nacional"],"acf":{"antetitulo":""},"yoast_head":"<!-- This site is optimized with the Yoast SEO plugin v28.4 - https:\/\/yoast.com\/product\/yoast-seo-wordpress\/ -->\n<title>Intendencia decomisa 70 kilos de salchichas en mal estado - El Diario - Bolivia<\/title>\n<meta name=\"robots\" content=\"index, follow, max-snippet:-1, max-image-preview:large, max-video-preview:-1\" \/>\n<link rel=\"canonical\" href=\"https:\/\/www.eldiario.net\/portal\/2021\/06\/19\/intendencia-decomisa-70-kilos-de-salchichas-en-mal-estado\/\" \/>\n<meta property=\"og:locale\" content=\"es_ES\" \/>\n<meta property=\"og:type\" content=\"article\" \/>\n<meta property=\"og:title\" content=\"Intendencia decomisa 70 kilos de salchichas en mal estado - El Diario - Bolivia\" \/>\n<meta property=\"og:description\" content=\"En dos d\u00edas de operativos, la Intendencia Municipal de la ciudad de El Alto decomis\u00f3 m\u00e1s de 70 kilos de salchichas en mal estado y sin registro sanitario, adem\u00e1s se procedi\u00f3 a la clausura de cuatro friales y carnicer\u00edas. De acuerdo con la autoridad, el intendente mayor Miguel Rocabado, estos operativos ser\u00e1n m\u00e1s intensos en [&hellip;]\" \/>\n<meta property=\"og:url\" content=\"https:\/\/www.eldiario.net\/portal\/2021\/06\/19\/intendencia-decomisa-70-kilos-de-salchichas-en-mal-estado\/\" \/>\n<meta property=\"og:site_name\" content=\"El Diario - Bolivia\" \/>\n<meta property=\"article:publisher\" content=\"https:\/\/www.facebook.com\/eldiario.bolivia\/\" \/>\n<meta property=\"article:published_time\" content=\"2021-06-19T10:02:49+00:00\" \/>\n<meta property=\"og:image\" content=\"https:\/\/www.eldiario.net\/portal\/wp-content\/uploads\/2021\/06\/1AL-9.jpg\" \/>\n\t<meta property=\"og:image:width\" content=\"750\" \/>\n\t<meta property=\"og:image:height\" content=\"430\" \/>\n\t<meta property=\"og:image:type\" content=\"image\/jpeg\" \/>\n<meta name=\"author\" content=\"Jeanette\" \/>\n<meta name=\"twitter:card\" content=\"summary_large_image\" \/>\n<meta name=\"twitter:creator\" content=\"@eldiario_net\" \/>\n<meta name=\"twitter:site\" content=\"@eldiario_net\" \/>\n<meta name=\"twitter:label1\" content=\"Escrito por\" \/>\n\t<meta name=\"twitter:data1\" content=\"Jeanette\" \/>\n\t<meta name=\"twitter:label2\" content=\"Tiempo de lectura\" \/>\n\t<meta name=\"twitter:data2\" content=\"2 minutos\" \/>\n<script type=\"application\/ld+json\" class=\"yoast-schema-graph\">{\"@context\":\"https:\\\/\\\/schema.org\",\"@graph\":[{\"@type\":\"Article\",\"@id\":\"https:\\\/\\\/www.eldiario.net\\\/portal\\\/2021\\\/06\\\/19\\\/intendencia-decomisa-70-kilos-de-salchichas-en-mal-estado\\\/#article\",\"isPartOf\":{\"@id\":\"https:\\\/\\\/www.eldiario.net\\\/portal\\\/2021\\\/06\\\/19\\\/intendencia-decomisa-70-kilos-de-salchichas-en-mal-estado\\\/\"},\"author\":{\"name\":\"Jeanette\",\"@id\":\"https:\\\/\\\/www.eldiario.net\\\/portal\\\/#\\\/schema\\\/person\\\/f46445640444750d7d753ccd04ae01b7\"},\"headline\":\"Intendencia decomisa 70 kilos de salchichas en mal estado\",\"datePublished\":\"2021-06-19T10:02:49+00:00\",\"mainEntityOfPage\":{\"@id\":\"https:\\\/\\\/www.eldiario.net\\\/portal\\\/2021\\\/06\\\/19\\\/intendencia-decomisa-70-kilos-de-salchichas-en-mal-estado\\\/\"},\"wordCount\":474,\"publisher\":{\"@id\":\"https:\\\/\\\/www.eldiario.net\\\/portal\\\/#organization\"},\"image\":{\"@id\":\"https:\\\/\\\/www.eldiario.net\\\/portal\\\/2021\\\/06\\\/19\\\/intendencia-decomisa-70-kilos-de-salchichas-en-mal-estado\\\/#primaryimage\"},\"thumbnailUrl\":\"https:\\\/\\\/www.eldiario.net\\\/portal\\\/wp-content\\\/uploads\\\/2021\\\/06\\\/1AL-9.jpg\",\"articleSection\":[\"Nacional\"],\"inLanguage\":\"es\"},{\"@type\":\"WebPage\",\"@id\":\"https:\\\/\\\/www.eldiario.net\\\/portal\\\/2021\\\/06\\\/19\\\/intendencia-decomisa-70-kilos-de-salchichas-en-mal-estado\\\/\",\"url\":\"https:\\\/\\\/www.eldiario.net\\\/portal\\\/2021\\\/06\\\/19\\\/intendencia-decomisa-70-kilos-de-salchichas-en-mal-estado\\\/\",\"name\":\"Intendencia decomisa 70 kilos de salchichas en mal estado - El Diario - Bolivia\",\"isPartOf\":{\"@id\":\"https:\\\/\\\/www.eldiario.net\\\/portal\\\/#website\"},\"primaryImageOfPage\":{\"@id\":\"https:\\\/\\\/www.eldiario.net\\\/portal\\\/2021\\\/06\\\/19\\\/intendencia-decomisa-70-kilos-de-salchichas-en-mal-estado\\\/#primaryimage\"},\"image\":{\"@id\":\"https:\\\/\\\/www.eldiario.net\\\/portal\\\/2021\\\/06\\\/19\\\/intendencia-decomisa-70-kilos-de-salchichas-en-mal-estado\\\/#primaryimage\"},\"thumbnailUrl\":\"https:\\\/\\\/www.eldiario.net\\\/portal\\\/wp-content\\\/uploads\\\/2021\\\/06\\\/1AL-9.jpg\",\"datePublished\":\"2021-06-19T10:02:49+00:00\",\"breadcrumb\":{\"@id\":\"https:\\\/\\\/www.eldiario.net\\\/portal\\\/2021\\\/06\\\/19\\\/intendencia-decomisa-70-kilos-de-salchichas-en-mal-estado\\\/#breadcrumb\"},\"inLanguage\":\"es\",\"potentialAction\":[{\"@type\":\"ReadAction\",\"target\":[\"https:\\\/\\\/www.eldiario.net\\\/portal\\\/2021\\\/06\\\/19\\\/intendencia-decomisa-70-kilos-de-salchichas-en-mal-estado\\\/\"]}]},{\"@type\":\"ImageObject\",\"inLanguage\":\"es\",\"@id\":\"https:\\\/\\\/www.eldiario.net\\\/portal\\\/2021\\\/06\\\/19\\\/intendencia-decomisa-70-kilos-de-salchichas-en-mal-estado\\\/#primaryimage\",\"url\":\"https:\\\/\\\/www.eldiario.net\\\/portal\\\/wp-content\\\/uploads\\\/2021\\\/06\\\/1AL-9.jpg\",\"contentUrl\":\"https:\\\/\\\/www.eldiario.net\\\/portal\\\/wp-content\\\/uploads\\\/2021\\\/06\\\/1AL-9.jpg\",\"width\":750,\"height\":430},{\"@type\":\"BreadcrumbList\",\"@id\":\"https:\\\/\\\/www.eldiario.net\\\/portal\\\/2021\\\/06\\\/19\\\/intendencia-decomisa-70-kilos-de-salchichas-en-mal-estado\\\/#breadcrumb\",\"itemListElement\":[{\"@type\":\"ListItem\",\"position\":1,\"name\":\"Portada\",\"item\":\"https:\\\/\\\/www.eldiario.net\\\/portal\\\/\"},{\"@type\":\"ListItem\",\"position\":2,\"name\":\"Intendencia decomisa 70 kilos de salchichas en mal estado\"}]},{\"@type\":\"WebSite\",\"@id\":\"https:\\\/\\\/www.eldiario.net\\\/portal\\\/#website\",\"url\":\"https:\\\/\\\/www.eldiario.net\\\/portal\\\/\",\"name\":\"El Diario - Decano de la prensa nacional\",\"description\":\"El Diario - Decano de la prensa nacional\",\"publisher\":{\"@id\":\"https:\\\/\\\/www.eldiario.net\\\/portal\\\/#organization\"},\"potentialAction\":[{\"@type\":\"SearchAction\",\"target\":{\"@type\":\"EntryPoint\",\"urlTemplate\":\"https:\\\/\\\/www.eldiario.net\\\/portal\\\/?s={search_term_string}\"},\"query-input\":{\"@type\":\"PropertyValueSpecification\",\"valueRequired\":true,\"valueName\":\"search_term_string\"}}],\"inLanguage\":\"es\"},{\"@type\":\"Organization\",\"@id\":\"https:\\\/\\\/www.eldiario.net\\\/portal\\\/#organization\",\"name\":\"El Diario - Decano de la prensa nacional\",\"url\":\"https:\\\/\\\/www.eldiario.net\\\/portal\\\/\",\"logo\":{\"@type\":\"ImageObject\",\"inLanguage\":\"es\",\"@id\":\"https:\\\/\\\/www.eldiario.net\\\/portal\\\/#\\\/schema\\\/logo\\\/image\\\/\",\"url\":\"https:\\\/\\\/www.eldiario.net\\\/portal\\\/wp-content\\\/uploads\\\/2023\\\/07\\\/logo_ED.jpg\",\"contentUrl\":\"https:\\\/\\\/www.eldiario.net\\\/portal\\\/wp-content\\\/uploads\\\/2023\\\/07\\\/logo_ED.jpg\",\"width\":272,\"height\":52,\"caption\":\"El Diario - Decano de la prensa nacional\"},\"image\":{\"@id\":\"https:\\\/\\\/www.eldiario.net\\\/portal\\\/#\\\/schema\\\/logo\\\/image\\\/\"},\"sameAs\":[\"https:\\\/\\\/www.facebook.com\\\/eldiario.bolivia\\\/\",\"https:\\\/\\\/x.com\\\/eldiario_net\"]},{\"@type\":\"Person\",\"@id\":\"https:\\\/\\\/www.eldiario.net\\\/portal\\\/#\\\/schema\\\/person\\\/f46445640444750d7d753ccd04ae01b7\",\"name\":\"Jeanette\",\"image\":{\"@type\":\"ImageObject\",\"inLanguage\":\"es\",\"@id\":\"https:\\\/\\\/secure.gravatar.com\\\/avatar\\\/3ea2118a5f7dad2b7138b1187a6b7ee55f160b9968b66013c3a3ef39dd7e5798?s=96&d=mm&r=g\",\"url\":\"https:\\\/\\\/secure.gravatar.com\\\/avatar\\\/3ea2118a5f7dad2b7138b1187a6b7ee55f160b9968b66013c3a3ef39dd7e5798?s=96&d=mm&r=g\",\"contentUrl\":\"https:\\\/\\\/secure.gravatar.com\\\/avatar\\\/3ea2118a5f7dad2b7138b1187a6b7ee55f160b9968b66013c3a3ef39dd7e5798?s=96&d=mm&r=g\",\"caption\":\"Jeanette\"},\"sameAs\":[\"https:\\\/\\\/www.eldiario.net\\\/portal\"],\"url\":\"https:\\\/\\\/www.eldiario.net\\\/portal\\\/author\\\/jeanette\\\/\"}]}<\/script>\n<!-- \/ Yoast SEO plugin. -->","yoast_head_json":{"title":"Intendencia decomisa 70 kilos de salchichas en mal estado - El Diario - Bolivia","robots":{"index":"index","follow":"follow","max-snippet":"max-snippet:-1","max-image-preview":"max-image-preview:large","max-video-preview":"max-video-preview:-1"},"canonical":"https:\/\/www.eldiario.net\/portal\/2021\/06\/19\/intendencia-decomisa-70-kilos-de-salchichas-en-mal-estado\/","og_locale":"es_ES","og_type":"article","og_title":"Intendencia decomisa 70 kilos de salchichas en mal estado - El Diario - Bolivia","og_description":"En dos d\u00edas de operativos, la Intendencia Municipal de la ciudad de El Alto decomis\u00f3 m\u00e1s de 70 kilos de salchichas en mal estado y sin registro sanitario, adem\u00e1s se procedi\u00f3 a la clausura de cuatro friales y carnicer\u00edas. De acuerdo con la autoridad, el intendente mayor Miguel Rocabado, estos operativos ser\u00e1n m\u00e1s intensos en [&hellip;]","og_url":"https:\/\/www.eldiario.net\/portal\/2021\/06\/19\/intendencia-decomisa-70-kilos-de-salchichas-en-mal-estado\/","og_site_name":"El Diario - Bolivia","article_publisher":"https:\/\/www.facebook.com\/eldiario.bolivia\/","article_published_time":"2021-06-19T10:02:49+00:00","og_image":[{"width":750,"height":430,"url":"https:\/\/www.eldiario.net\/portal\/wp-content\/uploads\/2021\/06\/1AL-9.jpg","type":"image\/jpeg"}],"author":"Jeanette","twitter_card":"summary_large_image","twitter_creator":"@eldiario_net","twitter_site":"@eldiario_net","twitter_misc":{"Escrito por":"Jeanette","Tiempo de lectura":"2 minutos"},"schema":{"@context":"https:\/\/schema.org","@graph":[{"@type":"Article","@id":"https:\/\/www.eldiario.net\/portal\/2021\/06\/19\/intendencia-decomisa-70-kilos-de-salchichas-en-mal-estado\/#article","isPartOf":{"@id":"https:\/\/www.eldiario.net\/portal\/2021\/06\/19\/intendencia-decomisa-70-kilos-de-salchichas-en-mal-estado\/"},"author":{"name":"Jeanette","@id":"https:\/\/www.eldiario.net\/portal\/#\/schema\/person\/f46445640444750d7d753ccd04ae01b7"},"headline":"Intendencia decomisa 70 kilos de salchichas en mal estado","datePublished":"2021-06-19T10:02:49+00:00","mainEntityOfPage":{"@id":"https:\/\/www.eldiario.net\/portal\/2021\/06\/19\/intendencia-decomisa-70-kilos-de-salchichas-en-mal-estado\/"},"wordCount":474,"publisher":{"@id":"https:\/\/www.eldiario.net\/portal\/#organization"},"image":{"@id":"https:\/\/www.eldiario.net\/portal\/2021\/06\/19\/intendencia-decomisa-70-kilos-de-salchichas-en-mal-estado\/#primaryimage"},"thumbnailUrl":"https:\/\/www.eldiario.net\/portal\/wp-content\/uploads\/2021\/06\/1AL-9.jpg","articleSection":["Nacional"],"inLanguage":"es"},{"@type":"WebPage","@id":"https:\/\/www.eldiario.net\/portal\/2021\/06\/19\/intendencia-decomisa-70-kilos-de-salchichas-en-mal-estado\/","url":"https:\/\/www.eldiario.net\/portal\/2021\/06\/19\/intendencia-decomisa-70-kilos-de-salchichas-en-mal-estado\/","name":"Intendencia decomisa 70 kilos de salchichas en mal estado - El Diario - Bolivia","isPartOf":{"@id":"https:\/\/www.eldiario.net\/portal\/#website"},"primaryImageOfPage":{"@id":"https:\/\/www.eldiario.net\/portal\/2021\/06\/19\/intendencia-decomisa-70-kilos-de-salchichas-en-mal-estado\/#primaryimage"},"image":{"@id":"https:\/\/www.eldiario.net\/portal\/2021\/06\/19\/intendencia-decomisa-70-kilos-de-salchichas-en-mal-estado\/#primaryimage"},"thumbnailUrl":"https:\/\/www.eldiario.net\/portal\/wp-content\/uploads\/2021\/06\/1AL-9.jpg","datePublished":"2021-06-19T10:02:49+00:00","breadcrumb":{"@id":"https:\/\/www.eldiario.net\/portal\/2021\/06\/19\/intendencia-decomisa-70-kilos-de-salchichas-en-mal-estado\/#breadcrumb"},"inLanguage":"es","potentialAction":[{"@type":"ReadAction","target":["https:\/\/www.eldiario.net\/portal\/2021\/06\/19\/intendencia-decomisa-70-kilos-de-salchichas-en-mal-estado\/"]}]},{"@type":"ImageObject","inLanguage":"es","@id":"https:\/\/www.eldiario.net\/portal\/2021\/06\/19\/intendencia-decomisa-70-kilos-de-salchichas-en-mal-estado\/#primaryimage","url":"https:\/\/www.eldiario.net\/portal\/wp-content\/uploads\/2021\/06\/1AL-9.jpg","contentUrl":"https:\/\/www.eldiario.net\/portal\/wp-content\/uploads\/2021\/06\/1AL-9.jpg","width":750,"height":430},{"@type":"BreadcrumbList","@id":"https:\/\/www.eldiario.net\/portal\/2021\/06\/19\/intendencia-decomisa-70-kilos-de-salchichas-en-mal-estado\/#breadcrumb","itemListElement":[{"@type":"ListItem","position":1,"name":"Portada","item":"https:\/\/www.eldiario.net\/portal\/"},{"@type":"ListItem","position":2,"name":"Intendencia decomisa 70 kilos de salchichas en mal estado"}]},{"@type":"WebSite","@id":"https:\/\/www.eldiario.net\/portal\/#website","url":"https:\/\/www.eldiario.net\/portal\/","name":"El Diario - Decano de la prensa nacional","description":"El Diario - Decano de la prensa nacional","publisher":{"@id":"https:\/\/www.eldiario.net\/portal\/#organization"},"potentialAction":[{"@type":"SearchAction","target":{"@type":"EntryPoint","urlTemplate":"https:\/\/www.eldiario.net\/portal\/?s={search_term_string}"},"query-input":{"@type":"PropertyValueSpecification","valueRequired":true,"valueName":"search_term_string"}}],"inLanguage":"es"},{"@type":"Organization","@id":"https:\/\/www.eldiario.net\/portal\/#organization","name":"El Diario - Decano de la prensa nacional","url":"https:\/\/www.eldiario.net\/portal\/","logo":{"@type":"ImageObject","inLanguage":"es","@id":"https:\/\/www.eldiario.net\/portal\/#\/schema\/logo\/image\/","url":"https:\/\/www.eldiario.net\/portal\/wp-content\/uploads\/2023\/07\/logo_ED.jpg","contentUrl":"https:\/\/www.eldiario.net\/portal\/wp-content\/uploads\/2023\/07\/logo_ED.jpg","width":272,"height":52,"caption":"El Diario - Decano de la prensa nacional"},"image":{"@id":"https:\/\/www.eldiario.net\/portal\/#\/schema\/logo\/image\/"},"sameAs":["https:\/\/www.facebook.com\/eldiario.bolivia\/","https:\/\/x.com\/eldiario_net"]},{"@type":"Person","@id":"https:\/\/www.eldiario.net\/portal\/#\/schema\/person\/f46445640444750d7d753ccd04ae01b7","name":"Jeanette","image":{"@type":"ImageObject","inLanguage":"es","@id":"https:\/\/secure.gravatar.com\/avatar\/3ea2118a5f7dad2b7138b1187a6b7ee55f160b9968b66013c3a3ef39dd7e5798?s=96&d=mm&r=g","url":"https:\/\/secure.gravatar.com\/avatar\/3ea2118a5f7dad2b7138b1187a6b7ee55f160b9968b66013c3a3ef39dd7e5798?s=96&d=mm&r=g","contentUrl":"https:\/\/secure.gravatar.com\/avatar\/3ea2118a5f7dad2b7138b1187a6b7ee55f160b9968b66013c3a3ef39dd7e5798?s=96&d=mm&r=g","caption":"Jeanette"},"sameAs":["https:\/\/www.eldiario.net\/portal"],"url":"https:\/\/www.eldiario.net\/portal\/author\/jeanette\/"}]}},"_links":{"self":[{"href":"https:\/\/www.eldiario.net\/portal\/wp-json\/wp\/v2\/posts\/11378","targetHints":{"allow":["GET"]}}],"collection":[{"href":"https:\/\/www.eldiario.net\/portal\/wp-json\/wp\/v2\/posts"}],"about":[{"href":"https:\/\/www.eldiario.net\/portal\/wp-json\/wp\/v2\/types\/post"}],"author":[{"embeddable":true,"href":"https:\/\/www.eldiario.net\/portal\/wp-json\/wp\/v2\/users\/1"}],"replies":[{"embeddable":true,"href":"https:\/\/www.eldiario.net\/portal\/wp-json\/wp\/v2\/comments?post=11378"}],"version-history":[{"count":0,"href":"https:\/\/www.eldiario.net\/portal\/wp-json\/wp\/v2\/posts\/11378\/revisions"}],"wp:featuredmedia":[{"embeddable":true,"href":"https:\/\/www.eldiario.net\/portal\/wp-json\/wp\/v2\/media\/11379"}],"wp:attachment":[{"href":"https:\/\/www.eldiario.net\/portal\/wp-json\/wp\/v2\/media?parent=11378"}],"wp:term":[{"taxonomy":"category","embeddable":true,"href":"https:\/\/www.eldiario.net\/portal\/wp-json\/wp\/v2\/categories?post=11378"},{"taxonomy":"post_tag","embeddable":true,"href":"https:\/\/www.eldiario.net\/portal\/wp-json\/wp\/v2\/tags?post=11378"}],"curies":[{"name":"wp","href":"https:\/\/api.w.org\/{rel}","templated":true}]}}