{"id":113779,"date":"2022-09-30T05:30:17","date_gmt":"2022-09-30T09:30:17","guid":{"rendered":"https:\/\/www.eldiario.net\/portal\/?p=113779"},"modified":"2022-09-30T05:30:17","modified_gmt":"2022-09-30T09:30:17","slug":"intensifican-actividades-de-prevencion-de-embarazos","status":"publish","type":"post","link":"https:\/\/www.eldiario.net\/portal\/2022\/09\/30\/intensifican-actividades-de-prevencion-de-embarazos\/","title":{"rendered":"Intensifican actividades de prevenci\u00f3n de embarazos"},"content":{"rendered":"<p>Ante el incremento de embarazos en adolescentes, funcionarios de la Defensor\u00eda de la Ni\u00f1ez y Adolescencia intensifican trabajos de prevenci\u00f3n, con la finalidad de difundir un material informativo y socializar temas referentes a la reproducci\u00f3n sexual.<\/p>\n<p>En Cochabamba se registr\u00f3 7.000 embarazos en todo un a\u00f1o, \u00abes una cifra bastante elevada, adem\u00e1s el reporte del \u00e1rea de salud que la mitad de las camas de los maternol\u00f3gicos est\u00e1n siendo ocupadas por adolescentes embarazadas\u00bb, dijo la Jefa de la Defensor\u00eda de la Ni\u00f1ez y Adolescencia, Cynthia Prado.<\/p>\n<p>Durante esta semana, se llev\u00f3 adelante talleres de socializaci\u00f3n y este viernes concluir\u00e1 estas actividades con la realizaci\u00f3n de la \u00abFeria de Prevenci\u00f3n\u00bb, con la participaci\u00f3n de estudiantes del nivel secundaria de distintos establecimientos educativos. Esta actividad se realizar\u00e1 en la plaza de Las Banderas.<\/p>\n<p>\u00abEstos estudiantes fueron capacitados en temas de prevenci\u00f3n de embarazo, derechos sexuales y reproductivos y ser\u00e1n los encargados de exponer y repartir informaci\u00f3n a los espectadores\u00bb, detall\u00f3 Prado.<\/p>\n<p>Enfatiz\u00f3 que, el incremento de las adolescentes embarazadas es producto de la falta de informaci\u00f3n referente a temas de sexualidad. Seg\u00fan el \u00faltimo informe los embarazos se registra desde los 12 a\u00f1os hasta 18 a\u00f1os de edad, \u00abestamos en una situaci\u00f3n muy cr\u00edtica, por eso pedimos a todas las instituciones, a que se sumen a estas tareas de prevenci\u00f3n\u00bb, sostuvo.<\/p>\n<p>Prado cuestion\u00f3 que, los primeros responsables son los padres de familia en no informar a sus hijos sobre temas de reproducci\u00f3n sexual, cuidado y respeto que deben tener a sus cuerpos.<\/p>\n<p>Ante esta irresponsabilidad, la Defensor\u00eda de la Ni\u00f1ez y Adolescencia cuenta con la \u00abEscuela de la Familia\u00bb que capacita a los padres de familia para tener una mejor comunicaci\u00f3n con sus hijos al interior de sus hogares.<\/p>\n<p>Anunci\u00f3 que, tambi\u00e9n se habilitar\u00e1n cinco puntos AIDA que ser\u00e1n espacios especializados para atender y brindar informaci\u00f3n referente en temas sexuales a los adolescentes.<\/p>\n<p>En tanto, el Encargado de la Escuela de Familia, Edgar Alcocer inform\u00f3 que, a nivel nacional se registra 109 embarazos al d\u00eda, de los cuales Cochabamba tiene el 16% de embarazos en adolescentes.<\/p>\n<p>\u00abLamentamos que muchos de estos embarazos no son registrados y los adolescentes est\u00e1n siendo atendidos en centros de salud, para ello se est\u00e1 trabajando de manera integral con los padres de familia para que puedan afrontar estos temas con sus hijos, siempre incidiendo a cuidar sus cuerpos\u00bb, detall\u00f3 Alcocer.<\/p>\n<p>A\u00f1adi\u00f3 que, estudiantes de la Unidad Educativa Bol\u00edvar protagonizar\u00e1n una marcha desde su establecimiento hasta la Feria de la Plaza de Las Banderas.<\/p>\n<p>Finalmente, el profesor de la Unidad Educativa Bol\u00edvar, Juan Escobar manifest\u00f3 su preocupaci\u00f3n ante el incremento de embarazos a una temprana edad y los riesgos que puede provocar esta situaci\u00f3n en las adolescentes.<\/p>\n<p>\u00abNosotros como educadores conocemos casos donde las adolescentes cuando les llega su primera menstruaci\u00f3n se callan y no comentan a nadie, ni siquiera a su familia, por eso, personalmente trato de ganarme la confianza de las estudiantes para poder ayudarlas y orientarlas en esos temas\u00bb, manifest\u00f3 Escobar.<\/p>\n<p>Cuestion\u00f3 que, la malla curricular est\u00e1 mal elaborada porque materias referente a la reproducci\u00f3n sexual reci\u00e9n se cursa en 5to., de secundaria, \u00abEstas materias deben empezar desde primaria para que cuando lleguen a la adolescencia ya dejen ese miedo y deben ser bastantes responsables para entender y hablar temas de sexualidad\u00bb, sostuvo. (Cochabamba, agencias)<\/p>\n","protected":false},"excerpt":{"rendered":"<p>Ante el incremento de embarazos en adolescentes, funcionarios de la Defensor\u00eda de la Ni\u00f1ez y Adolescencia intensifican trabajos de prevenci\u00f3n, con la finalidad de difundir un material informativo y socializar temas referentes a la reproducci\u00f3n sexual. En Cochabamba se registr\u00f3 7.000 embarazos en todo un a\u00f1o, \u00abes una cifra bastante elevada, adem\u00e1s el reporte del [&hellip;]<\/p>\n","protected":false},"author":1,"featured_media":113780,"comment_status":"closed","ping_status":"closed","sticky":false,"template":"","format":"standard","meta":{"_acf_changed":false,"footnotes":""},"categories":[12],"tags":[],"class_list":["post-113779","post","type-post","status-publish","format-standard","has-post-thumbnail","category-nacional"],"acf":{"antetitulo":""},"yoast_head":"<!-- This site is optimized with the Yoast SEO plugin v28.4 - https:\/\/yoast.com\/product\/yoast-seo-wordpress\/ -->\n<title>Intensifican actividades de prevenci\u00f3n de embarazos - El Diario - Bolivia<\/title>\n<meta name=\"robots\" content=\"index, follow, max-snippet:-1, max-image-preview:large, max-video-preview:-1\" \/>\n<link rel=\"canonical\" href=\"https:\/\/www.eldiario.net\/portal\/2022\/09\/30\/intensifican-actividades-de-prevencion-de-embarazos\/\" \/>\n<meta property=\"og:locale\" content=\"es_ES\" \/>\n<meta property=\"og:type\" content=\"article\" \/>\n<meta property=\"og:title\" content=\"Intensifican actividades de prevenci\u00f3n de embarazos - El Diario - Bolivia\" \/>\n<meta property=\"og:description\" content=\"Ante el incremento de embarazos en adolescentes, funcionarios de la Defensor\u00eda de la Ni\u00f1ez y Adolescencia intensifican trabajos de prevenci\u00f3n, con la finalidad de difundir un material informativo y socializar temas referentes a la reproducci\u00f3n sexual. En Cochabamba se registr\u00f3 7.000 embarazos en todo un a\u00f1o, \u00abes una cifra bastante elevada, adem\u00e1s el reporte del [&hellip;]\" \/>\n<meta property=\"og:url\" content=\"https:\/\/www.eldiario.net\/portal\/2022\/09\/30\/intensifican-actividades-de-prevencion-de-embarazos\/\" \/>\n<meta property=\"og:site_name\" content=\"El Diario - Bolivia\" \/>\n<meta property=\"article:publisher\" content=\"https:\/\/www.facebook.com\/eldiario.bolivia\/\" \/>\n<meta property=\"article:published_time\" content=\"2022-09-30T09:30:17+00:00\" \/>\n<meta name=\"author\" content=\"Jeanette\" \/>\n<meta name=\"twitter:card\" content=\"summary_large_image\" \/>\n<meta name=\"twitter:creator\" content=\"@eldiario_net\" \/>\n<meta name=\"twitter:site\" content=\"@eldiario_net\" \/>\n<meta name=\"twitter:label1\" content=\"Escrito por\" \/>\n\t<meta name=\"twitter:data1\" content=\"Jeanette\" \/>\n\t<meta name=\"twitter:label2\" content=\"Tiempo de lectura\" \/>\n\t<meta name=\"twitter:data2\" content=\"3 minutos\" \/>\n<script type=\"application\/ld+json\" class=\"yoast-schema-graph\">{\"@context\":\"https:\\\/\\\/schema.org\",\"@graph\":[{\"@type\":\"Article\",\"@id\":\"https:\\\/\\\/www.eldiario.net\\\/portal\\\/2022\\\/09\\\/30\\\/intensifican-actividades-de-prevencion-de-embarazos\\\/#article\",\"isPartOf\":{\"@id\":\"https:\\\/\\\/www.eldiario.net\\\/portal\\\/2022\\\/09\\\/30\\\/intensifican-actividades-de-prevencion-de-embarazos\\\/\"},\"author\":{\"name\":\"Jeanette\",\"@id\":\"https:\\\/\\\/www.eldiario.net\\\/portal\\\/#\\\/schema\\\/person\\\/f46445640444750d7d753ccd04ae01b7\"},\"headline\":\"Intensifican actividades de prevenci\u00f3n de embarazos\",\"datePublished\":\"2022-09-30T09:30:17+00:00\",\"mainEntityOfPage\":{\"@id\":\"https:\\\/\\\/www.eldiario.net\\\/portal\\\/2022\\\/09\\\/30\\\/intensifican-actividades-de-prevencion-de-embarazos\\\/\"},\"wordCount\":595,\"publisher\":{\"@id\":\"https:\\\/\\\/www.eldiario.net\\\/portal\\\/#organization\"},\"image\":{\"@id\":\"https:\\\/\\\/www.eldiario.net\\\/portal\\\/2022\\\/09\\\/30\\\/intensifican-actividades-de-prevencion-de-embarazos\\\/#primaryimage\"},\"thumbnailUrl\":\"\",\"articleSection\":[\"Nacional\"],\"inLanguage\":\"es\"},{\"@type\":\"WebPage\",\"@id\":\"https:\\\/\\\/www.eldiario.net\\\/portal\\\/2022\\\/09\\\/30\\\/intensifican-actividades-de-prevencion-de-embarazos\\\/\",\"url\":\"https:\\\/\\\/www.eldiario.net\\\/portal\\\/2022\\\/09\\\/30\\\/intensifican-actividades-de-prevencion-de-embarazos\\\/\",\"name\":\"Intensifican actividades de prevenci\u00f3n de embarazos - El Diario - Bolivia\",\"isPartOf\":{\"@id\":\"https:\\\/\\\/www.eldiario.net\\\/portal\\\/#website\"},\"primaryImageOfPage\":{\"@id\":\"https:\\\/\\\/www.eldiario.net\\\/portal\\\/2022\\\/09\\\/30\\\/intensifican-actividades-de-prevencion-de-embarazos\\\/#primaryimage\"},\"image\":{\"@id\":\"https:\\\/\\\/www.eldiario.net\\\/portal\\\/2022\\\/09\\\/30\\\/intensifican-actividades-de-prevencion-de-embarazos\\\/#primaryimage\"},\"thumbnailUrl\":\"\",\"datePublished\":\"2022-09-30T09:30:17+00:00\",\"breadcrumb\":{\"@id\":\"https:\\\/\\\/www.eldiario.net\\\/portal\\\/2022\\\/09\\\/30\\\/intensifican-actividades-de-prevencion-de-embarazos\\\/#breadcrumb\"},\"inLanguage\":\"es\",\"potentialAction\":[{\"@type\":\"ReadAction\",\"target\":[\"https:\\\/\\\/www.eldiario.net\\\/portal\\\/2022\\\/09\\\/30\\\/intensifican-actividades-de-prevencion-de-embarazos\\\/\"]}]},{\"@type\":\"ImageObject\",\"inLanguage\":\"es\",\"@id\":\"https:\\\/\\\/www.eldiario.net\\\/portal\\\/2022\\\/09\\\/30\\\/intensifican-actividades-de-prevencion-de-embarazos\\\/#primaryimage\",\"url\":\"\",\"contentUrl\":\"\"},{\"@type\":\"BreadcrumbList\",\"@id\":\"https:\\\/\\\/www.eldiario.net\\\/portal\\\/2022\\\/09\\\/30\\\/intensifican-actividades-de-prevencion-de-embarazos\\\/#breadcrumb\",\"itemListElement\":[{\"@type\":\"ListItem\",\"position\":1,\"name\":\"Portada\",\"item\":\"https:\\\/\\\/www.eldiario.net\\\/portal\\\/\"},{\"@type\":\"ListItem\",\"position\":2,\"name\":\"Intensifican actividades de prevenci\u00f3n de embarazos\"}]},{\"@type\":\"WebSite\",\"@id\":\"https:\\\/\\\/www.eldiario.net\\\/portal\\\/#website\",\"url\":\"https:\\\/\\\/www.eldiario.net\\\/portal\\\/\",\"name\":\"El Diario - Decano de la prensa nacional\",\"description\":\"El Diario - Decano de la prensa nacional\",\"publisher\":{\"@id\":\"https:\\\/\\\/www.eldiario.net\\\/portal\\\/#organization\"},\"potentialAction\":[{\"@type\":\"SearchAction\",\"target\":{\"@type\":\"EntryPoint\",\"urlTemplate\":\"https:\\\/\\\/www.eldiario.net\\\/portal\\\/?s={search_term_string}\"},\"query-input\":{\"@type\":\"PropertyValueSpecification\",\"valueRequired\":true,\"valueName\":\"search_term_string\"}}],\"inLanguage\":\"es\"},{\"@type\":\"Organization\",\"@id\":\"https:\\\/\\\/www.eldiario.net\\\/portal\\\/#organization\",\"name\":\"El Diario - Decano de la prensa nacional\",\"url\":\"https:\\\/\\\/www.eldiario.net\\\/portal\\\/\",\"logo\":{\"@type\":\"ImageObject\",\"inLanguage\":\"es\",\"@id\":\"https:\\\/\\\/www.eldiario.net\\\/portal\\\/#\\\/schema\\\/logo\\\/image\\\/\",\"url\":\"https:\\\/\\\/www.eldiario.net\\\/portal\\\/wp-content\\\/uploads\\\/2023\\\/07\\\/logo_ED.jpg\",\"contentUrl\":\"https:\\\/\\\/www.eldiario.net\\\/portal\\\/wp-content\\\/uploads\\\/2023\\\/07\\\/logo_ED.jpg\",\"width\":272,\"height\":52,\"caption\":\"El Diario - Decano de la prensa nacional\"},\"image\":{\"@id\":\"https:\\\/\\\/www.eldiario.net\\\/portal\\\/#\\\/schema\\\/logo\\\/image\\\/\"},\"sameAs\":[\"https:\\\/\\\/www.facebook.com\\\/eldiario.bolivia\\\/\",\"https:\\\/\\\/x.com\\\/eldiario_net\"]},{\"@type\":\"Person\",\"@id\":\"https:\\\/\\\/www.eldiario.net\\\/portal\\\/#\\\/schema\\\/person\\\/f46445640444750d7d753ccd04ae01b7\",\"name\":\"Jeanette\",\"image\":{\"@type\":\"ImageObject\",\"inLanguage\":\"es\",\"@id\":\"https:\\\/\\\/secure.gravatar.com\\\/avatar\\\/3ea2118a5f7dad2b7138b1187a6b7ee55f160b9968b66013c3a3ef39dd7e5798?s=96&d=mm&r=g\",\"url\":\"https:\\\/\\\/secure.gravatar.com\\\/avatar\\\/3ea2118a5f7dad2b7138b1187a6b7ee55f160b9968b66013c3a3ef39dd7e5798?s=96&d=mm&r=g\",\"contentUrl\":\"https:\\\/\\\/secure.gravatar.com\\\/avatar\\\/3ea2118a5f7dad2b7138b1187a6b7ee55f160b9968b66013c3a3ef39dd7e5798?s=96&d=mm&r=g\",\"caption\":\"Jeanette\"},\"sameAs\":[\"https:\\\/\\\/www.eldiario.net\\\/portal\"],\"url\":\"https:\\\/\\\/www.eldiario.net\\\/portal\\\/author\\\/jeanette\\\/\"}]}<\/script>\n<!-- \/ Yoast SEO plugin. -->","yoast_head_json":{"title":"Intensifican actividades de prevenci\u00f3n de embarazos - El Diario - Bolivia","robots":{"index":"index","follow":"follow","max-snippet":"max-snippet:-1","max-image-preview":"max-image-preview:large","max-video-preview":"max-video-preview:-1"},"canonical":"https:\/\/www.eldiario.net\/portal\/2022\/09\/30\/intensifican-actividades-de-prevencion-de-embarazos\/","og_locale":"es_ES","og_type":"article","og_title":"Intensifican actividades de prevenci\u00f3n de embarazos - El Diario - Bolivia","og_description":"Ante el incremento de embarazos en adolescentes, funcionarios de la Defensor\u00eda de la Ni\u00f1ez y Adolescencia intensifican trabajos de prevenci\u00f3n, con la finalidad de difundir un material informativo y socializar temas referentes a la reproducci\u00f3n sexual. En Cochabamba se registr\u00f3 7.000 embarazos en todo un a\u00f1o, \u00abes una cifra bastante elevada, adem\u00e1s el reporte del [&hellip;]","og_url":"https:\/\/www.eldiario.net\/portal\/2022\/09\/30\/intensifican-actividades-de-prevencion-de-embarazos\/","og_site_name":"El Diario - Bolivia","article_publisher":"https:\/\/www.facebook.com\/eldiario.bolivia\/","article_published_time":"2022-09-30T09:30:17+00:00","author":"Jeanette","twitter_card":"summary_large_image","twitter_creator":"@eldiario_net","twitter_site":"@eldiario_net","twitter_misc":{"Escrito por":"Jeanette","Tiempo de lectura":"3 minutos"},"schema":{"@context":"https:\/\/schema.org","@graph":[{"@type":"Article","@id":"https:\/\/www.eldiario.net\/portal\/2022\/09\/30\/intensifican-actividades-de-prevencion-de-embarazos\/#article","isPartOf":{"@id":"https:\/\/www.eldiario.net\/portal\/2022\/09\/30\/intensifican-actividades-de-prevencion-de-embarazos\/"},"author":{"name":"Jeanette","@id":"https:\/\/www.eldiario.net\/portal\/#\/schema\/person\/f46445640444750d7d753ccd04ae01b7"},"headline":"Intensifican actividades de prevenci\u00f3n de embarazos","datePublished":"2022-09-30T09:30:17+00:00","mainEntityOfPage":{"@id":"https:\/\/www.eldiario.net\/portal\/2022\/09\/30\/intensifican-actividades-de-prevencion-de-embarazos\/"},"wordCount":595,"publisher":{"@id":"https:\/\/www.eldiario.net\/portal\/#organization"},"image":{"@id":"https:\/\/www.eldiario.net\/portal\/2022\/09\/30\/intensifican-actividades-de-prevencion-de-embarazos\/#primaryimage"},"thumbnailUrl":"","articleSection":["Nacional"],"inLanguage":"es"},{"@type":"WebPage","@id":"https:\/\/www.eldiario.net\/portal\/2022\/09\/30\/intensifican-actividades-de-prevencion-de-embarazos\/","url":"https:\/\/www.eldiario.net\/portal\/2022\/09\/30\/intensifican-actividades-de-prevencion-de-embarazos\/","name":"Intensifican actividades de prevenci\u00f3n de embarazos - El Diario - Bolivia","isPartOf":{"@id":"https:\/\/www.eldiario.net\/portal\/#website"},"primaryImageOfPage":{"@id":"https:\/\/www.eldiario.net\/portal\/2022\/09\/30\/intensifican-actividades-de-prevencion-de-embarazos\/#primaryimage"},"image":{"@id":"https:\/\/www.eldiario.net\/portal\/2022\/09\/30\/intensifican-actividades-de-prevencion-de-embarazos\/#primaryimage"},"thumbnailUrl":"","datePublished":"2022-09-30T09:30:17+00:00","breadcrumb":{"@id":"https:\/\/www.eldiario.net\/portal\/2022\/09\/30\/intensifican-actividades-de-prevencion-de-embarazos\/#breadcrumb"},"inLanguage":"es","potentialAction":[{"@type":"ReadAction","target":["https:\/\/www.eldiario.net\/portal\/2022\/09\/30\/intensifican-actividades-de-prevencion-de-embarazos\/"]}]},{"@type":"ImageObject","inLanguage":"es","@id":"https:\/\/www.eldiario.net\/portal\/2022\/09\/30\/intensifican-actividades-de-prevencion-de-embarazos\/#primaryimage","url":"","contentUrl":""},{"@type":"BreadcrumbList","@id":"https:\/\/www.eldiario.net\/portal\/2022\/09\/30\/intensifican-actividades-de-prevencion-de-embarazos\/#breadcrumb","itemListElement":[{"@type":"ListItem","position":1,"name":"Portada","item":"https:\/\/www.eldiario.net\/portal\/"},{"@type":"ListItem","position":2,"name":"Intensifican actividades de prevenci\u00f3n de embarazos"}]},{"@type":"WebSite","@id":"https:\/\/www.eldiario.net\/portal\/#website","url":"https:\/\/www.eldiario.net\/portal\/","name":"El Diario - Decano de la prensa nacional","description":"El Diario - Decano de la prensa nacional","publisher":{"@id":"https:\/\/www.eldiario.net\/portal\/#organization"},"potentialAction":[{"@type":"SearchAction","target":{"@type":"EntryPoint","urlTemplate":"https:\/\/www.eldiario.net\/portal\/?s={search_term_string}"},"query-input":{"@type":"PropertyValueSpecification","valueRequired":true,"valueName":"search_term_string"}}],"inLanguage":"es"},{"@type":"Organization","@id":"https:\/\/www.eldiario.net\/portal\/#organization","name":"El Diario - Decano de la prensa nacional","url":"https:\/\/www.eldiario.net\/portal\/","logo":{"@type":"ImageObject","inLanguage":"es","@id":"https:\/\/www.eldiario.net\/portal\/#\/schema\/logo\/image\/","url":"https:\/\/www.eldiario.net\/portal\/wp-content\/uploads\/2023\/07\/logo_ED.jpg","contentUrl":"https:\/\/www.eldiario.net\/portal\/wp-content\/uploads\/2023\/07\/logo_ED.jpg","width":272,"height":52,"caption":"El Diario - Decano de la prensa nacional"},"image":{"@id":"https:\/\/www.eldiario.net\/portal\/#\/schema\/logo\/image\/"},"sameAs":["https:\/\/www.facebook.com\/eldiario.bolivia\/","https:\/\/x.com\/eldiario_net"]},{"@type":"Person","@id":"https:\/\/www.eldiario.net\/portal\/#\/schema\/person\/f46445640444750d7d753ccd04ae01b7","name":"Jeanette","image":{"@type":"ImageObject","inLanguage":"es","@id":"https:\/\/secure.gravatar.com\/avatar\/3ea2118a5f7dad2b7138b1187a6b7ee55f160b9968b66013c3a3ef39dd7e5798?s=96&d=mm&r=g","url":"https:\/\/secure.gravatar.com\/avatar\/3ea2118a5f7dad2b7138b1187a6b7ee55f160b9968b66013c3a3ef39dd7e5798?s=96&d=mm&r=g","contentUrl":"https:\/\/secure.gravatar.com\/avatar\/3ea2118a5f7dad2b7138b1187a6b7ee55f160b9968b66013c3a3ef39dd7e5798?s=96&d=mm&r=g","caption":"Jeanette"},"sameAs":["https:\/\/www.eldiario.net\/portal"],"url":"https:\/\/www.eldiario.net\/portal\/author\/jeanette\/"}]}},"_links":{"self":[{"href":"https:\/\/www.eldiario.net\/portal\/wp-json\/wp\/v2\/posts\/113779","targetHints":{"allow":["GET"]}}],"collection":[{"href":"https:\/\/www.eldiario.net\/portal\/wp-json\/wp\/v2\/posts"}],"about":[{"href":"https:\/\/www.eldiario.net\/portal\/wp-json\/wp\/v2\/types\/post"}],"author":[{"embeddable":true,"href":"https:\/\/www.eldiario.net\/portal\/wp-json\/wp\/v2\/users\/1"}],"replies":[{"embeddable":true,"href":"https:\/\/www.eldiario.net\/portal\/wp-json\/wp\/v2\/comments?post=113779"}],"version-history":[{"count":0,"href":"https:\/\/www.eldiario.net\/portal\/wp-json\/wp\/v2\/posts\/113779\/revisions"}],"wp:attachment":[{"href":"https:\/\/www.eldiario.net\/portal\/wp-json\/wp\/v2\/media?parent=113779"}],"wp:term":[{"taxonomy":"category","embeddable":true,"href":"https:\/\/www.eldiario.net\/portal\/wp-json\/wp\/v2\/categories?post=113779"},{"taxonomy":"post_tag","embeddable":true,"href":"https:\/\/www.eldiario.net\/portal\/wp-json\/wp\/v2\/tags?post=113779"}],"curies":[{"name":"wp","href":"https:\/\/api.w.org\/{rel}","templated":true}]}}