{"id":113775,"date":"2022-09-29T06:06:23","date_gmt":"2022-09-29T10:06:23","guid":{"rendered":"https:\/\/www.eldiario.net\/portal\/?p=113775"},"modified":"2022-09-29T06:06:23","modified_gmt":"2022-09-29T10:06:23","slug":"senado-aprobo-norma-para-crear-unidad-territorial-indigena-multietnico-del-beni","status":"publish","type":"post","link":"https:\/\/www.eldiario.net\/portal\/2022\/09\/29\/senado-aprobo-norma-para-crear-unidad-territorial-indigena-multietnico-del-beni\/","title":{"rendered":"Senado aprob\u00f3 norma para crear Unidad  Territorial Ind\u00edgena Multi\u00e9tnico del Beni"},"content":{"rendered":"<p class=\"v1MsoNormal\">La C\u00e1mara de Senadores aprob\u00f3 ayer, por unanimidad, el proyecto de Ley de Creaci\u00f3n de Unidad Territorial del Territorio Ind\u00edgena Multi\u00e9tnico (TIM) del Beni. El tratamiento de esta norma se constituye en un hito en el acceso a la autonom\u00eda ind\u00edgena de base territorial de este territorio, debido a que es uno de los \u00faltimos requisitos que debe cumplir antes de constituir su gobierno ind\u00edgena.<\/p>\n<p class=\"v1MsoNormal\">\u201c(Tengo) emociones encontradas, porque de tantos a\u00f1os de lucha y sue\u00f1os de los hermanos que ha pasado en el territorio, que han sido dirigentes, ahora, conseguir que se nos apruebe esta ley. Ha sido mucha lucha y como mujeres nos sentimos muy orgullosas de que se nos cumpla y se haga realidad nuestro sue\u00f1o; y se nos cumpla, como pueblo ind\u00edgena, que seamos parte de ese Estado Plurinacional del que tanto se habla\u201d, expres\u00f3 la presidenta del TIM, Aurora Limpias, quien encabez\u00f3 la comisi\u00f3n de representantes ind\u00edgenas que acompa\u00f1\u00f3 la sesi\u00f3n de la C\u00e1mara de Senadores, en La Paz.<\/p>\n<p class=\"v1MsoNormal\">El proyecto de Ley de Creaci\u00f3n de la Unidad Territorial del Territorio Ind\u00edgena Multi\u00e9tnico fue presentado en febrero de 2020 por la Subcentral del TIM, para el respectivo tratamiento; sin embargo, esta fue postergada debido a diversas observaciones.<\/p>\n<p class=\"v1MsoNormal\">\u201cNos observaban algunas cosas que nos faltaban, con el tema de la titulaci\u00f3n del territorio y no reconoc\u00edan los t\u00edtulos que ten\u00edamos. Han sido muchas cosas. Pero hemos aguantado hasta llegar aqu\u00ed, porque hab\u00eda d\u00edas en los que dec\u00edamos \u201cya dej\u00e9moslo\u201d; pero despu\u00e9s, nos arm\u00e1bamos de valor y dec\u00edamos de que ya va a salir\u201d, explica la autoridad ind\u00edgena al Observatorio de Derechos de los Pueblos Ind\u00edgenas de Bolivia (ODPIB) dependiente del Centro de Estudios Jur\u00eddicos e Investigaci\u00f3n Social (CEJIS).<\/p>\n<p class=\"v1MsoNormal\">El proyecto de Ley de Creaci\u00f3n de Unidad Territorial del TIM consta de siete art\u00edculos, en los que se reconoce al Territorio Ind\u00edgena Multi\u00e9tnico como una entidad territorial aut\u00f3noma y con l\u00edmites geogr\u00e1ficos establecidos para ejercer jurisdicci\u00f3n administrativa y pol\u00edtica de su gobierno ind\u00edgena.<\/p>\n<p class=\"v1MsoNormal\">La ley de creaci\u00f3n de unidad territorial es uno de los requisitos que la Ley Marco de Autonom\u00edas y Descentralizaci\u00f3n exige a los procesos de autonom\u00eda ind\u00edgena que transitan a esta cualidad gubernativa a trav\u00e9s de la v\u00eda territorial.<\/p>\n<p class=\"v1MsoNormal\">El Proyecto de Ley fue enviado a la C\u00e1mara de Diputados para el respectivo tratamiento. De aprobarse en esta instancia, pasar\u00e1 a la promulgaci\u00f3n por parte del \u00d3rgano Ejecutivo.<\/p>\n<p class=\"v1MsoNormal\">\u201cEs un gran reto que vamos a tener, que tanto nos ha costado, que tenga un fruto, que sea el fruto que tanto hemos deseado, que han deseado los que han empezado las luchas (\u2026) para que nuestro territorio siga avanzando y siga siendo el territorio que siempre ha estado de pie, dando lucha a todo por los derechos de los pueblos ind\u00edgenas\u201d, expres\u00f3 Limpias.<\/p>\n<p class=\"v1MsoNormal\">El Territorio Ind\u00edgena Multi\u00e9tnico se encuentra en la Amazon\u00eda Sur de Bolivia; est\u00e1 integrado por los pueblos ind\u00edgenas Moje\u00f1o Ignaciano, Moje\u00f1o Trinitario, Movina, Chim\u00e1n y Yuracar\u00e9. El territorio comenz\u00f3 su proceso de autonom\u00eda ind\u00edgena hace m\u00e1s de 12 a\u00f1os, en los que ha venido cumpliendo cada uno de los requisitos que le exige la Ley Marco de Autonom\u00edas.<\/p>\n<p class=\"v1MsoNormal\">En diciembre de 2020 aprobaron su estatuto auton\u00f3mico mediante normas y procedimientos propios, en el marco de Constituci\u00f3n Pol\u00edtica del Estado y la Ley N\u00b0 1198, que modific\u00f3 la Ley Marco de Autonom\u00edas. De acuerdo con la presidenta del TIM, el territorio ind\u00edgena siempre ha ejercido su autonom\u00eda; pero a\u00fan falta el reconocimiento del Estado, por lo que esperan que, con la constituci\u00f3n de su gobierno, mejore esta cualidad auton\u00f3mica. (CEJIS)<\/p>\n","protected":false},"excerpt":{"rendered":"<p>La C\u00e1mara de Senadores aprob\u00f3 ayer, por unanimidad, el proyecto de Ley de Creaci\u00f3n de Unidad Territorial del Territorio Ind\u00edgena Multi\u00e9tnico (TIM) del Beni. El tratamiento de esta norma se constituye en un hito en el acceso a la autonom\u00eda ind\u00edgena de base territorial de este territorio, debido a que es uno de los \u00faltimos [&hellip;]<\/p>\n","protected":false},"author":1,"featured_media":113776,"comment_status":"closed","ping_status":"closed","sticky":false,"template":"","format":"standard","meta":{"_acf_changed":false,"footnotes":""},"categories":[14],"tags":[],"class_list":["post-113775","post","type-post","status-publish","format-standard","has-post-thumbnail","category-politica"],"acf":{"antetitulo":""},"yoast_head":"<!-- This site is optimized with the Yoast SEO plugin v28.4 - https:\/\/yoast.com\/product\/yoast-seo-wordpress\/ -->\n<title>Senado aprob\u00f3 norma para crear Unidad Territorial Ind\u00edgena Multi\u00e9tnico del Beni - El Diario - Bolivia<\/title>\n<meta name=\"robots\" content=\"index, follow, max-snippet:-1, max-image-preview:large, max-video-preview:-1\" \/>\n<link rel=\"canonical\" href=\"https:\/\/www.eldiario.net\/portal\/2022\/09\/29\/senado-aprobo-norma-para-crear-unidad-territorial-indigena-multietnico-del-beni\/\" \/>\n<meta property=\"og:locale\" content=\"es_ES\" \/>\n<meta property=\"og:type\" content=\"article\" \/>\n<meta property=\"og:title\" content=\"Senado aprob\u00f3 norma para crear Unidad Territorial Ind\u00edgena Multi\u00e9tnico del Beni - El Diario - Bolivia\" \/>\n<meta property=\"og:description\" content=\"La C\u00e1mara de Senadores aprob\u00f3 ayer, por unanimidad, el proyecto de Ley de Creaci\u00f3n de Unidad Territorial del Territorio Ind\u00edgena Multi\u00e9tnico (TIM) del Beni. El tratamiento de esta norma se constituye en un hito en el acceso a la autonom\u00eda ind\u00edgena de base territorial de este territorio, debido a que es uno de los \u00faltimos [&hellip;]\" \/>\n<meta property=\"og:url\" content=\"https:\/\/www.eldiario.net\/portal\/2022\/09\/29\/senado-aprobo-norma-para-crear-unidad-territorial-indigena-multietnico-del-beni\/\" \/>\n<meta property=\"og:site_name\" content=\"El Diario - Bolivia\" \/>\n<meta property=\"article:publisher\" content=\"https:\/\/www.facebook.com\/eldiario.bolivia\/\" \/>\n<meta property=\"article:published_time\" content=\"2022-09-29T10:06:23+00:00\" \/>\n<meta name=\"author\" content=\"Jeanette\" \/>\n<meta name=\"twitter:card\" content=\"summary_large_image\" \/>\n<meta name=\"twitter:creator\" content=\"@eldiario_net\" \/>\n<meta name=\"twitter:site\" content=\"@eldiario_net\" \/>\n<meta name=\"twitter:label1\" content=\"Escrito por\" \/>\n\t<meta name=\"twitter:data1\" content=\"Jeanette\" \/>\n\t<meta name=\"twitter:label2\" content=\"Tiempo de lectura\" \/>\n\t<meta name=\"twitter:data2\" content=\"3 minutos\" \/>\n<script type=\"application\/ld+json\" class=\"yoast-schema-graph\">{\"@context\":\"https:\\\/\\\/schema.org\",\"@graph\":[{\"@type\":\"Article\",\"@id\":\"https:\\\/\\\/www.eldiario.net\\\/portal\\\/2022\\\/09\\\/29\\\/senado-aprobo-norma-para-crear-unidad-territorial-indigena-multietnico-del-beni\\\/#article\",\"isPartOf\":{\"@id\":\"https:\\\/\\\/www.eldiario.net\\\/portal\\\/2022\\\/09\\\/29\\\/senado-aprobo-norma-para-crear-unidad-territorial-indigena-multietnico-del-beni\\\/\"},\"author\":{\"name\":\"Jeanette\",\"@id\":\"https:\\\/\\\/www.eldiario.net\\\/portal\\\/#\\\/schema\\\/person\\\/f46445640444750d7d753ccd04ae01b7\"},\"headline\":\"Senado aprob\u00f3 norma para crear Unidad Territorial Ind\u00edgena Multi\u00e9tnico del Beni\",\"datePublished\":\"2022-09-29T10:06:23+00:00\",\"mainEntityOfPage\":{\"@id\":\"https:\\\/\\\/www.eldiario.net\\\/portal\\\/2022\\\/09\\\/29\\\/senado-aprobo-norma-para-crear-unidad-territorial-indigena-multietnico-del-beni\\\/\"},\"wordCount\":670,\"publisher\":{\"@id\":\"https:\\\/\\\/www.eldiario.net\\\/portal\\\/#organization\"},\"image\":{\"@id\":\"https:\\\/\\\/www.eldiario.net\\\/portal\\\/2022\\\/09\\\/29\\\/senado-aprobo-norma-para-crear-unidad-territorial-indigena-multietnico-del-beni\\\/#primaryimage\"},\"thumbnailUrl\":\"\",\"articleSection\":[\"Pol\u00edtica\"],\"inLanguage\":\"es\"},{\"@type\":\"WebPage\",\"@id\":\"https:\\\/\\\/www.eldiario.net\\\/portal\\\/2022\\\/09\\\/29\\\/senado-aprobo-norma-para-crear-unidad-territorial-indigena-multietnico-del-beni\\\/\",\"url\":\"https:\\\/\\\/www.eldiario.net\\\/portal\\\/2022\\\/09\\\/29\\\/senado-aprobo-norma-para-crear-unidad-territorial-indigena-multietnico-del-beni\\\/\",\"name\":\"Senado aprob\u00f3 norma para crear Unidad Territorial Ind\u00edgena Multi\u00e9tnico del Beni - El Diario - Bolivia\",\"isPartOf\":{\"@id\":\"https:\\\/\\\/www.eldiario.net\\\/portal\\\/#website\"},\"primaryImageOfPage\":{\"@id\":\"https:\\\/\\\/www.eldiario.net\\\/portal\\\/2022\\\/09\\\/29\\\/senado-aprobo-norma-para-crear-unidad-territorial-indigena-multietnico-del-beni\\\/#primaryimage\"},\"image\":{\"@id\":\"https:\\\/\\\/www.eldiario.net\\\/portal\\\/2022\\\/09\\\/29\\\/senado-aprobo-norma-para-crear-unidad-territorial-indigena-multietnico-del-beni\\\/#primaryimage\"},\"thumbnailUrl\":\"\",\"datePublished\":\"2022-09-29T10:06:23+00:00\",\"breadcrumb\":{\"@id\":\"https:\\\/\\\/www.eldiario.net\\\/portal\\\/2022\\\/09\\\/29\\\/senado-aprobo-norma-para-crear-unidad-territorial-indigena-multietnico-del-beni\\\/#breadcrumb\"},\"inLanguage\":\"es\",\"potentialAction\":[{\"@type\":\"ReadAction\",\"target\":[\"https:\\\/\\\/www.eldiario.net\\\/portal\\\/2022\\\/09\\\/29\\\/senado-aprobo-norma-para-crear-unidad-territorial-indigena-multietnico-del-beni\\\/\"]}]},{\"@type\":\"ImageObject\",\"inLanguage\":\"es\",\"@id\":\"https:\\\/\\\/www.eldiario.net\\\/portal\\\/2022\\\/09\\\/29\\\/senado-aprobo-norma-para-crear-unidad-territorial-indigena-multietnico-del-beni\\\/#primaryimage\",\"url\":\"\",\"contentUrl\":\"\"},{\"@type\":\"BreadcrumbList\",\"@id\":\"https:\\\/\\\/www.eldiario.net\\\/portal\\\/2022\\\/09\\\/29\\\/senado-aprobo-norma-para-crear-unidad-territorial-indigena-multietnico-del-beni\\\/#breadcrumb\",\"itemListElement\":[{\"@type\":\"ListItem\",\"position\":1,\"name\":\"Portada\",\"item\":\"https:\\\/\\\/www.eldiario.net\\\/portal\\\/\"},{\"@type\":\"ListItem\",\"position\":2,\"name\":\"Senado aprob\u00f3 norma para crear Unidad Territorial Ind\u00edgena Multi\u00e9tnico del Beni\"}]},{\"@type\":\"WebSite\",\"@id\":\"https:\\\/\\\/www.eldiario.net\\\/portal\\\/#website\",\"url\":\"https:\\\/\\\/www.eldiario.net\\\/portal\\\/\",\"name\":\"El Diario - Decano de la prensa nacional\",\"description\":\"El Diario - Decano de la prensa nacional\",\"publisher\":{\"@id\":\"https:\\\/\\\/www.eldiario.net\\\/portal\\\/#organization\"},\"potentialAction\":[{\"@type\":\"SearchAction\",\"target\":{\"@type\":\"EntryPoint\",\"urlTemplate\":\"https:\\\/\\\/www.eldiario.net\\\/portal\\\/?s={search_term_string}\"},\"query-input\":{\"@type\":\"PropertyValueSpecification\",\"valueRequired\":true,\"valueName\":\"search_term_string\"}}],\"inLanguage\":\"es\"},{\"@type\":\"Organization\",\"@id\":\"https:\\\/\\\/www.eldiario.net\\\/portal\\\/#organization\",\"name\":\"El Diario - Decano de la prensa nacional\",\"url\":\"https:\\\/\\\/www.eldiario.net\\\/portal\\\/\",\"logo\":{\"@type\":\"ImageObject\",\"inLanguage\":\"es\",\"@id\":\"https:\\\/\\\/www.eldiario.net\\\/portal\\\/#\\\/schema\\\/logo\\\/image\\\/\",\"url\":\"https:\\\/\\\/www.eldiario.net\\\/portal\\\/wp-content\\\/uploads\\\/2023\\\/07\\\/logo_ED.jpg\",\"contentUrl\":\"https:\\\/\\\/www.eldiario.net\\\/portal\\\/wp-content\\\/uploads\\\/2023\\\/07\\\/logo_ED.jpg\",\"width\":272,\"height\":52,\"caption\":\"El Diario - Decano de la prensa nacional\"},\"image\":{\"@id\":\"https:\\\/\\\/www.eldiario.net\\\/portal\\\/#\\\/schema\\\/logo\\\/image\\\/\"},\"sameAs\":[\"https:\\\/\\\/www.facebook.com\\\/eldiario.bolivia\\\/\",\"https:\\\/\\\/x.com\\\/eldiario_net\"]},{\"@type\":\"Person\",\"@id\":\"https:\\\/\\\/www.eldiario.net\\\/portal\\\/#\\\/schema\\\/person\\\/f46445640444750d7d753ccd04ae01b7\",\"name\":\"Jeanette\",\"image\":{\"@type\":\"ImageObject\",\"inLanguage\":\"es\",\"@id\":\"https:\\\/\\\/secure.gravatar.com\\\/avatar\\\/3ea2118a5f7dad2b7138b1187a6b7ee55f160b9968b66013c3a3ef39dd7e5798?s=96&d=mm&r=g\",\"url\":\"https:\\\/\\\/secure.gravatar.com\\\/avatar\\\/3ea2118a5f7dad2b7138b1187a6b7ee55f160b9968b66013c3a3ef39dd7e5798?s=96&d=mm&r=g\",\"contentUrl\":\"https:\\\/\\\/secure.gravatar.com\\\/avatar\\\/3ea2118a5f7dad2b7138b1187a6b7ee55f160b9968b66013c3a3ef39dd7e5798?s=96&d=mm&r=g\",\"caption\":\"Jeanette\"},\"sameAs\":[\"https:\\\/\\\/www.eldiario.net\\\/portal\"],\"url\":\"https:\\\/\\\/www.eldiario.net\\\/portal\\\/author\\\/jeanette\\\/\"}]}<\/script>\n<!-- \/ Yoast SEO plugin. -->","yoast_head_json":{"title":"Senado aprob\u00f3 norma para crear Unidad Territorial Ind\u00edgena Multi\u00e9tnico del Beni - El Diario - Bolivia","robots":{"index":"index","follow":"follow","max-snippet":"max-snippet:-1","max-image-preview":"max-image-preview:large","max-video-preview":"max-video-preview:-1"},"canonical":"https:\/\/www.eldiario.net\/portal\/2022\/09\/29\/senado-aprobo-norma-para-crear-unidad-territorial-indigena-multietnico-del-beni\/","og_locale":"es_ES","og_type":"article","og_title":"Senado aprob\u00f3 norma para crear Unidad Territorial Ind\u00edgena Multi\u00e9tnico del Beni - El Diario - Bolivia","og_description":"La C\u00e1mara de Senadores aprob\u00f3 ayer, por unanimidad, el proyecto de Ley de Creaci\u00f3n de Unidad Territorial del Territorio Ind\u00edgena Multi\u00e9tnico (TIM) del Beni. El tratamiento de esta norma se constituye en un hito en el acceso a la autonom\u00eda ind\u00edgena de base territorial de este territorio, debido a que es uno de los \u00faltimos [&hellip;]","og_url":"https:\/\/www.eldiario.net\/portal\/2022\/09\/29\/senado-aprobo-norma-para-crear-unidad-territorial-indigena-multietnico-del-beni\/","og_site_name":"El Diario - Bolivia","article_publisher":"https:\/\/www.facebook.com\/eldiario.bolivia\/","article_published_time":"2022-09-29T10:06:23+00:00","author":"Jeanette","twitter_card":"summary_large_image","twitter_creator":"@eldiario_net","twitter_site":"@eldiario_net","twitter_misc":{"Escrito por":"Jeanette","Tiempo de lectura":"3 minutos"},"schema":{"@context":"https:\/\/schema.org","@graph":[{"@type":"Article","@id":"https:\/\/www.eldiario.net\/portal\/2022\/09\/29\/senado-aprobo-norma-para-crear-unidad-territorial-indigena-multietnico-del-beni\/#article","isPartOf":{"@id":"https:\/\/www.eldiario.net\/portal\/2022\/09\/29\/senado-aprobo-norma-para-crear-unidad-territorial-indigena-multietnico-del-beni\/"},"author":{"name":"Jeanette","@id":"https:\/\/www.eldiario.net\/portal\/#\/schema\/person\/f46445640444750d7d753ccd04ae01b7"},"headline":"Senado aprob\u00f3 norma para crear Unidad Territorial Ind\u00edgena Multi\u00e9tnico del Beni","datePublished":"2022-09-29T10:06:23+00:00","mainEntityOfPage":{"@id":"https:\/\/www.eldiario.net\/portal\/2022\/09\/29\/senado-aprobo-norma-para-crear-unidad-territorial-indigena-multietnico-del-beni\/"},"wordCount":670,"publisher":{"@id":"https:\/\/www.eldiario.net\/portal\/#organization"},"image":{"@id":"https:\/\/www.eldiario.net\/portal\/2022\/09\/29\/senado-aprobo-norma-para-crear-unidad-territorial-indigena-multietnico-del-beni\/#primaryimage"},"thumbnailUrl":"","articleSection":["Pol\u00edtica"],"inLanguage":"es"},{"@type":"WebPage","@id":"https:\/\/www.eldiario.net\/portal\/2022\/09\/29\/senado-aprobo-norma-para-crear-unidad-territorial-indigena-multietnico-del-beni\/","url":"https:\/\/www.eldiario.net\/portal\/2022\/09\/29\/senado-aprobo-norma-para-crear-unidad-territorial-indigena-multietnico-del-beni\/","name":"Senado aprob\u00f3 norma para crear Unidad Territorial Ind\u00edgena Multi\u00e9tnico del Beni - El Diario - Bolivia","isPartOf":{"@id":"https:\/\/www.eldiario.net\/portal\/#website"},"primaryImageOfPage":{"@id":"https:\/\/www.eldiario.net\/portal\/2022\/09\/29\/senado-aprobo-norma-para-crear-unidad-territorial-indigena-multietnico-del-beni\/#primaryimage"},"image":{"@id":"https:\/\/www.eldiario.net\/portal\/2022\/09\/29\/senado-aprobo-norma-para-crear-unidad-territorial-indigena-multietnico-del-beni\/#primaryimage"},"thumbnailUrl":"","datePublished":"2022-09-29T10:06:23+00:00","breadcrumb":{"@id":"https:\/\/www.eldiario.net\/portal\/2022\/09\/29\/senado-aprobo-norma-para-crear-unidad-territorial-indigena-multietnico-del-beni\/#breadcrumb"},"inLanguage":"es","potentialAction":[{"@type":"ReadAction","target":["https:\/\/www.eldiario.net\/portal\/2022\/09\/29\/senado-aprobo-norma-para-crear-unidad-territorial-indigena-multietnico-del-beni\/"]}]},{"@type":"ImageObject","inLanguage":"es","@id":"https:\/\/www.eldiario.net\/portal\/2022\/09\/29\/senado-aprobo-norma-para-crear-unidad-territorial-indigena-multietnico-del-beni\/#primaryimage","url":"","contentUrl":""},{"@type":"BreadcrumbList","@id":"https:\/\/www.eldiario.net\/portal\/2022\/09\/29\/senado-aprobo-norma-para-crear-unidad-territorial-indigena-multietnico-del-beni\/#breadcrumb","itemListElement":[{"@type":"ListItem","position":1,"name":"Portada","item":"https:\/\/www.eldiario.net\/portal\/"},{"@type":"ListItem","position":2,"name":"Senado aprob\u00f3 norma para crear Unidad Territorial Ind\u00edgena Multi\u00e9tnico del Beni"}]},{"@type":"WebSite","@id":"https:\/\/www.eldiario.net\/portal\/#website","url":"https:\/\/www.eldiario.net\/portal\/","name":"El Diario - Decano de la prensa nacional","description":"El Diario - Decano de la prensa nacional","publisher":{"@id":"https:\/\/www.eldiario.net\/portal\/#organization"},"potentialAction":[{"@type":"SearchAction","target":{"@type":"EntryPoint","urlTemplate":"https:\/\/www.eldiario.net\/portal\/?s={search_term_string}"},"query-input":{"@type":"PropertyValueSpecification","valueRequired":true,"valueName":"search_term_string"}}],"inLanguage":"es"},{"@type":"Organization","@id":"https:\/\/www.eldiario.net\/portal\/#organization","name":"El Diario - Decano de la prensa nacional","url":"https:\/\/www.eldiario.net\/portal\/","logo":{"@type":"ImageObject","inLanguage":"es","@id":"https:\/\/www.eldiario.net\/portal\/#\/schema\/logo\/image\/","url":"https:\/\/www.eldiario.net\/portal\/wp-content\/uploads\/2023\/07\/logo_ED.jpg","contentUrl":"https:\/\/www.eldiario.net\/portal\/wp-content\/uploads\/2023\/07\/logo_ED.jpg","width":272,"height":52,"caption":"El Diario - Decano de la prensa nacional"},"image":{"@id":"https:\/\/www.eldiario.net\/portal\/#\/schema\/logo\/image\/"},"sameAs":["https:\/\/www.facebook.com\/eldiario.bolivia\/","https:\/\/x.com\/eldiario_net"]},{"@type":"Person","@id":"https:\/\/www.eldiario.net\/portal\/#\/schema\/person\/f46445640444750d7d753ccd04ae01b7","name":"Jeanette","image":{"@type":"ImageObject","inLanguage":"es","@id":"https:\/\/secure.gravatar.com\/avatar\/3ea2118a5f7dad2b7138b1187a6b7ee55f160b9968b66013c3a3ef39dd7e5798?s=96&d=mm&r=g","url":"https:\/\/secure.gravatar.com\/avatar\/3ea2118a5f7dad2b7138b1187a6b7ee55f160b9968b66013c3a3ef39dd7e5798?s=96&d=mm&r=g","contentUrl":"https:\/\/secure.gravatar.com\/avatar\/3ea2118a5f7dad2b7138b1187a6b7ee55f160b9968b66013c3a3ef39dd7e5798?s=96&d=mm&r=g","caption":"Jeanette"},"sameAs":["https:\/\/www.eldiario.net\/portal"],"url":"https:\/\/www.eldiario.net\/portal\/author\/jeanette\/"}]}},"_links":{"self":[{"href":"https:\/\/www.eldiario.net\/portal\/wp-json\/wp\/v2\/posts\/113775","targetHints":{"allow":["GET"]}}],"collection":[{"href":"https:\/\/www.eldiario.net\/portal\/wp-json\/wp\/v2\/posts"}],"about":[{"href":"https:\/\/www.eldiario.net\/portal\/wp-json\/wp\/v2\/types\/post"}],"author":[{"embeddable":true,"href":"https:\/\/www.eldiario.net\/portal\/wp-json\/wp\/v2\/users\/1"}],"replies":[{"embeddable":true,"href":"https:\/\/www.eldiario.net\/portal\/wp-json\/wp\/v2\/comments?post=113775"}],"version-history":[{"count":0,"href":"https:\/\/www.eldiario.net\/portal\/wp-json\/wp\/v2\/posts\/113775\/revisions"}],"wp:attachment":[{"href":"https:\/\/www.eldiario.net\/portal\/wp-json\/wp\/v2\/media?parent=113775"}],"wp:term":[{"taxonomy":"category","embeddable":true,"href":"https:\/\/www.eldiario.net\/portal\/wp-json\/wp\/v2\/categories?post=113775"},{"taxonomy":"post_tag","embeddable":true,"href":"https:\/\/www.eldiario.net\/portal\/wp-json\/wp\/v2\/tags?post=113775"}],"curies":[{"name":"wp","href":"https:\/\/api.w.org\/{rel}","templated":true}]}}