{"id":113766,"date":"2022-09-29T06:03:20","date_gmt":"2022-09-29T10:03:20","guid":{"rendered":"https:\/\/www.eldiario.net\/portal\/?p=113766"},"modified":"2022-09-29T06:03:20","modified_gmt":"2022-09-29T10:03:20","slug":"bolivia-arrancara-el-sudamericano-de-voleibol-femenino-contra-venezuela","status":"publish","type":"post","link":"https:\/\/www.eldiario.net\/portal\/2022\/09\/29\/bolivia-arrancara-el-sudamericano-de-voleibol-femenino-contra-venezuela\/","title":{"rendered":"Bolivia arrancar\u00e1 el Sudamericano de voleibol femenino contra Venezuela"},"content":{"rendered":"<p>El seleccionado boliviano de voleibol femenino jugar\u00e1 contra Venezuela el siguiente lunes 4 de octubre (20:00), en el coliseo Julio Borelli, en el inicio de su participaci\u00f3n en el Campeonato Sudamericano, de la categor\u00eda U-19, torneo en el cual tambi\u00e9n tendr\u00e1 como rivales a Chile, Argentina, Brasil y Per\u00fa.<\/p>\n<p>La Confederaci\u00f3n Sudamericana de Voleibol dio a conocer el rol de partidos de manera oficial, recordando que este campeonato se disputar\u00e1 bajo la modalidad de todos contra todos y que los tres primeros en la tabla obtendr\u00e1n la clasificaci\u00f3n al Mundial de la categor\u00eda.<\/p>\n<p>La primera jornada de este certamen tendr\u00e1 los siguientes encuentros: Chile y Brasil abrir\u00e1n la fecha desde las 16:00, Per\u00fa y Argentina protagonizar\u00e1n el segundo partido a partir de las 18:00 y el encuentro de fondo tendr\u00e1 a Bolivia frente a Venezuela (20:00). Este campeonato se disputar\u00e1 en el coliseo Julio Borelli de principio a final.<\/p>\n<p>En cuanto a la preparaci\u00f3n de Bolivia, el seleccionado anfitri\u00f3n lleva adelante una concentraci\u00f3n en La Paz desde mediados de este mes, entrenando a doble turno y alterando su trabajo en el coliseo de Alto Obrajes, en el coliseo de Villa Dolores, en el colegio Saint Andrews y en el colegio Alem\u00e1n.<\/p>\n<p>Hace dos semanas, disput\u00f3 un amistoso contra Universidad Cat\u00f3lica Boliviana (UCB) como parte de la preparaci\u00f3n para definir la formaci\u00f3n titular. Las pr\u00e1cticas est\u00e1n conducidas por los entrenadores Antonio Guti\u00e9rrez y Juan V\u00edctor Rocha.<\/p>\n<p>Entre tanto, la delegaci\u00f3n de Chile ya est\u00e1 instalada en la sede de Gobierno, donde este mi\u00e9rcoles por la tarde tuvo su primer entrenamiento en el colegio Saint Andrews y Argentina est\u00e1 en Cochabamba. Las dem\u00e1s selecciones llegar\u00e1n en estos d\u00edas.<\/p>\n<p>ROL DE PARTIDOS<\/p>\n<p>PRIMERA FECHA<\/p>\n<p>Lunes 04 de octubre de 2022<\/p>\n<p>Chile \u00a0 \u00a0 \u00a0 \u00a0 \u00a0 \u00a0 \u00a0 \u00a0 \u00a0 \u00a0 \u00a0vs. \u00a0 \u00a0 \u00a0 \u00a0 \u00a0Brasil \u00a0 \u00a0 \u00a0 \u00a0 \u00a0 \u00a0 \u00a0 \u00a0 \u00a0 \u00a0 16:00<\/p>\n<p>Argentina \u00a0 \u00a0 \u00a0 \u00a0 \u00a0 vs. \u00a0 \u00a0 \u00a0 \u00a0 \u00a0Per\u00fa \u00a0 \u00a0 \u00a0 \u00a0 \u00a0 \u00a0 \u00a0 \u00a0 \u00a0 \u00a0 \u00a018:00<\/p>\n<p>Bolivia \u00a0 \u00a0 \u00a0 \u00a0 \u00a0 \u00a0 \u00a0 \u00a0 \u00a0vs. \u00a0 \u00a0 \u00a0 \u00a0 \u00a0Venezuela \u00a0 \u00a0 \u00a0 \u00a0 \u00a020:00<\/p>\n<p>SEGUNDA FECHA<\/p>\n<p>Martes 05 de octubre de 2022<\/p>\n<p>Argentina \u00a0 \u00a0 \u00a0 \u00a0 \u00a0 \u00a0vs. \u00a0 \u00a0 \u00a0 \u00a0 \u00a0Chile \u00a0 \u00a0 \u00a0 \u00a0 \u00a0 \u00a0 \u00a0 \u00a0 \u00a0 \u00a0 16:00<\/p>\n<p>Venezuela \u00a0 \u00a0 \u00a0 \u00a0 \u00a0vs. \u00a0 \u00a0 \u00a0 \u00a0 \u00a0Per\u00fa \u00a0 \u00a0 \u00a0 \u00a0 \u00a0 \u00a0 \u00a0 \u00a0 \u00a0 \u00a0 \u00a018:00<\/p>\n<p>Bolivia \u00a0 \u00a0 \u00a0 \u00a0 \u00a0 \u00a0 \u00a0 \u00a0 \u00a0vs. \u00a0 \u00a0 \u00a0 \u00a0 \u00a0Brasil \u00a0 \u00a0 \u00a0 \u00a0 \u00a0 \u00a0 \u00a0 \u00a0 \u00a0 \u00a020:00<\/p>\n<p>TERCERA FECHA<\/p>\n<p>Mi\u00e9rcoles 06 de octubre de 2022<\/p>\n<p>Venezuela \u00a0 \u00a0 \u00a0 \u00a0 \u00a0vs. \u00a0 \u00a0 \u00a0 \u00a0 \u00a0Argentina \u00a0 \u00a0 \u00a0 \u00a0 \u00a0 16:00<\/p>\n<p>Brasil \u00a0 \u00a0 \u00a0 \u00a0 \u00a0 \u00a0 \u00a0 \u00a0 \u00a0 \u00a0 vs. \u00a0 \u00a0 \u00a0 \u00a0 \u00a0Per\u00fa \u00a0 \u00a0 \u00a0 \u00a0 \u00a0 \u00a0 \u00a0 \u00a0 \u00a0 \u00a0 \u00a018:00<\/p>\n<p>Bolivia \u00a0 \u00a0 \u00a0 \u00a0 \u00a0 \u00a0 \u00a0 \u00a0 \u00a0vs. \u00a0 \u00a0 \u00a0 \u00a0 \u00a0Chile \u00a0 \u00a0 \u00a0 \u00a0 \u00a0 \u00a0 \u00a0 \u00a0 \u00a0 \u00a0 20:00<\/p>\n<p>CUARTA FECHA<\/p>\n<p>Jueves 07 de octubre de 2022<\/p>\n<p>Brasil \u00a0 \u00a0 \u00a0 \u00a0 \u00a0 \u00a0 \u00a0 \u00a0 \u00a0 \u00a0vs. \u00a0 \u00a0 \u00a0 \u00a0 \u00a0Venezuela \u00a0 \u00a0 \u00a0 \u00a0 \u00a016:00<\/p>\n<p>Chile \u00a0 \u00a0 \u00a0 \u00a0 \u00a0 \u00a0 \u00a0 \u00a0 \u00a0 \u00a0 vs. \u00a0 \u00a0 \u00a0 \u00a0 \u00a0Per\u00fa \u00a0 \u00a0 \u00a0 \u00a0 \u00a0 \u00a0 \u00a0 \u00a0 \u00a0 \u00a0 \u00a018:00<\/p>\n<p>Bolivia \u00a0 \u00a0 \u00a0 \u00a0 \u00a0 \u00a0 \u00a0 \u00a0 \u00a0vs. \u00a0 \u00a0 \u00a0 \u00a0 \u00a0Argentina \u00a0 \u00a0 \u00a0 \u00a0 \u00a0 20:00<\/p>\n<p>QUINTA FECHA<\/p>\n<p>Viernes 08 de octubre de 2022<\/p>\n<p>Chile \u00a0 \u00a0 \u00a0 \u00a0 \u00a0 \u00a0 \u00a0 \u00a0 \u00a0 \u00a0 vs. \u00a0 \u00a0 \u00a0 \u00a0 \u00a0Venezuela \u00a0 \u00a0 \u00a0 \u00a0 \u00a016:00<\/p>\n<p>Bolivia \u00a0 \u00a0 \u00a0 \u00a0 \u00a0 \u00a0 \u00a0 \u00a0 \u00a0vs. \u00a0 \u00a0 \u00a0 \u00a0 \u00a0Per\u00fa \u00a0 \u00a0 \u00a0 \u00a0 \u00a0 \u00a0 \u00a0 \u00a0 \u00a0 \u00a0 \u00a018:00<\/p>\n<p>Brasil \u00a0 \u00a0 \u00a0 \u00a0 \u00a0 \u00a0 \u00a0 \u00a0 \u00a0 \u00a0 vs. \u00a0 \u00a0 \u00a0 \u00a0 \u00a0Argentina \u00a0 \u00a0 \u00a0 \u00a0 \u00a0 20:00<\/p>\n<p>*El orden de los partidos de la quinta fecha puede sufrir una modificaci\u00f3n, dependiendo de los resultados de las primeras fechas<\/p>\n","protected":false},"excerpt":{"rendered":"<p>El seleccionado boliviano de voleibol femenino jugar\u00e1 contra Venezuela el siguiente lunes 4 de octubre (20:00), en el coliseo Julio Borelli, en el inicio de su participaci\u00f3n en el Campeonato Sudamericano, de la categor\u00eda U-19, torneo en el cual tambi\u00e9n tendr\u00e1 como rivales a Chile, Argentina, Brasil y Per\u00fa. La Confederaci\u00f3n Sudamericana de Voleibol dio [&hellip;]<\/p>\n","protected":false},"author":1,"featured_media":113767,"comment_status":"closed","ping_status":"closed","sticky":false,"template":"","format":"standard","meta":{"_acf_changed":false,"footnotes":""},"categories":[6],"tags":[],"class_list":["post-113766","post","type-post","status-publish","format-standard","has-post-thumbnail","category-deportes"],"acf":{"antetitulo":""},"yoast_head":"<!-- This site is optimized with the Yoast SEO plugin v28.4 - https:\/\/yoast.com\/product\/yoast-seo-wordpress\/ -->\n<title>Bolivia arrancar\u00e1 el Sudamericano de voleibol femenino contra Venezuela - El Diario - Bolivia<\/title>\n<meta name=\"robots\" content=\"index, follow, max-snippet:-1, max-image-preview:large, max-video-preview:-1\" \/>\n<link rel=\"canonical\" href=\"https:\/\/www.eldiario.net\/portal\/2022\/09\/29\/bolivia-arrancara-el-sudamericano-de-voleibol-femenino-contra-venezuela\/\" \/>\n<meta property=\"og:locale\" content=\"es_ES\" \/>\n<meta property=\"og:type\" content=\"article\" \/>\n<meta property=\"og:title\" content=\"Bolivia arrancar\u00e1 el Sudamericano de voleibol femenino contra Venezuela - El Diario - Bolivia\" \/>\n<meta property=\"og:description\" content=\"El seleccionado boliviano de voleibol femenino jugar\u00e1 contra Venezuela el siguiente lunes 4 de octubre (20:00), en el coliseo Julio Borelli, en el inicio de su participaci\u00f3n en el Campeonato Sudamericano, de la categor\u00eda U-19, torneo en el cual tambi\u00e9n tendr\u00e1 como rivales a Chile, Argentina, Brasil y Per\u00fa. La Confederaci\u00f3n Sudamericana de Voleibol dio [&hellip;]\" \/>\n<meta property=\"og:url\" content=\"https:\/\/www.eldiario.net\/portal\/2022\/09\/29\/bolivia-arrancara-el-sudamericano-de-voleibol-femenino-contra-venezuela\/\" \/>\n<meta property=\"og:site_name\" content=\"El Diario - Bolivia\" \/>\n<meta property=\"article:publisher\" content=\"https:\/\/www.facebook.com\/eldiario.bolivia\/\" \/>\n<meta property=\"article:published_time\" content=\"2022-09-29T10:03:20+00:00\" \/>\n<meta property=\"og:image\" content=\"https:\/\/www.eldiario.net\/portal\/wp-content\/uploads\/2022\/09\/FB_IMG_1664418325268.jpg\" \/>\n\t<meta property=\"og:image:width\" content=\"1080\" \/>\n\t<meta property=\"og:image:height\" content=\"720\" \/>\n\t<meta property=\"og:image:type\" content=\"image\/jpeg\" \/>\n<meta name=\"author\" content=\"Jeanette\" \/>\n<meta name=\"twitter:card\" content=\"summary_large_image\" \/>\n<meta name=\"twitter:creator\" content=\"@eldiario_net\" \/>\n<meta name=\"twitter:site\" content=\"@eldiario_net\" \/>\n<meta name=\"twitter:label1\" content=\"Escrito por\" \/>\n\t<meta name=\"twitter:data1\" content=\"Jeanette\" \/>\n\t<meta name=\"twitter:label2\" content=\"Tiempo de lectura\" \/>\n\t<meta name=\"twitter:data2\" content=\"2 minutos\" \/>\n<script type=\"application\/ld+json\" class=\"yoast-schema-graph\">{\"@context\":\"https:\\\/\\\/schema.org\",\"@graph\":[{\"@type\":\"Article\",\"@id\":\"https:\\\/\\\/www.eldiario.net\\\/portal\\\/2022\\\/09\\\/29\\\/bolivia-arrancara-el-sudamericano-de-voleibol-femenino-contra-venezuela\\\/#article\",\"isPartOf\":{\"@id\":\"https:\\\/\\\/www.eldiario.net\\\/portal\\\/2022\\\/09\\\/29\\\/bolivia-arrancara-el-sudamericano-de-voleibol-femenino-contra-venezuela\\\/\"},\"author\":{\"name\":\"Jeanette\",\"@id\":\"https:\\\/\\\/www.eldiario.net\\\/portal\\\/#\\\/schema\\\/person\\\/f46445640444750d7d753ccd04ae01b7\"},\"headline\":\"Bolivia arrancar\u00e1 el Sudamericano de voleibol femenino contra Venezuela\",\"datePublished\":\"2022-09-29T10:03:20+00:00\",\"mainEntityOfPage\":{\"@id\":\"https:\\\/\\\/www.eldiario.net\\\/portal\\\/2022\\\/09\\\/29\\\/bolivia-arrancara-el-sudamericano-de-voleibol-femenino-contra-venezuela\\\/\"},\"wordCount\":406,\"publisher\":{\"@id\":\"https:\\\/\\\/www.eldiario.net\\\/portal\\\/#organization\"},\"image\":{\"@id\":\"https:\\\/\\\/www.eldiario.net\\\/portal\\\/2022\\\/09\\\/29\\\/bolivia-arrancara-el-sudamericano-de-voleibol-femenino-contra-venezuela\\\/#primaryimage\"},\"thumbnailUrl\":\"https:\\\/\\\/www.eldiario.net\\\/portal\\\/wp-content\\\/uploads\\\/2022\\\/09\\\/FB_IMG_1664418325268.jpg\",\"articleSection\":[\"Deportes\"],\"inLanguage\":\"es\"},{\"@type\":\"WebPage\",\"@id\":\"https:\\\/\\\/www.eldiario.net\\\/portal\\\/2022\\\/09\\\/29\\\/bolivia-arrancara-el-sudamericano-de-voleibol-femenino-contra-venezuela\\\/\",\"url\":\"https:\\\/\\\/www.eldiario.net\\\/portal\\\/2022\\\/09\\\/29\\\/bolivia-arrancara-el-sudamericano-de-voleibol-femenino-contra-venezuela\\\/\",\"name\":\"Bolivia arrancar\u00e1 el Sudamericano de voleibol femenino contra Venezuela - El Diario - Bolivia\",\"isPartOf\":{\"@id\":\"https:\\\/\\\/www.eldiario.net\\\/portal\\\/#website\"},\"primaryImageOfPage\":{\"@id\":\"https:\\\/\\\/www.eldiario.net\\\/portal\\\/2022\\\/09\\\/29\\\/bolivia-arrancara-el-sudamericano-de-voleibol-femenino-contra-venezuela\\\/#primaryimage\"},\"image\":{\"@id\":\"https:\\\/\\\/www.eldiario.net\\\/portal\\\/2022\\\/09\\\/29\\\/bolivia-arrancara-el-sudamericano-de-voleibol-femenino-contra-venezuela\\\/#primaryimage\"},\"thumbnailUrl\":\"https:\\\/\\\/www.eldiario.net\\\/portal\\\/wp-content\\\/uploads\\\/2022\\\/09\\\/FB_IMG_1664418325268.jpg\",\"datePublished\":\"2022-09-29T10:03:20+00:00\",\"breadcrumb\":{\"@id\":\"https:\\\/\\\/www.eldiario.net\\\/portal\\\/2022\\\/09\\\/29\\\/bolivia-arrancara-el-sudamericano-de-voleibol-femenino-contra-venezuela\\\/#breadcrumb\"},\"inLanguage\":\"es\",\"potentialAction\":[{\"@type\":\"ReadAction\",\"target\":[\"https:\\\/\\\/www.eldiario.net\\\/portal\\\/2022\\\/09\\\/29\\\/bolivia-arrancara-el-sudamericano-de-voleibol-femenino-contra-venezuela\\\/\"]}]},{\"@type\":\"ImageObject\",\"inLanguage\":\"es\",\"@id\":\"https:\\\/\\\/www.eldiario.net\\\/portal\\\/2022\\\/09\\\/29\\\/bolivia-arrancara-el-sudamericano-de-voleibol-femenino-contra-venezuela\\\/#primaryimage\",\"url\":\"https:\\\/\\\/www.eldiario.net\\\/portal\\\/wp-content\\\/uploads\\\/2022\\\/09\\\/FB_IMG_1664418325268.jpg\",\"contentUrl\":\"https:\\\/\\\/www.eldiario.net\\\/portal\\\/wp-content\\\/uploads\\\/2022\\\/09\\\/FB_IMG_1664418325268.jpg\",\"width\":1080,\"height\":720},{\"@type\":\"BreadcrumbList\",\"@id\":\"https:\\\/\\\/www.eldiario.net\\\/portal\\\/2022\\\/09\\\/29\\\/bolivia-arrancara-el-sudamericano-de-voleibol-femenino-contra-venezuela\\\/#breadcrumb\",\"itemListElement\":[{\"@type\":\"ListItem\",\"position\":1,\"name\":\"Portada\",\"item\":\"https:\\\/\\\/www.eldiario.net\\\/portal\\\/\"},{\"@type\":\"ListItem\",\"position\":2,\"name\":\"Bolivia arrancar\u00e1 el Sudamericano de voleibol femenino contra Venezuela\"}]},{\"@type\":\"WebSite\",\"@id\":\"https:\\\/\\\/www.eldiario.net\\\/portal\\\/#website\",\"url\":\"https:\\\/\\\/www.eldiario.net\\\/portal\\\/\",\"name\":\"El Diario - Decano de la prensa nacional\",\"description\":\"El Diario - Decano de la prensa nacional\",\"publisher\":{\"@id\":\"https:\\\/\\\/www.eldiario.net\\\/portal\\\/#organization\"},\"potentialAction\":[{\"@type\":\"SearchAction\",\"target\":{\"@type\":\"EntryPoint\",\"urlTemplate\":\"https:\\\/\\\/www.eldiario.net\\\/portal\\\/?s={search_term_string}\"},\"query-input\":{\"@type\":\"PropertyValueSpecification\",\"valueRequired\":true,\"valueName\":\"search_term_string\"}}],\"inLanguage\":\"es\"},{\"@type\":\"Organization\",\"@id\":\"https:\\\/\\\/www.eldiario.net\\\/portal\\\/#organization\",\"name\":\"El Diario - Decano de la prensa nacional\",\"url\":\"https:\\\/\\\/www.eldiario.net\\\/portal\\\/\",\"logo\":{\"@type\":\"ImageObject\",\"inLanguage\":\"es\",\"@id\":\"https:\\\/\\\/www.eldiario.net\\\/portal\\\/#\\\/schema\\\/logo\\\/image\\\/\",\"url\":\"https:\\\/\\\/www.eldiario.net\\\/portal\\\/wp-content\\\/uploads\\\/2023\\\/07\\\/logo_ED.jpg\",\"contentUrl\":\"https:\\\/\\\/www.eldiario.net\\\/portal\\\/wp-content\\\/uploads\\\/2023\\\/07\\\/logo_ED.jpg\",\"width\":272,\"height\":52,\"caption\":\"El Diario - Decano de la prensa nacional\"},\"image\":{\"@id\":\"https:\\\/\\\/www.eldiario.net\\\/portal\\\/#\\\/schema\\\/logo\\\/image\\\/\"},\"sameAs\":[\"https:\\\/\\\/www.facebook.com\\\/eldiario.bolivia\\\/\",\"https:\\\/\\\/x.com\\\/eldiario_net\"]},{\"@type\":\"Person\",\"@id\":\"https:\\\/\\\/www.eldiario.net\\\/portal\\\/#\\\/schema\\\/person\\\/f46445640444750d7d753ccd04ae01b7\",\"name\":\"Jeanette\",\"image\":{\"@type\":\"ImageObject\",\"inLanguage\":\"es\",\"@id\":\"https:\\\/\\\/secure.gravatar.com\\\/avatar\\\/3ea2118a5f7dad2b7138b1187a6b7ee55f160b9968b66013c3a3ef39dd7e5798?s=96&d=mm&r=g\",\"url\":\"https:\\\/\\\/secure.gravatar.com\\\/avatar\\\/3ea2118a5f7dad2b7138b1187a6b7ee55f160b9968b66013c3a3ef39dd7e5798?s=96&d=mm&r=g\",\"contentUrl\":\"https:\\\/\\\/secure.gravatar.com\\\/avatar\\\/3ea2118a5f7dad2b7138b1187a6b7ee55f160b9968b66013c3a3ef39dd7e5798?s=96&d=mm&r=g\",\"caption\":\"Jeanette\"},\"sameAs\":[\"https:\\\/\\\/www.eldiario.net\\\/portal\"],\"url\":\"https:\\\/\\\/www.eldiario.net\\\/portal\\\/author\\\/jeanette\\\/\"}]}<\/script>\n<!-- \/ Yoast SEO plugin. -->","yoast_head_json":{"title":"Bolivia arrancar\u00e1 el Sudamericano de voleibol femenino contra Venezuela - El Diario - Bolivia","robots":{"index":"index","follow":"follow","max-snippet":"max-snippet:-1","max-image-preview":"max-image-preview:large","max-video-preview":"max-video-preview:-1"},"canonical":"https:\/\/www.eldiario.net\/portal\/2022\/09\/29\/bolivia-arrancara-el-sudamericano-de-voleibol-femenino-contra-venezuela\/","og_locale":"es_ES","og_type":"article","og_title":"Bolivia arrancar\u00e1 el Sudamericano de voleibol femenino contra Venezuela - El Diario - Bolivia","og_description":"El seleccionado boliviano de voleibol femenino jugar\u00e1 contra Venezuela el siguiente lunes 4 de octubre (20:00), en el coliseo Julio Borelli, en el inicio de su participaci\u00f3n en el Campeonato Sudamericano, de la categor\u00eda U-19, torneo en el cual tambi\u00e9n tendr\u00e1 como rivales a Chile, Argentina, Brasil y Per\u00fa. La Confederaci\u00f3n Sudamericana de Voleibol dio [&hellip;]","og_url":"https:\/\/www.eldiario.net\/portal\/2022\/09\/29\/bolivia-arrancara-el-sudamericano-de-voleibol-femenino-contra-venezuela\/","og_site_name":"El Diario - Bolivia","article_publisher":"https:\/\/www.facebook.com\/eldiario.bolivia\/","article_published_time":"2022-09-29T10:03:20+00:00","og_image":[{"width":1080,"height":720,"url":"https:\/\/www.eldiario.net\/portal\/wp-content\/uploads\/2022\/09\/FB_IMG_1664418325268.jpg","type":"image\/jpeg"}],"author":"Jeanette","twitter_card":"summary_large_image","twitter_creator":"@eldiario_net","twitter_site":"@eldiario_net","twitter_misc":{"Escrito por":"Jeanette","Tiempo de lectura":"2 minutos"},"schema":{"@context":"https:\/\/schema.org","@graph":[{"@type":"Article","@id":"https:\/\/www.eldiario.net\/portal\/2022\/09\/29\/bolivia-arrancara-el-sudamericano-de-voleibol-femenino-contra-venezuela\/#article","isPartOf":{"@id":"https:\/\/www.eldiario.net\/portal\/2022\/09\/29\/bolivia-arrancara-el-sudamericano-de-voleibol-femenino-contra-venezuela\/"},"author":{"name":"Jeanette","@id":"https:\/\/www.eldiario.net\/portal\/#\/schema\/person\/f46445640444750d7d753ccd04ae01b7"},"headline":"Bolivia arrancar\u00e1 el Sudamericano de voleibol femenino contra Venezuela","datePublished":"2022-09-29T10:03:20+00:00","mainEntityOfPage":{"@id":"https:\/\/www.eldiario.net\/portal\/2022\/09\/29\/bolivia-arrancara-el-sudamericano-de-voleibol-femenino-contra-venezuela\/"},"wordCount":406,"publisher":{"@id":"https:\/\/www.eldiario.net\/portal\/#organization"},"image":{"@id":"https:\/\/www.eldiario.net\/portal\/2022\/09\/29\/bolivia-arrancara-el-sudamericano-de-voleibol-femenino-contra-venezuela\/#primaryimage"},"thumbnailUrl":"https:\/\/www.eldiario.net\/portal\/wp-content\/uploads\/2022\/09\/FB_IMG_1664418325268.jpg","articleSection":["Deportes"],"inLanguage":"es"},{"@type":"WebPage","@id":"https:\/\/www.eldiario.net\/portal\/2022\/09\/29\/bolivia-arrancara-el-sudamericano-de-voleibol-femenino-contra-venezuela\/","url":"https:\/\/www.eldiario.net\/portal\/2022\/09\/29\/bolivia-arrancara-el-sudamericano-de-voleibol-femenino-contra-venezuela\/","name":"Bolivia arrancar\u00e1 el Sudamericano de voleibol femenino contra Venezuela - El Diario - Bolivia","isPartOf":{"@id":"https:\/\/www.eldiario.net\/portal\/#website"},"primaryImageOfPage":{"@id":"https:\/\/www.eldiario.net\/portal\/2022\/09\/29\/bolivia-arrancara-el-sudamericano-de-voleibol-femenino-contra-venezuela\/#primaryimage"},"image":{"@id":"https:\/\/www.eldiario.net\/portal\/2022\/09\/29\/bolivia-arrancara-el-sudamericano-de-voleibol-femenino-contra-venezuela\/#primaryimage"},"thumbnailUrl":"https:\/\/www.eldiario.net\/portal\/wp-content\/uploads\/2022\/09\/FB_IMG_1664418325268.jpg","datePublished":"2022-09-29T10:03:20+00:00","breadcrumb":{"@id":"https:\/\/www.eldiario.net\/portal\/2022\/09\/29\/bolivia-arrancara-el-sudamericano-de-voleibol-femenino-contra-venezuela\/#breadcrumb"},"inLanguage":"es","potentialAction":[{"@type":"ReadAction","target":["https:\/\/www.eldiario.net\/portal\/2022\/09\/29\/bolivia-arrancara-el-sudamericano-de-voleibol-femenino-contra-venezuela\/"]}]},{"@type":"ImageObject","inLanguage":"es","@id":"https:\/\/www.eldiario.net\/portal\/2022\/09\/29\/bolivia-arrancara-el-sudamericano-de-voleibol-femenino-contra-venezuela\/#primaryimage","url":"https:\/\/www.eldiario.net\/portal\/wp-content\/uploads\/2022\/09\/FB_IMG_1664418325268.jpg","contentUrl":"https:\/\/www.eldiario.net\/portal\/wp-content\/uploads\/2022\/09\/FB_IMG_1664418325268.jpg","width":1080,"height":720},{"@type":"BreadcrumbList","@id":"https:\/\/www.eldiario.net\/portal\/2022\/09\/29\/bolivia-arrancara-el-sudamericano-de-voleibol-femenino-contra-venezuela\/#breadcrumb","itemListElement":[{"@type":"ListItem","position":1,"name":"Portada","item":"https:\/\/www.eldiario.net\/portal\/"},{"@type":"ListItem","position":2,"name":"Bolivia arrancar\u00e1 el Sudamericano de voleibol femenino contra Venezuela"}]},{"@type":"WebSite","@id":"https:\/\/www.eldiario.net\/portal\/#website","url":"https:\/\/www.eldiario.net\/portal\/","name":"El Diario - Decano de la prensa nacional","description":"El Diario - Decano de la prensa nacional","publisher":{"@id":"https:\/\/www.eldiario.net\/portal\/#organization"},"potentialAction":[{"@type":"SearchAction","target":{"@type":"EntryPoint","urlTemplate":"https:\/\/www.eldiario.net\/portal\/?s={search_term_string}"},"query-input":{"@type":"PropertyValueSpecification","valueRequired":true,"valueName":"search_term_string"}}],"inLanguage":"es"},{"@type":"Organization","@id":"https:\/\/www.eldiario.net\/portal\/#organization","name":"El Diario - Decano de la prensa nacional","url":"https:\/\/www.eldiario.net\/portal\/","logo":{"@type":"ImageObject","inLanguage":"es","@id":"https:\/\/www.eldiario.net\/portal\/#\/schema\/logo\/image\/","url":"https:\/\/www.eldiario.net\/portal\/wp-content\/uploads\/2023\/07\/logo_ED.jpg","contentUrl":"https:\/\/www.eldiario.net\/portal\/wp-content\/uploads\/2023\/07\/logo_ED.jpg","width":272,"height":52,"caption":"El Diario - Decano de la prensa nacional"},"image":{"@id":"https:\/\/www.eldiario.net\/portal\/#\/schema\/logo\/image\/"},"sameAs":["https:\/\/www.facebook.com\/eldiario.bolivia\/","https:\/\/x.com\/eldiario_net"]},{"@type":"Person","@id":"https:\/\/www.eldiario.net\/portal\/#\/schema\/person\/f46445640444750d7d753ccd04ae01b7","name":"Jeanette","image":{"@type":"ImageObject","inLanguage":"es","@id":"https:\/\/secure.gravatar.com\/avatar\/3ea2118a5f7dad2b7138b1187a6b7ee55f160b9968b66013c3a3ef39dd7e5798?s=96&d=mm&r=g","url":"https:\/\/secure.gravatar.com\/avatar\/3ea2118a5f7dad2b7138b1187a6b7ee55f160b9968b66013c3a3ef39dd7e5798?s=96&d=mm&r=g","contentUrl":"https:\/\/secure.gravatar.com\/avatar\/3ea2118a5f7dad2b7138b1187a6b7ee55f160b9968b66013c3a3ef39dd7e5798?s=96&d=mm&r=g","caption":"Jeanette"},"sameAs":["https:\/\/www.eldiario.net\/portal"],"url":"https:\/\/www.eldiario.net\/portal\/author\/jeanette\/"}]}},"_links":{"self":[{"href":"https:\/\/www.eldiario.net\/portal\/wp-json\/wp\/v2\/posts\/113766","targetHints":{"allow":["GET"]}}],"collection":[{"href":"https:\/\/www.eldiario.net\/portal\/wp-json\/wp\/v2\/posts"}],"about":[{"href":"https:\/\/www.eldiario.net\/portal\/wp-json\/wp\/v2\/types\/post"}],"author":[{"embeddable":true,"href":"https:\/\/www.eldiario.net\/portal\/wp-json\/wp\/v2\/users\/1"}],"replies":[{"embeddable":true,"href":"https:\/\/www.eldiario.net\/portal\/wp-json\/wp\/v2\/comments?post=113766"}],"version-history":[{"count":0,"href":"https:\/\/www.eldiario.net\/portal\/wp-json\/wp\/v2\/posts\/113766\/revisions"}],"wp:featuredmedia":[{"embeddable":true,"href":"https:\/\/www.eldiario.net\/portal\/wp-json\/wp\/v2\/media\/113767"}],"wp:attachment":[{"href":"https:\/\/www.eldiario.net\/portal\/wp-json\/wp\/v2\/media?parent=113766"}],"wp:term":[{"taxonomy":"category","embeddable":true,"href":"https:\/\/www.eldiario.net\/portal\/wp-json\/wp\/v2\/categories?post=113766"},{"taxonomy":"post_tag","embeddable":true,"href":"https:\/\/www.eldiario.net\/portal\/wp-json\/wp\/v2\/tags?post=113766"}],"curies":[{"name":"wp","href":"https:\/\/api.w.org\/{rel}","templated":true}]}}